{"id":10037,"date":"2019-06-02T21:13:45","date_gmt":"2019-06-02T20:13:45","guid":{"rendered":"http:\/\/www.masharif.com\/fr\/?p=10037"},"modified":"2019-06-02T21:20:34","modified_gmt":"2019-06-02T20:20:34","slug":"mokhtar-el-amraoui-chante-laube-giulio-enrico-pisani-luxembourg","status":"publish","type":"post","link":"https:\/\/www.masharif.com\/fr\/2019\/06\/02\/mokhtar-el-amraoui-chante-laube-giulio-enrico-pisani-luxembourg\/","title":{"rendered":"Mokhtar El Amraoui chante l\u2019aube&#8230; par: Giulio-Enrico Pisani -Luxembourg"},"content":{"rendered":"<div id=\"attachment_8353\" style=\"width: 310px\" class=\"wp-caption alignnone\"><a href=\"http:\/\/www.masharif.com\/fr\/wp-content\/uploads\/2018\/05\/index.jpg\"><img aria-describedby=\"caption-attachment-8353\" loading=\"lazy\" class=\"wp-image-8353 size-medium\" src=\"http:\/\/www.masharif.com\/fr\/wp-content\/uploads\/2018\/05\/index-300x225.jpg\" alt=\"\" width=\"300\" height=\"225\" srcset=\"https:\/\/www.masharif.com\/fr\/wp-content\/uploads\/2018\/05\/index-300x225.jpg 300w, https:\/\/www.masharif.com\/fr\/wp-content\/uploads\/2018\/05\/index.jpg 622w\" sizes=\"(max-width: 300px) 100vw, 300px\" \/><\/a><p id=\"caption-attachment-8353\" class=\"wp-caption-text\">Mokhtar El Amraoui<\/p><\/div>\n<p><a href=\"http:\/\/www.masharif.com\/fr\/wp-content\/uploads\/2019\/06\/t\u00e9l\u00e9chargement.jpg\"><img loading=\"lazy\" class=\"alignnone wp-image-10039 size-full\" src=\"http:\/\/www.masharif.com\/fr\/wp-content\/uploads\/2019\/06\/t\u00e9l\u00e9chargement.jpg\" alt=\"\" width=\"183\" height=\"275\" \/><\/a><\/p>\n<p><a href=\"http:\/\/www.masharif.com\/fr\/wp-content\/uploads\/2019\/06\/MON-NOUVEAU-RECUEIL.jpg\"><img loading=\"lazy\" class=\"alignnone size-medium wp-image-10038\" src=\"http:\/\/www.masharif.com\/fr\/wp-content\/uploads\/2019\/06\/MON-NOUVEAU-RECUEIL-300x164.jpg\" alt=\"\" width=\"300\" height=\"164\" srcset=\"https:\/\/www.masharif.com\/fr\/wp-content\/uploads\/2019\/06\/MON-NOUVEAU-RECUEIL-300x164.jpg 300w, https:\/\/www.masharif.com\/fr\/wp-content\/uploads\/2019\/06\/MON-NOUVEAU-RECUEIL.jpg 615w\" sizes=\"(max-width: 300px) 100vw, 300px\" \/><\/a><\/p>\n<p>Mais quelle aube ? L\u2019aube qui a failli \u00eatre ? Ou l\u2019aube que l\u2019on attend ? L\u2019aube qui sera peut-\u00eatre&#8230; fin 2019 ! Mmm&#8230; Plus de huit ans apr\u00e8s la publication de son magistral double recueil de po\u00e8mes \u00ab Arp\u00e8ges sur les ailes de mes ans \u00bb, que je vous pr\u00e9sentai \u00e0 l\u2019\u00e9poque en paraphrasant le grand Pablo Neruda avec ses \u00ab 221 po\u00e8mes d\u2019amour et&#8230; une chanson d\u00e9sesp\u00e9r\u00e9e \u00bb ? Le fallait-il vraiment ? Et pourquoi pas ? Compte tenu de leurs espaces culturels tr\u00e8s diff\u00e9rents, m\u2019expliquai-je alors, la parent\u00e9 des deux po\u00e8tes \u00e9tait ind\u00e9niable et m\u00eame leurs styles parfois assez proches. Co\u00efncidence, ou influence du vieux po\u00e8te chilien sur le jeune barde tunisien ? \u00ab \u00bfQui\u00e9n sabe ? \u00bb Quoiqu\u2019il en soit, chez El Amraoui comme chez Neruda, l\u2019amour est partout, l\u2019espoir fr\u00e9quent, la col\u00e8re aussi, le d\u00e9couragement sporadique et, \u00e0 bien chercher, on leur trouve \u00e0 tous deux au moins une \u00ab canci\u00f3n desesperada \u00bb et un zeste de r\u00eave.<\/p>\n<p>Mais o\u00f9 en sommes-nous \u00e0 ce jour ? O\u00f9 Mokhtar El Amraoui en est-il avec son nouveau recueil \u00ab Chante, aube, que dansent tes plumes ! \u00bb (1) depuis qu\u2019en novembre 2010 je me penchai sur ses \u00ab \u00c9lans d\u2019espoir (1070-1980) \u00bb, la premi\u00e8re partie de ses \u00ab Arp\u00e8ges sur les ailes de mes ans \u00bb ? O\u00f9 va-t-il et o\u00f9 nous conduira-t-il, depuis que, peu apr\u00e8s, le 17 d\u00e9cembre, un jeune vendeur de l\u00e9gumes s\u2019est immol\u00e9 par le feu \u00e0 Sidi Bouzid : un acte d\u00e9sesp\u00e9r\u00e9 qui renversa la dictature, alluma tous les espoirs et lan\u00e7a la Tunisie dans cette longue travers\u00e9e du d\u00e9sert que je suis de pr\u00e8s, mais que lui, le po\u00e8te, vit dans sa chair au quotidien ? Ce nouveau recueil nous apporte-t-il la r\u00e9ponse ? S\u00fbrement pas. La po\u00e9sie vit l\u2019histoire, mais ne la fait pas. \u00c0 l\u2019esp\u00e9rance fit suite une sombre nu\u00e9e de r\u00e9cup\u00e9rations politiciennes, d\u00e9ceptions et faux espoirs, nu\u00e9e \u00e0 peine bris\u00e9e ci et l\u00e0 d\u2019\u00e9clairs d\u2019optimisme perturbant sans le rompre ce vol d\u2019oiseaux noirs \u00e0 l\u2019air d\u2019anneau de Moebius tant la fin de la nuit, c\u2019est-\u00e0-dire l\u2019aube, peut para\u00eetre utopie.<\/p>\n<p>Mais les utopies n\u2019en sont pas vraiment pour les po\u00e8tes. Les Garcia Lorca, Aragon, Hikmet et autres Darwich passent, sans doute, mais leur lumi\u00e8re reste et continue \u00e0 \u00e9clairer les Tahar Bekri, \u00c9mile Hemmen, ou Mokhtar El Amraoui&#8230; \u00c0 leur charge de la redistribuer et l\u2019amplifier, r\u00f4le que ce dernier prend on ne peut plus \u00e0 coeur. Aussi, par son activit\u00e9 culturelle et po\u00e9tique intense, dont l\u2019enseignement et la publication de recueils po\u00e8mes \u00bb, une kyrielle de po\u00e9sies libres et de tr\u00e8s fr\u00e9quentes lectures publiques, activit\u00e9 que je n\u2019ai h\u00e9las pas pu suivre comme elle l\u2019e\u00fbt m\u00e9rit\u00e9, l\u2019ami qu\u2019il a toujours voulu m\u2019\u00eatre n\u2019a jamais failli \u00e0 sa mission de po\u00e8te. Certes, n\u00e9 en 1955 \u00e0 Mateur, neveu du barde et po\u00e8te Belhassen Ben Chaabane, dont l\u2019oralit\u00e9 lyrique se perdit h\u00e9las souvent en feuillets servant plus tard \u00e0 l\u2019\u00e9picier, puis devenu professeur de fran\u00e7ais \u00e0 Bizerte, Mokhtar El Amraoui avait tout pour&#8230;<\/p>\n<p>Sans doute, mais encore ? Oh, encore bien plus que de reprendre l\u2019\u00e9tendard des po\u00e8tes disparus ! Car Mokhtar va au contact. Loin de s\u2019enfermer dans une distingu\u00e9e tour d\u2019ivoire, il se partage, se d\u00e9pense sans compter, fait de la po\u00e9sie au quotidien comme monsieur Jourdain fait de la prose, con\u00e7oit, \u00e9crit, lit une po\u00e9sie populaire, accessible \u00e0 tous, loin de l\u2019herm\u00e9tisme de maints confr\u00e8res. La po\u00e9sie r\u00e9unie dans ce recueil est toute en vers libres, ici caressants, l\u00e0 martel\u00e9s, parfois rim\u00e9s, ou encore dissonants, des fois na\u00effs come peints par le douanier Rousseau, ailleurs hurlant fa\u00e7on \u00ab Desastres de la guerra \u00bb de Goya. Sa po\u00e9sie c\u2019est aussi la l\u00e9g\u00e8ret\u00e9 des F\u00eates galantes, la dramaturgie de G\u00e9ricault, l\u2019amertume de Kafka, l\u2019engagement de Brecht, la d\u00e9ception, le d\u00e9couragement, le retour au combat et encore l\u2019espoir, l\u2019espoir que vive le chant de l\u2019aube et que, m\u00eame sans celles d\u2019Ouled Ahmed et de Mahmoud Darwich, ses plumes continuer \u00e0 danser.<\/p>\n<p>L\u2019aube et la danse, ces motifs r\u00e9currents annonc\u00e9s d\u00e8s le titre, le po\u00e8te y revient page 48 dans son po\u00e8me \u00ab Douleurs de soie \u00bb, o\u00f9 la r\u00e9volution d\u00e9j\u00e0 sortie de l\u2019oeuf, plus que promise donc, voudrait exploser \u00e0 la vie tout en \u00e9tant consciente du prix \u00e0 payer : \u00ab La chrysalide chante (&#8230;) danse toutes ses douleurs \/ en lumi\u00e8res de soie \u00bb. Et un peu plus loin, page 72, encore en pleine g\u00e9sine, la trag\u00e9die s\u2019exprime dans \u00ab L\u2019extinction des ruines \u00bb, po\u00e8me dur, o\u00f9 \u00ab Il est rest\u00e9 l\u2019aboiement des fum\u00e9es \/ apr\u00e8s l\u2019extinction des ruines&#8230; \u00bb. Rien de surprenant en fait, car d\u00e9j\u00e0 page 5, tout au d\u00e9but du recueil (2), dans sa \u00ab Musique en \u00e9toiles \u00bb, o\u00f9 l\u2019auteur prend son envol vers la cit\u00e9 nouvelle, il a averti que le sang peut nous faire payer cher l\u2019espoir \u00ab &#8230; et nous montrer la ville \/ o\u00f9 il pleut tant\u00f4t du fiel \/ tant\u00f4t du miel \u00bb.<\/p>\n<p>En effet, la gestation, puis la souffrance, puis le sang de l\u2019oiseau ou du po\u00e8te finiront par briser l\u2019attente passive, par lui rendre tout cet espace, au sens hispanique du terme \u00ab esperar \u00bb, attendre, mais aussi esp\u00e9rer de cette esp\u00e9rance active des coeurs vaillants \u00e0 qui rien n\u2019est impossible. Aussi est-ce dans \u00ab Choeur d\u2019\u00e9toiles \u00bb, page 11, que \u00ab L\u2019or de nos ombres \/ se v\u00eatira de nos mots (&#8230;) en les ber\u00e7ant \/ des \u00e9toiles de nos c\u0153urs \u00bb. Et, page 18, c\u2019est parti pour le \u00ab Voyage \u00bb, o\u00f9 se l\u00e8vent et s\u2019\u00e9l\u00e8vent \u00ab &#8230; toutes ces mains (&#8230;) pour l\u2019accompagner \/ dans son voyage ! \u00bb Qui dit mieux ? Et qui lit mieux ces mots de feu qui veulent \u00eatre peut-\u00eatre \u00e9cout\u00e9s plus encore que lus, entendus, vifs et indompt\u00e9s, de la bouche m\u00eame (3) du barde, dont mon pauvre texte ne peut rendre ni la caresse ni la force, ni la douceur, ni le mordant.<\/p>\n<p>Quant \u00e0 l\u2019amour, il est omnipr\u00e9sent, ici sous-jacent, ailleurs bien lisible, m\u00eame et surtout lorsqu\u2019il est exprim\u00e9 par d\u2019autres mots, jusqu\u2019\u00e0 parfois \u00e9voquer, voire l\u2019associer \u00e0 la mort. Je pense notamment \u00e0 ces vers, page 69, o\u00f9 El Amraoui \u00e9crit \u00ab &#8230; Quelques mains dessinent encore \/ des souvenirs d\u2019amours fusill\u00e9es&#8230; \u00bb, et m\u2019\u00e9voque, sans lien historique aucun, Jacques et Lotka (4), ce couple d\u2019amants r\u00e9sistants fusill\u00e9s par les Allemands en ao\u00fbt 1944. Parmi les 338 morts (5) de janvier 2011 compta-t-on deux amants fusill\u00e9s ? un Jacques et une Lotka ? Qu\u2019importe ? Toutes les r\u00e9sistances, les r\u00e9voltes, les barricades sont soeurs. Magie de la po\u00e9sie, o\u00f9 la m\u00e9moire, la sensibilit\u00e9, les g\u00e8nes m\u00eame du lecteur re\u00e7oivent comme terre fertile la semence du po\u00e8te et la transforment en plant, qui engendre un rejeton, un enfant donc, qui, comme tout enfant, grandit de fa\u00e7on totalement impr\u00e9visible !<\/p>\n<p>Et encore l\u2019amour, l\u2019amour tout court, celui du r\u00eave et de toujours ? L\u2019amour toujours plus fort, celui qui envers et contre tout ne cesse de d\u00e9fier la mort ? L\u2019amour galant ou courtois, coquin ou passionn\u00e9, tendre ou violent, pervers ou innocent, total ou l\u00e9ger, que, nul po\u00e8te, ses vers fussent-ils dantesques ou petite fleur bleue, n\u2019oublia, ne d\u00e9daigna ? Je parle de cet amour par lequel tout commence et tout finit, diff\u00e9remment, bien s\u00fbr, selon qu\u2019on le cueille ici ou plut\u00f4t l\u00e0, dans le riche pr\u00e9 de ce recueil, o\u00f9 le po\u00e8te ordonne au jour naissant : \u00ab Chante, aube, que dansent tes plumes ! \u00bb. Suffit de se pencher, d\u2019en cueillir les paroles. Voyez donc p. 79, ces vers qui r\u00e9sonnent \u00ab \u2026 d\u2019appels parfum\u00e9s d\u2019amour&#8230; \u00bb, ou bien p. 86, ces \u00ab Matins ivres \u00bb, o\u00f9 \u00ab \u2026 Je te crie mes mots d\u2019amour \/ de mes impatientes mains&#8230; \u00bb, ou encore p. 89, dans la \u00ab Noyade \u00bb, de ceux \u00ab &#8230; qu\u2019elle croyait juste de ses vagues \/ d\u2019amour \u00e9treindre \u00bb&#8230;<\/p>\n<p>Que vous dire de plus, mis lecteurs ? Que pourrais-je \u00e9crire de plus sur ce po\u00e8te pas vraiment \u00ab dans le vent \u00bb, mais sachant prendre \u00e0 pleines voiles le vent de son temps ? Je parle de ce po\u00e8te, qui n\u2019\u00e9crit n point pour l\u2019acad\u00e9mie, ou la critique, ou les p\u00e9dants, mais peut se vanter de nous toucher de ses po\u00e8mes, nous, les lecteurs, les auditeurs, ou les passants. Oui, m\u00eame l\u2019homme press\u00e9, le dissip\u00e9, le distrait \u2013 c\u2019est le miracle de Mokhtar \u2013 troubl\u00e9 de se retrouver entre ses strophes, ne saurait le rester. De plus, les eaux du po\u00e8te de Bizerte ne sont pas pr\u00e8s de se tarir. Non, car je n\u2019ai pas encore achev\u00e9 cette pr\u00e9sentation, que le flux s\u2019acc\u00e9l\u00e8re et j\u2019apprends que \u00ab Dans le tumulte du labyrinthe \u00bb, le quatri\u00e8me recueil de Mokhtar El Amraoui, vient de sortir et se voit d\u00e9j\u00e0 \u00e0 la Foire du livre de Tunis (5 \u2013 14 avril), au stand 715 de la Maison d\u2019Edition Karem Sharif. Bon vent, Mokhtar !<\/p>\n<p>Giulio-Enrico Pisni<\/p>\n<p>&nbsp;<\/p>\n<p><strong>Notes:<\/strong><br \/>\n1)MAYARA \u00c9ditions, P\u00e9pini\u00e8re d\u2019entreprises, Bureau N0 1, Rakkada, Kairouan, Tunisie, e-mail : mayara.editions@\u00adgmail.com, 1\u00e8re \u00e9dition 2019, tous droits r\u00e9serv\u00e9s pour l\u2019\u00e9diteur.<\/p>\n<p>2)Le lecteur ne m\u2019en voudra pas, j\u2019esp\u00e8re, pour ce bref retour arri\u00e8re. En tout cas, la charrue ne m\u2019a pardonn\u00e9 et les boeufs, patients, oublient.<\/p>\n<p>3-\u00a0 Exemples de lectures publiques de Mokhtar El Amraoui : <a href=\"http:\/\/www.youtube.com\/watch?v=-ebzqY-64Uo\">www.youtube.com\/watch?v=-ebzqY-64Uo<\/a>, ou <a href=\"http:\/\/www.youtube.com\/watch?v=kEYZ9cYjmj4\">www.youtube.com\/watch?v=kEYZ9cYjmj<\/a><\/p>\n<p>4- Le capitaine de vaisseau Jacques Trolley de Pr\u00e9vaux et Charlotte Leitner, appel\u00e9e Lotka, mannequin vedette polonaise de la grande couturi\u00e8re Madeleine Vionnet.<br \/>\nChiffre officiel, mais j\u2019en ai vu de bien plus \u00e9lev\u00e9s.<\/p>\n<p>5-Chiffre officiel, mais j\u2019en ai vu de bien plus \u00e9lev\u00e9s.<\/p>\n<p>vendredi 19 avril 2019<br \/>\nZeitung vum L\u00ebtzebuerger Vollek<\/p>\n","protected":false},"excerpt":{"rendered":"<p>Mais quelle aube ? L\u2019aube qui a failli \u00eatre ? Ou l\u2019aube que l\u2019on attend ? L\u2019aube qui sera peut-\u00eatre&#8230; fin 2019 ! Mmm&#8230; Plus de huit ans apr\u00e8s la publication de son magistral double recueil de po\u00e8mes \u00ab Arp\u00e8ges sur les ailes de mes ans \u00bb, que je vous pr\u00e9sentai \u00e0 l\u2019\u00e9poque en paraphrasant &#8230;<\/p>\n","protected":false},"author":2,"featured_media":10038,"comment_status":"open","ping_status":"open","sticky":false,"template":"","format":"standard","meta":[],"categories":[8],"tags":[],"yoast_head":"<!-- This site is optimized with the Yoast SEO plugin v19.3 - https:\/\/yoast.com\/wordpress\/plugins\/seo\/ -->\n<title>Mokhtar El Amraoui chante l\u2019aube... par: Giulio-Enrico Pisani -Luxembourg - Culminances<\/title>\n<meta name=\"robots\" content=\"index, follow, max-snippet:-1, max-image-preview:large, max-video-preview:-1\" \/>\n<link rel=\"canonical\" href=\"https:\/\/www.masharif.com\/fr\/2019\/06\/02\/mokhtar-el-amraoui-chante-laube-giulio-enrico-pisani-luxembourg\/\" \/>\n<meta property=\"og:locale\" content=\"fr_FR\" \/>\n<meta property=\"og:type\" content=\"article\" \/>\n<meta property=\"og:title\" content=\"Mokhtar El Amraoui chante l\u2019aube... par: Giulio-Enrico Pisani -Luxembourg - Culminances\" \/>\n<meta property=\"og:description\" content=\"Mais quelle aube ? L\u2019aube qui a failli \u00eatre ? Ou l\u2019aube que l\u2019on attend ? L\u2019aube qui sera peut-\u00eatre&#8230; fin 2019 ! Mmm&#8230; Plus de huit ans apr\u00e8s la publication de son magistral double recueil de po\u00e8mes \u00ab Arp\u00e8ges sur les ailes de mes ans \u00bb, que je vous pr\u00e9sentai \u00e0 l\u2019\u00e9poque en paraphrasant ...\" \/>\n<meta property=\"og:url\" content=\"https:\/\/www.masharif.com\/fr\/2019\/06\/02\/mokhtar-el-amraoui-chante-laube-giulio-enrico-pisani-luxembourg\/\" \/>\n<meta property=\"og:site_name\" content=\"Culminances\" \/>\n<meta property=\"article:published_time\" content=\"2019-06-02T20:13:45+00:00\" \/>\n<meta property=\"article:modified_time\" content=\"2019-06-02T20:20:34+00:00\" \/>\n<meta property=\"og:image\" content=\"https:\/\/www.masharif.com\/fr\/wp-content\/uploads\/2019\/06\/MON-NOUVEAU-RECUEIL.jpg\" \/>\n\t<meta property=\"og:image:width\" content=\"615\" \/>\n\t<meta property=\"og:image:height\" content=\"336\" \/>\n\t<meta property=\"og:image:type\" content=\"image\/jpeg\" \/>\n<meta name=\"author\" content=\"Mohamed Salah Ben Amor\" \/>\n<meta name=\"twitter:card\" content=\"summary\" \/>\n<meta name=\"twitter:label1\" content=\"\u00c9crit par\" \/>\n\t<meta name=\"twitter:data1\" content=\"Mohamed Salah Ben Amor\" \/>\n\t<meta name=\"twitter:label2\" content=\"Dur\u00e9e de lecture estim\u00e9e\" \/>\n\t<meta name=\"twitter:data2\" content=\"9 minutes\" \/>\n<script type=\"application\/ld+json\" class=\"yoast-schema-graph\">{\"@context\":\"https:\/\/schema.org\",\"@graph\":[{\"@type\":\"WebSite\",\"@id\":\"https:\/\/www.masharif.com\/fr\/#website\",\"url\":\"https:\/\/www.masharif.com\/fr\/\",\"name\":\"Culminances\",\"description\":\"\",\"potentialAction\":[{\"@type\":\"SearchAction\",\"target\":{\"@type\":\"EntryPoint\",\"urlTemplate\":\"https:\/\/www.masharif.com\/fr\/?s={search_term_string}\"},\"query-input\":\"required name=search_term_string\"}],\"inLanguage\":\"fr-FR\"},{\"@type\":\"ImageObject\",\"inLanguage\":\"fr-FR\",\"@id\":\"https:\/\/www.masharif.com\/fr\/2019\/06\/02\/mokhtar-el-amraoui-chante-laube-giulio-enrico-pisani-luxembourg\/#primaryimage\",\"url\":\"https:\/\/www.masharif.com\/fr\/wp-content\/uploads\/2019\/06\/MON-NOUVEAU-RECUEIL.jpg\",\"contentUrl\":\"https:\/\/www.masharif.com\/fr\/wp-content\/uploads\/2019\/06\/MON-NOUVEAU-RECUEIL.jpg\",\"width\":615,\"height\":336},{\"@type\":\"WebPage\",\"@id\":\"https:\/\/www.masharif.com\/fr\/2019\/06\/02\/mokhtar-el-amraoui-chante-laube-giulio-enrico-pisani-luxembourg\/\",\"url\":\"https:\/\/www.masharif.com\/fr\/2019\/06\/02\/mokhtar-el-amraoui-chante-laube-giulio-enrico-pisani-luxembourg\/\",\"name\":\"Mokhtar El Amraoui chante l\u2019aube... par: Giulio-Enrico Pisani -Luxembourg - Culminances\",\"isPartOf\":{\"@id\":\"https:\/\/www.masharif.com\/fr\/#website\"},\"primaryImageOfPage\":{\"@id\":\"https:\/\/www.masharif.com\/fr\/2019\/06\/02\/mokhtar-el-amraoui-chante-laube-giulio-enrico-pisani-luxembourg\/#primaryimage\"},\"datePublished\":\"2019-06-02T20:13:45+00:00\",\"dateModified\":\"2019-06-02T20:20:34+00:00\",\"author\":{\"@id\":\"https:\/\/www.masharif.com\/fr\/#\/schema\/person\/839a7026efe9fa825134097c1041e4a0\"},\"breadcrumb\":{\"@id\":\"https:\/\/www.masharif.com\/fr\/2019\/06\/02\/mokhtar-el-amraoui-chante-laube-giulio-enrico-pisani-luxembourg\/#breadcrumb\"},\"inLanguage\":\"fr-FR\",\"potentialAction\":[{\"@type\":\"ReadAction\",\"target\":[\"https:\/\/www.masharif.com\/fr\/2019\/06\/02\/mokhtar-el-amraoui-chante-laube-giulio-enrico-pisani-luxembourg\/\"]}]},{\"@type\":\"BreadcrumbList\",\"@id\":\"https:\/\/www.masharif.com\/fr\/2019\/06\/02\/mokhtar-el-amraoui-chante-laube-giulio-enrico-pisani-luxembourg\/#breadcrumb\",\"itemListElement\":[{\"@type\":\"ListItem\",\"position\":1,\"name\":\"Home\",\"item\":\"https:\/\/www.masharif.com\/fr\/\"},{\"@type\":\"ListItem\",\"position\":2,\"name\":\"Mokhtar El Amraoui chante l\u2019aube&#8230; par: Giulio-Enrico Pisani -Luxembourg\"}]},{\"@type\":\"Person\",\"@id\":\"https:\/\/www.masharif.com\/fr\/#\/schema\/person\/839a7026efe9fa825134097c1041e4a0\",\"name\":\"Mohamed Salah Ben Amor\",\"image\":{\"@type\":\"ImageObject\",\"inLanguage\":\"fr-FR\",\"@id\":\"https:\/\/www.masharif.com\/fr\/#\/schema\/person\/image\/\",\"url\":\"https:\/\/secure.gravatar.com\/avatar\/f64806401ad5ed604ffec2272b19ef46?s=96&d=identicon&r=g\",\"contentUrl\":\"https:\/\/secure.gravatar.com\/avatar\/f64806401ad5ed604ffec2272b19ef46?s=96&d=identicon&r=g\",\"caption\":\"Mohamed Salah Ben Amor\"},\"sameAs\":[\"http:\/\/ben-amor.info\"],\"url\":\"https:\/\/www.masharif.com\/fr\/author\/msba\/\"}]}<\/script>\n<!-- \/ Yoast SEO plugin. -->","yoast_head_json":{"title":"Mokhtar El Amraoui chante l\u2019aube... par: Giulio-Enrico Pisani -Luxembourg - Culminances","robots":{"index":"index","follow":"follow","max-snippet":"max-snippet:-1","max-image-preview":"max-image-preview:large","max-video-preview":"max-video-preview:-1"},"canonical":"https:\/\/www.masharif.com\/fr\/2019\/06\/02\/mokhtar-el-amraoui-chante-laube-giulio-enrico-pisani-luxembourg\/","og_locale":"fr_FR","og_type":"article","og_title":"Mokhtar El Amraoui chante l\u2019aube... par: Giulio-Enrico Pisani -Luxembourg - Culminances","og_description":"Mais quelle aube ? L\u2019aube qui a failli \u00eatre ? Ou l\u2019aube que l\u2019on attend ? L\u2019aube qui sera peut-\u00eatre&#8230; fin 2019 ! Mmm&#8230; Plus de huit ans apr\u00e8s la publication de son magistral double recueil de po\u00e8mes \u00ab Arp\u00e8ges sur les ailes de mes ans \u00bb, que je vous pr\u00e9sentai \u00e0 l\u2019\u00e9poque en paraphrasant ...","og_url":"https:\/\/www.masharif.com\/fr\/2019\/06\/02\/mokhtar-el-amraoui-chante-laube-giulio-enrico-pisani-luxembourg\/","og_site_name":"Culminances","article_published_time":"2019-06-02T20:13:45+00:00","article_modified_time":"2019-06-02T20:20:34+00:00","og_image":[{"width":615,"height":336,"url":"https:\/\/www.masharif.com\/fr\/wp-content\/uploads\/2019\/06\/MON-NOUVEAU-RECUEIL.jpg","type":"image\/jpeg"}],"author":"Mohamed Salah Ben Amor","twitter_card":"summary","twitter_misc":{"\u00c9crit par":"Mohamed Salah Ben Amor","Dur\u00e9e de lecture estim\u00e9e":"9 minutes"},"schema":{"@context":"https:\/\/schema.org","@graph":[{"@type":"WebSite","@id":"https:\/\/www.masharif.com\/fr\/#website","url":"https:\/\/www.masharif.com\/fr\/","name":"Culminances","description":"","potentialAction":[{"@type":"SearchAction","target":{"@type":"EntryPoint","urlTemplate":"https:\/\/www.masharif.com\/fr\/?s={search_term_string}"},"query-input":"required name=search_term_string"}],"inLanguage":"fr-FR"},{"@type":"ImageObject","inLanguage":"fr-FR","@id":"https:\/\/www.masharif.com\/fr\/2019\/06\/02\/mokhtar-el-amraoui-chante-laube-giulio-enrico-pisani-luxembourg\/#primaryimage","url":"https:\/\/www.masharif.com\/fr\/wp-content\/uploads\/2019\/06\/MON-NOUVEAU-RECUEIL.jpg","contentUrl":"https:\/\/www.masharif.com\/fr\/wp-content\/uploads\/2019\/06\/MON-NOUVEAU-RECUEIL.jpg","width":615,"height":336},{"@type":"WebPage","@id":"https:\/\/www.masharif.com\/fr\/2019\/06\/02\/mokhtar-el-amraoui-chante-laube-giulio-enrico-pisani-luxembourg\/","url":"https:\/\/www.masharif.com\/fr\/2019\/06\/02\/mokhtar-el-amraoui-chante-laube-giulio-enrico-pisani-luxembourg\/","name":"Mokhtar El Amraoui chante l\u2019aube... par: Giulio-Enrico Pisani -Luxembourg - Culminances","isPartOf":{"@id":"https:\/\/www.masharif.com\/fr\/#website"},"primaryImageOfPage":{"@id":"https:\/\/www.masharif.com\/fr\/2019\/06\/02\/mokhtar-el-amraoui-chante-laube-giulio-enrico-pisani-luxembourg\/#primaryimage"},"datePublished":"2019-06-02T20:13:45+00:00","dateModified":"2019-06-02T20:20:34+00:00","author":{"@id":"https:\/\/www.masharif.com\/fr\/#\/schema\/person\/839a7026efe9fa825134097c1041e4a0"},"breadcrumb":{"@id":"https:\/\/www.masharif.com\/fr\/2019\/06\/02\/mokhtar-el-amraoui-chante-laube-giulio-enrico-pisani-luxembourg\/#breadcrumb"},"inLanguage":"fr-FR","potentialAction":[{"@type":"ReadAction","target":["https:\/\/www.masharif.com\/fr\/2019\/06\/02\/mokhtar-el-amraoui-chante-laube-giulio-enrico-pisani-luxembourg\/"]}]},{"@type":"BreadcrumbList","@id":"https:\/\/www.masharif.com\/fr\/2019\/06\/02\/mokhtar-el-amraoui-chante-laube-giulio-enrico-pisani-luxembourg\/#breadcrumb","itemListElement":[{"@type":"ListItem","position":1,"name":"Home","item":"https:\/\/www.masharif.com\/fr\/"},{"@type":"ListItem","position":2,"name":"Mokhtar El Amraoui chante l\u2019aube&#8230; par: Giulio-Enrico Pisani -Luxembourg"}]},{"@type":"Person","@id":"https:\/\/www.masharif.com\/fr\/#\/schema\/person\/839a7026efe9fa825134097c1041e4a0","name":"Mohamed Salah Ben Amor","image":{"@type":"ImageObject","inLanguage":"fr-FR","@id":"https:\/\/www.masharif.com\/fr\/#\/schema\/person\/image\/","url":"https:\/\/secure.gravatar.com\/avatar\/f64806401ad5ed604ffec2272b19ef46?s=96&d=identicon&r=g","contentUrl":"https:\/\/secure.gravatar.com\/avatar\/f64806401ad5ed604ffec2272b19ef46?s=96&d=identicon&r=g","caption":"Mohamed Salah Ben Amor"},"sameAs":["http:\/\/ben-amor.info"],"url":"https:\/\/www.masharif.com\/fr\/author\/msba\/"}]}},"_links":{"self":[{"href":"https:\/\/www.masharif.com\/fr\/wp-json\/wp\/v2\/posts\/10037"}],"collection":[{"href":"https:\/\/www.masharif.com\/fr\/wp-json\/wp\/v2\/posts"}],"about":[{"href":"https:\/\/www.masharif.com\/fr\/wp-json\/wp\/v2\/types\/post"}],"author":[{"embeddable":true,"href":"https:\/\/www.masharif.com\/fr\/wp-json\/wp\/v2\/users\/2"}],"replies":[{"embeddable":true,"href":"https:\/\/www.masharif.com\/fr\/wp-json\/wp\/v2\/comments?post=10037"}],"version-history":[{"count":4,"href":"https:\/\/www.masharif.com\/fr\/wp-json\/wp\/v2\/posts\/10037\/revisions"}],"predecessor-version":[{"id":10041,"href":"https:\/\/www.masharif.com\/fr\/wp-json\/wp\/v2\/posts\/10037\/revisions\/10041"}],"wp:featuredmedia":[{"embeddable":true,"href":"https:\/\/www.masharif.com\/fr\/wp-json\/wp\/v2\/media\/10038"}],"wp:attachment":[{"href":"https:\/\/www.masharif.com\/fr\/wp-json\/wp\/v2\/media?parent=10037"}],"wp:term":[{"taxonomy":"category","embeddable":true,"href":"https:\/\/www.masharif.com\/fr\/wp-json\/wp\/v2\/categories?post=10037"},{"taxonomy":"post_tag","embeddable":true,"href":"https:\/\/www.masharif.com\/fr\/wp-json\/wp\/v2\/tags?post=10037"}],"curies":[{"name":"wp","href":"https:\/\/api.w.org\/{rel}","templated":true}]}}