{"id":10007,"date":"2019-05-27T13:56:36","date_gmt":"2019-05-27T12:56:36","guid":{"rendered":"http:\/\/www.masharif.com\/fr\/?p=10007"},"modified":"2019-05-27T13:56:36","modified_gmt":"2019-05-27T12:56:36","slug":"critiques-participeront-troisieme-colloque-de-maison-ichraq-editions-revue-culminances-se-tiendra-theme-jaafar-majed-poete-prosateur-artistique","status":"publish","type":"post","link":"https:\/\/www.masharif.com\/fr\/2019\/05\/27\/critiques-participeront-troisieme-colloque-de-maison-ichraq-editions-revue-culminances-se-tiendra-theme-jaafar-majed-poete-prosateur-artistique\/","title":{"rendered":"Les critiques qui participeront au troisi\u00e8me colloque de la maison Ichraq \u00e9ditions et la revue \u00ab Culminances \u00bb qui se tiendra sur le th\u00e8me \u00ab Jaafar Majed po\u00e8te et prosateur artistique \u00bb :  2- Faouzia Saffar Zaouk"},"content":{"rendered":"<div id=\"attachment_10010\" style=\"width: 310px\" class=\"wp-caption alignnone\"><a href=\"http:\/\/www.masharif.com\/fr\/wp-content\/uploads\/2019\/05\/60356828_10214594721844993_278478605661503488_o.jpg\"><img aria-describedby=\"caption-attachment-10010\" loading=\"lazy\" class=\"wp-image-10010 size-medium\" src=\"http:\/\/www.masharif.com\/fr\/wp-content\/uploads\/2019\/05\/60356828_10214594721844993_278478605661503488_o-300x225.jpg\" alt=\"\" width=\"300\" height=\"225\" srcset=\"https:\/\/www.masharif.com\/fr\/wp-content\/uploads\/2019\/05\/60356828_10214594721844993_278478605661503488_o-300x225.jpg 300w, https:\/\/www.masharif.com\/fr\/wp-content\/uploads\/2019\/05\/60356828_10214594721844993_278478605661503488_o-768x576.jpg 768w, https:\/\/www.masharif.com\/fr\/wp-content\/uploads\/2019\/05\/60356828_10214594721844993_278478605661503488_o-1024x768.jpg 1024w, https:\/\/www.masharif.com\/fr\/wp-content\/uploads\/2019\/05\/60356828_10214594721844993_278478605661503488_o.jpg 1920w\" sizes=\"(max-width: 300px) 100vw, 300px\" \/><\/a><p id=\"caption-attachment-10010\" class=\"wp-caption-text\">Jaafar Majed<\/p><\/div>\n<div id=\"attachment_10008\" style=\"width: 310px\" class=\"wp-caption alignnone\"><a href=\"http:\/\/www.masharif.com\/fr\/wp-content\/uploads\/2019\/05\/26169900_1476834679032843_8407411071900946047_n.jpg\"><img aria-describedby=\"caption-attachment-10008\" loading=\"lazy\" class=\"wp-image-10008 size-medium\" src=\"http:\/\/www.masharif.com\/fr\/wp-content\/uploads\/2019\/05\/26169900_1476834679032843_8407411071900946047_n-300x300.jpg\" alt=\"\" width=\"300\" height=\"300\" srcset=\"https:\/\/www.masharif.com\/fr\/wp-content\/uploads\/2019\/05\/26169900_1476834679032843_8407411071900946047_n-300x300.jpg 300w, https:\/\/www.masharif.com\/fr\/wp-content\/uploads\/2019\/05\/26169900_1476834679032843_8407411071900946047_n-150x150.jpg 150w, https:\/\/www.masharif.com\/fr\/wp-content\/uploads\/2019\/05\/26169900_1476834679032843_8407411071900946047_n-768x768.jpg 768w, https:\/\/www.masharif.com\/fr\/wp-content\/uploads\/2019\/05\/26169900_1476834679032843_8407411071900946047_n-55x55.jpg 55w, https:\/\/www.masharif.com\/fr\/wp-content\/uploads\/2019\/05\/26169900_1476834679032843_8407411071900946047_n.jpg 960w\" sizes=\"(max-width: 300px) 100vw, 300px\" \/><\/a><p id=\"caption-attachment-10008\" class=\"wp-caption-text\">Faouzia Saffar Zaouk<\/p><\/div>\n<p>&nbsp;<\/p>\n<p>Faouzia Saffar Zaouk , n\u00e9e \u00e0 Kairouan (centre de la Tunisie) , la m\u00eame ville natale du po\u00e8te feu Jaafar Majed, le connaissait parfaitement ainsi que son \u0153uvre. Elle est aussi une militante culturelle. Elle s\u2019\u00e9tait r\u00e9v\u00e9l\u00e9e pour la premi\u00e8re fois au public \u00e0 la de<span class=\"text_exposed_show\">uxi\u00e8me moiti\u00e9 des ann\u00e9es soixante-dix avec son excellent ouvrage sur le roman intitul\u00e9 La saison de l\u2019\u00e9migration vers le nord de l\u2019\u00e9crivain soudanais Taieb Salah.Elle \u00e9tait en 1988 l\u2019un des membres fondateurs du comit\u00e9 de recherche sur la litt\u00e9rature tunisienne dont j\u2019\u00e9tais le coordinateur qui avait organis\u00e9 pr\u00e8s de vingt-cinq grands colloques sur cette litt\u00e9rature au si\u00e8ge de l\u2019acad\u00e9mie tunisienne \u00e0 Carthage, au club de l\u2019association des anciens \u00e9l\u00e8ves de l\u2019\u00e9cole Sadiki et dans plusieurs autres endroits \u00e0 Tunis et dans diff\u00e9rentes r\u00e9gions du pays . Dot\u00e9e d\u2019une capacit\u00e9 de travail \u00e9tonnante et anim\u00e9e d\u2019une envie ardente de service la litt\u00e9rature tunisienne, elle ne cesse depuis cette date d\u2019\u00eatre pr\u00e9sente dans les colloques qui se tiennent sur cette litt\u00e9rature. A la fin des ann\u00e9es quatre-vingt-dix, j\u2019avais eu l\u2019honneur de lui pr\u00e9facer et publier un livre intitul\u00e9 Lectures sur la litt\u00e9rature tunisienne dans une collection que je dirigeais \u00e0 General services \u00e0 Tunis .<br \/>\nFaouzia Saffar Zaouk participera au colloque sur feu Jaafar Majed avec une intervention intitul\u00e9e \u00ab Le journal de Jaafar Majed \u00bb.Ce journal, probablement non achev\u00e9 par le d\u00e9funt, comporte pr\u00e8s d\u2019une douzaine de chapitres qu\u2019il avait publi\u00e9s dans sa revue L\u2019espace du savoir et qui donnent une id\u00e9e pr\u00e9cise sur une \u00e9tape importante de son parcours en tant qu\u2019homme et \u00e9crivain.<\/span><\/p>\n","protected":false},"excerpt":{"rendered":"<p>&nbsp; Faouzia Saffar Zaouk , n\u00e9e \u00e0 Kairouan (centre de la Tunisie) , la m\u00eame ville natale du po\u00e8te feu Jaafar Majed, le connaissait parfaitement ainsi que son \u0153uvre. Elle est aussi une militante culturelle. Elle s\u2019\u00e9tait r\u00e9v\u00e9l\u00e9e pour la premi\u00e8re fois au public \u00e0 la deuxi\u00e8me moiti\u00e9 des ann\u00e9es soixante-dix avec son excellent ouvrage &#8230;<\/p>\n","protected":false},"author":2,"featured_media":10009,"comment_status":"open","ping_status":"open","sticky":false,"template":"","format":"standard","meta":[],"categories":[7],"tags":[],"yoast_head":"<!-- This site is optimized with the Yoast SEO plugin v19.3 - https:\/\/yoast.com\/wordpress\/plugins\/seo\/ -->\n<title>Les critiques qui participeront au troisi\u00e8me colloque de la maison Ichraq \u00e9ditions et la revue \u00ab Culminances \u00bb qui se tiendra sur le th\u00e8me \u00ab Jaafar Majed po\u00e8te et prosateur artistique \u00bb : 2- Faouzia Saffar Zaouk - Culminances<\/title>\n<meta name=\"robots\" content=\"index, follow, max-snippet:-1, max-image-preview:large, max-video-preview:-1\" \/>\n<link rel=\"canonical\" href=\"https:\/\/www.masharif.com\/fr\/2019\/05\/27\/critiques-participeront-troisieme-colloque-de-maison-ichraq-editions-revue-culminances-se-tiendra-theme-jaafar-majed-poete-prosateur-artistique\/\" \/>\n<meta property=\"og:locale\" content=\"fr_FR\" \/>\n<meta property=\"og:type\" content=\"article\" \/>\n<meta property=\"og:title\" content=\"Les critiques qui participeront au troisi\u00e8me colloque de la maison Ichraq \u00e9ditions et la revue \u00ab Culminances \u00bb qui se tiendra sur le th\u00e8me \u00ab Jaafar Majed po\u00e8te et prosateur artistique \u00bb : 2- Faouzia Saffar Zaouk - Culminances\" \/>\n<meta property=\"og:description\" content=\"&nbsp; Faouzia Saffar Zaouk , n\u00e9e \u00e0 Kairouan (centre de la Tunisie) , la m\u00eame ville natale du po\u00e8te feu Jaafar Majed, le connaissait parfaitement ainsi que son \u0153uvre. Elle est aussi une militante culturelle. Elle s\u2019\u00e9tait r\u00e9v\u00e9l\u00e9e pour la premi\u00e8re fois au public \u00e0 la deuxi\u00e8me moiti\u00e9 des ann\u00e9es soixante-dix avec son excellent ouvrage ...\" \/>\n<meta property=\"og:url\" content=\"https:\/\/www.masharif.com\/fr\/2019\/05\/27\/critiques-participeront-troisieme-colloque-de-maison-ichraq-editions-revue-culminances-se-tiendra-theme-jaafar-majed-poete-prosateur-artistique\/\" \/>\n<meta property=\"og:site_name\" content=\"Culminances\" \/>\n<meta property=\"article:published_time\" content=\"2019-05-27T12:56:36+00:00\" \/>\n<meta property=\"og:image\" content=\"https:\/\/www.masharif.com\/fr\/wp-content\/uploads\/2019\/05\/26169900_1476834679032843_8407411071900946047_n-1.jpg\" \/>\n\t<meta property=\"og:image:width\" content=\"384\" \/>\n\t<meta property=\"og:image:height\" content=\"384\" \/>\n\t<meta property=\"og:image:type\" content=\"image\/jpeg\" \/>\n<meta name=\"author\" content=\"Mohamed Salah Ben Amor\" \/>\n<meta name=\"twitter:card\" content=\"summary\" \/>\n<meta name=\"twitter:label1\" content=\"\u00c9crit par\" \/>\n\t<meta name=\"twitter:data1\" content=\"Mohamed Salah Ben Amor\" \/>\n\t<meta name=\"twitter:label2\" content=\"Dur\u00e9e de lecture estim\u00e9e\" \/>\n\t<meta name=\"twitter:data2\" content=\"2 minutes\" \/>\n<script type=\"application\/ld+json\" class=\"yoast-schema-graph\">{\"@context\":\"https:\/\/schema.org\",\"@graph\":[{\"@type\":\"WebSite\",\"@id\":\"http:\/\/www.masharif.com\/fr\/#website\",\"url\":\"http:\/\/www.masharif.com\/fr\/\",\"name\":\"Culminances\",\"description\":\"\",\"potentialAction\":[{\"@type\":\"SearchAction\",\"target\":{\"@type\":\"EntryPoint\",\"urlTemplate\":\"http:\/\/www.masharif.com\/fr\/?s={search_term_string}\"},\"query-input\":\"required name=search_term_string\"}],\"inLanguage\":\"fr-FR\"},{\"@type\":\"ImageObject\",\"inLanguage\":\"fr-FR\",\"@id\":\"https:\/\/www.masharif.com\/fr\/2019\/05\/27\/critiques-participeront-troisieme-colloque-de-maison-ichraq-editions-revue-culminances-se-tiendra-theme-jaafar-majed-poete-prosateur-artistique\/#primaryimage\",\"url\":\"https:\/\/www.masharif.com\/fr\/wp-content\/uploads\/2019\/05\/26169900_1476834679032843_8407411071900946047_n-1.jpg\",\"contentUrl\":\"https:\/\/www.masharif.com\/fr\/wp-content\/uploads\/2019\/05\/26169900_1476834679032843_8407411071900946047_n-1.jpg\",\"width\":384,\"height\":384},{\"@type\":\"WebPage\",\"@id\":\"https:\/\/www.masharif.com\/fr\/2019\/05\/27\/critiques-participeront-troisieme-colloque-de-maison-ichraq-editions-revue-culminances-se-tiendra-theme-jaafar-majed-poete-prosateur-artistique\/\",\"url\":\"https:\/\/www.masharif.com\/fr\/2019\/05\/27\/critiques-participeront-troisieme-colloque-de-maison-ichraq-editions-revue-culminances-se-tiendra-theme-jaafar-majed-poete-prosateur-artistique\/\",\"name\":\"Les critiques qui participeront au troisi\u00e8me colloque de la maison Ichraq \u00e9ditions et la revue \u00ab Culminances \u00bb qui se tiendra sur le th\u00e8me \u00ab Jaafar Majed po\u00e8te et prosateur artistique \u00bb : 2- Faouzia Saffar Zaouk - Culminances\",\"isPartOf\":{\"@id\":\"http:\/\/www.masharif.com\/fr\/#website\"},\"primaryImageOfPage\":{\"@id\":\"https:\/\/www.masharif.com\/fr\/2019\/05\/27\/critiques-participeront-troisieme-colloque-de-maison-ichraq-editions-revue-culminances-se-tiendra-theme-jaafar-majed-poete-prosateur-artistique\/#primaryimage\"},\"datePublished\":\"2019-05-27T12:56:36+00:00\",\"dateModified\":\"2019-05-27T12:56:36+00:00\",\"author\":{\"@id\":\"http:\/\/www.masharif.com\/fr\/#\/schema\/person\/839a7026efe9fa825134097c1041e4a0\"},\"breadcrumb\":{\"@id\":\"https:\/\/www.masharif.com\/fr\/2019\/05\/27\/critiques-participeront-troisieme-colloque-de-maison-ichraq-editions-revue-culminances-se-tiendra-theme-jaafar-majed-poete-prosateur-artistique\/#breadcrumb\"},\"inLanguage\":\"fr-FR\",\"potentialAction\":[{\"@type\":\"ReadAction\",\"target\":[\"https:\/\/www.masharif.com\/fr\/2019\/05\/27\/critiques-participeront-troisieme-colloque-de-maison-ichraq-editions-revue-culminances-se-tiendra-theme-jaafar-majed-poete-prosateur-artistique\/\"]}]},{\"@type\":\"BreadcrumbList\",\"@id\":\"https:\/\/www.masharif.com\/fr\/2019\/05\/27\/critiques-participeront-troisieme-colloque-de-maison-ichraq-editions-revue-culminances-se-tiendra-theme-jaafar-majed-poete-prosateur-artistique\/#breadcrumb\",\"itemListElement\":[{\"@type\":\"ListItem\",\"position\":1,\"name\":\"Home\",\"item\":\"http:\/\/www.masharif.com\/fr\/\"},{\"@type\":\"ListItem\",\"position\":2,\"name\":\"Les critiques qui participeront au troisi\u00e8me colloque de la maison Ichraq \u00e9ditions et la revue \u00ab Culminances \u00bb qui se tiendra sur le th\u00e8me \u00ab Jaafar Majed po\u00e8te et prosateur artistique \u00bb : 2- Faouzia Saffar Zaouk\"}]},{\"@type\":\"Person\",\"@id\":\"http:\/\/www.masharif.com\/fr\/#\/schema\/person\/839a7026efe9fa825134097c1041e4a0\",\"name\":\"Mohamed Salah Ben Amor\",\"image\":{\"@type\":\"ImageObject\",\"inLanguage\":\"fr-FR\",\"@id\":\"http:\/\/www.masharif.com\/fr\/#\/schema\/person\/image\/\",\"url\":\"https:\/\/secure.gravatar.com\/avatar\/f64806401ad5ed604ffec2272b19ef46?s=96&d=identicon&r=g\",\"contentUrl\":\"https:\/\/secure.gravatar.com\/avatar\/f64806401ad5ed604ffec2272b19ef46?s=96&d=identicon&r=g\",\"caption\":\"Mohamed Salah Ben Amor\"},\"sameAs\":[\"http:\/\/ben-amor.info\"],\"url\":\"https:\/\/www.masharif.com\/fr\/author\/msba\/\"}]}<\/script>\n<!-- \/ Yoast SEO plugin. -->","yoast_head_json":{"title":"Les critiques qui participeront au troisi\u00e8me colloque de la maison Ichraq \u00e9ditions et la revue \u00ab Culminances \u00bb qui se tiendra sur le th\u00e8me \u00ab Jaafar Majed po\u00e8te et prosateur artistique \u00bb : 2- Faouzia Saffar Zaouk - Culminances","robots":{"index":"index","follow":"follow","max-snippet":"max-snippet:-1","max-image-preview":"max-image-preview:large","max-video-preview":"max-video-preview:-1"},"canonical":"https:\/\/www.masharif.com\/fr\/2019\/05\/27\/critiques-participeront-troisieme-colloque-de-maison-ichraq-editions-revue-culminances-se-tiendra-theme-jaafar-majed-poete-prosateur-artistique\/","og_locale":"fr_FR","og_type":"article","og_title":"Les critiques qui participeront au troisi\u00e8me colloque de la maison Ichraq \u00e9ditions et la revue \u00ab Culminances \u00bb qui se tiendra sur le th\u00e8me \u00ab Jaafar Majed po\u00e8te et prosateur artistique \u00bb : 2- Faouzia Saffar Zaouk - Culminances","og_description":"&nbsp; Faouzia Saffar Zaouk , n\u00e9e \u00e0 Kairouan (centre de la Tunisie) , la m\u00eame ville natale du po\u00e8te feu Jaafar Majed, le connaissait parfaitement ainsi que son \u0153uvre. Elle est aussi une militante culturelle. Elle s\u2019\u00e9tait r\u00e9v\u00e9l\u00e9e pour la premi\u00e8re fois au public \u00e0 la deuxi\u00e8me moiti\u00e9 des ann\u00e9es soixante-dix avec son excellent ouvrage ...","og_url":"https:\/\/www.masharif.com\/fr\/2019\/05\/27\/critiques-participeront-troisieme-colloque-de-maison-ichraq-editions-revue-culminances-se-tiendra-theme-jaafar-majed-poete-prosateur-artistique\/","og_site_name":"Culminances","article_published_time":"2019-05-27T12:56:36+00:00","og_image":[{"width":384,"height":384,"url":"https:\/\/www.masharif.com\/fr\/wp-content\/uploads\/2019\/05\/26169900_1476834679032843_8407411071900946047_n-1.jpg","type":"image\/jpeg"}],"author":"Mohamed Salah Ben Amor","twitter_card":"summary","twitter_misc":{"\u00c9crit par":"Mohamed Salah Ben Amor","Dur\u00e9e de lecture estim\u00e9e":"2 minutes"},"schema":{"@context":"https:\/\/schema.org","@graph":[{"@type":"WebSite","@id":"http:\/\/www.masharif.com\/fr\/#website","url":"http:\/\/www.masharif.com\/fr\/","name":"Culminances","description":"","potentialAction":[{"@type":"SearchAction","target":{"@type":"EntryPoint","urlTemplate":"http:\/\/www.masharif.com\/fr\/?s={search_term_string}"},"query-input":"required name=search_term_string"}],"inLanguage":"fr-FR"},{"@type":"ImageObject","inLanguage":"fr-FR","@id":"https:\/\/www.masharif.com\/fr\/2019\/05\/27\/critiques-participeront-troisieme-colloque-de-maison-ichraq-editions-revue-culminances-se-tiendra-theme-jaafar-majed-poete-prosateur-artistique\/#primaryimage","url":"https:\/\/www.masharif.com\/fr\/wp-content\/uploads\/2019\/05\/26169900_1476834679032843_8407411071900946047_n-1.jpg","contentUrl":"https:\/\/www.masharif.com\/fr\/wp-content\/uploads\/2019\/05\/26169900_1476834679032843_8407411071900946047_n-1.jpg","width":384,"height":384},{"@type":"WebPage","@id":"https:\/\/www.masharif.com\/fr\/2019\/05\/27\/critiques-participeront-troisieme-colloque-de-maison-ichraq-editions-revue-culminances-se-tiendra-theme-jaafar-majed-poete-prosateur-artistique\/","url":"https:\/\/www.masharif.com\/fr\/2019\/05\/27\/critiques-participeront-troisieme-colloque-de-maison-ichraq-editions-revue-culminances-se-tiendra-theme-jaafar-majed-poete-prosateur-artistique\/","name":"Les critiques qui participeront au troisi\u00e8me colloque de la maison Ichraq \u00e9ditions et la revue \u00ab Culminances \u00bb qui se tiendra sur le th\u00e8me \u00ab Jaafar Majed po\u00e8te et prosateur artistique \u00bb : 2- Faouzia Saffar Zaouk - Culminances","isPartOf":{"@id":"http:\/\/www.masharif.com\/fr\/#website"},"primaryImageOfPage":{"@id":"https:\/\/www.masharif.com\/fr\/2019\/05\/27\/critiques-participeront-troisieme-colloque-de-maison-ichraq-editions-revue-culminances-se-tiendra-theme-jaafar-majed-poete-prosateur-artistique\/#primaryimage"},"datePublished":"2019-05-27T12:56:36+00:00","dateModified":"2019-05-27T12:56:36+00:00","author":{"@id":"http:\/\/www.masharif.com\/fr\/#\/schema\/person\/839a7026efe9fa825134097c1041e4a0"},"breadcrumb":{"@id":"https:\/\/www.masharif.com\/fr\/2019\/05\/27\/critiques-participeront-troisieme-colloque-de-maison-ichraq-editions-revue-culminances-se-tiendra-theme-jaafar-majed-poete-prosateur-artistique\/#breadcrumb"},"inLanguage":"fr-FR","potentialAction":[{"@type":"ReadAction","target":["https:\/\/www.masharif.com\/fr\/2019\/05\/27\/critiques-participeront-troisieme-colloque-de-maison-ichraq-editions-revue-culminances-se-tiendra-theme-jaafar-majed-poete-prosateur-artistique\/"]}]},{"@type":"BreadcrumbList","@id":"https:\/\/www.masharif.com\/fr\/2019\/05\/27\/critiques-participeront-troisieme-colloque-de-maison-ichraq-editions-revue-culminances-se-tiendra-theme-jaafar-majed-poete-prosateur-artistique\/#breadcrumb","itemListElement":[{"@type":"ListItem","position":1,"name":"Home","item":"http:\/\/www.masharif.com\/fr\/"},{"@type":"ListItem","position":2,"name":"Les critiques qui participeront au troisi\u00e8me colloque de la maison Ichraq \u00e9ditions et la revue \u00ab Culminances \u00bb qui se tiendra sur le th\u00e8me \u00ab Jaafar Majed po\u00e8te et prosateur artistique \u00bb : 2- Faouzia Saffar Zaouk"}]},{"@type":"Person","@id":"http:\/\/www.masharif.com\/fr\/#\/schema\/person\/839a7026efe9fa825134097c1041e4a0","name":"Mohamed Salah Ben Amor","image":{"@type":"ImageObject","inLanguage":"fr-FR","@id":"http:\/\/www.masharif.com\/fr\/#\/schema\/person\/image\/","url":"https:\/\/secure.gravatar.com\/avatar\/f64806401ad5ed604ffec2272b19ef46?s=96&d=identicon&r=g","contentUrl":"https:\/\/secure.gravatar.com\/avatar\/f64806401ad5ed604ffec2272b19ef46?s=96&d=identicon&r=g","caption":"Mohamed Salah Ben Amor"},"sameAs":["http:\/\/ben-amor.info"],"url":"https:\/\/www.masharif.com\/fr\/author\/msba\/"}]}},"_links":{"self":[{"href":"https:\/\/www.masharif.com\/fr\/wp-json\/wp\/v2\/posts\/10007"}],"collection":[{"href":"https:\/\/www.masharif.com\/fr\/wp-json\/wp\/v2\/posts"}],"about":[{"href":"https:\/\/www.masharif.com\/fr\/wp-json\/wp\/v2\/types\/post"}],"author":[{"embeddable":true,"href":"https:\/\/www.masharif.com\/fr\/wp-json\/wp\/v2\/users\/2"}],"replies":[{"embeddable":true,"href":"https:\/\/www.masharif.com\/fr\/wp-json\/wp\/v2\/comments?post=10007"}],"version-history":[{"count":1,"href":"https:\/\/www.masharif.com\/fr\/wp-json\/wp\/v2\/posts\/10007\/revisions"}],"predecessor-version":[{"id":10011,"href":"https:\/\/www.masharif.com\/fr\/wp-json\/wp\/v2\/posts\/10007\/revisions\/10011"}],"wp:featuredmedia":[{"embeddable":true,"href":"https:\/\/www.masharif.com\/fr\/wp-json\/wp\/v2\/media\/10009"}],"wp:attachment":[{"href":"https:\/\/www.masharif.com\/fr\/wp-json\/wp\/v2\/media?parent=10007"}],"wp:term":[{"taxonomy":"category","embeddable":true,"href":"https:\/\/www.masharif.com\/fr\/wp-json\/wp\/v2\/categories?post=10007"},{"taxonomy":"post_tag","embeddable":true,"href":"https:\/\/www.masharif.com\/fr\/wp-json\/wp\/v2\/tags?post=10007"}],"curies":[{"name":"wp","href":"https:\/\/api.w.org\/{rel}","templated":true}]}}