{"id":9956,"date":"2019-05-16T17:27:53","date_gmt":"2019-05-16T16:27:53","guid":{"rendered":"http:\/\/www.masharif.com\/fr\/?p=9956"},"modified":"2019-05-16T17:27:53","modified_gmt":"2019-05-16T16:27:53","slug":"archives-commentaires-poetiques-de-mohamed-salah-ben-amor-33-poemes-de-patrice-merelle33-4horizon-de-pensees-eparses","status":"publish","type":"post","link":"http:\/\/www.masharif.com\/fr\/2019\/05\/16\/archives-commentaires-poetiques-de-mohamed-salah-ben-amor-33-poemes-de-patrice-merelle33-4horizon-de-pensees-eparses\/","title":{"rendered":"Les archives des commentaires po\u00e9tiques de Mohamed Salah Ben Amor :33\u2013Les po\u00e8mes de Patrice Merelle:33-4:Horizon de pens\u00e9es \u00e9parses"},"content":{"rendered":"<div id=\"attachment_9933\" style=\"width: 310px\" class=\"wp-caption alignnone\"><a href=\"http:\/\/www.masharif.com\/fr\/wp-content\/uploads\/2019\/05\/1453391_10201014573549773_1836398405_n.jpg\"><img aria-describedby=\"caption-attachment-9933\" loading=\"lazy\" class=\"wp-image-9933 size-medium\" src=\"http:\/\/www.masharif.com\/fr\/wp-content\/uploads\/2019\/05\/1453391_10201014573549773_1836398405_n-300x300.jpg\" alt=\"\" width=\"300\" height=\"300\" srcset=\"http:\/\/www.masharif.com\/fr\/wp-content\/uploads\/2019\/05\/1453391_10201014573549773_1836398405_n-300x300.jpg 300w, http:\/\/www.masharif.com\/fr\/wp-content\/uploads\/2019\/05\/1453391_10201014573549773_1836398405_n-150x150.jpg 150w, http:\/\/www.masharif.com\/fr\/wp-content\/uploads\/2019\/05\/1453391_10201014573549773_1836398405_n-55x55.jpg 55w, http:\/\/www.masharif.com\/fr\/wp-content\/uploads\/2019\/05\/1453391_10201014573549773_1836398405_n.jpg 360w\" sizes=\"(max-width: 300px) 100vw, 300px\" \/><\/a><p id=\"caption-attachment-9933\" class=\"wp-caption-text\">Patrice Merelle<\/p><\/div>\n<p><a href=\"http:\/\/www.masharif.com\/fr\/wp-content\/uploads\/2019\/05\/10428692_10202034752372787_6518537691473097210_n.jpg\"><img loading=\"lazy\" class=\"alignnone size-medium wp-image-9957\" src=\"http:\/\/www.masharif.com\/fr\/wp-content\/uploads\/2019\/05\/10428692_10202034752372787_6518537691473097210_n-300x225.jpg\" alt=\"\" width=\"300\" height=\"225\" srcset=\"http:\/\/www.masharif.com\/fr\/wp-content\/uploads\/2019\/05\/10428692_10202034752372787_6518537691473097210_n-300x225.jpg 300w, http:\/\/www.masharif.com\/fr\/wp-content\/uploads\/2019\/05\/10428692_10202034752372787_6518537691473097210_n.jpg 640w\" sizes=\"(max-width: 300px) 100vw, 300px\" \/><\/a><\/p>\n<p><strong>Je scrute les voix sans timbres pleurant de haines,<br \/>\nDans vos regards navr\u00e9s et dans l\u2019orage gris<br \/>\nO\u00f9 viendront s\u2019offenser sur ces larges replis<br \/>\nLes vaisseaux des \u00e2mes ; -longeant les mornes bennes.-<br \/>\nSi une main amie cultive tes pens\u00e9es<br \/>\nPour refleurir la tombe et cueillir tes d\u00e9sirs,<br \/>\nAu gr\u00e9 de l\u2019eau si claire, alors j\u2019\u00e9pongerai<br \/>\nTous tes maux pr\u00e9tendus pour panser ton z\u00e9phyr.<br \/>\nQui pourra restituer, ici, dans ce silence,<br \/>\nUn statut ou un sens \u00e0 la peine insens\u00e9e,<br \/>\nQui t\u2019afflige sans cesse une vie de souffrances ?<br \/>\nL\u2019aube de l\u2019horizon \u00e9pouse nos cieux las,<br \/>\nEt d\u00e9j\u00e0 s\u2019\u00e9loigne des distinctes terrasses<br \/>\nDe nos \u00e2mes perdues dans le vent balanc\u00e9.<br \/>\n<\/strong><br \/>\nApr\u00e8s la lecture de ce po\u00e8me, nous nous apercevons que son titre (Horizon de pens\u00e9es \u00e9parses) n\u2019\u00e9voque qu\u2019un aspect ( un \u00e9tat d\u2019esprit d\u00e9sordonn\u00e9) de la notion ma\u00eetresse de laquelle le texte a \u00e9t\u00e9 g\u00e9n\u00e9r\u00e9 et dont l\u2019illustration y occupe la plus grande partie, \u00e0 savoir une \u00e2me plong\u00e9e dans un supplice inexorable (<strong>t\u2019afflige sans cesse une vie de souffrances <\/strong>),v\u00e9g\u00e9tant dans une ambiance dont le moins que l\u2019on puisse dire est qu\u2019elle est tragique au sens o\u00f9 l\u2019entend Georg Luckacs c\u2019est-\u00e0-dire en une rupture totale avec l\u2019univers (<strong>voix sans timbres pleurant de haines &#8211; regards navr\u00e9s \u2013 l\u2019orage gris o\u00f9 viendront s\u2019offenser sur ces larges replis les vaisseaux des \u00e2mes &#8211; peine insens\u00e9e &#8211; \u00e2mes perdues dans le vent balanc\u00e9 &#8211; mornes bennes<\/strong> ).Mais qui donc subit les effets n\u00e9fastes de cette rupture ?Le po\u00e8te s\u2019est adress\u00e9 une fois soit \u00e0 un groupe de personnes, soit \u00e0 une seule personne vouvoy\u00e9e (<strong>vos regards navr\u00e9s<\/strong> ) et quatre fois \u00e0 une personne individuelle intime(<strong>tes pens\u00e9es &#8211; tes maux &#8211; ton z\u00e9phyr &#8211; t\u2019afflige<\/strong>) et a parl\u00e9 une fois aussi mais dans l\u2019ultime vers \u00e0 la premi\u00e8re personne du pluriel, ce qui laisserait penser que c\u2019est de l\u2019\u00eatre humain en g\u00e9n\u00e9ral qu\u2019il parle \u00e0 partir de son \u00eatre pris comme point de d\u00e9part .Et si cette interpr\u00e9tation \u00e9tait vraie, nous serions devant une vision pessimiste sombre aussi bien de soi que de l\u2019autre et du monde qui nous expliquerait dans une large mesure cet \u00e9parpillement mental .Et cet \u00e9tat, selon les dires de l\u2019auteur, serait irr\u00e9m\u00e9diable et fatal, r\u00e9sultant d\u2019une v\u00e9ritable mal\u00e9diction <strong>( l\u2019aube de l\u2019horizon \u00e9pouse nos cieux las, et d\u00e9j\u00e0 s\u2019\u00e9loigne des distinctes terrasses de nos \u00e2mes perdues dans le vent balanc\u00e9<\/strong>).Et dans ce cas, le po\u00e8te rejoindrait Arthur Schopenhauer (1788-1860) l\u2019auteur de cette fameuse citation : \u00ab<strong><em> La vie n&#8217;est pas faite pour que nous soyons heureux mais pour que nous ne le soyons pas<\/em><\/strong> \u00bb.<\/p>\n<p>Sur le plan stylistique, la subtilit\u00e9 des id\u00e9es d\u00e9velopp\u00e9es a, para\u00eet-il, \u00e9cart\u00e9 tout besoin de rechercher des images fascinantes .Quant \u00e0 la texture rythmique, elle est bien fignol\u00e9e<\/p>\n","protected":false},"excerpt":{"rendered":"<p>Je scrute les voix sans timbres pleurant de haines, Dans vos regards navr\u00e9s et dans l\u2019orage gris O\u00f9 viendront s\u2019offenser sur ces larges replis Les vaisseaux des \u00e2mes ; -longeant les mornes bennes.- Si une main amie cultive tes pens\u00e9es Pour refleurir la tombe et cueillir tes d\u00e9sirs, Au gr\u00e9 de l\u2019eau si claire, alors &#8230;<\/p>\n","protected":false},"author":2,"featured_media":9933,"comment_status":"open","ping_status":"open","sticky":false,"template":"","format":"standard","meta":[],"categories":[8],"tags":[],"yoast_head":"<!-- This site is optimized with the Yoast SEO plugin v19.3 - https:\/\/yoast.com\/wordpress\/plugins\/seo\/ -->\n<title>Les archives des commentaires po\u00e9tiques de Mohamed Salah Ben Amor :33\u2013Les po\u00e8mes de Patrice Merelle:33-4:Horizon de pens\u00e9es \u00e9parses - Culminances<\/title>\n<meta name=\"robots\" content=\"index, follow, max-snippet:-1, max-image-preview:large, max-video-preview:-1\" \/>\n<link rel=\"canonical\" href=\"http:\/\/www.masharif.com\/fr\/2019\/05\/16\/archives-commentaires-poetiques-de-mohamed-salah-ben-amor-33-poemes-de-patrice-merelle33-4horizon-de-pensees-eparses\/\" \/>\n<meta property=\"og:locale\" content=\"fr_FR\" \/>\n<meta property=\"og:type\" content=\"article\" \/>\n<meta property=\"og:title\" content=\"Les archives des commentaires po\u00e9tiques de Mohamed Salah Ben Amor :33\u2013Les po\u00e8mes de Patrice Merelle:33-4:Horizon de pens\u00e9es \u00e9parses - Culminances\" \/>\n<meta property=\"og:description\" content=\"Je scrute les voix sans timbres pleurant de haines, Dans vos regards navr\u00e9s et dans l\u2019orage gris O\u00f9 viendront s\u2019offenser sur ces larges replis Les vaisseaux des \u00e2mes ; -longeant les mornes bennes.- Si une main amie cultive tes pens\u00e9es Pour refleurir la tombe et cueillir tes d\u00e9sirs, Au gr\u00e9 de l\u2019eau si claire, alors ...\" \/>\n<meta property=\"og:url\" content=\"http:\/\/www.masharif.com\/fr\/2019\/05\/16\/archives-commentaires-poetiques-de-mohamed-salah-ben-amor-33-poemes-de-patrice-merelle33-4horizon-de-pensees-eparses\/\" \/>\n<meta property=\"og:site_name\" content=\"Culminances\" \/>\n<meta property=\"article:published_time\" content=\"2019-05-16T16:27:53+00:00\" \/>\n<meta property=\"og:image\" content=\"http:\/\/www.masharif.com\/fr\/wp-content\/uploads\/2019\/05\/1453391_10201014573549773_1836398405_n.jpg\" \/>\n\t<meta property=\"og:image:width\" content=\"360\" \/>\n\t<meta property=\"og:image:height\" content=\"360\" \/>\n\t<meta property=\"og:image:type\" content=\"image\/jpeg\" \/>\n<meta name=\"author\" content=\"Mohamed Salah Ben Amor\" \/>\n<meta name=\"twitter:card\" content=\"summary\" \/>\n<meta name=\"twitter:label1\" content=\"\u00c9crit par\" \/>\n\t<meta name=\"twitter:data1\" content=\"Mohamed Salah Ben Amor\" \/>\n\t<meta name=\"twitter:label2\" content=\"Dur\u00e9e de lecture estim\u00e9e\" \/>\n\t<meta name=\"twitter:data2\" content=\"3 minutes\" \/>\n<script type=\"application\/ld+json\" class=\"yoast-schema-graph\">{\"@context\":\"https:\/\/schema.org\",\"@graph\":[{\"@type\":\"WebSite\",\"@id\":\"http:\/\/www.masharif.com\/fr\/#website\",\"url\":\"http:\/\/www.masharif.com\/fr\/\",\"name\":\"Culminances\",\"description\":\"\",\"potentialAction\":[{\"@type\":\"SearchAction\",\"target\":{\"@type\":\"EntryPoint\",\"urlTemplate\":\"http:\/\/www.masharif.com\/fr\/?s={search_term_string}\"},\"query-input\":\"required name=search_term_string\"}],\"inLanguage\":\"fr-FR\"},{\"@type\":\"ImageObject\",\"inLanguage\":\"fr-FR\",\"@id\":\"http:\/\/www.masharif.com\/fr\/2019\/05\/16\/archives-commentaires-poetiques-de-mohamed-salah-ben-amor-33-poemes-de-patrice-merelle33-4horizon-de-pensees-eparses\/#primaryimage\",\"url\":\"http:\/\/www.masharif.com\/fr\/wp-content\/uploads\/2019\/05\/1453391_10201014573549773_1836398405_n.jpg\",\"contentUrl\":\"http:\/\/www.masharif.com\/fr\/wp-content\/uploads\/2019\/05\/1453391_10201014573549773_1836398405_n.jpg\",\"width\":360,\"height\":360},{\"@type\":\"WebPage\",\"@id\":\"http:\/\/www.masharif.com\/fr\/2019\/05\/16\/archives-commentaires-poetiques-de-mohamed-salah-ben-amor-33-poemes-de-patrice-merelle33-4horizon-de-pensees-eparses\/\",\"url\":\"http:\/\/www.masharif.com\/fr\/2019\/05\/16\/archives-commentaires-poetiques-de-mohamed-salah-ben-amor-33-poemes-de-patrice-merelle33-4horizon-de-pensees-eparses\/\",\"name\":\"Les archives des commentaires po\u00e9tiques de Mohamed Salah Ben Amor :33\u2013Les po\u00e8mes de Patrice Merelle:33-4:Horizon de pens\u00e9es \u00e9parses - Culminances\",\"isPartOf\":{\"@id\":\"http:\/\/www.masharif.com\/fr\/#website\"},\"primaryImageOfPage\":{\"@id\":\"http:\/\/www.masharif.com\/fr\/2019\/05\/16\/archives-commentaires-poetiques-de-mohamed-salah-ben-amor-33-poemes-de-patrice-merelle33-4horizon-de-pensees-eparses\/#primaryimage\"},\"datePublished\":\"2019-05-16T16:27:53+00:00\",\"dateModified\":\"2019-05-16T16:27:53+00:00\",\"author\":{\"@id\":\"http:\/\/www.masharif.com\/fr\/#\/schema\/person\/839a7026efe9fa825134097c1041e4a0\"},\"breadcrumb\":{\"@id\":\"http:\/\/www.masharif.com\/fr\/2019\/05\/16\/archives-commentaires-poetiques-de-mohamed-salah-ben-amor-33-poemes-de-patrice-merelle33-4horizon-de-pensees-eparses\/#breadcrumb\"},\"inLanguage\":\"fr-FR\",\"potentialAction\":[{\"@type\":\"ReadAction\",\"target\":[\"http:\/\/www.masharif.com\/fr\/2019\/05\/16\/archives-commentaires-poetiques-de-mohamed-salah-ben-amor-33-poemes-de-patrice-merelle33-4horizon-de-pensees-eparses\/\"]}]},{\"@type\":\"BreadcrumbList\",\"@id\":\"http:\/\/www.masharif.com\/fr\/2019\/05\/16\/archives-commentaires-poetiques-de-mohamed-salah-ben-amor-33-poemes-de-patrice-merelle33-4horizon-de-pensees-eparses\/#breadcrumb\",\"itemListElement\":[{\"@type\":\"ListItem\",\"position\":1,\"name\":\"Home\",\"item\":\"http:\/\/www.masharif.com\/fr\/\"},{\"@type\":\"ListItem\",\"position\":2,\"name\":\"Les archives des commentaires po\u00e9tiques de Mohamed Salah Ben Amor :33\u2013Les po\u00e8mes de Patrice Merelle:33-4:Horizon de pens\u00e9es \u00e9parses\"}]},{\"@type\":\"Person\",\"@id\":\"http:\/\/www.masharif.com\/fr\/#\/schema\/person\/839a7026efe9fa825134097c1041e4a0\",\"name\":\"Mohamed Salah Ben Amor\",\"image\":{\"@type\":\"ImageObject\",\"inLanguage\":\"fr-FR\",\"@id\":\"http:\/\/www.masharif.com\/fr\/#\/schema\/person\/image\/\",\"url\":\"http:\/\/0.gravatar.com\/avatar\/f64806401ad5ed604ffec2272b19ef46?s=96&d=identicon&r=g\",\"contentUrl\":\"http:\/\/0.gravatar.com\/avatar\/f64806401ad5ed604ffec2272b19ef46?s=96&d=identicon&r=g\",\"caption\":\"Mohamed Salah Ben Amor\"},\"sameAs\":[\"http:\/\/ben-amor.info\"],\"url\":\"http:\/\/www.masharif.com\/fr\/author\/msba\/\"}]}<\/script>\n<!-- \/ Yoast SEO plugin. -->","yoast_head_json":{"title":"Les archives des commentaires po\u00e9tiques de Mohamed Salah Ben Amor :33\u2013Les po\u00e8mes de Patrice Merelle:33-4:Horizon de pens\u00e9es \u00e9parses - Culminances","robots":{"index":"index","follow":"follow","max-snippet":"max-snippet:-1","max-image-preview":"max-image-preview:large","max-video-preview":"max-video-preview:-1"},"canonical":"http:\/\/www.masharif.com\/fr\/2019\/05\/16\/archives-commentaires-poetiques-de-mohamed-salah-ben-amor-33-poemes-de-patrice-merelle33-4horizon-de-pensees-eparses\/","og_locale":"fr_FR","og_type":"article","og_title":"Les archives des commentaires po\u00e9tiques de Mohamed Salah Ben Amor :33\u2013Les po\u00e8mes de Patrice Merelle:33-4:Horizon de pens\u00e9es \u00e9parses - Culminances","og_description":"Je scrute les voix sans timbres pleurant de haines, Dans vos regards navr\u00e9s et dans l\u2019orage gris O\u00f9 viendront s\u2019offenser sur ces larges replis Les vaisseaux des \u00e2mes ; -longeant les mornes bennes.- Si une main amie cultive tes pens\u00e9es Pour refleurir la tombe et cueillir tes d\u00e9sirs, Au gr\u00e9 de l\u2019eau si claire, alors ...","og_url":"http:\/\/www.masharif.com\/fr\/2019\/05\/16\/archives-commentaires-poetiques-de-mohamed-salah-ben-amor-33-poemes-de-patrice-merelle33-4horizon-de-pensees-eparses\/","og_site_name":"Culminances","article_published_time":"2019-05-16T16:27:53+00:00","og_image":[{"width":360,"height":360,"url":"http:\/\/www.masharif.com\/fr\/wp-content\/uploads\/2019\/05\/1453391_10201014573549773_1836398405_n.jpg","type":"image\/jpeg"}],"author":"Mohamed Salah Ben Amor","twitter_card":"summary","twitter_misc":{"\u00c9crit par":"Mohamed Salah Ben Amor","Dur\u00e9e de lecture estim\u00e9e":"3 minutes"},"schema":{"@context":"https:\/\/schema.org","@graph":[{"@type":"WebSite","@id":"http:\/\/www.masharif.com\/fr\/#website","url":"http:\/\/www.masharif.com\/fr\/","name":"Culminances","description":"","potentialAction":[{"@type":"SearchAction","target":{"@type":"EntryPoint","urlTemplate":"http:\/\/www.masharif.com\/fr\/?s={search_term_string}"},"query-input":"required name=search_term_string"}],"inLanguage":"fr-FR"},{"@type":"ImageObject","inLanguage":"fr-FR","@id":"http:\/\/www.masharif.com\/fr\/2019\/05\/16\/archives-commentaires-poetiques-de-mohamed-salah-ben-amor-33-poemes-de-patrice-merelle33-4horizon-de-pensees-eparses\/#primaryimage","url":"http:\/\/www.masharif.com\/fr\/wp-content\/uploads\/2019\/05\/1453391_10201014573549773_1836398405_n.jpg","contentUrl":"http:\/\/www.masharif.com\/fr\/wp-content\/uploads\/2019\/05\/1453391_10201014573549773_1836398405_n.jpg","width":360,"height":360},{"@type":"WebPage","@id":"http:\/\/www.masharif.com\/fr\/2019\/05\/16\/archives-commentaires-poetiques-de-mohamed-salah-ben-amor-33-poemes-de-patrice-merelle33-4horizon-de-pensees-eparses\/","url":"http:\/\/www.masharif.com\/fr\/2019\/05\/16\/archives-commentaires-poetiques-de-mohamed-salah-ben-amor-33-poemes-de-patrice-merelle33-4horizon-de-pensees-eparses\/","name":"Les archives des commentaires po\u00e9tiques de Mohamed Salah Ben Amor :33\u2013Les po\u00e8mes de Patrice Merelle:33-4:Horizon de pens\u00e9es \u00e9parses - Culminances","isPartOf":{"@id":"http:\/\/www.masharif.com\/fr\/#website"},"primaryImageOfPage":{"@id":"http:\/\/www.masharif.com\/fr\/2019\/05\/16\/archives-commentaires-poetiques-de-mohamed-salah-ben-amor-33-poemes-de-patrice-merelle33-4horizon-de-pensees-eparses\/#primaryimage"},"datePublished":"2019-05-16T16:27:53+00:00","dateModified":"2019-05-16T16:27:53+00:00","author":{"@id":"http:\/\/www.masharif.com\/fr\/#\/schema\/person\/839a7026efe9fa825134097c1041e4a0"},"breadcrumb":{"@id":"http:\/\/www.masharif.com\/fr\/2019\/05\/16\/archives-commentaires-poetiques-de-mohamed-salah-ben-amor-33-poemes-de-patrice-merelle33-4horizon-de-pensees-eparses\/#breadcrumb"},"inLanguage":"fr-FR","potentialAction":[{"@type":"ReadAction","target":["http:\/\/www.masharif.com\/fr\/2019\/05\/16\/archives-commentaires-poetiques-de-mohamed-salah-ben-amor-33-poemes-de-patrice-merelle33-4horizon-de-pensees-eparses\/"]}]},{"@type":"BreadcrumbList","@id":"http:\/\/www.masharif.com\/fr\/2019\/05\/16\/archives-commentaires-poetiques-de-mohamed-salah-ben-amor-33-poemes-de-patrice-merelle33-4horizon-de-pensees-eparses\/#breadcrumb","itemListElement":[{"@type":"ListItem","position":1,"name":"Home","item":"http:\/\/www.masharif.com\/fr\/"},{"@type":"ListItem","position":2,"name":"Les archives des commentaires po\u00e9tiques de Mohamed Salah Ben Amor :33\u2013Les po\u00e8mes de Patrice Merelle:33-4:Horizon de pens\u00e9es \u00e9parses"}]},{"@type":"Person","@id":"http:\/\/www.masharif.com\/fr\/#\/schema\/person\/839a7026efe9fa825134097c1041e4a0","name":"Mohamed Salah Ben Amor","image":{"@type":"ImageObject","inLanguage":"fr-FR","@id":"http:\/\/www.masharif.com\/fr\/#\/schema\/person\/image\/","url":"http:\/\/0.gravatar.com\/avatar\/f64806401ad5ed604ffec2272b19ef46?s=96&d=identicon&r=g","contentUrl":"http:\/\/0.gravatar.com\/avatar\/f64806401ad5ed604ffec2272b19ef46?s=96&d=identicon&r=g","caption":"Mohamed Salah Ben Amor"},"sameAs":["http:\/\/ben-amor.info"],"url":"http:\/\/www.masharif.com\/fr\/author\/msba\/"}]}},"_links":{"self":[{"href":"http:\/\/www.masharif.com\/fr\/wp-json\/wp\/v2\/posts\/9956"}],"collection":[{"href":"http:\/\/www.masharif.com\/fr\/wp-json\/wp\/v2\/posts"}],"about":[{"href":"http:\/\/www.masharif.com\/fr\/wp-json\/wp\/v2\/types\/post"}],"author":[{"embeddable":true,"href":"http:\/\/www.masharif.com\/fr\/wp-json\/wp\/v2\/users\/2"}],"replies":[{"embeddable":true,"href":"http:\/\/www.masharif.com\/fr\/wp-json\/wp\/v2\/comments?post=9956"}],"version-history":[{"count":1,"href":"http:\/\/www.masharif.com\/fr\/wp-json\/wp\/v2\/posts\/9956\/revisions"}],"predecessor-version":[{"id":9958,"href":"http:\/\/www.masharif.com\/fr\/wp-json\/wp\/v2\/posts\/9956\/revisions\/9958"}],"wp:featuredmedia":[{"embeddable":true,"href":"http:\/\/www.masharif.com\/fr\/wp-json\/wp\/v2\/media\/9933"}],"wp:attachment":[{"href":"http:\/\/www.masharif.com\/fr\/wp-json\/wp\/v2\/media?parent=9956"}],"wp:term":[{"taxonomy":"category","embeddable":true,"href":"http:\/\/www.masharif.com\/fr\/wp-json\/wp\/v2\/categories?post=9956"},{"taxonomy":"post_tag","embeddable":true,"href":"http:\/\/www.masharif.com\/fr\/wp-json\/wp\/v2\/tags?post=9956"}],"curies":[{"name":"wp","href":"https:\/\/api.w.org\/{rel}","templated":true}]}}