{"id":9867,"date":"2019-04-26T15:00:24","date_gmt":"2019-04-26T14:00:24","guid":{"rendered":"http:\/\/www.masharif.com\/fr\/?p=9867"},"modified":"2019-04-26T15:00:24","modified_gmt":"2019-04-26T14:00:24","slug":"archives-commentaires-poetiques-de-mohamed-salah-ben-amor-32-poemes-de-mohammed-derkaoui-32-2-tant-etoiles-scintillent","status":"publish","type":"post","link":"http:\/\/www.masharif.com\/fr\/2019\/04\/26\/archives-commentaires-poetiques-de-mohamed-salah-ben-amor-32-poemes-de-mohammed-derkaoui-32-2-tant-etoiles-scintillent\/","title":{"rendered":"Les archives des commentaires po\u00e9tiques de Mohamed Salah Ben Amor :32\u2013Les po\u00e8mes de Mohammed Derkaoui : 32-2 : Tant que les \u00e9toiles scintillent\u2026"},"content":{"rendered":"<div id=\"attachment_9852\" style=\"width: 235px\" class=\"wp-caption alignnone\"><a href=\"http:\/\/www.masharif.com\/fr\/wp-content\/uploads\/2019\/04\/10406786_10201907437429993_1804423079604182066_n.jpg\"><img aria-describedby=\"caption-attachment-9852\" loading=\"lazy\" class=\"wp-image-9852 size-medium\" src=\"http:\/\/www.masharif.com\/fr\/wp-content\/uploads\/2019\/04\/10406786_10201907437429993_1804423079604182066_n-225x300.jpg\" alt=\"\" width=\"225\" height=\"300\" srcset=\"http:\/\/www.masharif.com\/fr\/wp-content\/uploads\/2019\/04\/10406786_10201907437429993_1804423079604182066_n-225x300.jpg 225w, http:\/\/www.masharif.com\/fr\/wp-content\/uploads\/2019\/04\/10406786_10201907437429993_1804423079604182066_n.jpg 720w\" sizes=\"(max-width: 225px) 100vw, 225px\" \/><\/a><p id=\"caption-attachment-9852\" class=\"wp-caption-text\">Mohammed Derkaoui<\/p><\/div>\n<p><a href=\"http:\/\/www.masharif.com\/fr\/wp-content\/uploads\/2019\/04\/les-fondations-ont-ete-posees-les-ouvriers-s-attardent-actuellement-a-l-installation-des-charpentes-en-beton-photo-marie-protet-1393949127.jpg\"><img loading=\"lazy\" class=\"alignnone size-medium wp-image-9868\" src=\"http:\/\/www.masharif.com\/fr\/wp-content\/uploads\/2019\/04\/les-fondations-ont-ete-posees-les-ouvriers-s-attardent-actuellement-a-l-installation-des-charpentes-en-beton-photo-marie-protet-1393949127-300x195.jpg\" alt=\"\" width=\"300\" height=\"195\" srcset=\"http:\/\/www.masharif.com\/fr\/wp-content\/uploads\/2019\/04\/les-fondations-ont-ete-posees-les-ouvriers-s-attardent-actuellement-a-l-installation-des-charpentes-en-beton-photo-marie-protet-1393949127-300x195.jpg 300w, http:\/\/www.masharif.com\/fr\/wp-content\/uploads\/2019\/04\/les-fondations-ont-ete-posees-les-ouvriers-s-attardent-actuellement-a-l-installation-des-charpentes-en-beton-photo-marie-protet-1393949127-768x500.jpg 768w, http:\/\/www.masharif.com\/fr\/wp-content\/uploads\/2019\/04\/les-fondations-ont-ete-posees-les-ouvriers-s-attardent-actuellement-a-l-installation-des-charpentes-en-beton-photo-marie-protet-1393949127-1024x666.jpg 1024w, http:\/\/www.masharif.com\/fr\/wp-content\/uploads\/2019\/04\/les-fondations-ont-ete-posees-les-ouvriers-s-attardent-actuellement-a-l-installation-des-charpentes-en-beton-photo-marie-protet-1393949127.jpg 1600w\" sizes=\"(max-width: 300px) 100vw, 300px\" \/><\/a><\/p>\n<h1><\/h1>\n<p><strong>Tant que les \u00e9toiles scintillent\u2026<\/strong><br \/>\n<strong>Dans les vastes champs<\/strong><br \/>\n<strong>Ber\u00e7ant mon quartier modeste<\/strong><br \/>\n<strong>J\u2019ai appris \u00e0 me conna\u00eetre<\/strong><br \/>\n<strong>J\u2019ai vu les colombes na\u00eetre<\/strong><br \/>\n<strong>Le figuier de barbarie<\/strong><br \/>\n<strong>Dresser ses raquettes<\/strong><br \/>\n<strong>Les faux-bourdons se sacrifier<\/strong><br \/>\n<strong>Les reines multiplier les colonies<\/strong><br \/>\n<strong>J\u2019ai fa\u00e7onn\u00e9 mes jouets<\/strong><br \/>\n<strong>Des restes jet\u00e9s dans les rues<\/strong><br \/>\n<strong>Mon cerf-volant<\/strong><br \/>\n<strong>\u00c9merveillait mes yeux<\/strong><br \/>\n<strong>Quand loin<\/strong><br \/>\n<strong>Il m\u2019emportait dans les cieux<\/strong><br \/>\n<strong>Les oiseaux pi\u00e9g\u00e9s sous mon filet<\/strong><br \/>\n<strong>Accentuaient mes app\u00e9tences fi\u00e9vreuses<\/strong><br \/>\n<strong>Quand \u00e0 tue-t\u00eate<\/strong><br \/>\n<strong>Ils criaient et zigonnaient<\/strong><br \/>\n<strong>J\u2019\u00e9tais un enfant choy\u00e9<\/strong><br \/>\n<strong>La pluie\u00a0<\/strong><br \/>\n<strong>Des perles de ros\u00e9e<\/strong><br \/>\n<strong>Glissant sur mes joues<\/strong><br \/>\n<strong>Comme sur des petits arbres forestiers<\/strong><br \/>\n<strong>Faisait chanter les graines plant\u00e9es<\/strong><br \/>\n<strong>J\u2019\u00e9tais un homme petit<\/strong><br \/>\n<strong>Je suis un enfant ayant grandi<\/strong><br \/>\n<strong>Le b\u00e9ton est partout o\u00f9 je vais<\/strong><br \/>\n<strong>Mon c\u0153ur se serre de plus en plus<\/strong><br \/>\n<strong>Les fleurs jaunes ont disparu<\/strong><br \/>\n<strong>Dans les vastes chantiers<\/strong><br \/>\n<strong>D\u00e9vastant mes plantes ador\u00e9es<\/strong><br \/>\n<strong>J\u2019ai peur des clous empoisonn\u00e9s\u00a0<\/strong><br \/>\n<strong>Plus loin\u00a0<\/strong><br \/>\n<strong>Mes yeux ne peuvent se promener<\/strong><br \/>\n<strong>Plus pr\u00e8s<\/strong><br \/>\n<strong>Des voix s\u00e8ment le doute\u00a0<\/strong><br \/>\n<strong>Dans mes acquis<\/strong><br \/>\n<strong>Une fois mes paupi\u00e8res alourdies<\/strong><br \/>\n<strong>Derri\u00e8re les murailles<\/strong><br \/>\n<strong>Une voie est fray\u00e9e<\/strong><br \/>\n<strong>D\u2019une chorale je fais partie<\/strong><br \/>\n<strong>Maintenant je sais<\/strong><br \/>\n<strong>A chaque \u00e9toile qui scintille<\/strong><br \/>\n<strong>Je dois ma vie<\/strong><br \/>\n<strong>Bon gr\u00e9 mal gr\u00e9<\/strong><\/p>\n<p>&nbsp;<br \/>\nL\u2019auteur de ce po\u00e8me nous a habitu\u00e9s \u00e0 ne pas s\u2019enfermer dans un th\u00e8me particulier, car, dot\u00e9 d\u2019un regard scrutateur et per\u00e7ant, il a constamment les yeux grands ouverts sur le monde avec ses diff\u00e9rents aspects naturels et culturels, d\u2019o\u00f9 l\u2019extr\u00eame diversit\u00e9 des sujets qu\u2019il aborde .<\/p>\n<p>Dans ce nouveau po\u00e8me, c\u2019est la nostalgie de sa propre enfance et l\u2019incompatibilit\u00e9 avec son pr\u00e9sent qui le saisissent ,eu \u00e9gard\u00a0 au \u00a0changement monstrueux qui s\u2019est produit, apr\u00e8s tant d\u2019ann\u00e9es, autour de lui et qui a empoisonn\u00e9 son environnement, pour ob\u00e9ir \u00e0 la soi-disant loi du progr\u00e8s (<strong>Le b\u00e9ton est partout o\u00f9 je vais\/ Mon c\u0153ur se serre de plus en plus\/ Les fleurs jaunes ont disparu\/Dans les vastes chantiers\/D\u00e9vastant mes plantes ador\u00e9es\/J\u2019ai peur des clous empoisonn\u00e9s\/<\/strong> ).Un autre changement, sans aucun doute, plus grave :l\u2019apparition d\u2019une mentalit\u00e9 r\u00e9trograde qui menace de saper tous les acquis de la soci\u00e9t\u00e9 \u00e0 laquelle il appartient (<strong>Plus loin\/ Mes yeux ne peuvent se promener\/Plus pr\u00e8s\/Des voix s\u00e8ment le doute\/ Dans mes acquis<\/strong>). Cependant , ces deux sensations, somme toute, n\u00e9gatives, du fait que la nostalgie n\u2019est qu\u2019une fuite en arri\u00e8re et que le sentiment de non-accommodation avec le r\u00e9el engendre le repli sur soi qui est aussi une forme de fuite du m\u00eame genre , malgr\u00e9 leur intensit\u00e9 et leur emprise sur l\u2019\u00e2me du po\u00e8te , ne l\u2019emp\u00eachent pas d\u2019esp\u00e9rer des jours meilleurs .Ce qui a permis de finir le po\u00e8me sur un ton optimiste (<strong>Une fois mes paupi\u00e8res alourdies\/Derri\u00e8re les murailles\/Une voie est fray\u00e9e\/D\u2019une chorale je fais partie<\/strong>).<br \/>\nSur le plan stylistique, et comme il est courant dans ce genre de th\u00e8mes, c\u2019est la sensibilit\u00e9 qui a le plus d\u2019intensit\u00e9 et d\u2019effet, d\u2019o\u00f9 la dominance des images calqu\u00e9es sur la r\u00e9alit\u00e9 et la raret\u00e9 d\u2019images de cr\u00e9ation.<\/p>\n<p>&nbsp;<\/p>\n","protected":false},"excerpt":{"rendered":"<p>Tant que les \u00e9toiles scintillent\u2026 Dans les vastes champs Ber\u00e7ant mon quartier modeste J\u2019ai appris \u00e0 me conna\u00eetre J\u2019ai vu les colombes na\u00eetre Le figuier de barbarie Dresser ses raquettes Les faux-bourdons se sacrifier Les reines multiplier les colonies J\u2019ai fa\u00e7onn\u00e9 mes jouets Des restes jet\u00e9s dans les rues Mon cerf-volant \u00c9merveillait mes yeux Quand &#8230;<\/p>\n","protected":false},"author":2,"featured_media":9852,"comment_status":"open","ping_status":"open","sticky":false,"template":"","format":"standard","meta":[],"categories":[8],"tags":[],"yoast_head":"<!-- This site is optimized with the Yoast SEO plugin v19.3 - https:\/\/yoast.com\/wordpress\/plugins\/seo\/ -->\n<title>Les archives des commentaires po\u00e9tiques de Mohamed Salah Ben Amor :32\u2013Les po\u00e8mes de Mohammed Derkaoui : 32-2 : Tant que les \u00e9toiles scintillent\u2026 - Culminances<\/title>\n<meta name=\"robots\" content=\"index, follow, max-snippet:-1, max-image-preview:large, max-video-preview:-1\" \/>\n<link rel=\"canonical\" href=\"http:\/\/www.masharif.com\/fr\/2019\/04\/26\/archives-commentaires-poetiques-de-mohamed-salah-ben-amor-32-poemes-de-mohammed-derkaoui-32-2-tant-etoiles-scintillent\/\" \/>\n<meta property=\"og:locale\" content=\"fr_FR\" \/>\n<meta property=\"og:type\" content=\"article\" \/>\n<meta property=\"og:title\" content=\"Les archives des commentaires po\u00e9tiques de Mohamed Salah Ben Amor :32\u2013Les po\u00e8mes de Mohammed Derkaoui : 32-2 : Tant que les \u00e9toiles scintillent\u2026 - Culminances\" \/>\n<meta property=\"og:description\" content=\"Tant que les \u00e9toiles scintillent\u2026 Dans les vastes champs Ber\u00e7ant mon quartier modeste J\u2019ai appris \u00e0 me conna\u00eetre J\u2019ai vu les colombes na\u00eetre Le figuier de barbarie Dresser ses raquettes Les faux-bourdons se sacrifier Les reines multiplier les colonies J\u2019ai fa\u00e7onn\u00e9 mes jouets Des restes jet\u00e9s dans les rues Mon cerf-volant \u00c9merveillait mes yeux Quand ...\" \/>\n<meta property=\"og:url\" content=\"http:\/\/www.masharif.com\/fr\/2019\/04\/26\/archives-commentaires-poetiques-de-mohamed-salah-ben-amor-32-poemes-de-mohammed-derkaoui-32-2-tant-etoiles-scintillent\/\" \/>\n<meta property=\"og:site_name\" content=\"Culminances\" \/>\n<meta property=\"article:published_time\" content=\"2019-04-26T14:00:24+00:00\" \/>\n<meta property=\"og:image\" content=\"http:\/\/www.masharif.com\/fr\/wp-content\/uploads\/2019\/04\/10406786_10201907437429993_1804423079604182066_n.jpg\" \/>\n\t<meta property=\"og:image:width\" content=\"720\" \/>\n\t<meta property=\"og:image:height\" content=\"960\" \/>\n\t<meta property=\"og:image:type\" content=\"image\/jpeg\" \/>\n<meta name=\"author\" content=\"Mohamed Salah Ben Amor\" \/>\n<meta name=\"twitter:card\" content=\"summary\" \/>\n<meta name=\"twitter:label1\" content=\"\u00c9crit par\" \/>\n\t<meta name=\"twitter:data1\" content=\"Mohamed Salah Ben Amor\" \/>\n\t<meta name=\"twitter:label2\" content=\"Dur\u00e9e de lecture estim\u00e9e\" \/>\n\t<meta name=\"twitter:data2\" content=\"3 minutes\" \/>\n<script type=\"application\/ld+json\" class=\"yoast-schema-graph\">{\"@context\":\"https:\/\/schema.org\",\"@graph\":[{\"@type\":\"WebSite\",\"@id\":\"https:\/\/www.masharif.com\/fr\/#website\",\"url\":\"https:\/\/www.masharif.com\/fr\/\",\"name\":\"Culminances\",\"description\":\"\",\"potentialAction\":[{\"@type\":\"SearchAction\",\"target\":{\"@type\":\"EntryPoint\",\"urlTemplate\":\"https:\/\/www.masharif.com\/fr\/?s={search_term_string}\"},\"query-input\":\"required name=search_term_string\"}],\"inLanguage\":\"fr-FR\"},{\"@type\":\"ImageObject\",\"inLanguage\":\"fr-FR\",\"@id\":\"http:\/\/www.masharif.com\/fr\/2019\/04\/26\/archives-commentaires-poetiques-de-mohamed-salah-ben-amor-32-poemes-de-mohammed-derkaoui-32-2-tant-etoiles-scintillent\/#primaryimage\",\"url\":\"http:\/\/www.masharif.com\/fr\/wp-content\/uploads\/2019\/04\/10406786_10201907437429993_1804423079604182066_n.jpg\",\"contentUrl\":\"http:\/\/www.masharif.com\/fr\/wp-content\/uploads\/2019\/04\/10406786_10201907437429993_1804423079604182066_n.jpg\",\"width\":720,\"height\":960},{\"@type\":\"WebPage\",\"@id\":\"http:\/\/www.masharif.com\/fr\/2019\/04\/26\/archives-commentaires-poetiques-de-mohamed-salah-ben-amor-32-poemes-de-mohammed-derkaoui-32-2-tant-etoiles-scintillent\/\",\"url\":\"http:\/\/www.masharif.com\/fr\/2019\/04\/26\/archives-commentaires-poetiques-de-mohamed-salah-ben-amor-32-poemes-de-mohammed-derkaoui-32-2-tant-etoiles-scintillent\/\",\"name\":\"Les archives des commentaires po\u00e9tiques de Mohamed Salah Ben Amor :32\u2013Les po\u00e8mes de Mohammed Derkaoui : 32-2 : Tant que les \u00e9toiles scintillent\u2026 - Culminances\",\"isPartOf\":{\"@id\":\"https:\/\/www.masharif.com\/fr\/#website\"},\"primaryImageOfPage\":{\"@id\":\"http:\/\/www.masharif.com\/fr\/2019\/04\/26\/archives-commentaires-poetiques-de-mohamed-salah-ben-amor-32-poemes-de-mohammed-derkaoui-32-2-tant-etoiles-scintillent\/#primaryimage\"},\"datePublished\":\"2019-04-26T14:00:24+00:00\",\"dateModified\":\"2019-04-26T14:00:24+00:00\",\"author\":{\"@id\":\"https:\/\/www.masharif.com\/fr\/#\/schema\/person\/839a7026efe9fa825134097c1041e4a0\"},\"breadcrumb\":{\"@id\":\"http:\/\/www.masharif.com\/fr\/2019\/04\/26\/archives-commentaires-poetiques-de-mohamed-salah-ben-amor-32-poemes-de-mohammed-derkaoui-32-2-tant-etoiles-scintillent\/#breadcrumb\"},\"inLanguage\":\"fr-FR\",\"potentialAction\":[{\"@type\":\"ReadAction\",\"target\":[\"http:\/\/www.masharif.com\/fr\/2019\/04\/26\/archives-commentaires-poetiques-de-mohamed-salah-ben-amor-32-poemes-de-mohammed-derkaoui-32-2-tant-etoiles-scintillent\/\"]}]},{\"@type\":\"BreadcrumbList\",\"@id\":\"http:\/\/www.masharif.com\/fr\/2019\/04\/26\/archives-commentaires-poetiques-de-mohamed-salah-ben-amor-32-poemes-de-mohammed-derkaoui-32-2-tant-etoiles-scintillent\/#breadcrumb\",\"itemListElement\":[{\"@type\":\"ListItem\",\"position\":1,\"name\":\"Home\",\"item\":\"https:\/\/www.masharif.com\/fr\/\"},{\"@type\":\"ListItem\",\"position\":2,\"name\":\"Les archives des commentaires po\u00e9tiques de Mohamed Salah Ben Amor :32\u2013Les po\u00e8mes de Mohammed Derkaoui : 32-2 : Tant que les \u00e9toiles scintillent\u2026\"}]},{\"@type\":\"Person\",\"@id\":\"https:\/\/www.masharif.com\/fr\/#\/schema\/person\/839a7026efe9fa825134097c1041e4a0\",\"name\":\"Mohamed Salah Ben Amor\",\"image\":{\"@type\":\"ImageObject\",\"inLanguage\":\"fr-FR\",\"@id\":\"https:\/\/www.masharif.com\/fr\/#\/schema\/person\/image\/\",\"url\":\"http:\/\/0.gravatar.com\/avatar\/f64806401ad5ed604ffec2272b19ef46?s=96&d=identicon&r=g\",\"contentUrl\":\"http:\/\/0.gravatar.com\/avatar\/f64806401ad5ed604ffec2272b19ef46?s=96&d=identicon&r=g\",\"caption\":\"Mohamed Salah Ben Amor\"},\"sameAs\":[\"http:\/\/ben-amor.info\"],\"url\":\"http:\/\/www.masharif.com\/fr\/author\/msba\/\"}]}<\/script>\n<!-- \/ Yoast SEO plugin. -->","yoast_head_json":{"title":"Les archives des commentaires po\u00e9tiques de Mohamed Salah Ben Amor :32\u2013Les po\u00e8mes de Mohammed Derkaoui : 32-2 : Tant que les \u00e9toiles scintillent\u2026 - Culminances","robots":{"index":"index","follow":"follow","max-snippet":"max-snippet:-1","max-image-preview":"max-image-preview:large","max-video-preview":"max-video-preview:-1"},"canonical":"http:\/\/www.masharif.com\/fr\/2019\/04\/26\/archives-commentaires-poetiques-de-mohamed-salah-ben-amor-32-poemes-de-mohammed-derkaoui-32-2-tant-etoiles-scintillent\/","og_locale":"fr_FR","og_type":"article","og_title":"Les archives des commentaires po\u00e9tiques de Mohamed Salah Ben Amor :32\u2013Les po\u00e8mes de Mohammed Derkaoui : 32-2 : Tant que les \u00e9toiles scintillent\u2026 - Culminances","og_description":"Tant que les \u00e9toiles scintillent\u2026 Dans les vastes champs Ber\u00e7ant mon quartier modeste J\u2019ai appris \u00e0 me conna\u00eetre J\u2019ai vu les colombes na\u00eetre Le figuier de barbarie Dresser ses raquettes Les faux-bourdons se sacrifier Les reines multiplier les colonies J\u2019ai fa\u00e7onn\u00e9 mes jouets Des restes jet\u00e9s dans les rues Mon cerf-volant \u00c9merveillait mes yeux Quand ...","og_url":"http:\/\/www.masharif.com\/fr\/2019\/04\/26\/archives-commentaires-poetiques-de-mohamed-salah-ben-amor-32-poemes-de-mohammed-derkaoui-32-2-tant-etoiles-scintillent\/","og_site_name":"Culminances","article_published_time":"2019-04-26T14:00:24+00:00","og_image":[{"width":720,"height":960,"url":"http:\/\/www.masharif.com\/fr\/wp-content\/uploads\/2019\/04\/10406786_10201907437429993_1804423079604182066_n.jpg","type":"image\/jpeg"}],"author":"Mohamed Salah Ben Amor","twitter_card":"summary","twitter_misc":{"\u00c9crit par":"Mohamed Salah Ben Amor","Dur\u00e9e de lecture estim\u00e9e":"3 minutes"},"schema":{"@context":"https:\/\/schema.org","@graph":[{"@type":"WebSite","@id":"https:\/\/www.masharif.com\/fr\/#website","url":"https:\/\/www.masharif.com\/fr\/","name":"Culminances","description":"","potentialAction":[{"@type":"SearchAction","target":{"@type":"EntryPoint","urlTemplate":"https:\/\/www.masharif.com\/fr\/?s={search_term_string}"},"query-input":"required name=search_term_string"}],"inLanguage":"fr-FR"},{"@type":"ImageObject","inLanguage":"fr-FR","@id":"http:\/\/www.masharif.com\/fr\/2019\/04\/26\/archives-commentaires-poetiques-de-mohamed-salah-ben-amor-32-poemes-de-mohammed-derkaoui-32-2-tant-etoiles-scintillent\/#primaryimage","url":"http:\/\/www.masharif.com\/fr\/wp-content\/uploads\/2019\/04\/10406786_10201907437429993_1804423079604182066_n.jpg","contentUrl":"http:\/\/www.masharif.com\/fr\/wp-content\/uploads\/2019\/04\/10406786_10201907437429993_1804423079604182066_n.jpg","width":720,"height":960},{"@type":"WebPage","@id":"http:\/\/www.masharif.com\/fr\/2019\/04\/26\/archives-commentaires-poetiques-de-mohamed-salah-ben-amor-32-poemes-de-mohammed-derkaoui-32-2-tant-etoiles-scintillent\/","url":"http:\/\/www.masharif.com\/fr\/2019\/04\/26\/archives-commentaires-poetiques-de-mohamed-salah-ben-amor-32-poemes-de-mohammed-derkaoui-32-2-tant-etoiles-scintillent\/","name":"Les archives des commentaires po\u00e9tiques de Mohamed Salah Ben Amor :32\u2013Les po\u00e8mes de Mohammed Derkaoui : 32-2 : Tant que les \u00e9toiles scintillent\u2026 - Culminances","isPartOf":{"@id":"https:\/\/www.masharif.com\/fr\/#website"},"primaryImageOfPage":{"@id":"http:\/\/www.masharif.com\/fr\/2019\/04\/26\/archives-commentaires-poetiques-de-mohamed-salah-ben-amor-32-poemes-de-mohammed-derkaoui-32-2-tant-etoiles-scintillent\/#primaryimage"},"datePublished":"2019-04-26T14:00:24+00:00","dateModified":"2019-04-26T14:00:24+00:00","author":{"@id":"https:\/\/www.masharif.com\/fr\/#\/schema\/person\/839a7026efe9fa825134097c1041e4a0"},"breadcrumb":{"@id":"http:\/\/www.masharif.com\/fr\/2019\/04\/26\/archives-commentaires-poetiques-de-mohamed-salah-ben-amor-32-poemes-de-mohammed-derkaoui-32-2-tant-etoiles-scintillent\/#breadcrumb"},"inLanguage":"fr-FR","potentialAction":[{"@type":"ReadAction","target":["http:\/\/www.masharif.com\/fr\/2019\/04\/26\/archives-commentaires-poetiques-de-mohamed-salah-ben-amor-32-poemes-de-mohammed-derkaoui-32-2-tant-etoiles-scintillent\/"]}]},{"@type":"BreadcrumbList","@id":"http:\/\/www.masharif.com\/fr\/2019\/04\/26\/archives-commentaires-poetiques-de-mohamed-salah-ben-amor-32-poemes-de-mohammed-derkaoui-32-2-tant-etoiles-scintillent\/#breadcrumb","itemListElement":[{"@type":"ListItem","position":1,"name":"Home","item":"https:\/\/www.masharif.com\/fr\/"},{"@type":"ListItem","position":2,"name":"Les archives des commentaires po\u00e9tiques de Mohamed Salah Ben Amor :32\u2013Les po\u00e8mes de Mohammed Derkaoui : 32-2 : Tant que les \u00e9toiles scintillent\u2026"}]},{"@type":"Person","@id":"https:\/\/www.masharif.com\/fr\/#\/schema\/person\/839a7026efe9fa825134097c1041e4a0","name":"Mohamed Salah Ben Amor","image":{"@type":"ImageObject","inLanguage":"fr-FR","@id":"https:\/\/www.masharif.com\/fr\/#\/schema\/person\/image\/","url":"http:\/\/0.gravatar.com\/avatar\/f64806401ad5ed604ffec2272b19ef46?s=96&d=identicon&r=g","contentUrl":"http:\/\/0.gravatar.com\/avatar\/f64806401ad5ed604ffec2272b19ef46?s=96&d=identicon&r=g","caption":"Mohamed Salah Ben Amor"},"sameAs":["http:\/\/ben-amor.info"],"url":"http:\/\/www.masharif.com\/fr\/author\/msba\/"}]}},"_links":{"self":[{"href":"http:\/\/www.masharif.com\/fr\/wp-json\/wp\/v2\/posts\/9867"}],"collection":[{"href":"http:\/\/www.masharif.com\/fr\/wp-json\/wp\/v2\/posts"}],"about":[{"href":"http:\/\/www.masharif.com\/fr\/wp-json\/wp\/v2\/types\/post"}],"author":[{"embeddable":true,"href":"http:\/\/www.masharif.com\/fr\/wp-json\/wp\/v2\/users\/2"}],"replies":[{"embeddable":true,"href":"http:\/\/www.masharif.com\/fr\/wp-json\/wp\/v2\/comments?post=9867"}],"version-history":[{"count":1,"href":"http:\/\/www.masharif.com\/fr\/wp-json\/wp\/v2\/posts\/9867\/revisions"}],"predecessor-version":[{"id":9869,"href":"http:\/\/www.masharif.com\/fr\/wp-json\/wp\/v2\/posts\/9867\/revisions\/9869"}],"wp:featuredmedia":[{"embeddable":true,"href":"http:\/\/www.masharif.com\/fr\/wp-json\/wp\/v2\/media\/9852"}],"wp:attachment":[{"href":"http:\/\/www.masharif.com\/fr\/wp-json\/wp\/v2\/media?parent=9867"}],"wp:term":[{"taxonomy":"category","embeddable":true,"href":"http:\/\/www.masharif.com\/fr\/wp-json\/wp\/v2\/categories?post=9867"},{"taxonomy":"post_tag","embeddable":true,"href":"http:\/\/www.masharif.com\/fr\/wp-json\/wp\/v2\/tags?post=9867"}],"curies":[{"name":"wp","href":"https:\/\/api.w.org\/{rel}","templated":true}]}}