{"id":9640,"date":"2019-03-04T12:59:03","date_gmt":"2019-03-04T11:59:03","guid":{"rendered":"http:\/\/www.masharif.com\/fr\/?p=9640"},"modified":"2019-03-04T12:59:03","modified_gmt":"2019-03-04T11:59:03","slug":"archives-commentaires-poetiques-de-mohamed-salah-ben-amor-26-poemes-de-gaetan-parisi-26-15-image-universelle","status":"publish","type":"post","link":"http:\/\/www.masharif.com\/fr\/2019\/03\/04\/archives-commentaires-poetiques-de-mohamed-salah-ben-amor-26-poemes-de-gaetan-parisi-26-15-image-universelle\/","title":{"rendered":"Les archives des commentaires po\u00e9tiques de Mohamed Salah Ben Amor : 26\u2013Les po\u00e8mes de Ga\u00ebtan Parisi : 26-15 : Image universelle"},"content":{"rendered":"<div id=\"attachment_8934\" style=\"width: 310px\" class=\"wp-caption alignnone\"><a href=\"http:\/\/www.masharif.com\/fr\/wp-content\/uploads\/2018\/10\/12079306_10207995464353417_2482464023517051032_n.jpg\"><img aria-describedby=\"caption-attachment-8934\" loading=\"lazy\" class=\"wp-image-8934 size-medium\" src=\"http:\/\/www.masharif.com\/fr\/wp-content\/uploads\/2018\/10\/12079306_10207995464353417_2482464023517051032_n-300x300.jpg\" alt=\"\" width=\"300\" height=\"300\" srcset=\"http:\/\/www.masharif.com\/fr\/wp-content\/uploads\/2018\/10\/12079306_10207995464353417_2482464023517051032_n-300x300.jpg 300w, http:\/\/www.masharif.com\/fr\/wp-content\/uploads\/2018\/10\/12079306_10207995464353417_2482464023517051032_n-150x150.jpg 150w, http:\/\/www.masharif.com\/fr\/wp-content\/uploads\/2018\/10\/12079306_10207995464353417_2482464023517051032_n-55x55.jpg 55w, http:\/\/www.masharif.com\/fr\/wp-content\/uploads\/2018\/10\/12079306_10207995464353417_2482464023517051032_n.jpg 309w\" sizes=\"(max-width: 300px) 100vw, 300px\" \/><\/a><p id=\"caption-attachment-8934\" class=\"wp-caption-text\">Ga\u00ebtan Parisi<\/p><\/div>\n<p><a href=\"http:\/\/www.masharif.com\/fr\/wp-content\/uploads\/2019\/03\/dante-3080922_960_720.jpg\"><img loading=\"lazy\" class=\"alignnone size-medium wp-image-9641\" src=\"http:\/\/www.masharif.com\/fr\/wp-content\/uploads\/2019\/03\/dante-3080922_960_720-170x300.jpg\" alt=\"\" width=\"170\" height=\"300\" srcset=\"http:\/\/www.masharif.com\/fr\/wp-content\/uploads\/2019\/03\/dante-3080922_960_720-170x300.jpg 170w, http:\/\/www.masharif.com\/fr\/wp-content\/uploads\/2019\/03\/dante-3080922_960_720.jpg 409w\" sizes=\"(max-width: 170px) 100vw, 170px\" \/><\/a><\/p>\n<p>&nbsp;<\/p>\n<h2><\/h2>\n<h2><\/h2>\n<p><strong>\u00c9coute<\/strong><\/p>\n<p><strong>L&#8217;enchev\u00eatrement de ces silences<\/strong><\/p>\n<p><strong>Le vide est le d\u00e9but de la d\u00e9mence \u00a0\u00a0\u00a0\u00a0\u00a0\u00a0\u00a0\u00a0\u00a0\u00a0\u00a0\u00a0\u00a0\u00a0\u00a0\u00a0\u00a0\u00a0\u00a0\u00a0\u00a0\u00a0\u00a0\u00a0\u00a0\u00a0\u00a0\u00a0\u00a0\u00a0\u00a0\u00a0\u00a0\u00a0\u00a0\u00a0\u00a0\u00a0\u00a0\u00a0\u00a0\u00a0\u00a0\u00a0\u00a0\u00a0\u00a0\u00a0\u00a0\u00a0\u00a0\u00a0\u00a0\u00a0\u00a0\u00a0\u00a0\u00a0\u00a0\u00a0\u00a0\u00a0\u00a0\u00a0\u00a0\u00a0\u00a0\u00a0\u00a0\u00a0\u00a0\u00a0\u00a0\u00a0\u00a0\u00a0\u00a0\u00a0\u00a0\u00a0\u00a0\u00a0<\/strong><\/p>\n<p><strong>L&#8217;humanit\u00e9 bruisse en toi<\/strong><\/p>\n<p><strong>Remplis-toi<\/strong><\/p>\n<p>&nbsp;<\/p>\n<p><strong>Parle<\/strong><\/p>\n<p><strong>Les mots sont ton salut<\/strong><\/p>\n<p><strong>Ils sont les mailles du r\u00e9seau perdu<\/strong><\/p>\n<p><strong>Entre les bouches et les oreilles<\/strong><\/p>\n<p><strong>Agite des fr\u00e9quences merveilles<\/strong><\/p>\n<p>&nbsp;<\/p>\n<p><strong>Go\u00fbte<\/strong><\/p>\n<p><strong>Aux nourritures de la terre<\/strong><\/p>\n<p><strong>Aux conjonctures c\u00e9lestes<\/strong><\/p>\n<p><strong>Ne crains pas l&#8217;histoire de tes p\u00e8res<\/strong><\/p>\n<p><strong>Bois \u00e0 l&#8217;in\u00e9puisable source<\/strong><\/p>\n<p><strong>De la m\u00e9moire architecturale<\/strong><\/p>\n<p><strong>Manges en la moelle<\/strong><\/p>\n<p>&nbsp;<\/p>\n<p><strong>Ajoute<\/strong><\/p>\n<p><strong>L&#8217;onde des sciences<\/strong><\/p>\n<p><strong>La culture et sa consistance<\/strong><\/p>\n<p><strong>Aux neurones qui te transcendent<\/strong><\/p>\n<p><strong>D\u00e9code les codes<\/strong><\/p>\n<p>&nbsp;<\/p>\n<p><strong>Touche<\/strong><\/p>\n<p><strong>La providence math\u00e9matique<\/strong><\/p>\n<p><strong>La respiration cin\u00e9matique<\/strong><\/p>\n<p><strong>Le cri de l&#8217;enfance<\/strong><\/p>\n<p><strong>Fais des lettres et des arts ta violence<\/strong><\/p>\n<p>&nbsp;<\/p>\n<p><strong>Engage<\/strong><\/p>\n<p><strong>La qu\u00eate du r\u00e9el et ses arborescences<\/strong><\/p>\n<p><strong>Le virtuel et son essence<\/strong><\/p>\n<p><strong>Nomme les formes<\/strong><\/p>\n<p><strong>Grave les images<\/strong><\/p>\n<p>&nbsp;<\/p>\n<p><strong>Marche<\/strong><\/p>\n<p><strong>Dans le temps pr\u00e9sent<\/strong><\/p>\n<p><strong>Des danses \u00e0 tous les temps<\/strong><\/p>\n<p><strong>O\u00f9 s\u2019\u00e9teignent les surveillances<\/strong><\/p>\n<p><strong>O\u00f9 naissent les survivances<\/strong><\/p>\n<p><strong>Tant que glissent les mar\u00e9es<\/strong><\/p>\n<p><strong>Tant que s&#8217;agitent les forets<\/strong><\/p>\n<p><strong>Sous l&#8217;ombre de la lune<\/strong><\/p>\n<p><strong>Allonge le pas<\/strong><\/p>\n<p>&nbsp;<\/p>\n<p><strong>Absorbe<\/strong><\/p>\n<p><strong>L&#8217;odeur des livres<\/strong><\/p>\n<p><strong>Et prends garde<\/strong><\/p>\n<p><strong>Les bouches aspirent le diable<\/strong><\/p>\n<p><strong>Les ventres vomissent des anges<\/strong><\/p>\n<p><strong>Le langage est l&#8217;institution du cr\u00e9puscule<\/strong><\/p>\n<p><strong>Il se tait dans l&#8217;obscurit\u00e9 des ombres<\/strong><\/p>\n<p><strong>Et rena\u00eet<\/strong><strong> apr\u00e8s le geste<\/strong><\/p>\n<p><strong>Quand l&#8217;aube ouvre la<\/strong><strong> vo\u00fbte<\/strong><strong> c\u00e9leste<\/strong><\/p>\n<p><strong>Etanche ta soif<\/strong><\/p>\n<p>&nbsp;<\/p>\n<p><strong>Regarde<\/strong><\/p>\n<p><strong>La vie est la lumi\u00e8re de chaque sc\u00e8ne<\/strong><\/p>\n<p><strong>Ass\u00e8ne l&#8217;amour \u00e0 ton histoire<\/strong><\/p>\n<p><strong>Tu vis devant un miroir<\/strong><\/p>\n<p><strong>Tu es \u00e9bloui par les projecteurs<\/strong><\/p>\n<p><strong>Regarde dans ton r\u00e9troviseur<\/strong><\/p>\n<p><strong>Quelle est l&#8217;image universelle!<\/strong><\/p>\n<p>&nbsp;<\/p>\n<p>C\u2019est l\u2019une des rares \u00a0fois \u00a0o\u00f9 l\u2019auteur de ce po\u00e8me sort de sa coque sentimentale pour embrasser une cause quelconque hors de son univers personnel renferm\u00e9, \u00a0\u00e0 l\u2019int\u00e9rieur duquel il se consacre souvent \u00e0 panser les blessures que lui ont occasionn\u00e9es \u00a0ses d\u00e9boires amoureuses. Mais reconnaissons qu\u2019entre le sentimental individuel et l\u2019humain universel, il n\u2019y a qu\u2019un pas, \u00e9tant donn\u00e9 que l\u2019\u00e2me humaine \u00a0quels que soient les \u00e9tats par lesquels elle passe, demeure et demeurera unique. N\u00e9anmoins, chaque passage implique un changement du type de discours utilis\u00e9 .Et c\u2019est ainsi que le discours subjectif \u00a0a\u00a0 c\u00e9d\u00e9 la place ici au discours intellectuel qui met en \u0153uvre une strat\u00e9gie et des outils d\u2019expression tout \u00e0 fait diff\u00e9rents, \u00a0\u00a0\u00e0 commencer par l\u2019\u00e9laboration d\u2019une th\u00e8se bien pr\u00e9cise formul\u00e9e clairement\u00a0: le devoir qui incombe \u00e0 l\u2019\u00eatre humain d\u2019\u0153uvrer dans le bon sens et dans tous les domaines .Ensuite, la division de ce th\u00e8me en sous-th\u00e8mes pr\u00e9sent\u00e9s chacun sous la forme d\u2019une recommandation \u00a0: \u00a0\u00e9couter &#8211; parler \u00a0\u2013 go\u00fbter &#8211; \u00a0ajouter \u00a0&#8211; \u00a0toucher \u00a0&#8211; engager -marcher \u00a0&#8211; absorber \u2013 regarder .Et ces recommandations \u00a0 nous font penser , en m\u00eame temps , \u00e0 la notion de \u00ab\u00a0superman\u00a0\u00bb qui est , selon Friedrich Nietzsche (1844 &#8211; 1900 ) \u00a0, de nature \u00e9gale au divin et\u00a0 au-dessus des hommes et dont la t\u00e2che est la transfiguration de l&#8217;existence\u00a0 et au concept de \u00ab\u00a0l\u2019intellectuel organique\u00a0\u00bb qui doit \u00eatre , d\u2019apr\u00e8s Antonio Gramsci\u00a0( 1891 \u2013 1937)\u00a0, impliqu\u00e9 dans l\u2019organisation \u00a0des pratiques sociales \u00a0.Et la diff\u00e9rence entre ces deux concepts philosophique et id\u00e9ologique ensemble et celui du\u00a0 po\u00e8te est que pour \u00a0ce dernier le champ \u00a0o\u00f9 doit s\u2019exercer\u00a0 l\u2019action \u00a0de l\u2019homme nouveau est l\u2019\u00e9thique \u00a0et ses moyens sont de trois genres\u00a0: linguistique\u00a0 o\u00f9 sont recommand\u00e9es les comp\u00e9tences communicatives (<strong>\u00e9couter<\/strong> &#8211; <strong>parler<\/strong> \u2013 <strong>toucher<\/strong> \u2013 <strong>absorber<\/strong>\u2026\u00a0\u00a0) \u00a0, attentionnelle <strong>( regarder<\/strong> ) et actionnelle ( <strong>marcher<\/strong> &#8211; <strong>go\u00fbter<\/strong> \u2013 <strong>ajouter<\/strong>\u2026 ) .Enfin, \u00a0si cette conception de l\u2019homme nouveau dont r\u00eavent, en r\u00e9alit\u00e9, \u00a0avec l\u2019auteur tous les universalistes depuis l\u2019av\u00e8nement des nouveaux moyens de communication surtout les r\u00e9seaux sociaux est l\u00e9gitime et compr\u00e9hensible , vu la d\u00e9gradation continuelle de la situation qui pr\u00e9vaut dans le monde , il n\u2019en demeure pas moins qu\u2019elle demeure \u00a0, dans son fond , id\u00e9aliste\u00a0; parce que l\u2019homme\u00a0; quoi qu\u2019on fasse, ne sera jamais un ange et la terre ne se transformera jamais en un paradis .<\/p>\n<p>&nbsp;<\/p>\n<p><em><strong>\u00a0<\/strong><\/em><\/p>\n<p>&nbsp;<\/p>\n","protected":false},"excerpt":{"rendered":"<p>&nbsp; \u00c9coute L&#8217;enchev\u00eatrement de ces silences Le vide est le d\u00e9but de la d\u00e9mence \u00a0\u00a0\u00a0\u00a0\u00a0\u00a0\u00a0\u00a0\u00a0\u00a0\u00a0\u00a0\u00a0\u00a0\u00a0\u00a0\u00a0\u00a0\u00a0\u00a0\u00a0\u00a0\u00a0\u00a0\u00a0\u00a0\u00a0\u00a0\u00a0\u00a0\u00a0\u00a0\u00a0\u00a0\u00a0\u00a0\u00a0\u00a0\u00a0\u00a0\u00a0\u00a0\u00a0\u00a0\u00a0\u00a0\u00a0\u00a0\u00a0\u00a0\u00a0\u00a0\u00a0\u00a0\u00a0\u00a0\u00a0\u00a0\u00a0\u00a0\u00a0\u00a0\u00a0\u00a0\u00a0\u00a0\u00a0\u00a0\u00a0\u00a0\u00a0\u00a0\u00a0\u00a0\u00a0\u00a0\u00a0\u00a0\u00a0\u00a0\u00a0\u00a0 L&#8217;humanit\u00e9 bruisse en toi Remplis-toi &nbsp; Parle Les mots sont ton salut Ils sont les mailles du r\u00e9seau perdu Entre les bouches et les oreilles Agite des fr\u00e9quences merveilles &nbsp; Go\u00fbte Aux nourritures de la terre Aux conjonctures c\u00e9lestes Ne &#8230;<\/p>\n","protected":false},"author":2,"featured_media":8934,"comment_status":"open","ping_status":"open","sticky":false,"template":"","format":"standard","meta":[],"categories":[8],"tags":[],"yoast_head":"<!-- This site is optimized with the Yoast SEO plugin v19.3 - https:\/\/yoast.com\/wordpress\/plugins\/seo\/ -->\n<title>Les archives des commentaires po\u00e9tiques de Mohamed Salah Ben Amor : 26\u2013Les po\u00e8mes de Ga\u00ebtan Parisi : 26-15 : Image universelle - Culminances<\/title>\n<meta name=\"robots\" content=\"index, follow, max-snippet:-1, max-image-preview:large, max-video-preview:-1\" \/>\n<link rel=\"canonical\" href=\"https:\/\/www.masharif.com\/fr\/2019\/03\/04\/archives-commentaires-poetiques-de-mohamed-salah-ben-amor-26-poemes-de-gaetan-parisi-26-15-image-universelle\/\" \/>\n<meta property=\"og:locale\" content=\"fr_FR\" \/>\n<meta property=\"og:type\" content=\"article\" \/>\n<meta property=\"og:title\" content=\"Les archives des commentaires po\u00e9tiques de Mohamed Salah Ben Amor : 26\u2013Les po\u00e8mes de Ga\u00ebtan Parisi : 26-15 : Image universelle - Culminances\" \/>\n<meta property=\"og:description\" content=\"&nbsp; \u00c9coute L&#8217;enchev\u00eatrement de ces silences Le vide est le d\u00e9but de la d\u00e9mence \u00a0\u00a0\u00a0\u00a0\u00a0\u00a0\u00a0\u00a0\u00a0\u00a0\u00a0\u00a0\u00a0\u00a0\u00a0\u00a0\u00a0\u00a0\u00a0\u00a0\u00a0\u00a0\u00a0\u00a0\u00a0\u00a0\u00a0\u00a0\u00a0\u00a0\u00a0\u00a0\u00a0\u00a0\u00a0\u00a0\u00a0\u00a0\u00a0\u00a0\u00a0\u00a0\u00a0\u00a0\u00a0\u00a0\u00a0\u00a0\u00a0\u00a0\u00a0\u00a0\u00a0\u00a0\u00a0\u00a0\u00a0\u00a0\u00a0\u00a0\u00a0\u00a0\u00a0\u00a0\u00a0\u00a0\u00a0\u00a0\u00a0\u00a0\u00a0\u00a0\u00a0\u00a0\u00a0\u00a0\u00a0\u00a0\u00a0\u00a0\u00a0\u00a0 L&#8217;humanit\u00e9 bruisse en toi Remplis-toi &nbsp; Parle Les mots sont ton salut Ils sont les mailles du r\u00e9seau perdu Entre les bouches et les oreilles Agite des fr\u00e9quences merveilles &nbsp; Go\u00fbte Aux nourritures de la terre Aux conjonctures c\u00e9lestes Ne ...\" \/>\n<meta property=\"og:url\" content=\"https:\/\/www.masharif.com\/fr\/2019\/03\/04\/archives-commentaires-poetiques-de-mohamed-salah-ben-amor-26-poemes-de-gaetan-parisi-26-15-image-universelle\/\" \/>\n<meta property=\"og:site_name\" content=\"Culminances\" \/>\n<meta property=\"article:published_time\" content=\"2019-03-04T11:59:03+00:00\" \/>\n<meta property=\"og:image\" content=\"https:\/\/www.masharif.com\/fr\/wp-content\/uploads\/2018\/10\/12079306_10207995464353417_2482464023517051032_n.jpg\" \/>\n\t<meta property=\"og:image:width\" content=\"309\" \/>\n\t<meta property=\"og:image:height\" content=\"309\" \/>\n\t<meta property=\"og:image:type\" content=\"image\/jpeg\" \/>\n<meta name=\"author\" content=\"Mohamed Salah Ben Amor\" \/>\n<meta name=\"twitter:card\" content=\"summary\" \/>\n<meta name=\"twitter:label1\" content=\"\u00c9crit par\" \/>\n\t<meta name=\"twitter:data1\" content=\"Mohamed Salah Ben Amor\" \/>\n\t<meta name=\"twitter:label2\" content=\"Dur\u00e9e de lecture estim\u00e9e\" \/>\n\t<meta name=\"twitter:data2\" content=\"4 minutes\" \/>\n<script type=\"application\/ld+json\" class=\"yoast-schema-graph\">{\"@context\":\"https:\/\/schema.org\",\"@graph\":[{\"@type\":\"WebSite\",\"@id\":\"https:\/\/www.masharif.com\/fr\/#website\",\"url\":\"https:\/\/www.masharif.com\/fr\/\",\"name\":\"Culminances\",\"description\":\"\",\"potentialAction\":[{\"@type\":\"SearchAction\",\"target\":{\"@type\":\"EntryPoint\",\"urlTemplate\":\"https:\/\/www.masharif.com\/fr\/?s={search_term_string}\"},\"query-input\":\"required name=search_term_string\"}],\"inLanguage\":\"fr-FR\"},{\"@type\":\"ImageObject\",\"inLanguage\":\"fr-FR\",\"@id\":\"https:\/\/www.masharif.com\/fr\/2019\/03\/04\/archives-commentaires-poetiques-de-mohamed-salah-ben-amor-26-poemes-de-gaetan-parisi-26-15-image-universelle\/#primaryimage\",\"url\":\"http:\/\/www.masharif.com\/fr\/wp-content\/uploads\/2018\/10\/12079306_10207995464353417_2482464023517051032_n.jpg\",\"contentUrl\":\"http:\/\/www.masharif.com\/fr\/wp-content\/uploads\/2018\/10\/12079306_10207995464353417_2482464023517051032_n.jpg\",\"width\":309,\"height\":309},{\"@type\":\"WebPage\",\"@id\":\"https:\/\/www.masharif.com\/fr\/2019\/03\/04\/archives-commentaires-poetiques-de-mohamed-salah-ben-amor-26-poemes-de-gaetan-parisi-26-15-image-universelle\/\",\"url\":\"https:\/\/www.masharif.com\/fr\/2019\/03\/04\/archives-commentaires-poetiques-de-mohamed-salah-ben-amor-26-poemes-de-gaetan-parisi-26-15-image-universelle\/\",\"name\":\"Les archives des commentaires po\u00e9tiques de Mohamed Salah Ben Amor : 26\u2013Les po\u00e8mes de Ga\u00ebtan Parisi : 26-15 : Image universelle - Culminances\",\"isPartOf\":{\"@id\":\"https:\/\/www.masharif.com\/fr\/#website\"},\"primaryImageOfPage\":{\"@id\":\"https:\/\/www.masharif.com\/fr\/2019\/03\/04\/archives-commentaires-poetiques-de-mohamed-salah-ben-amor-26-poemes-de-gaetan-parisi-26-15-image-universelle\/#primaryimage\"},\"datePublished\":\"2019-03-04T11:59:03+00:00\",\"dateModified\":\"2019-03-04T11:59:03+00:00\",\"author\":{\"@id\":\"https:\/\/www.masharif.com\/fr\/#\/schema\/person\/839a7026efe9fa825134097c1041e4a0\"},\"breadcrumb\":{\"@id\":\"https:\/\/www.masharif.com\/fr\/2019\/03\/04\/archives-commentaires-poetiques-de-mohamed-salah-ben-amor-26-poemes-de-gaetan-parisi-26-15-image-universelle\/#breadcrumb\"},\"inLanguage\":\"fr-FR\",\"potentialAction\":[{\"@type\":\"ReadAction\",\"target\":[\"https:\/\/www.masharif.com\/fr\/2019\/03\/04\/archives-commentaires-poetiques-de-mohamed-salah-ben-amor-26-poemes-de-gaetan-parisi-26-15-image-universelle\/\"]}]},{\"@type\":\"BreadcrumbList\",\"@id\":\"https:\/\/www.masharif.com\/fr\/2019\/03\/04\/archives-commentaires-poetiques-de-mohamed-salah-ben-amor-26-poemes-de-gaetan-parisi-26-15-image-universelle\/#breadcrumb\",\"itemListElement\":[{\"@type\":\"ListItem\",\"position\":1,\"name\":\"Home\",\"item\":\"https:\/\/www.masharif.com\/fr\/\"},{\"@type\":\"ListItem\",\"position\":2,\"name\":\"Les archives des commentaires po\u00e9tiques de Mohamed Salah Ben Amor : 26\u2013Les po\u00e8mes de Ga\u00ebtan Parisi : 26-15 : Image universelle\"}]},{\"@type\":\"Person\",\"@id\":\"https:\/\/www.masharif.com\/fr\/#\/schema\/person\/839a7026efe9fa825134097c1041e4a0\",\"name\":\"Mohamed Salah Ben Amor\",\"image\":{\"@type\":\"ImageObject\",\"inLanguage\":\"fr-FR\",\"@id\":\"https:\/\/www.masharif.com\/fr\/#\/schema\/person\/image\/\",\"url\":\"http:\/\/0.gravatar.com\/avatar\/f64806401ad5ed604ffec2272b19ef46?s=96&d=identicon&r=g\",\"contentUrl\":\"http:\/\/0.gravatar.com\/avatar\/f64806401ad5ed604ffec2272b19ef46?s=96&d=identicon&r=g\",\"caption\":\"Mohamed Salah Ben Amor\"},\"sameAs\":[\"http:\/\/ben-amor.info\"],\"url\":\"http:\/\/www.masharif.com\/fr\/author\/msba\/\"}]}<\/script>\n<!-- \/ Yoast SEO plugin. -->","yoast_head_json":{"title":"Les archives des commentaires po\u00e9tiques de Mohamed Salah Ben Amor : 26\u2013Les po\u00e8mes de Ga\u00ebtan Parisi : 26-15 : Image universelle - Culminances","robots":{"index":"index","follow":"follow","max-snippet":"max-snippet:-1","max-image-preview":"max-image-preview:large","max-video-preview":"max-video-preview:-1"},"canonical":"https:\/\/www.masharif.com\/fr\/2019\/03\/04\/archives-commentaires-poetiques-de-mohamed-salah-ben-amor-26-poemes-de-gaetan-parisi-26-15-image-universelle\/","og_locale":"fr_FR","og_type":"article","og_title":"Les archives des commentaires po\u00e9tiques de Mohamed Salah Ben Amor : 26\u2013Les po\u00e8mes de Ga\u00ebtan Parisi : 26-15 : Image universelle - Culminances","og_description":"&nbsp; \u00c9coute L&#8217;enchev\u00eatrement de ces silences Le vide est le d\u00e9but de la d\u00e9mence \u00a0\u00a0\u00a0\u00a0\u00a0\u00a0\u00a0\u00a0\u00a0\u00a0\u00a0\u00a0\u00a0\u00a0\u00a0\u00a0\u00a0\u00a0\u00a0\u00a0\u00a0\u00a0\u00a0\u00a0\u00a0\u00a0\u00a0\u00a0\u00a0\u00a0\u00a0\u00a0\u00a0\u00a0\u00a0\u00a0\u00a0\u00a0\u00a0\u00a0\u00a0\u00a0\u00a0\u00a0\u00a0\u00a0\u00a0\u00a0\u00a0\u00a0\u00a0\u00a0\u00a0\u00a0\u00a0\u00a0\u00a0\u00a0\u00a0\u00a0\u00a0\u00a0\u00a0\u00a0\u00a0\u00a0\u00a0\u00a0\u00a0\u00a0\u00a0\u00a0\u00a0\u00a0\u00a0\u00a0\u00a0\u00a0\u00a0\u00a0\u00a0\u00a0 L&#8217;humanit\u00e9 bruisse en toi Remplis-toi &nbsp; Parle Les mots sont ton salut Ils sont les mailles du r\u00e9seau perdu Entre les bouches et les oreilles Agite des fr\u00e9quences merveilles &nbsp; Go\u00fbte Aux nourritures de la terre Aux conjonctures c\u00e9lestes Ne ...","og_url":"https:\/\/www.masharif.com\/fr\/2019\/03\/04\/archives-commentaires-poetiques-de-mohamed-salah-ben-amor-26-poemes-de-gaetan-parisi-26-15-image-universelle\/","og_site_name":"Culminances","article_published_time":"2019-03-04T11:59:03+00:00","og_image":[{"width":309,"height":309,"url":"https:\/\/www.masharif.com\/fr\/wp-content\/uploads\/2018\/10\/12079306_10207995464353417_2482464023517051032_n.jpg","type":"image\/jpeg"}],"author":"Mohamed Salah Ben Amor","twitter_card":"summary","twitter_misc":{"\u00c9crit par":"Mohamed Salah Ben Amor","Dur\u00e9e de lecture estim\u00e9e":"4 minutes"},"schema":{"@context":"https:\/\/schema.org","@graph":[{"@type":"WebSite","@id":"https:\/\/www.masharif.com\/fr\/#website","url":"https:\/\/www.masharif.com\/fr\/","name":"Culminances","description":"","potentialAction":[{"@type":"SearchAction","target":{"@type":"EntryPoint","urlTemplate":"https:\/\/www.masharif.com\/fr\/?s={search_term_string}"},"query-input":"required name=search_term_string"}],"inLanguage":"fr-FR"},{"@type":"ImageObject","inLanguage":"fr-FR","@id":"https:\/\/www.masharif.com\/fr\/2019\/03\/04\/archives-commentaires-poetiques-de-mohamed-salah-ben-amor-26-poemes-de-gaetan-parisi-26-15-image-universelle\/#primaryimage","url":"http:\/\/www.masharif.com\/fr\/wp-content\/uploads\/2018\/10\/12079306_10207995464353417_2482464023517051032_n.jpg","contentUrl":"http:\/\/www.masharif.com\/fr\/wp-content\/uploads\/2018\/10\/12079306_10207995464353417_2482464023517051032_n.jpg","width":309,"height":309},{"@type":"WebPage","@id":"https:\/\/www.masharif.com\/fr\/2019\/03\/04\/archives-commentaires-poetiques-de-mohamed-salah-ben-amor-26-poemes-de-gaetan-parisi-26-15-image-universelle\/","url":"https:\/\/www.masharif.com\/fr\/2019\/03\/04\/archives-commentaires-poetiques-de-mohamed-salah-ben-amor-26-poemes-de-gaetan-parisi-26-15-image-universelle\/","name":"Les archives des commentaires po\u00e9tiques de Mohamed Salah Ben Amor : 26\u2013Les po\u00e8mes de Ga\u00ebtan Parisi : 26-15 : Image universelle - Culminances","isPartOf":{"@id":"https:\/\/www.masharif.com\/fr\/#website"},"primaryImageOfPage":{"@id":"https:\/\/www.masharif.com\/fr\/2019\/03\/04\/archives-commentaires-poetiques-de-mohamed-salah-ben-amor-26-poemes-de-gaetan-parisi-26-15-image-universelle\/#primaryimage"},"datePublished":"2019-03-04T11:59:03+00:00","dateModified":"2019-03-04T11:59:03+00:00","author":{"@id":"https:\/\/www.masharif.com\/fr\/#\/schema\/person\/839a7026efe9fa825134097c1041e4a0"},"breadcrumb":{"@id":"https:\/\/www.masharif.com\/fr\/2019\/03\/04\/archives-commentaires-poetiques-de-mohamed-salah-ben-amor-26-poemes-de-gaetan-parisi-26-15-image-universelle\/#breadcrumb"},"inLanguage":"fr-FR","potentialAction":[{"@type":"ReadAction","target":["https:\/\/www.masharif.com\/fr\/2019\/03\/04\/archives-commentaires-poetiques-de-mohamed-salah-ben-amor-26-poemes-de-gaetan-parisi-26-15-image-universelle\/"]}]},{"@type":"BreadcrumbList","@id":"https:\/\/www.masharif.com\/fr\/2019\/03\/04\/archives-commentaires-poetiques-de-mohamed-salah-ben-amor-26-poemes-de-gaetan-parisi-26-15-image-universelle\/#breadcrumb","itemListElement":[{"@type":"ListItem","position":1,"name":"Home","item":"https:\/\/www.masharif.com\/fr\/"},{"@type":"ListItem","position":2,"name":"Les archives des commentaires po\u00e9tiques de Mohamed Salah Ben Amor : 26\u2013Les po\u00e8mes de Ga\u00ebtan Parisi : 26-15 : Image universelle"}]},{"@type":"Person","@id":"https:\/\/www.masharif.com\/fr\/#\/schema\/person\/839a7026efe9fa825134097c1041e4a0","name":"Mohamed Salah Ben Amor","image":{"@type":"ImageObject","inLanguage":"fr-FR","@id":"https:\/\/www.masharif.com\/fr\/#\/schema\/person\/image\/","url":"http:\/\/0.gravatar.com\/avatar\/f64806401ad5ed604ffec2272b19ef46?s=96&d=identicon&r=g","contentUrl":"http:\/\/0.gravatar.com\/avatar\/f64806401ad5ed604ffec2272b19ef46?s=96&d=identicon&r=g","caption":"Mohamed Salah Ben Amor"},"sameAs":["http:\/\/ben-amor.info"],"url":"http:\/\/www.masharif.com\/fr\/author\/msba\/"}]}},"_links":{"self":[{"href":"http:\/\/www.masharif.com\/fr\/wp-json\/wp\/v2\/posts\/9640"}],"collection":[{"href":"http:\/\/www.masharif.com\/fr\/wp-json\/wp\/v2\/posts"}],"about":[{"href":"http:\/\/www.masharif.com\/fr\/wp-json\/wp\/v2\/types\/post"}],"author":[{"embeddable":true,"href":"http:\/\/www.masharif.com\/fr\/wp-json\/wp\/v2\/users\/2"}],"replies":[{"embeddable":true,"href":"http:\/\/www.masharif.com\/fr\/wp-json\/wp\/v2\/comments?post=9640"}],"version-history":[{"count":1,"href":"http:\/\/www.masharif.com\/fr\/wp-json\/wp\/v2\/posts\/9640\/revisions"}],"predecessor-version":[{"id":9642,"href":"http:\/\/www.masharif.com\/fr\/wp-json\/wp\/v2\/posts\/9640\/revisions\/9642"}],"wp:featuredmedia":[{"embeddable":true,"href":"http:\/\/www.masharif.com\/fr\/wp-json\/wp\/v2\/media\/8934"}],"wp:attachment":[{"href":"http:\/\/www.masharif.com\/fr\/wp-json\/wp\/v2\/media?parent=9640"}],"wp:term":[{"taxonomy":"category","embeddable":true,"href":"http:\/\/www.masharif.com\/fr\/wp-json\/wp\/v2\/categories?post=9640"},{"taxonomy":"post_tag","embeddable":true,"href":"http:\/\/www.masharif.com\/fr\/wp-json\/wp\/v2\/tags?post=9640"}],"curies":[{"name":"wp","href":"https:\/\/api.w.org\/{rel}","templated":true}]}}