{"id":8711,"date":"2018-08-25T14:28:14","date_gmt":"2018-08-25T13:28:14","guid":{"rendered":"http:\/\/www.masharif.com\/fr\/?p=8711"},"modified":"2018-08-25T14:29:47","modified_gmt":"2018-08-25T13:29:47","slug":"les-entretiens-de-culminances-1-avec-la-poete-polonaise-monika-del-rio","status":"publish","type":"post","link":"http:\/\/www.masharif.com\/fr\/2018\/08\/25\/les-entretiens-de-culminances-1-avec-la-poete-polonaise-monika-del-rio\/","title":{"rendered":"Les entretiens de \u00ab Culminances \u00bb :1- Avec la po\u00e8te polonaise Monika Del Rio"},"content":{"rendered":"<div id=\"attachment_8712\" style=\"width: 310px\" class=\"wp-caption alignnone\"><a href=\"http:\/\/www.masharif.com\/fr\/wp-content\/uploads\/2018\/08\/18902225_10213386527287267_449169597_n-300x225.jpg\"><img aria-describedby=\"caption-attachment-8712\" loading=\"lazy\" class=\"wp-image-8712 size-medium\" src=\"http:\/\/www.masharif.com\/fr\/wp-content\/uploads\/2018\/08\/18902225_10213386527287267_449169597_n-300x225-300x225.jpg\" alt=\"\" width=\"300\" height=\"225\" \/><\/a><p id=\"caption-attachment-8712\" class=\"wp-caption-text\">Monkika Del Rio<\/p><\/div>\n<p><strong>Qui est Monika Del Rio\u00a0?<\/strong><\/p>\n<p><strong>\u00a0<\/strong><\/p>\n<p><strong>Monika Del Rio est n\u00e9e \u00e0 Varsovie en Pologne. Elle a fait ses \u00e9tudes \u00e0 l\u2019acad\u00e9mie Fr\u00e9d\u00e9ric Chopin \u00e0 Varsovie puis \u00e0 l\u2019\u00e9cole normale sup\u00e9rieure de musique \u00e0 Paris. Elle est une auteure multi dou\u00e9e, \u00e9tant \u00e0 la fois pianiste, peintre, nouvelliste, romanci\u00e8re et po\u00e8te. Pianiste de renomm\u00e9e mondiale sp\u00e9cialis\u00e9e dans l\u2019\u0153uvre de Chopin , elle donne des concerts individuels ou en duo dans les espaces les plus hupp\u00e9s du monde. Sa peinture est influenc\u00e9e par deux \u00e9coles : l\u2019expressionnisme et l\u2019abstrait. Quant \u00e0 ses \u00e9crits narratifs ,qui sont , pour la plupart du temps , en polonais sa langue maternelle , ils sont du type exp\u00e9rimental et elle y exploite \u00e0 fond le cauchemar et l\u2019inconscient , \u00e9tant convaincue que la vie que nous vivons sur terre n\u2019est en r\u00e9alit\u00e9 qu\u2019un r\u00eave et que l\u2019\u00e2me qui est en elle est celle d\u2019une autre personne qui avait v\u00e9cu \u00e0 une autre \u00e9poque il y a des milliers d\u2019 ann\u00e9es .Ses \u00e9crits po\u00e9tiques ,enfin, bien que tardifs, puisqu\u2019elle ne s\u2019y est investie qu\u2019au cours des cinq derni\u00e8res ann\u00e9es depuis son installation \u00e0 Addis Abeba ( Ethiopie ), ils font figure d\u2019une v\u00e9ritable explosion, car en si peu de temps elle a \u00e9crit plus de trois \u00a0 po\u00e8mes. Quant \u00e0 leur contenu, il rel\u00e8ve globalement des m\u00eames pr\u00e9occupations psychiques et existentielles mentionn\u00e9es ci-haut, tandis que sur le plan du style, on y d\u00e9tecte clairement les traces de ses autres dons surtout l\u2019\u00e2me narrative qui les marque profond\u00e9ment et l\u2019atmosph\u00e8re sonore et les flots de couleurs dans lesquels ils baignent. Ce qui fait que les fronti\u00e8res entre les genres litt\u00e9raires et les arts chutent dans ses po\u00e8mes spontan\u00e9ment et non suite \u00e0 une d\u00e9marche m\u00e9thodologique planifi\u00e9e.<\/strong><\/p>\n<p><strong>Elle a \u00e0 son actif deux romans : Les cauchemars terrifiants de l\u2019inspecteur Djin( en polonais) ,Varsovie 1996 \u2013 Sur les pav\u00e9s de Paris ( en fran\u00e7ais) ,Ichraq Editions, Tunis 2011 ,deux recueils de nouvelles :\u00a0 Et si la vie n\u2019\u00e9tait qu\u2019un r\u00eave ( en polonais),Varsovie 1998, puis traduit vers l\u2019arabe par Mohamed Salah Ben Amor, Tunis 2002 \u2013 Sur les c\u00f4tes de Carthage, traduit vers l\u2019arabe par Mohamed Salah Ben Amor, Tunis 2005 et un recueil de po\u00e9sie Etiopiques, Edilivre, Paris 2017.<\/strong><\/p>\n<p>&nbsp;<\/p>\n<p><a href=\"http:\/\/www.masharif.com\/fr\/wp-content\/uploads\/2018\/08\/18944565_10213387275585974_2120608611_n-209x300.png\"><img loading=\"lazy\" class=\"alignnone size-medium wp-image-8713\" src=\"http:\/\/www.masharif.com\/fr\/wp-content\/uploads\/2018\/08\/18944565_10213387275585974_2120608611_n-209x300-209x300.png\" alt=\"\" width=\"209\" height=\"300\" \/><\/a><\/p>\n<p><strong>Question 1: Vous aviez pass\u00e9 votre enfance et votre adolescence dans votre pays natal\u00a0: la Pologne. Puis \u00e0 la premi\u00e8re occasion, vous l\u2019avez quitt\u00e9 \u00a0vers la France avec l\u2019intention de ne plus y revenir et vous ne vous y \u00e9tiez revenue qu\u2019apr\u00e8s la chute du r\u00e9gime en place .La situation dans votre pays\u00a0 \u00e9tait-elle tellement insupportable au point de pousser une jeune intellectuelle comme vous \u00e0 l\u2019\u00e9poque \u00a0\u00e0 s\u2019enfuir \u00e0 l\u2019\u00e9tranger\u00a0?<\/strong><\/p>\n<p>Depuis son apparition, l\u2019homme se trouve nomade dans son \u00e2me.Je pense, qu\u2019\u00e0 l\u2019\u00e9poque, sous le r\u00e9gime pr\u00e9c\u00e9dent , l\u2019impossibilit\u00e9 de me d\u00e9placer, m\u2019\u00e9tait la plus insupportable. Nos passeports \u00e9taient d\u00e9tenus \u00ab\u00a0prisonniers\u00a0\u00bb dans des bureaux de la milice. Et moi-m\u00eame je me sentais prisonni\u00e8re.<\/p>\n<p>En r\u00e9fl\u00e9chissant, je dirais que c\u2019est surtout cet aspect qui m\u2019a pouss\u00e9 \u00e0 prendre la d\u00e9cision de rester \u00e0 Paris.\u00c9videmment, il y avait aussi le c\u00f4t\u00e9 d\u2019aventure. Quand on est jeune on a des r\u00eaves. D\u2019ailleurs, j\u2019ai toujours eu des r\u00eaves\u2026.<\/p>\n<p>&nbsp;<\/p>\n<p><a href=\"http:\/\/www.masharif.com\/fr\/wp-content\/uploads\/2018\/08\/18903054_10213387276706002_1309889702_n-211x300.png\"><img loading=\"lazy\" class=\"alignnone size-medium wp-image-8714\" src=\"http:\/\/www.masharif.com\/fr\/wp-content\/uploads\/2018\/08\/18903054_10213387276706002_1309889702_n-211x300-211x300.png\" alt=\"\" width=\"211\" height=\"300\" \/><\/a><\/p>\n<p><strong>Question 2 :Votre parcours litt\u00e9raire se divise en deux grandes parties\u00a0:la premi\u00e8re qui s\u2019\u00e9tale de vos d\u00e9buts en 1998 jusqu\u2019\u00e0 votre installation en Ethiopie en 2010 \u00e9tait exclusivement narrative (2 romans et 2 recueils de nouvelles) puis tout d\u2019un coup ,le r\u00e9cit a laiss\u00e9 la place \u00e0 la po\u00e9sie et avec un acharnement remarquable ( plus de 500 po\u00e8mes en huit ans ). Comment expliquez-vous ce changement brusque et \u00a0inhabituel\u00a0?<\/strong><\/p>\n<p>J\u2019ai toujours \u00e9crit de la po\u00e9sie. Mon premier po\u00e8me, je l\u2019ai \u00e9crit \u00e0 l\u2019\u00e2ge de 7 ans. Il \u00e9tait intitul\u00e9 \u00ab\u00a0La nuit sur un col rocheux\u00a0\u00bb. Dans ma t\u00eate, j\u2019ai voyag\u00e9 d\u00e9j\u00e0. J\u2019ai continu\u00e9 ensuite mon aventure po\u00e9tique jusqu\u2019\u00e0 mon d\u00e9part vers Paris. Et puis\u2026. silence. Je n\u2019arrivais plus \u00e0 m\u2019exprimer de cette fa\u00e7on. D\u2019ailleurs je n\u2019en avais plus envie. A partir de ce moment, j\u2019\u00e9crivais uniquement des romans et des nouvelles, comme d\u2019habitude, en polonais.<\/p>\n<p>Ce n\u2019\u00e9tait\u00a0 qu\u2019apr\u00e8s mon \u00a0arriv\u00e9e \u00a0en \u00c9thiopienne en 2010, que j\u2019avais \u00a0recommenc\u00e9 \u00e0 \u00e9crire des po\u00e8mes. Les vers s\u2019\u00e9taient mis \u00e0 couler \u00a0vers moi, telle la lave d\u2019un volcan. Et je ne comprenais pas leur provenance.\u00a0 Parfois mon \u00e9tat me faisait presque peur. Je m\u2019emp\u00eachais, moi-m\u00eame, d\u2019\u00e9crire pour pouvoir garder l\u2019esprit sain. Je n\u2019arrive pas jusqu\u2019\u00e0 maintenant \u00e0 expliquer cet \u00e9tat de choses.<\/p>\n<p>Ou bien, comme en prenant l\u2019exemple d\u2019un d\u2019instrument de musique\u00a0: peut-\u00eatre qu\u2019une corde sensible \u00e9tait touch\u00e9e en moi \u2026ce \u00a0qui avait \u00a0probablement provoqu\u00e9 cette avalanche de po\u00e8mes. D\u2019un autre c\u00f4t\u00e9 je pense que certaines langues se pr\u00eatent plus \u00e0 l\u2019art po\u00e9tique que d\u2019autres, o\u00f9 on s\u2019exprime mieux en prose. En Ethiopie, j\u2019ai d\u00e9cid\u00e9 de composer mes po\u00e8mes en fran\u00e7ais, directement. Et je pense que c\u2019est peut-\u00eatre cela qui m\u2019a lib\u00e9r\u00e9.<\/p>\n<p><a href=\"http:\/\/www.masharif.com\/fr\/wp-content\/uploads\/2018\/08\/18903010_10213387277826030_198661868_n-198x300.png\"><img loading=\"lazy\" class=\"alignnone size-medium wp-image-8716\" src=\"http:\/\/www.masharif.com\/fr\/wp-content\/uploads\/2018\/08\/18903010_10213387277826030_198661868_n-198x300-198x300.png\" alt=\"\" width=\"198\" height=\"300\" \/><\/a><\/p>\n<p><strong>Question 3 : Le r\u00eave occupe une place pr\u00e9pond\u00e9rante dans vos \u00e9crits qu\u2019ils soient narratifs ou po\u00e9tiques. Mais certains d\u2019entre eux \u00a0ont une teneur nettement r\u00e9aliste .S&#8217;agit-il l\u00e0 d&#8217;une \u00e9volution ou tout simplement d&#8217;un \u00e9cart passager?<\/strong><\/p>\n<p>Dans les r\u00eaves tout est possible. Mais je ne dirige pas mes r\u00eaves. Ils viennent comme ils le veulent, color\u00e9s, effrayants, pleins d\u2019aventures, pr\u00e9monitoires, significatifs, symboliques, presque r\u00e9els ou bien tout \u00e0 fait farfelus. Dans mes r\u00eaves je vole comme un oiseau, je me transforme en un animal fantasque, je prends l\u2019aspect d\u2019un arbre. Je peux aussi transformer les autres. Dans la vraie vie , bien entendu c\u2019est plus difficile.<\/p>\n<p><a href=\"http:\/\/www.masharif.com\/fr\/wp-content\/uploads\/2018\/08\/18902155_10213387281626125_355345702_n-193x300.png\"><img loading=\"lazy\" class=\"alignnone size-medium wp-image-8717\" src=\"http:\/\/www.masharif.com\/fr\/wp-content\/uploads\/2018\/08\/18902155_10213387281626125_355345702_n-193x300-193x300.png\" alt=\"\" width=\"193\" height=\"300\" \/><\/a><br \/>\n<strong>Question 4: Le voyage est l\u2019un des th\u00e8mes principaux \u00a0autour desquels \u00a0tournent vos textes. Mais il semble qu&#8217;il s&#8217;agit plut\u00f4t de voyages entrepris \u00e0 l&#8217;int\u00e9rieur de l&#8217;\u00e2me et de l&#8217;inconscient et non \u00e0 travers l&#8217;espace. Qu\u2019en pensez-vous?<\/strong><\/p>\n<p>Je pense que le fait de rester enferm\u00e9e jusqu\u2019\u00e0 l\u2019\u00e2ge de 23 ans dans ma bulle solitaire d\u2019une pianiste-concertiste, coup\u00e9e du monde ext\u00e9rieur, a d\u00e9velopp\u00e9 en \u00a0moi cette sorte de voyage interne. J\u2019essayais de me persuader de ce que disait \u00a0\u00a0le grand philosophe, Emmanuel Kant, qu\u2019il n\u2019est pas n\u00e9cessaire de bouger de chez soi pour pouvoir cr\u00e9er. Kant n\u2019avait \u00a0jamais quitt\u00e9 sa ville natale. J\u2019avais donc \u00a0voyag\u00e9 \u0639\u062c\u064a\u0628 \u00e0 travers des livres, des contes et des po\u00e8mes que je d\u00e9vorais \u00e0 chaque seconde libre.<\/p>\n<p><a href=\"http:\/\/www.masharif.com\/fr\/wp-content\/uploads\/2018\/08\/18871628_10213387280146088_1214529841_n-201x300-1.png\"><img loading=\"lazy\" class=\"alignnone size-medium wp-image-8715\" src=\"http:\/\/www.masharif.com\/fr\/wp-content\/uploads\/2018\/08\/18871628_10213387280146088_1214529841_n-201x300-1-201x300.png\" alt=\"\" width=\"201\" height=\"300\" \/><\/a><\/p>\n<p><strong>Question 5 :Vous \u00eates pianiste de renomm\u00e9e mondiale et j\u2019\u00e9tais pr\u00e9sent au concert que vous aviez donn\u00e9 dans le palais du baron d\u2019Erlanger \u00e0 Sidi Bousaid en Tunisie et qui s\u2019\u00e9tait d\u00e9roul\u00e9 \u00e0 guichets ferm\u00e9s. Cet \u00e9l\u00e9ment important suscite la question suivante\u00a0: \u00ab\u00a0 Si la relation entre la musique et la po\u00e9sie est tr\u00e8s \u00e9troite en raison de la place qu\u2019occupe le rythme dans cet art linguistique, peut-on dire que votre \u00e2me musicale influe aussi sur vos \u00e9crits narratifs\u00a0? Si oui de quelle fa\u00e7on\u00a0?<\/strong><\/p>\n<p>La musique fait partie ma vie, depuis que je suis n\u00e9e. Elle m\u2019entoure, elle m\u2019habite. Tous mes souvenirs, toutes mes pens\u00e9es sont li\u00e9s avec elle. Alors il me semble tout \u00e0 fait naturel qu\u2019elle fait partie de mes \u00e9crits aussi.<\/p>\n<p><a href=\"http:\/\/www.masharif.com\/fr\/wp-content\/uploads\/2018\/08\/18209414_10213103708856983_4721114582632686249_o-300x219.jpg\"><img loading=\"lazy\" class=\"alignnone size-medium wp-image-8718\" src=\"http:\/\/www.masharif.com\/fr\/wp-content\/uploads\/2018\/08\/18209414_10213103708856983_4721114582632686249_o-300x219-300x219.jpg\" alt=\"\" width=\"300\" height=\"219\" \/><\/a><\/p>\n<p><strong>Question 6 : La m\u00eame question se pose aussi \u00a0concernant votre troisi\u00e8me don\u00a0: la peinture. Vous \u00eates aussi peintre de renomm\u00e9e mondiale .Mais contrairement \u00e0 la musique, l\u2019\u00e2me picturale influe sur le r\u00e9cit surtout au niveau de la description. Sentez-vous qu\u2019elle influe aussi sur votre \u00e9criture narrative\u00a0?<\/strong><\/p>\n<p>Les arts sont pour moi ins\u00e9parables. L\u2019un influence l\u2019autre. La musique, l\u2019\u00e9criture, la peinture se compl\u00e8tent, se composent et se recomposent ensemble, l\u2019une \u00e0 travers \u00a0l\u2019autre.<\/p>\n<p>Nombreux artistes, surtout \u00e0 l\u2019\u00e9poque de renaissance, mais pas seulement, pratiquaient plusieurs arts \u00e0 la fois. Derni\u00e8rement, j\u2019ai visit\u00e9 une exposition consacr\u00e9e \u00e0 l\u2019artiste fran\u00e7ais Odilon Redon (1840-1916) qui pourrait illustrer tr\u00e8s justement ce cas. Redon \u00e9tait peintre, musicien et \u00e9crivain \u00e0 la fois. Et quelle stup\u00e9faction et plaisir pour moi d\u2019avoir\u00a0 trouv\u00e9 ses peintures tellement oniriques\u00a0!<\/p>\n<p><a href=\"http:\/\/www.masharif.com\/fr\/wp-content\/uploads\/2018\/08\/12418898_1224045630957369_1839930803141227713_o.jpg\"><img loading=\"lazy\" class=\"alignnone size-medium wp-image-8719\" src=\"http:\/\/www.masharif.com\/fr\/wp-content\/uploads\/2018\/08\/12418898_1224045630957369_1839930803141227713_o-300x209.jpg\" alt=\"\" width=\"300\" height=\"209\" srcset=\"http:\/\/www.masharif.com\/fr\/wp-content\/uploads\/2018\/08\/12418898_1224045630957369_1839930803141227713_o-300x209.jpg 300w, http:\/\/www.masharif.com\/fr\/wp-content\/uploads\/2018\/08\/12418898_1224045630957369_1839930803141227713_o-768x534.jpg 768w, http:\/\/www.masharif.com\/fr\/wp-content\/uploads\/2018\/08\/12418898_1224045630957369_1839930803141227713_o-1024x712.jpg 1024w, http:\/\/www.masharif.com\/fr\/wp-content\/uploads\/2018\/08\/12418898_1224045630957369_1839930803141227713_o.jpg 1200w\" sizes=\"(max-width: 300px) 100vw, 300px\" \/><\/a><br \/>\n<strong>Question 7 :<\/strong> <strong>Les \u00e9crivains europ\u00e9ens qui ont \u00e9crit sur l\u2019Orient et l\u2019Afrique \u00a0(Chateaubriand, Gide Maupassant&#8230;) s\u2019\u00e9taient laiss\u00e9 entra\u00eener derri\u00e8re un sentiment\u00a0 explicitement exotique. Avez-vous \u00e9prouv\u00e9 le m\u00eame sentiment en \u00e9crivant vos textes lorsque vous aviez r\u00e9sid\u00e9e\u00a0 pendant des ann\u00e9es en Tunisie et puis \u00a0en \u00c9thiopie ?<\/strong><\/p>\n<p>Bien \u00e9videmment, l\u2019exotisme est la premi\u00e8re chose qu\u2019on ressent, qu\u2019on cherche ou bien \u00e0 quoi on s\u2019attend en visitant des pays lointains. Et puis, il vient le revers de choses. On commence \u00e0 approfondir l\u2019image. Gr\u00e2ce aux amiti\u00e9s, \u00e0 l\u2019accoutumance \u00e0 la vie quotidienne, \u00e0 la culture. Mais pour cela il faut du temps. J\u2019avais eu \u00a0le privil\u00e8ge d\u2019habiter en Tunisie pendant 5 ann\u00e9es et en Ethiopie pendant 4 ans.<\/p>\n<p>Je pense aussi que l\u2019effet d\u2019\u00eatre confront\u00e9e \u00a0\u00e0 une autre civilisation enrichit l\u2019\u00e9tranger \u00a0et lui inspire \u00a0des id\u00e9es nouvelles. Cela contribue aussi \u00e0 d\u00e9ployer en toute largeur, les ailes de l\u2019inspiration.<\/p>\n<p><a href=\"http:\/\/www.masharif.com\/fr\/wp-content\/uploads\/2018\/08\/thumbnail-2.jpg\"><img loading=\"lazy\" class=\"alignnone size-medium wp-image-8720\" src=\"http:\/\/www.masharif.com\/fr\/wp-content\/uploads\/2018\/08\/thumbnail-2-300x217.jpg\" alt=\"\" width=\"300\" height=\"217\" srcset=\"http:\/\/www.masharif.com\/fr\/wp-content\/uploads\/2018\/08\/thumbnail-2-300x217.jpg 300w, http:\/\/www.masharif.com\/fr\/wp-content\/uploads\/2018\/08\/thumbnail-2-768x556.jpg 768w, http:\/\/www.masharif.com\/fr\/wp-content\/uploads\/2018\/08\/thumbnail-2-1024x741.jpg 1024w, http:\/\/www.masharif.com\/fr\/wp-content\/uploads\/2018\/08\/thumbnail-2.jpg 1080w\" sizes=\"(max-width: 300px) 100vw, 300px\" \/><\/a><\/p>\n<p><strong>Question \u00a0 8 :<\/strong> <strong>Face aux \u00e9v\u00e8nements tragiques qui se d\u00e9roulent depuis plus de huit ans en Syrie, au Y\u00e9men , en Irak, en Libye\u2026 suite \u00e0 des complots foment\u00e9s en Occident avec la complicit\u00e9 de certains pays arabes riches ,\u00a0 pensez-vous que le dialogue entre l&#8217;Occident et l&#8217;Orient est toujours possible ?<\/strong><\/p>\n<p>Le dialogue \u2013 oui\u00a0! Il faut rester ouvert. Si on se ferme, rien n\u2019est plus possible. A mon avis, il ne s\u2019agit pas de probl\u00e8mes sur la ligne Orient-Occident. Je pense plut\u00f4t que se sont des forces du Mal qui s\u2019affrontent. Je ne suis pas politicienne, loin de l\u00e0. Mais si je l\u2019\u00e9tais, je ferais TOUT pour que l\u2019amour, la paix et la compr\u00e9hension r\u00e8gnent dans le monde entier.<\/p>\n<p>&nbsp;<\/p>\n<p><strong>Question 9 : Votre appartenance\u00a0 \u00e0 la s\u00e9lection po\u00e9tique mondiale vous a-t-elle apport\u00e9 quelque chose\u00a0?<\/strong><\/p>\n<p>Bien \u00e9videmment\u00a0! Elle m\u2019a permis de conna\u00eetre beaucoup d\u2019excellents po\u00e8tes du monde entier et aussi de faire partie d\u2019un livre tr\u00e8s important, regroupant tous les mouvements po\u00e9tiques\u00a0: \u00ab\u00a0Analectes de la po\u00e9sie mondiale\u00a0\u00bb.<\/p>\n<p>&nbsp;<\/p>\n<p><strong>Question 10 :\u00a0<\/strong> P<strong>arlez-nous de vos prochains projets litt\u00e9raires\u00a0?<\/strong><\/p>\n<p>Mon second recueil de po\u00e8mes, intitul\u00e9 \u00ab\u00a0Le p\u00e9cheur d\u2019\u00e9toiles\u00a0\u00bb est d\u00e9j\u00e0 pr\u00eat. Il n\u2019attend qu\u2019un \u00e9diteur, volontaire \u00e0 m\u2019accompagner dans cette nouvelle aventure po\u00e9tique.<\/p>\n<p>Je suis en train d\u2019\u00e9crire aussi un roman\u00a0:intitul\u00e9 \u00a0\u00ab\u00a0La nuit abyssinienne\u00a0\u00bb. Toujours inspir\u00e9e par les voyages\u00a0!\u00a0 Sinon, il y a plein d\u2019autres projets, commenc\u00e9s et abandonn\u00e9s au cours de temps, ils attendent leur r\u00e9apparition, quelque part au fond d\u2019un tiroir.<\/p>\n<p>&nbsp;<\/p>\n<p>&nbsp;<\/p>\n","protected":false},"excerpt":{"rendered":"<p>Qui est Monika Del Rio\u00a0? \u00a0 Monika Del Rio est n\u00e9e \u00e0 Varsovie en Pologne. Elle a fait ses \u00e9tudes \u00e0 l\u2019acad\u00e9mie Fr\u00e9d\u00e9ric Chopin \u00e0 Varsovie puis \u00e0 l\u2019\u00e9cole normale sup\u00e9rieure de musique \u00e0 Paris. Elle est une auteure multi dou\u00e9e, \u00e9tant \u00e0 la fois pianiste, peintre, nouvelliste, romanci\u00e8re et po\u00e8te. Pianiste de renomm\u00e9e mondiale &#8230;<\/p>\n","protected":false},"author":2,"featured_media":8712,"comment_status":"open","ping_status":"open","sticky":false,"template":"","format":"standard","meta":[],"categories":[10],"tags":[],"yoast_head":"<!-- This site is optimized with the Yoast SEO plugin v19.3 - https:\/\/yoast.com\/wordpress\/plugins\/seo\/ -->\n<title>Les entretiens de \u00ab Culminances \u00bb :1- Avec la po\u00e8te polonaise Monika Del Rio - Culminances<\/title>\n<meta name=\"robots\" content=\"index, follow, max-snippet:-1, max-image-preview:large, max-video-preview:-1\" \/>\n<link rel=\"canonical\" href=\"https:\/\/www.masharif.com\/fr\/2018\/08\/25\/les-entretiens-de-culminances-1-avec-la-poete-polonaise-monika-del-rio\/\" \/>\n<meta property=\"og:locale\" content=\"fr_FR\" \/>\n<meta property=\"og:type\" content=\"article\" \/>\n<meta property=\"og:title\" content=\"Les entretiens de \u00ab Culminances \u00bb :1- Avec la po\u00e8te polonaise Monika Del Rio - Culminances\" \/>\n<meta property=\"og:description\" content=\"Qui est Monika Del Rio\u00a0? \u00a0 Monika Del Rio est n\u00e9e \u00e0 Varsovie en Pologne. Elle a fait ses \u00e9tudes \u00e0 l\u2019acad\u00e9mie Fr\u00e9d\u00e9ric Chopin \u00e0 Varsovie puis \u00e0 l\u2019\u00e9cole normale sup\u00e9rieure de musique \u00e0 Paris. Elle est une auteure multi dou\u00e9e, \u00e9tant \u00e0 la fois pianiste, peintre, nouvelliste, romanci\u00e8re et po\u00e8te. Pianiste de renomm\u00e9e mondiale ...\" \/>\n<meta property=\"og:url\" content=\"https:\/\/www.masharif.com\/fr\/2018\/08\/25\/les-entretiens-de-culminances-1-avec-la-poete-polonaise-monika-del-rio\/\" \/>\n<meta property=\"og:site_name\" content=\"Culminances\" \/>\n<meta property=\"article:published_time\" content=\"2018-08-25T13:28:14+00:00\" \/>\n<meta property=\"article:modified_time\" content=\"2018-08-25T13:29:47+00:00\" \/>\n<meta property=\"og:image\" content=\"https:\/\/www.masharif.com\/fr\/wp-content\/uploads\/2018\/08\/18902225_10213386527287267_449169597_n-300x225.jpg\" \/>\n\t<meta property=\"og:image:width\" content=\"300\" \/>\n\t<meta property=\"og:image:height\" content=\"225\" \/>\n\t<meta property=\"og:image:type\" content=\"image\/jpeg\" \/>\n<meta name=\"author\" content=\"Mohamed Salah Ben Amor\" \/>\n<meta name=\"twitter:card\" content=\"summary\" \/>\n<meta name=\"twitter:label1\" content=\"\u00c9crit par\" \/>\n\t<meta name=\"twitter:data1\" content=\"Mohamed Salah Ben Amor\" \/>\n\t<meta name=\"twitter:label2\" content=\"Dur\u00e9e de lecture estim\u00e9e\" \/>\n\t<meta name=\"twitter:data2\" content=\"9 minutes\" \/>\n<script type=\"application\/ld+json\" class=\"yoast-schema-graph\">{\"@context\":\"https:\/\/schema.org\",\"@graph\":[{\"@type\":\"WebSite\",\"@id\":\"https:\/\/www.masharif.com\/fr\/#website\",\"url\":\"https:\/\/www.masharif.com\/fr\/\",\"name\":\"Culminances\",\"description\":\"\",\"potentialAction\":[{\"@type\":\"SearchAction\",\"target\":{\"@type\":\"EntryPoint\",\"urlTemplate\":\"https:\/\/www.masharif.com\/fr\/?s={search_term_string}\"},\"query-input\":\"required name=search_term_string\"}],\"inLanguage\":\"fr-FR\"},{\"@type\":\"ImageObject\",\"inLanguage\":\"fr-FR\",\"@id\":\"https:\/\/www.masharif.com\/fr\/2018\/08\/25\/les-entretiens-de-culminances-1-avec-la-poete-polonaise-monika-del-rio\/#primaryimage\",\"url\":\"http:\/\/www.masharif.com\/fr\/wp-content\/uploads\/2018\/08\/18902225_10213386527287267_449169597_n-300x225.jpg\",\"contentUrl\":\"http:\/\/www.masharif.com\/fr\/wp-content\/uploads\/2018\/08\/18902225_10213386527287267_449169597_n-300x225.jpg\",\"width\":300,\"height\":225},{\"@type\":\"WebPage\",\"@id\":\"https:\/\/www.masharif.com\/fr\/2018\/08\/25\/les-entretiens-de-culminances-1-avec-la-poete-polonaise-monika-del-rio\/\",\"url\":\"https:\/\/www.masharif.com\/fr\/2018\/08\/25\/les-entretiens-de-culminances-1-avec-la-poete-polonaise-monika-del-rio\/\",\"name\":\"Les entretiens de \u00ab Culminances \u00bb :1- Avec la po\u00e8te polonaise Monika Del Rio - Culminances\",\"isPartOf\":{\"@id\":\"https:\/\/www.masharif.com\/fr\/#website\"},\"primaryImageOfPage\":{\"@id\":\"https:\/\/www.masharif.com\/fr\/2018\/08\/25\/les-entretiens-de-culminances-1-avec-la-poete-polonaise-monika-del-rio\/#primaryimage\"},\"datePublished\":\"2018-08-25T13:28:14+00:00\",\"dateModified\":\"2018-08-25T13:29:47+00:00\",\"author\":{\"@id\":\"https:\/\/www.masharif.com\/fr\/#\/schema\/person\/839a7026efe9fa825134097c1041e4a0\"},\"breadcrumb\":{\"@id\":\"https:\/\/www.masharif.com\/fr\/2018\/08\/25\/les-entretiens-de-culminances-1-avec-la-poete-polonaise-monika-del-rio\/#breadcrumb\"},\"inLanguage\":\"fr-FR\",\"potentialAction\":[{\"@type\":\"ReadAction\",\"target\":[\"https:\/\/www.masharif.com\/fr\/2018\/08\/25\/les-entretiens-de-culminances-1-avec-la-poete-polonaise-monika-del-rio\/\"]}]},{\"@type\":\"BreadcrumbList\",\"@id\":\"https:\/\/www.masharif.com\/fr\/2018\/08\/25\/les-entretiens-de-culminances-1-avec-la-poete-polonaise-monika-del-rio\/#breadcrumb\",\"itemListElement\":[{\"@type\":\"ListItem\",\"position\":1,\"name\":\"Home\",\"item\":\"https:\/\/www.masharif.com\/fr\/\"},{\"@type\":\"ListItem\",\"position\":2,\"name\":\"Les entretiens de \u00ab Culminances \u00bb :1- Avec la po\u00e8te polonaise Monika Del Rio\"}]},{\"@type\":\"Person\",\"@id\":\"https:\/\/www.masharif.com\/fr\/#\/schema\/person\/839a7026efe9fa825134097c1041e4a0\",\"name\":\"Mohamed Salah Ben Amor\",\"image\":{\"@type\":\"ImageObject\",\"inLanguage\":\"fr-FR\",\"@id\":\"https:\/\/www.masharif.com\/fr\/#\/schema\/person\/image\/\",\"url\":\"http:\/\/0.gravatar.com\/avatar\/f64806401ad5ed604ffec2272b19ef46?s=96&d=identicon&r=g\",\"contentUrl\":\"http:\/\/0.gravatar.com\/avatar\/f64806401ad5ed604ffec2272b19ef46?s=96&d=identicon&r=g\",\"caption\":\"Mohamed Salah Ben Amor\"},\"sameAs\":[\"http:\/\/ben-amor.info\"],\"url\":\"http:\/\/www.masharif.com\/fr\/author\/msba\/\"}]}<\/script>\n<!-- \/ Yoast SEO plugin. -->","yoast_head_json":{"title":"Les entretiens de \u00ab Culminances \u00bb :1- Avec la po\u00e8te polonaise Monika Del Rio - Culminances","robots":{"index":"index","follow":"follow","max-snippet":"max-snippet:-1","max-image-preview":"max-image-preview:large","max-video-preview":"max-video-preview:-1"},"canonical":"https:\/\/www.masharif.com\/fr\/2018\/08\/25\/les-entretiens-de-culminances-1-avec-la-poete-polonaise-monika-del-rio\/","og_locale":"fr_FR","og_type":"article","og_title":"Les entretiens de \u00ab Culminances \u00bb :1- Avec la po\u00e8te polonaise Monika Del Rio - Culminances","og_description":"Qui est Monika Del Rio\u00a0? \u00a0 Monika Del Rio est n\u00e9e \u00e0 Varsovie en Pologne. Elle a fait ses \u00e9tudes \u00e0 l\u2019acad\u00e9mie Fr\u00e9d\u00e9ric Chopin \u00e0 Varsovie puis \u00e0 l\u2019\u00e9cole normale sup\u00e9rieure de musique \u00e0 Paris. Elle est une auteure multi dou\u00e9e, \u00e9tant \u00e0 la fois pianiste, peintre, nouvelliste, romanci\u00e8re et po\u00e8te. Pianiste de renomm\u00e9e mondiale ...","og_url":"https:\/\/www.masharif.com\/fr\/2018\/08\/25\/les-entretiens-de-culminances-1-avec-la-poete-polonaise-monika-del-rio\/","og_site_name":"Culminances","article_published_time":"2018-08-25T13:28:14+00:00","article_modified_time":"2018-08-25T13:29:47+00:00","og_image":[{"width":300,"height":225,"url":"https:\/\/www.masharif.com\/fr\/wp-content\/uploads\/2018\/08\/18902225_10213386527287267_449169597_n-300x225.jpg","type":"image\/jpeg"}],"author":"Mohamed Salah Ben Amor","twitter_card":"summary","twitter_misc":{"\u00c9crit par":"Mohamed Salah Ben Amor","Dur\u00e9e de lecture estim\u00e9e":"9 minutes"},"schema":{"@context":"https:\/\/schema.org","@graph":[{"@type":"WebSite","@id":"https:\/\/www.masharif.com\/fr\/#website","url":"https:\/\/www.masharif.com\/fr\/","name":"Culminances","description":"","potentialAction":[{"@type":"SearchAction","target":{"@type":"EntryPoint","urlTemplate":"https:\/\/www.masharif.com\/fr\/?s={search_term_string}"},"query-input":"required name=search_term_string"}],"inLanguage":"fr-FR"},{"@type":"ImageObject","inLanguage":"fr-FR","@id":"https:\/\/www.masharif.com\/fr\/2018\/08\/25\/les-entretiens-de-culminances-1-avec-la-poete-polonaise-monika-del-rio\/#primaryimage","url":"http:\/\/www.masharif.com\/fr\/wp-content\/uploads\/2018\/08\/18902225_10213386527287267_449169597_n-300x225.jpg","contentUrl":"http:\/\/www.masharif.com\/fr\/wp-content\/uploads\/2018\/08\/18902225_10213386527287267_449169597_n-300x225.jpg","width":300,"height":225},{"@type":"WebPage","@id":"https:\/\/www.masharif.com\/fr\/2018\/08\/25\/les-entretiens-de-culminances-1-avec-la-poete-polonaise-monika-del-rio\/","url":"https:\/\/www.masharif.com\/fr\/2018\/08\/25\/les-entretiens-de-culminances-1-avec-la-poete-polonaise-monika-del-rio\/","name":"Les entretiens de \u00ab Culminances \u00bb :1- Avec la po\u00e8te polonaise Monika Del Rio - Culminances","isPartOf":{"@id":"https:\/\/www.masharif.com\/fr\/#website"},"primaryImageOfPage":{"@id":"https:\/\/www.masharif.com\/fr\/2018\/08\/25\/les-entretiens-de-culminances-1-avec-la-poete-polonaise-monika-del-rio\/#primaryimage"},"datePublished":"2018-08-25T13:28:14+00:00","dateModified":"2018-08-25T13:29:47+00:00","author":{"@id":"https:\/\/www.masharif.com\/fr\/#\/schema\/person\/839a7026efe9fa825134097c1041e4a0"},"breadcrumb":{"@id":"https:\/\/www.masharif.com\/fr\/2018\/08\/25\/les-entretiens-de-culminances-1-avec-la-poete-polonaise-monika-del-rio\/#breadcrumb"},"inLanguage":"fr-FR","potentialAction":[{"@type":"ReadAction","target":["https:\/\/www.masharif.com\/fr\/2018\/08\/25\/les-entretiens-de-culminances-1-avec-la-poete-polonaise-monika-del-rio\/"]}]},{"@type":"BreadcrumbList","@id":"https:\/\/www.masharif.com\/fr\/2018\/08\/25\/les-entretiens-de-culminances-1-avec-la-poete-polonaise-monika-del-rio\/#breadcrumb","itemListElement":[{"@type":"ListItem","position":1,"name":"Home","item":"https:\/\/www.masharif.com\/fr\/"},{"@type":"ListItem","position":2,"name":"Les entretiens de \u00ab Culminances \u00bb :1- Avec la po\u00e8te polonaise Monika Del Rio"}]},{"@type":"Person","@id":"https:\/\/www.masharif.com\/fr\/#\/schema\/person\/839a7026efe9fa825134097c1041e4a0","name":"Mohamed Salah Ben Amor","image":{"@type":"ImageObject","inLanguage":"fr-FR","@id":"https:\/\/www.masharif.com\/fr\/#\/schema\/person\/image\/","url":"http:\/\/0.gravatar.com\/avatar\/f64806401ad5ed604ffec2272b19ef46?s=96&d=identicon&r=g","contentUrl":"http:\/\/0.gravatar.com\/avatar\/f64806401ad5ed604ffec2272b19ef46?s=96&d=identicon&r=g","caption":"Mohamed Salah Ben Amor"},"sameAs":["http:\/\/ben-amor.info"],"url":"http:\/\/www.masharif.com\/fr\/author\/msba\/"}]}},"_links":{"self":[{"href":"http:\/\/www.masharif.com\/fr\/wp-json\/wp\/v2\/posts\/8711"}],"collection":[{"href":"http:\/\/www.masharif.com\/fr\/wp-json\/wp\/v2\/posts"}],"about":[{"href":"http:\/\/www.masharif.com\/fr\/wp-json\/wp\/v2\/types\/post"}],"author":[{"embeddable":true,"href":"http:\/\/www.masharif.com\/fr\/wp-json\/wp\/v2\/users\/2"}],"replies":[{"embeddable":true,"href":"http:\/\/www.masharif.com\/fr\/wp-json\/wp\/v2\/comments?post=8711"}],"version-history":[{"count":2,"href":"http:\/\/www.masharif.com\/fr\/wp-json\/wp\/v2\/posts\/8711\/revisions"}],"predecessor-version":[{"id":8722,"href":"http:\/\/www.masharif.com\/fr\/wp-json\/wp\/v2\/posts\/8711\/revisions\/8722"}],"wp:featuredmedia":[{"embeddable":true,"href":"http:\/\/www.masharif.com\/fr\/wp-json\/wp\/v2\/media\/8712"}],"wp:attachment":[{"href":"http:\/\/www.masharif.com\/fr\/wp-json\/wp\/v2\/media?parent=8711"}],"wp:term":[{"taxonomy":"category","embeddable":true,"href":"http:\/\/www.masharif.com\/fr\/wp-json\/wp\/v2\/categories?post=8711"},{"taxonomy":"post_tag","embeddable":true,"href":"http:\/\/www.masharif.com\/fr\/wp-json\/wp\/v2\/tags?post=8711"}],"curies":[{"name":"wp","href":"https:\/\/api.w.org\/{rel}","templated":true}]}}