{"id":8618,"date":"2018-06-18T11:15:57","date_gmt":"2018-06-18T10:15:57","guid":{"rendered":"http:\/\/www.masharif.com\/fr\/?p=8618"},"modified":"2018-06-18T11:15:57","modified_gmt":"2018-06-18T10:15:57","slug":"nai-pleure-deces-pere-salwa-rabhi-tunis-tunisie","status":"publish","type":"post","link":"http:\/\/www.masharif.com\/fr\/2018\/06\/18\/nai-pleure-deces-pere-salwa-rabhi-tunis-tunisie\/","title":{"rendered":"Je n\u2019ai pas pleur\u00e9 ton d\u00e9c\u00e8s mon p\u00e8re ! par :Salwa Rabhi &#8211; Tunis \u2013 Tunisie"},"content":{"rendered":"<div id=\"attachment_8619\" style=\"width: 237px\" class=\"wp-caption alignnone\"><a href=\"http:\/\/www.masharif.com\/fr\/wp-content\/uploads\/2018\/06\/31062198_10212067220299034_2853421974762291200_n.jpg\"><img aria-describedby=\"caption-attachment-8619\" loading=\"lazy\" class=\"wp-image-8619 size-medium\" src=\"http:\/\/www.masharif.com\/fr\/wp-content\/uploads\/2018\/06\/31062198_10212067220299034_2853421974762291200_n-227x300.jpg\" alt=\"\" width=\"227\" height=\"300\" srcset=\"http:\/\/www.masharif.com\/fr\/wp-content\/uploads\/2018\/06\/31062198_10212067220299034_2853421974762291200_n-227x300.jpg 227w, http:\/\/www.masharif.com\/fr\/wp-content\/uploads\/2018\/06\/31062198_10212067220299034_2853421974762291200_n.jpg 300w\" sizes=\"(max-width: 227px) 100vw, 227px\" \/><\/a><p id=\"caption-attachment-8619\" class=\"wp-caption-text\">Salwa Rabhi<\/p><\/div>\n<p>&nbsp;<\/p>\n<p><strong>Je n\u2019ai pas pleur\u00e9 ton d\u00e9c\u00e8s mon p\u00e8re,\u00a0 <\/strong><\/p>\n<p><strong>Moi qui descends de ton c\u0153ur plant\u00e9 dans la po\u00e9sie fugitive.<\/strong><\/p>\n<p><strong>Je suis ton nom cach\u00e9 dans les mots.<\/strong><\/p>\n<p><strong>A l\u2019aube, je chante les images denses du po\u00e8me<\/strong><\/p>\n<p><strong>Au moment o\u00f9 j\u2019\u00e9cris, la bouche riante Et les l\u00e8vres souriantes,<\/strong><\/p>\n<p><strong>La mis\u00e8re que mon c\u0153ur porte \u00f4 mon p\u00e8re. <\/strong><\/p>\n<p><strong>Je te vois ici,<\/strong><\/p>\n<p><strong>Je vois une voix balbutiant mon id\u00e9e muette,<\/strong><\/p>\n<p><strong>Semant une image dans le paradis du sens,<\/strong><\/p>\n<p><strong>Se levant dans l\u2019absence,<\/strong><\/p>\n<p><strong>Passant de mon \u00e2me \u00e0 une \u00e2me qui fuit la poussi\u00e8re<\/strong><\/p>\n<p><strong>Et qui habite les bizarreries du sens.<\/strong><\/p>\n<p><strong>Il est \u00e9trange \u00f4 mon p\u00e8re que je me vois<\/strong><\/p>\n<p><strong>Dans les balcons de leurs yeux<\/strong><\/p>\n<p><strong>R\u00e9p\u00e9ter une id\u00e9e m\u2019habitant en plein c\u0153ur,<\/strong><\/p>\n<p><strong>Battre tel un pouls dans la distance menant au champ du r\u00eave,<\/strong><\/p>\n<p><strong>Cueillir de tes jardins le fruit des po\u00e8tes<\/strong><\/p>\n<p><strong>Et fermer enfin derri\u00e8re nous la porte de la s\u00e9paration \u00f4 mon p\u00e8re\u00a0!<a href=\"https:\/\/www.facebook.com\/salouapoesie\"><br \/>\n<\/a><\/strong><\/p>\n","protected":false},"excerpt":{"rendered":"<p>&nbsp; Je n\u2019ai pas pleur\u00e9 ton d\u00e9c\u00e8s mon p\u00e8re,\u00a0 Moi qui descends de ton c\u0153ur plant\u00e9 dans la po\u00e9sie fugitive. Je suis ton nom cach\u00e9 dans les mots. A l\u2019aube, je chante les images denses du po\u00e8me Au moment o\u00f9 j\u2019\u00e9cris, la bouche riante Et les l\u00e8vres souriantes, La mis\u00e8re que mon c\u0153ur porte \u00f4 &#8230;<\/p>\n","protected":false},"author":2,"featured_media":8619,"comment_status":"open","ping_status":"open","sticky":false,"template":"","format":"standard","meta":[],"categories":[6],"tags":[],"yoast_head":"<!-- This site is optimized with the Yoast SEO plugin v19.3 - https:\/\/yoast.com\/wordpress\/plugins\/seo\/ -->\n<title>Je n\u2019ai pas pleur\u00e9 ton d\u00e9c\u00e8s mon p\u00e8re ! par :Salwa Rabhi - Tunis \u2013 Tunisie - Culminances<\/title>\n<meta name=\"robots\" content=\"index, follow, max-snippet:-1, max-image-preview:large, max-video-preview:-1\" \/>\n<link rel=\"canonical\" href=\"https:\/\/www.masharif.com\/fr\/2018\/06\/18\/nai-pleure-deces-pere-salwa-rabhi-tunis-tunisie\/\" \/>\n<meta property=\"og:locale\" content=\"fr_FR\" \/>\n<meta property=\"og:type\" content=\"article\" \/>\n<meta property=\"og:title\" content=\"Je n\u2019ai pas pleur\u00e9 ton d\u00e9c\u00e8s mon p\u00e8re ! par :Salwa Rabhi - Tunis \u2013 Tunisie - Culminances\" \/>\n<meta property=\"og:description\" content=\"&nbsp; Je n\u2019ai pas pleur\u00e9 ton d\u00e9c\u00e8s mon p\u00e8re,\u00a0 Moi qui descends de ton c\u0153ur plant\u00e9 dans la po\u00e9sie fugitive. Je suis ton nom cach\u00e9 dans les mots. A l\u2019aube, je chante les images denses du po\u00e8me Au moment o\u00f9 j\u2019\u00e9cris, la bouche riante Et les l\u00e8vres souriantes, La mis\u00e8re que mon c\u0153ur porte \u00f4 ...\" \/>\n<meta property=\"og:url\" content=\"https:\/\/www.masharif.com\/fr\/2018\/06\/18\/nai-pleure-deces-pere-salwa-rabhi-tunis-tunisie\/\" \/>\n<meta property=\"og:site_name\" content=\"Culminances\" \/>\n<meta property=\"article:published_time\" content=\"2018-06-18T10:15:57+00:00\" \/>\n<meta property=\"og:image\" content=\"https:\/\/www.masharif.com\/fr\/wp-content\/uploads\/2018\/06\/31062198_10212067220299034_2853421974762291200_n.jpg\" \/>\n\t<meta property=\"og:image:width\" content=\"300\" \/>\n\t<meta property=\"og:image:height\" content=\"397\" \/>\n\t<meta property=\"og:image:type\" content=\"image\/jpeg\" \/>\n<meta name=\"author\" content=\"Mohamed Salah Ben Amor\" \/>\n<meta name=\"twitter:card\" content=\"summary\" \/>\n<meta name=\"twitter:label1\" content=\"\u00c9crit par\" \/>\n\t<meta name=\"twitter:data1\" content=\"Mohamed Salah Ben Amor\" \/>\n\t<meta name=\"twitter:label2\" content=\"Dur\u00e9e de lecture estim\u00e9e\" \/>\n\t<meta name=\"twitter:data2\" content=\"1 minute\" \/>\n<script type=\"application\/ld+json\" class=\"yoast-schema-graph\">{\"@context\":\"https:\/\/schema.org\",\"@graph\":[{\"@type\":\"WebSite\",\"@id\":\"https:\/\/www.masharif.com\/fr\/#website\",\"url\":\"https:\/\/www.masharif.com\/fr\/\",\"name\":\"Culminances\",\"description\":\"\",\"potentialAction\":[{\"@type\":\"SearchAction\",\"target\":{\"@type\":\"EntryPoint\",\"urlTemplate\":\"https:\/\/www.masharif.com\/fr\/?s={search_term_string}\"},\"query-input\":\"required name=search_term_string\"}],\"inLanguage\":\"fr-FR\"},{\"@type\":\"ImageObject\",\"inLanguage\":\"fr-FR\",\"@id\":\"https:\/\/www.masharif.com\/fr\/2018\/06\/18\/nai-pleure-deces-pere-salwa-rabhi-tunis-tunisie\/#primaryimage\",\"url\":\"http:\/\/www.masharif.com\/fr\/wp-content\/uploads\/2018\/06\/31062198_10212067220299034_2853421974762291200_n.jpg\",\"contentUrl\":\"http:\/\/www.masharif.com\/fr\/wp-content\/uploads\/2018\/06\/31062198_10212067220299034_2853421974762291200_n.jpg\",\"width\":300,\"height\":397},{\"@type\":\"WebPage\",\"@id\":\"https:\/\/www.masharif.com\/fr\/2018\/06\/18\/nai-pleure-deces-pere-salwa-rabhi-tunis-tunisie\/\",\"url\":\"https:\/\/www.masharif.com\/fr\/2018\/06\/18\/nai-pleure-deces-pere-salwa-rabhi-tunis-tunisie\/\",\"name\":\"Je n\u2019ai pas pleur\u00e9 ton d\u00e9c\u00e8s mon p\u00e8re ! par :Salwa Rabhi - Tunis \u2013 Tunisie - Culminances\",\"isPartOf\":{\"@id\":\"https:\/\/www.masharif.com\/fr\/#website\"},\"primaryImageOfPage\":{\"@id\":\"https:\/\/www.masharif.com\/fr\/2018\/06\/18\/nai-pleure-deces-pere-salwa-rabhi-tunis-tunisie\/#primaryimage\"},\"datePublished\":\"2018-06-18T10:15:57+00:00\",\"dateModified\":\"2018-06-18T10:15:57+00:00\",\"author\":{\"@id\":\"https:\/\/www.masharif.com\/fr\/#\/schema\/person\/839a7026efe9fa825134097c1041e4a0\"},\"breadcrumb\":{\"@id\":\"https:\/\/www.masharif.com\/fr\/2018\/06\/18\/nai-pleure-deces-pere-salwa-rabhi-tunis-tunisie\/#breadcrumb\"},\"inLanguage\":\"fr-FR\",\"potentialAction\":[{\"@type\":\"ReadAction\",\"target\":[\"https:\/\/www.masharif.com\/fr\/2018\/06\/18\/nai-pleure-deces-pere-salwa-rabhi-tunis-tunisie\/\"]}]},{\"@type\":\"BreadcrumbList\",\"@id\":\"https:\/\/www.masharif.com\/fr\/2018\/06\/18\/nai-pleure-deces-pere-salwa-rabhi-tunis-tunisie\/#breadcrumb\",\"itemListElement\":[{\"@type\":\"ListItem\",\"position\":1,\"name\":\"Home\",\"item\":\"https:\/\/www.masharif.com\/fr\/\"},{\"@type\":\"ListItem\",\"position\":2,\"name\":\"Je n\u2019ai pas pleur\u00e9 ton d\u00e9c\u00e8s mon p\u00e8re ! par :Salwa Rabhi &#8211; Tunis \u2013 Tunisie\"}]},{\"@type\":\"Person\",\"@id\":\"https:\/\/www.masharif.com\/fr\/#\/schema\/person\/839a7026efe9fa825134097c1041e4a0\",\"name\":\"Mohamed Salah Ben Amor\",\"image\":{\"@type\":\"ImageObject\",\"inLanguage\":\"fr-FR\",\"@id\":\"https:\/\/www.masharif.com\/fr\/#\/schema\/person\/image\/\",\"url\":\"http:\/\/0.gravatar.com\/avatar\/f64806401ad5ed604ffec2272b19ef46?s=96&d=identicon&r=g\",\"contentUrl\":\"http:\/\/0.gravatar.com\/avatar\/f64806401ad5ed604ffec2272b19ef46?s=96&d=identicon&r=g\",\"caption\":\"Mohamed Salah Ben Amor\"},\"sameAs\":[\"http:\/\/ben-amor.info\"],\"url\":\"http:\/\/www.masharif.com\/fr\/author\/msba\/\"}]}<\/script>\n<!-- \/ Yoast SEO plugin. -->","yoast_head_json":{"title":"Je n\u2019ai pas pleur\u00e9 ton d\u00e9c\u00e8s mon p\u00e8re ! par :Salwa Rabhi - Tunis \u2013 Tunisie - Culminances","robots":{"index":"index","follow":"follow","max-snippet":"max-snippet:-1","max-image-preview":"max-image-preview:large","max-video-preview":"max-video-preview:-1"},"canonical":"https:\/\/www.masharif.com\/fr\/2018\/06\/18\/nai-pleure-deces-pere-salwa-rabhi-tunis-tunisie\/","og_locale":"fr_FR","og_type":"article","og_title":"Je n\u2019ai pas pleur\u00e9 ton d\u00e9c\u00e8s mon p\u00e8re ! par :Salwa Rabhi - Tunis \u2013 Tunisie - Culminances","og_description":"&nbsp; Je n\u2019ai pas pleur\u00e9 ton d\u00e9c\u00e8s mon p\u00e8re,\u00a0 Moi qui descends de ton c\u0153ur plant\u00e9 dans la po\u00e9sie fugitive. Je suis ton nom cach\u00e9 dans les mots. A l\u2019aube, je chante les images denses du po\u00e8me Au moment o\u00f9 j\u2019\u00e9cris, la bouche riante Et les l\u00e8vres souriantes, La mis\u00e8re que mon c\u0153ur porte \u00f4 ...","og_url":"https:\/\/www.masharif.com\/fr\/2018\/06\/18\/nai-pleure-deces-pere-salwa-rabhi-tunis-tunisie\/","og_site_name":"Culminances","article_published_time":"2018-06-18T10:15:57+00:00","og_image":[{"width":300,"height":397,"url":"https:\/\/www.masharif.com\/fr\/wp-content\/uploads\/2018\/06\/31062198_10212067220299034_2853421974762291200_n.jpg","type":"image\/jpeg"}],"author":"Mohamed Salah Ben Amor","twitter_card":"summary","twitter_misc":{"\u00c9crit par":"Mohamed Salah Ben Amor","Dur\u00e9e de lecture estim\u00e9e":"1 minute"},"schema":{"@context":"https:\/\/schema.org","@graph":[{"@type":"WebSite","@id":"https:\/\/www.masharif.com\/fr\/#website","url":"https:\/\/www.masharif.com\/fr\/","name":"Culminances","description":"","potentialAction":[{"@type":"SearchAction","target":{"@type":"EntryPoint","urlTemplate":"https:\/\/www.masharif.com\/fr\/?s={search_term_string}"},"query-input":"required name=search_term_string"}],"inLanguage":"fr-FR"},{"@type":"ImageObject","inLanguage":"fr-FR","@id":"https:\/\/www.masharif.com\/fr\/2018\/06\/18\/nai-pleure-deces-pere-salwa-rabhi-tunis-tunisie\/#primaryimage","url":"http:\/\/www.masharif.com\/fr\/wp-content\/uploads\/2018\/06\/31062198_10212067220299034_2853421974762291200_n.jpg","contentUrl":"http:\/\/www.masharif.com\/fr\/wp-content\/uploads\/2018\/06\/31062198_10212067220299034_2853421974762291200_n.jpg","width":300,"height":397},{"@type":"WebPage","@id":"https:\/\/www.masharif.com\/fr\/2018\/06\/18\/nai-pleure-deces-pere-salwa-rabhi-tunis-tunisie\/","url":"https:\/\/www.masharif.com\/fr\/2018\/06\/18\/nai-pleure-deces-pere-salwa-rabhi-tunis-tunisie\/","name":"Je n\u2019ai pas pleur\u00e9 ton d\u00e9c\u00e8s mon p\u00e8re ! par :Salwa Rabhi - Tunis \u2013 Tunisie - Culminances","isPartOf":{"@id":"https:\/\/www.masharif.com\/fr\/#website"},"primaryImageOfPage":{"@id":"https:\/\/www.masharif.com\/fr\/2018\/06\/18\/nai-pleure-deces-pere-salwa-rabhi-tunis-tunisie\/#primaryimage"},"datePublished":"2018-06-18T10:15:57+00:00","dateModified":"2018-06-18T10:15:57+00:00","author":{"@id":"https:\/\/www.masharif.com\/fr\/#\/schema\/person\/839a7026efe9fa825134097c1041e4a0"},"breadcrumb":{"@id":"https:\/\/www.masharif.com\/fr\/2018\/06\/18\/nai-pleure-deces-pere-salwa-rabhi-tunis-tunisie\/#breadcrumb"},"inLanguage":"fr-FR","potentialAction":[{"@type":"ReadAction","target":["https:\/\/www.masharif.com\/fr\/2018\/06\/18\/nai-pleure-deces-pere-salwa-rabhi-tunis-tunisie\/"]}]},{"@type":"BreadcrumbList","@id":"https:\/\/www.masharif.com\/fr\/2018\/06\/18\/nai-pleure-deces-pere-salwa-rabhi-tunis-tunisie\/#breadcrumb","itemListElement":[{"@type":"ListItem","position":1,"name":"Home","item":"https:\/\/www.masharif.com\/fr\/"},{"@type":"ListItem","position":2,"name":"Je n\u2019ai pas pleur\u00e9 ton d\u00e9c\u00e8s mon p\u00e8re ! par :Salwa Rabhi &#8211; Tunis \u2013 Tunisie"}]},{"@type":"Person","@id":"https:\/\/www.masharif.com\/fr\/#\/schema\/person\/839a7026efe9fa825134097c1041e4a0","name":"Mohamed Salah Ben Amor","image":{"@type":"ImageObject","inLanguage":"fr-FR","@id":"https:\/\/www.masharif.com\/fr\/#\/schema\/person\/image\/","url":"http:\/\/0.gravatar.com\/avatar\/f64806401ad5ed604ffec2272b19ef46?s=96&d=identicon&r=g","contentUrl":"http:\/\/0.gravatar.com\/avatar\/f64806401ad5ed604ffec2272b19ef46?s=96&d=identicon&r=g","caption":"Mohamed Salah Ben Amor"},"sameAs":["http:\/\/ben-amor.info"],"url":"http:\/\/www.masharif.com\/fr\/author\/msba\/"}]}},"_links":{"self":[{"href":"http:\/\/www.masharif.com\/fr\/wp-json\/wp\/v2\/posts\/8618"}],"collection":[{"href":"http:\/\/www.masharif.com\/fr\/wp-json\/wp\/v2\/posts"}],"about":[{"href":"http:\/\/www.masharif.com\/fr\/wp-json\/wp\/v2\/types\/post"}],"author":[{"embeddable":true,"href":"http:\/\/www.masharif.com\/fr\/wp-json\/wp\/v2\/users\/2"}],"replies":[{"embeddable":true,"href":"http:\/\/www.masharif.com\/fr\/wp-json\/wp\/v2\/comments?post=8618"}],"version-history":[{"count":1,"href":"http:\/\/www.masharif.com\/fr\/wp-json\/wp\/v2\/posts\/8618\/revisions"}],"predecessor-version":[{"id":8620,"href":"http:\/\/www.masharif.com\/fr\/wp-json\/wp\/v2\/posts\/8618\/revisions\/8620"}],"wp:featuredmedia":[{"embeddable":true,"href":"http:\/\/www.masharif.com\/fr\/wp-json\/wp\/v2\/media\/8619"}],"wp:attachment":[{"href":"http:\/\/www.masharif.com\/fr\/wp-json\/wp\/v2\/media?parent=8618"}],"wp:term":[{"taxonomy":"category","embeddable":true,"href":"http:\/\/www.masharif.com\/fr\/wp-json\/wp\/v2\/categories?post=8618"},{"taxonomy":"post_tag","embeddable":true,"href":"http:\/\/www.masharif.com\/fr\/wp-json\/wp\/v2\/tags?post=8618"}],"curies":[{"name":"wp","href":"https:\/\/api.w.org\/{rel}","templated":true}]}}