{"id":8615,"date":"2018-06-18T07:17:45","date_gmt":"2018-06-18T06:17:45","guid":{"rendered":"http:\/\/www.masharif.com\/fr\/?p=8615"},"modified":"2018-06-18T07:17:45","modified_gmt":"2018-06-18T06:17:45","slug":"archives-commentaires-poetiques-de-mohamed-salah-ben-amor-13-poemes-de-karmanda-maghi13-2-reminiscences","status":"publish","type":"post","link":"http:\/\/www.masharif.com\/fr\/2018\/06\/18\/archives-commentaires-poetiques-de-mohamed-salah-ben-amor-13-poemes-de-karmanda-maghi13-2-reminiscences\/","title":{"rendered":"Les archives des commentaires po\u00e9tiques de Mohamed Salah Ben Amor :13 &#8211; Les po\u00e8mes de Karmanda Maghi:13 -2 : R\u00e9miniscences"},"content":{"rendered":"<div id=\"attachment_8439\" style=\"width: 310px\" class=\"wp-caption alignnone\"><a href=\"http:\/\/www.masharif.com\/fr\/wp-content\/uploads\/2018\/05\/1524856_723771827641852_279775102_n.jpg\"><img aria-describedby=\"caption-attachment-8439\" loading=\"lazy\" class=\"wp-image-8439 size-medium\" src=\"http:\/\/www.masharif.com\/fr\/wp-content\/uploads\/2018\/05\/1524856_723771827641852_279775102_n-300x295.jpg\" alt=\"\" width=\"300\" height=\"295\" srcset=\"http:\/\/www.masharif.com\/fr\/wp-content\/uploads\/2018\/05\/1524856_723771827641852_279775102_n-300x295.jpg 300w, http:\/\/www.masharif.com\/fr\/wp-content\/uploads\/2018\/05\/1524856_723771827641852_279775102_n-55x55.jpg 55w, http:\/\/www.masharif.com\/fr\/wp-content\/uploads\/2018\/05\/1524856_723771827641852_279775102_n.jpg 368w\" sizes=\"(max-width: 300px) 100vw, 300px\" \/><\/a><p id=\"caption-attachment-8439\" class=\"wp-caption-text\">Karmanda Maghi<\/p><\/div>\n<p><a href=\"http:\/\/www.masharif.com\/fr\/wp-content\/uploads\/2018\/06\/stock-photo-sad-woman-sitting-on-a-swing-and-holding-a-bouquet-of-wildflowers-495410191.jpg\"><img loading=\"lazy\" class=\"alignnone size-medium wp-image-8616\" src=\"http:\/\/www.masharif.com\/fr\/wp-content\/uploads\/2018\/06\/stock-photo-sad-woman-sitting-on-a-swing-and-holding-a-bouquet-of-wildflowers-495410191-300x213.jpg\" alt=\"\" width=\"300\" height=\"213\" srcset=\"http:\/\/www.masharif.com\/fr\/wp-content\/uploads\/2018\/06\/stock-photo-sad-woman-sitting-on-a-swing-and-holding-a-bouquet-of-wildflowers-495410191-300x213.jpg 300w, http:\/\/www.masharif.com\/fr\/wp-content\/uploads\/2018\/06\/stock-photo-sad-woman-sitting-on-a-swing-and-holding-a-bouquet-of-wildflowers-495410191.jpg 450w\" sizes=\"(max-width: 300px) 100vw, 300px\" \/><\/a><\/p>\n<p>&nbsp;<\/p>\n<p><strong>Je suis tapie aux secrets de la chambre,<\/strong><\/p>\n<p><strong>Je suis l\u2019ombre,\u00a0<\/strong><\/p>\n<p><strong>Je suis murmure Je suis silence<\/strong><\/p>\n<p><strong>Je suis r\u00e9miniscences.<\/strong><\/p>\n<p><strong>Les murs t\u00e9moins muets<\/strong><\/p>\n<p><strong>D\u2019audacieuses caresses,<\/strong><\/p>\n<p><strong>Celles qui rev\u00eataient<\/strong><\/p>\n<p><strong>Vos corps et vos paresses.<\/strong><\/p>\n<p><strong>Les draps froiss\u00e9s, humides\u00a0<\/strong><\/p>\n<p><strong>De toutes vos hardiesses<\/strong><\/p>\n<p><strong>Se souviennent encore, encore, encore\u2026<\/strong><\/p>\n<p><strong>Ils me parlent de nous<\/strong><\/p>\n<p><strong>Ils me parlent de vous<\/strong><\/p>\n<p><strong>De vos \u00e9bats<\/strong><\/p>\n<p><strong>Vous \u00e9tiez ivres<\/strong><\/p>\n<p><strong>Vous \u00e9tiez fous<\/strong><\/p>\n<p><strong>La porte froiss\u00e9e<\/strong><\/p>\n<p><strong>Pour que fuient vos promesses<\/strong><\/p>\n<p><strong>Il flotte un parfum de regrets<\/strong><\/p>\n<p><strong>De ce qui aurait pu \u00eatre<\/strong><\/p>\n<p><strong>De ce qui n\u2019a pas \u00e9t\u00e9.<\/strong><\/p>\n<p><strong>Je suis dans l\u2019ombre\u00a0<\/strong><\/p>\n<p><strong>De vos murmures,\u00a0<\/strong><\/p>\n<p><strong>De vos silences\u00a0<\/strong><\/p>\n<p><strong>Je suis r\u00e9miniscence.<\/strong><\/p>\n<p>&nbsp;<\/p>\n<p>Cette jongleuse de mots , je l&#8217;avais d\u00e9nich\u00e9e un jour\u00a0 lors d\u2019une intrusion fortuite dans son profit non-prot\u00e9g\u00e9 et ouvert aux amis de ses amis. Et malgr\u00e9 que j\u2019eusse\u00a0not\u00e9 l\u2019un de ses po\u00e8mes de la mention \u00ab\u00a0 j\u2019aime\u00a0\u00bb, il n\u2019\u00e9tait pas ais\u00e9 de vous l\u2019amener ici\u00a0 parce qu\u2019elle paraissait h\u00e9sitante et peu confiante en ses moyens.Ce que confirmeraient les deux po\u00e8mes qu\u2019elle m\u2019a propos\u00e9 \u00e0 la fois, \u00a0alors que\u00a0 je n\u2019avais besoin que d\u2019un seul et aussi son nom double\u00a0 qui lui sert peut-\u00eatre de canne de marche au cas o\u00f9 elle tr\u00e9buche . Assez plaisant\u00e9, entrons \u00a0maintenant \u00a0dans le \u00a0vif du sujet\u00a0! Prenons au hasard le po\u00e8me qu\u2019elle a intitul\u00e9 &#8221; R\u00e9miniscences &#8221; \u00a0et reportons le second\u00a0 \u00e0 une \u00a0autre occasion. Apparemment et suite \u00e0 l\u2019usage de la deuxi\u00e8me personne du pluriel &#8221; vous &#8220;, le contexte auquel se rapportent les souvenirs qui y sont \u00e9voqu\u00e9s \u00a0est tr\u00e8s intime et concerne soit \u00a0deux\u00a0personnages seuls \u00a0qui se rencontraient fr\u00e9quemment dans une chambre loin de tout regard, soit plusieurs duos\u00a0qui s\u2019y alternaient \u00a0dans les m\u00eames conditions. Mais \u00e9tant donn\u00e9 que\u00a0 que la locutrice s\u2019int\u00e8gre \u00e0 un groupe \u00a0(<strong>Ils me parlent de nous \/ Ils me parlent de vous<\/strong>), la possibilit\u00e9 \u00a0qu\u2019elle soit participante et non seulement t\u00e9moin n\u2019est pas \u00e0 exclure. Jusque-l\u00e0, deux proc\u00e9d\u00e9s ont \u00e9t\u00e9 mis en \u0153uvre\u00a0: le premier est l\u2019assombrissement\u00a0 \u00a0intentionn\u00e9 du contexte dans lequel\u00a0 ont eu lieu ces \u00e9bats amoureux\u00a0sensuels (<strong>les murs t\u00e9moins muets d\u2019audacieuses caresses, celles qui rev\u00eataient vos corps et vos paresses. les draps froiss\u00e9s, humides\u00a0 de toutes vos hardiesses<\/strong> ). Ce qui est en soi un g\u00e9n\u00e9rateur de suspense. Le second \u00a0proc\u00e9d\u00e9\u00a0 est le choix\u00a0 de ce th\u00e8me \u00a0os\u00e9 porteur d\u2019une forte charge \u00e9motionnelle. Mais l\u2019auteure ne s\u2019en est pas tenue \u00e0 ces deux techniques. Elle a us\u00e9 en plus et \u00e0 outrance de l\u2019auto-identification \u00e0 des ph\u00e9nom\u00e8nes concrets et abstraits \u00e9voquant l\u2019impr\u00e9cision \u00a0(<strong>Je suis l\u2019ombre \/ je suis murmure \/ je suis silence\/ \u00a0je suis r\u00e9miniscences<\/strong>) qui ont eu pour effet de renforcer le premier proc\u00e9d\u00e9. En un mot, ce po\u00e8me d\u00e9voile une conception\u00a0 juste de l\u2019acte d\u2019\u00e9crire en po\u00e9sie qui ne se r\u00e9duit \u00a0pas en une simple expression du ressenti de l\u2019auteur et des \u00e9motions qu\u2019il \u00e9prouve mais exige, avant tout, la capacit\u00e9 de cr\u00e9er des \u00e9carts et de privil\u00e9gier le suggestif au d\u00e9triment du commun et du vulgaire . Continue\u00a0! Tu es sur la \u00a0bonne voix\u00a0!<\/p>\n<p>&nbsp;<\/p>\n","protected":false},"excerpt":{"rendered":"<p>&nbsp; Je suis tapie aux secrets de la chambre, Je suis l\u2019ombre,\u00a0 Je suis murmure Je suis silence Je suis r\u00e9miniscences. Les murs t\u00e9moins muets D\u2019audacieuses caresses, Celles qui rev\u00eataient Vos corps et vos paresses. Les draps froiss\u00e9s, humides\u00a0 De toutes vos hardiesses Se souviennent encore, encore, encore\u2026 Ils me parlent de nous Ils me &#8230;<\/p>\n","protected":false},"author":2,"featured_media":8439,"comment_status":"open","ping_status":"open","sticky":false,"template":"","format":"standard","meta":[],"categories":[8],"tags":[],"yoast_head":"<!-- This site is optimized with the Yoast SEO plugin v19.3 - https:\/\/yoast.com\/wordpress\/plugins\/seo\/ -->\n<title>Les archives des commentaires po\u00e9tiques de Mohamed Salah Ben Amor :13 - Les po\u00e8mes de Karmanda Maghi:13 -2 : R\u00e9miniscences - Culminances<\/title>\n<meta name=\"robots\" content=\"index, follow, max-snippet:-1, max-image-preview:large, max-video-preview:-1\" \/>\n<link rel=\"canonical\" href=\"https:\/\/www.masharif.com\/fr\/2018\/06\/18\/archives-commentaires-poetiques-de-mohamed-salah-ben-amor-13-poemes-de-karmanda-maghi13-2-reminiscences\/\" \/>\n<meta property=\"og:locale\" content=\"fr_FR\" \/>\n<meta property=\"og:type\" content=\"article\" \/>\n<meta property=\"og:title\" content=\"Les archives des commentaires po\u00e9tiques de Mohamed Salah Ben Amor :13 - Les po\u00e8mes de Karmanda Maghi:13 -2 : R\u00e9miniscences - Culminances\" \/>\n<meta property=\"og:description\" content=\"&nbsp; Je suis tapie aux secrets de la chambre, Je suis l\u2019ombre,\u00a0 Je suis murmure Je suis silence Je suis r\u00e9miniscences. Les murs t\u00e9moins muets D\u2019audacieuses caresses, Celles qui rev\u00eataient Vos corps et vos paresses. Les draps froiss\u00e9s, humides\u00a0 De toutes vos hardiesses Se souviennent encore, encore, encore\u2026 Ils me parlent de nous Ils me ...\" \/>\n<meta property=\"og:url\" content=\"https:\/\/www.masharif.com\/fr\/2018\/06\/18\/archives-commentaires-poetiques-de-mohamed-salah-ben-amor-13-poemes-de-karmanda-maghi13-2-reminiscences\/\" \/>\n<meta property=\"og:site_name\" content=\"Culminances\" \/>\n<meta property=\"article:published_time\" content=\"2018-06-18T06:17:45+00:00\" \/>\n<meta property=\"og:image\" content=\"https:\/\/www.masharif.com\/fr\/wp-content\/uploads\/2018\/05\/1524856_723771827641852_279775102_n.jpg\" \/>\n\t<meta property=\"og:image:width\" content=\"368\" \/>\n\t<meta property=\"og:image:height\" content=\"362\" \/>\n\t<meta property=\"og:image:type\" content=\"image\/jpeg\" \/>\n<meta name=\"author\" content=\"Mohamed Salah Ben Amor\" \/>\n<meta name=\"twitter:card\" content=\"summary\" \/>\n<meta name=\"twitter:label1\" content=\"\u00c9crit par\" \/>\n\t<meta name=\"twitter:data1\" content=\"Mohamed Salah Ben Amor\" \/>\n\t<meta name=\"twitter:label2\" content=\"Dur\u00e9e de lecture estim\u00e9e\" \/>\n\t<meta name=\"twitter:data2\" content=\"3 minutes\" \/>\n<script type=\"application\/ld+json\" class=\"yoast-schema-graph\">{\"@context\":\"https:\/\/schema.org\",\"@graph\":[{\"@type\":\"WebSite\",\"@id\":\"https:\/\/www.masharif.com\/fr\/#website\",\"url\":\"https:\/\/www.masharif.com\/fr\/\",\"name\":\"Culminances\",\"description\":\"\",\"potentialAction\":[{\"@type\":\"SearchAction\",\"target\":{\"@type\":\"EntryPoint\",\"urlTemplate\":\"https:\/\/www.masharif.com\/fr\/?s={search_term_string}\"},\"query-input\":\"required name=search_term_string\"}],\"inLanguage\":\"fr-FR\"},{\"@type\":\"ImageObject\",\"inLanguage\":\"fr-FR\",\"@id\":\"https:\/\/www.masharif.com\/fr\/2018\/06\/18\/archives-commentaires-poetiques-de-mohamed-salah-ben-amor-13-poemes-de-karmanda-maghi13-2-reminiscences\/#primaryimage\",\"url\":\"http:\/\/www.masharif.com\/fr\/wp-content\/uploads\/2018\/05\/1524856_723771827641852_279775102_n.jpg\",\"contentUrl\":\"http:\/\/www.masharif.com\/fr\/wp-content\/uploads\/2018\/05\/1524856_723771827641852_279775102_n.jpg\",\"width\":368,\"height\":362},{\"@type\":\"WebPage\",\"@id\":\"https:\/\/www.masharif.com\/fr\/2018\/06\/18\/archives-commentaires-poetiques-de-mohamed-salah-ben-amor-13-poemes-de-karmanda-maghi13-2-reminiscences\/\",\"url\":\"https:\/\/www.masharif.com\/fr\/2018\/06\/18\/archives-commentaires-poetiques-de-mohamed-salah-ben-amor-13-poemes-de-karmanda-maghi13-2-reminiscences\/\",\"name\":\"Les archives des commentaires po\u00e9tiques de Mohamed Salah Ben Amor :13 - Les po\u00e8mes de Karmanda Maghi:13 -2 : R\u00e9miniscences - Culminances\",\"isPartOf\":{\"@id\":\"https:\/\/www.masharif.com\/fr\/#website\"},\"primaryImageOfPage\":{\"@id\":\"https:\/\/www.masharif.com\/fr\/2018\/06\/18\/archives-commentaires-poetiques-de-mohamed-salah-ben-amor-13-poemes-de-karmanda-maghi13-2-reminiscences\/#primaryimage\"},\"datePublished\":\"2018-06-18T06:17:45+00:00\",\"dateModified\":\"2018-06-18T06:17:45+00:00\",\"author\":{\"@id\":\"https:\/\/www.masharif.com\/fr\/#\/schema\/person\/839a7026efe9fa825134097c1041e4a0\"},\"breadcrumb\":{\"@id\":\"https:\/\/www.masharif.com\/fr\/2018\/06\/18\/archives-commentaires-poetiques-de-mohamed-salah-ben-amor-13-poemes-de-karmanda-maghi13-2-reminiscences\/#breadcrumb\"},\"inLanguage\":\"fr-FR\",\"potentialAction\":[{\"@type\":\"ReadAction\",\"target\":[\"https:\/\/www.masharif.com\/fr\/2018\/06\/18\/archives-commentaires-poetiques-de-mohamed-salah-ben-amor-13-poemes-de-karmanda-maghi13-2-reminiscences\/\"]}]},{\"@type\":\"BreadcrumbList\",\"@id\":\"https:\/\/www.masharif.com\/fr\/2018\/06\/18\/archives-commentaires-poetiques-de-mohamed-salah-ben-amor-13-poemes-de-karmanda-maghi13-2-reminiscences\/#breadcrumb\",\"itemListElement\":[{\"@type\":\"ListItem\",\"position\":1,\"name\":\"Home\",\"item\":\"https:\/\/www.masharif.com\/fr\/\"},{\"@type\":\"ListItem\",\"position\":2,\"name\":\"Les archives des commentaires po\u00e9tiques de Mohamed Salah Ben Amor :13 &#8211; Les po\u00e8mes de Karmanda Maghi:13 -2 : R\u00e9miniscences\"}]},{\"@type\":\"Person\",\"@id\":\"https:\/\/www.masharif.com\/fr\/#\/schema\/person\/839a7026efe9fa825134097c1041e4a0\",\"name\":\"Mohamed Salah Ben Amor\",\"image\":{\"@type\":\"ImageObject\",\"inLanguage\":\"fr-FR\",\"@id\":\"https:\/\/www.masharif.com\/fr\/#\/schema\/person\/image\/\",\"url\":\"http:\/\/0.gravatar.com\/avatar\/f64806401ad5ed604ffec2272b19ef46?s=96&d=identicon&r=g\",\"contentUrl\":\"http:\/\/0.gravatar.com\/avatar\/f64806401ad5ed604ffec2272b19ef46?s=96&d=identicon&r=g\",\"caption\":\"Mohamed Salah Ben Amor\"},\"sameAs\":[\"http:\/\/ben-amor.info\"],\"url\":\"http:\/\/www.masharif.com\/fr\/author\/msba\/\"}]}<\/script>\n<!-- \/ Yoast SEO plugin. -->","yoast_head_json":{"title":"Les archives des commentaires po\u00e9tiques de Mohamed Salah Ben Amor :13 - Les po\u00e8mes de Karmanda Maghi:13 -2 : R\u00e9miniscences - Culminances","robots":{"index":"index","follow":"follow","max-snippet":"max-snippet:-1","max-image-preview":"max-image-preview:large","max-video-preview":"max-video-preview:-1"},"canonical":"https:\/\/www.masharif.com\/fr\/2018\/06\/18\/archives-commentaires-poetiques-de-mohamed-salah-ben-amor-13-poemes-de-karmanda-maghi13-2-reminiscences\/","og_locale":"fr_FR","og_type":"article","og_title":"Les archives des commentaires po\u00e9tiques de Mohamed Salah Ben Amor :13 - Les po\u00e8mes de Karmanda Maghi:13 -2 : R\u00e9miniscences - Culminances","og_description":"&nbsp; Je suis tapie aux secrets de la chambre, Je suis l\u2019ombre,\u00a0 Je suis murmure Je suis silence Je suis r\u00e9miniscences. Les murs t\u00e9moins muets D\u2019audacieuses caresses, Celles qui rev\u00eataient Vos corps et vos paresses. Les draps froiss\u00e9s, humides\u00a0 De toutes vos hardiesses Se souviennent encore, encore, encore\u2026 Ils me parlent de nous Ils me ...","og_url":"https:\/\/www.masharif.com\/fr\/2018\/06\/18\/archives-commentaires-poetiques-de-mohamed-salah-ben-amor-13-poemes-de-karmanda-maghi13-2-reminiscences\/","og_site_name":"Culminances","article_published_time":"2018-06-18T06:17:45+00:00","og_image":[{"width":368,"height":362,"url":"https:\/\/www.masharif.com\/fr\/wp-content\/uploads\/2018\/05\/1524856_723771827641852_279775102_n.jpg","type":"image\/jpeg"}],"author":"Mohamed Salah Ben Amor","twitter_card":"summary","twitter_misc":{"\u00c9crit par":"Mohamed Salah Ben Amor","Dur\u00e9e de lecture estim\u00e9e":"3 minutes"},"schema":{"@context":"https:\/\/schema.org","@graph":[{"@type":"WebSite","@id":"https:\/\/www.masharif.com\/fr\/#website","url":"https:\/\/www.masharif.com\/fr\/","name":"Culminances","description":"","potentialAction":[{"@type":"SearchAction","target":{"@type":"EntryPoint","urlTemplate":"https:\/\/www.masharif.com\/fr\/?s={search_term_string}"},"query-input":"required name=search_term_string"}],"inLanguage":"fr-FR"},{"@type":"ImageObject","inLanguage":"fr-FR","@id":"https:\/\/www.masharif.com\/fr\/2018\/06\/18\/archives-commentaires-poetiques-de-mohamed-salah-ben-amor-13-poemes-de-karmanda-maghi13-2-reminiscences\/#primaryimage","url":"http:\/\/www.masharif.com\/fr\/wp-content\/uploads\/2018\/05\/1524856_723771827641852_279775102_n.jpg","contentUrl":"http:\/\/www.masharif.com\/fr\/wp-content\/uploads\/2018\/05\/1524856_723771827641852_279775102_n.jpg","width":368,"height":362},{"@type":"WebPage","@id":"https:\/\/www.masharif.com\/fr\/2018\/06\/18\/archives-commentaires-poetiques-de-mohamed-salah-ben-amor-13-poemes-de-karmanda-maghi13-2-reminiscences\/","url":"https:\/\/www.masharif.com\/fr\/2018\/06\/18\/archives-commentaires-poetiques-de-mohamed-salah-ben-amor-13-poemes-de-karmanda-maghi13-2-reminiscences\/","name":"Les archives des commentaires po\u00e9tiques de Mohamed Salah Ben Amor :13 - Les po\u00e8mes de Karmanda Maghi:13 -2 : R\u00e9miniscences - Culminances","isPartOf":{"@id":"https:\/\/www.masharif.com\/fr\/#website"},"primaryImageOfPage":{"@id":"https:\/\/www.masharif.com\/fr\/2018\/06\/18\/archives-commentaires-poetiques-de-mohamed-salah-ben-amor-13-poemes-de-karmanda-maghi13-2-reminiscences\/#primaryimage"},"datePublished":"2018-06-18T06:17:45+00:00","dateModified":"2018-06-18T06:17:45+00:00","author":{"@id":"https:\/\/www.masharif.com\/fr\/#\/schema\/person\/839a7026efe9fa825134097c1041e4a0"},"breadcrumb":{"@id":"https:\/\/www.masharif.com\/fr\/2018\/06\/18\/archives-commentaires-poetiques-de-mohamed-salah-ben-amor-13-poemes-de-karmanda-maghi13-2-reminiscences\/#breadcrumb"},"inLanguage":"fr-FR","potentialAction":[{"@type":"ReadAction","target":["https:\/\/www.masharif.com\/fr\/2018\/06\/18\/archives-commentaires-poetiques-de-mohamed-salah-ben-amor-13-poemes-de-karmanda-maghi13-2-reminiscences\/"]}]},{"@type":"BreadcrumbList","@id":"https:\/\/www.masharif.com\/fr\/2018\/06\/18\/archives-commentaires-poetiques-de-mohamed-salah-ben-amor-13-poemes-de-karmanda-maghi13-2-reminiscences\/#breadcrumb","itemListElement":[{"@type":"ListItem","position":1,"name":"Home","item":"https:\/\/www.masharif.com\/fr\/"},{"@type":"ListItem","position":2,"name":"Les archives des commentaires po\u00e9tiques de Mohamed Salah Ben Amor :13 &#8211; Les po\u00e8mes de Karmanda Maghi:13 -2 : R\u00e9miniscences"}]},{"@type":"Person","@id":"https:\/\/www.masharif.com\/fr\/#\/schema\/person\/839a7026efe9fa825134097c1041e4a0","name":"Mohamed Salah Ben Amor","image":{"@type":"ImageObject","inLanguage":"fr-FR","@id":"https:\/\/www.masharif.com\/fr\/#\/schema\/person\/image\/","url":"http:\/\/0.gravatar.com\/avatar\/f64806401ad5ed604ffec2272b19ef46?s=96&d=identicon&r=g","contentUrl":"http:\/\/0.gravatar.com\/avatar\/f64806401ad5ed604ffec2272b19ef46?s=96&d=identicon&r=g","caption":"Mohamed Salah Ben Amor"},"sameAs":["http:\/\/ben-amor.info"],"url":"http:\/\/www.masharif.com\/fr\/author\/msba\/"}]}},"_links":{"self":[{"href":"http:\/\/www.masharif.com\/fr\/wp-json\/wp\/v2\/posts\/8615"}],"collection":[{"href":"http:\/\/www.masharif.com\/fr\/wp-json\/wp\/v2\/posts"}],"about":[{"href":"http:\/\/www.masharif.com\/fr\/wp-json\/wp\/v2\/types\/post"}],"author":[{"embeddable":true,"href":"http:\/\/www.masharif.com\/fr\/wp-json\/wp\/v2\/users\/2"}],"replies":[{"embeddable":true,"href":"http:\/\/www.masharif.com\/fr\/wp-json\/wp\/v2\/comments?post=8615"}],"version-history":[{"count":1,"href":"http:\/\/www.masharif.com\/fr\/wp-json\/wp\/v2\/posts\/8615\/revisions"}],"predecessor-version":[{"id":8617,"href":"http:\/\/www.masharif.com\/fr\/wp-json\/wp\/v2\/posts\/8615\/revisions\/8617"}],"wp:featuredmedia":[{"embeddable":true,"href":"http:\/\/www.masharif.com\/fr\/wp-json\/wp\/v2\/media\/8439"}],"wp:attachment":[{"href":"http:\/\/www.masharif.com\/fr\/wp-json\/wp\/v2\/media?parent=8615"}],"wp:term":[{"taxonomy":"category","embeddable":true,"href":"http:\/\/www.masharif.com\/fr\/wp-json\/wp\/v2\/categories?post=8615"},{"taxonomy":"post_tag","embeddable":true,"href":"http:\/\/www.masharif.com\/fr\/wp-json\/wp\/v2\/tags?post=8615"}],"curies":[{"name":"wp","href":"https:\/\/api.w.org\/{rel}","templated":true}]}}