{"id":8402,"date":"2018-05-27T17:18:53","date_gmt":"2018-05-27T16:18:53","guid":{"rendered":"http:\/\/www.masharif.com\/fr\/?p=8402"},"modified":"2018-05-27T17:34:43","modified_gmt":"2018-05-27T16:34:43","slug":"en-dehors-de-la-couverture-informationnelle-par-zouhour-al-arbi-tunis-tunisie","status":"publish","type":"post","link":"http:\/\/www.masharif.com\/fr\/2018\/05\/27\/en-dehors-de-la-couverture-informationnelle-par-zouhour-al-arbi-tunis-tunisie\/","title":{"rendered":"En dehors de la couverture informationnelle par : Zouhour Al-Arbi \u2013Tunis -Tunisie"},"content":{"rendered":"<div id=\"attachment_6646\" style=\"width: 310px\" class=\"wp-caption alignnone\"><a href=\"http:\/\/www.masharif.com\/fr\/wp-content\/uploads\/2018\/01\/1555512_642894989091069_1374062294_n1.jpg\"><img aria-describedby=\"caption-attachment-6646\" loading=\"lazy\" class=\"wp-image-6646 size-medium\" src=\"http:\/\/www.masharif.com\/fr\/wp-content\/uploads\/2018\/01\/1555512_642894989091069_1374062294_n1-300x300.jpg\" alt=\"\" width=\"300\" height=\"300\" srcset=\"http:\/\/www.masharif.com\/fr\/wp-content\/uploads\/2018\/01\/1555512_642894989091069_1374062294_n1-300x300.jpg 300w, http:\/\/www.masharif.com\/fr\/wp-content\/uploads\/2018\/01\/1555512_642894989091069_1374062294_n1-150x150.jpg 150w, http:\/\/www.masharif.com\/fr\/wp-content\/uploads\/2018\/01\/1555512_642894989091069_1374062294_n1-55x55.jpg 55w, http:\/\/www.masharif.com\/fr\/wp-content\/uploads\/2018\/01\/1555512_642894989091069_1374062294_n1.jpg 353w\" sizes=\"(max-width: 300px) 100vw, 300px\" \/><\/a><p id=\"caption-attachment-6646\" class=\"wp-caption-text\">Zouhour Al-Arbi<\/p><\/div>\n<p><a href=\"http:\/\/www.masharif.com\/fr\/wp-content\/uploads\/2018\/05\/stock-photo-woman-writing-224447149.jpg\"><img loading=\"lazy\" class=\"alignnone size-medium wp-image-8403\" src=\"http:\/\/www.masharif.com\/fr\/wp-content\/uploads\/2018\/05\/stock-photo-woman-writing-224447149-300x213.jpg\" alt=\"\" width=\"300\" height=\"213\" srcset=\"http:\/\/www.masharif.com\/fr\/wp-content\/uploads\/2018\/05\/stock-photo-woman-writing-224447149-300x213.jpg 300w, http:\/\/www.masharif.com\/fr\/wp-content\/uploads\/2018\/05\/stock-photo-woman-writing-224447149.jpg 450w\" sizes=\"(max-width: 300px) 100vw, 300px\" \/><\/a><\/p>\n<p>&nbsp;<\/p>\n<p><strong>Des amis parmi ceux qui errent dans la vall\u00e9e de Abqar*<\/strong><\/p>\n<p><strong>Et d\u00e9sirent ardemment \u00e9treindre la po\u00e9sie<\/strong><\/p>\n<p><strong>Dans les maquis des soir\u00e9es<\/strong><\/p>\n<p><strong>Me demandent confus\u00a0:<\/strong><\/p>\n<p><strong>O\u00f9 es-tu \u00f4 descendante des roses\u00a0?<\/strong><\/p>\n<p><strong>Pourquoi nous prives-tu de tes fleurs odorantes\u00a0?<\/strong><\/p>\n<p><strong>Pourquoi ton \u00e9toile s\u2019\u00e9teint-t-elle chaque fois qu\u2019on\u00a0 organise les f\u00eates du po\u00e8me\u00a0<\/strong><\/p>\n<p><strong>Et on ouvre grandement le portail des rencontres\u00a0?<\/strong><\/p>\n<p><strong>La lame de la question m\u2019\u00e9gorge.<\/strong><\/p>\n<p><strong>Et malgr\u00e9 ma dignit\u00e9, s\u2019\u00e9tendent les galaxies de mon silence,\u00a0<\/strong><\/p>\n<p><strong>Faisant agiter les chevaux de mon obstination\u00a0?<\/strong><\/p>\n<p><strong>Hautaine, je m\u2019abstiens de donner une quelconque r\u00e9ponse<\/strong><\/p>\n<p><strong>Pouvant me faire d\u00e9gringoler dans les mares de la banalit\u00e9,<\/strong><\/p>\n<p><strong>Je m\u2019incline alors les doigts en des soleils<\/strong><\/p>\n<p><strong>Eblouissant les yeux malvoyants<\/strong><\/p>\n<p><strong>Et je hennis \u00e0 gorge d\u00e9ploy\u00e9e de rimes<\/strong><\/p>\n<p><strong>A plein souffle et avec un battement de c\u0153ur d\u00e9sordonn\u00e9<\/strong><\/p>\n<p><strong>Dans chaque empan de terre de la patrie.<\/strong><\/p>\n<p><strong>Moi, je suis ici \u00f4 fr\u00e8res et s\u0153urs de la terre\u00a0<\/strong><\/p>\n<p><strong>Parcourant tout lieu en dehors de la couverture,<\/strong><\/p>\n<p><strong>R\u00e9sidant dans l\u2019alphabet en tant qu\u2019\u00e2me libre,<\/strong><\/p>\n<p><strong>Brodant les ruines avec une colle r\u00e9calcitrante<\/strong><\/p>\n<p><strong>Et effeuillant les arbres pour les souhaits avec une plume de roseau. <\/strong><\/p>\n<p><strong>Ici pr\u00e8s de sidret adhdhad *,<\/strong><\/p>\n<p><strong>Je nourris les d\u00e9sorient\u00e9s de graines de nerprun<\/strong><\/p>\n<p><strong>J\u2019incruste mon diad\u00e8me de p\u00e9pites d\u2019amour passionn\u00e9<\/strong><\/p>\n<p><strong>Et matin et soir je le cl\u00f4ture avec les fils du cr\u00e9puscule.<\/strong><\/p>\n<p><strong>\u00d6 Dame de la pr\u00e9sence en d\u00e9pit de l\u2019absence<\/strong><\/p>\n<p><strong>En d\u00e9pit de la douleur de cette question\u00a0!<\/strong><\/p>\n<p><strong>\u00d6 fr\u00e8res de plume et de m\u00eame appartenance\u00a0!<\/strong><\/p>\n<p><strong>Je suis ici entre nu\u00e9e et \u00e9toile,<\/strong><\/p>\n<p><strong>Partageant la table avec la pleine lune des t\u00e9n\u00e8bres<\/strong><\/p>\n<p><strong>Autour d\u2019un verre d\u2019eau d\u2019ond\u00e9e pure et succulente,<\/strong><\/p>\n<p><strong>Plantant ma flamme amoureuse dans la poitrine de l\u2019\u00e9cho.<\/strong><\/p>\n<p><strong>Et de mes l\u00e8vres muettes,<\/strong><\/p>\n<p><strong>J\u2019arrose les humains du miel du verbe.<\/strong><\/p>\n<p><strong>Ici je resterai comme une perle rare en pleine r\u00e9v\u00e9lation <\/strong><\/p>\n<p><strong>Dress\u00e9e sur le pi\u00e9destal \u00e9lev\u00e9 de la fiert\u00e9<\/strong><\/p>\n<p><strong>En dehors de la couverture informationnelle,<\/strong><\/p>\n<p><strong>Ma lueur s\u2019accentue <\/strong><\/p>\n<p><strong>Et \u00e9blouit les yeux malvoyants<\/strong><\/p>\n<p><strong>Se cantonnant derri\u00e8re les voiles\u00a0!<\/strong><\/p>\n<p>&nbsp;<\/p>\n<p>&#8212;&#8212;&#8212;&#8212;&#8212;&#8212;<\/p>\n<p><strong>* la vall\u00e9e de Abqar*:<\/strong>une vall\u00e9e en Arabie o\u00fb selon la l\u00e9gende,les po\u00e8tes rencontraient des djinns qui leur inspiraient leurs po\u00e8mes .<strong><br \/>\n<\/strong><\/p>\n<p><strong>**adhdhad\u00a0<\/strong>: la consonne\u00a0 dhad est une consonne emphatique inter-dentale sp\u00e9cifique \u00e0 la langue arabe.Pour cela, on a appel\u00e9 la langue arabe langue de dhad<\/p>\n<p><strong>\u00a0<\/strong><\/p>\n","protected":false},"excerpt":{"rendered":"<p>&nbsp; Des amis parmi ceux qui errent dans la vall\u00e9e de Abqar* Et d\u00e9sirent ardemment \u00e9treindre la po\u00e9sie Dans les maquis des soir\u00e9es Me demandent confus\u00a0: O\u00f9 es-tu \u00f4 descendante des roses\u00a0? Pourquoi nous prives-tu de tes fleurs odorantes\u00a0? Pourquoi ton \u00e9toile s\u2019\u00e9teint-t-elle chaque fois qu\u2019on\u00a0 organise les f\u00eates du po\u00e8me\u00a0 Et on ouvre grandement &#8230;<\/p>\n","protected":false},"author":2,"featured_media":8406,"comment_status":"open","ping_status":"open","sticky":false,"template":"","format":"standard","meta":[],"categories":[6],"tags":[],"yoast_head":"<!-- This site is optimized with the Yoast SEO plugin v19.3 - https:\/\/yoast.com\/wordpress\/plugins\/seo\/ -->\n<title>En dehors de la couverture informationnelle par : Zouhour Al-Arbi \u2013Tunis -Tunisie - Culminances<\/title>\n<meta name=\"robots\" content=\"index, follow, max-snippet:-1, max-image-preview:large, max-video-preview:-1\" \/>\n<link rel=\"canonical\" href=\"https:\/\/www.masharif.com\/fr\/2018\/05\/27\/en-dehors-de-la-couverture-informationnelle-par-zouhour-al-arbi-tunis-tunisie\/\" \/>\n<meta property=\"og:locale\" content=\"fr_FR\" \/>\n<meta property=\"og:type\" content=\"article\" \/>\n<meta property=\"og:title\" content=\"En dehors de la couverture informationnelle par : Zouhour Al-Arbi \u2013Tunis -Tunisie - Culminances\" \/>\n<meta property=\"og:description\" content=\"&nbsp; Des amis parmi ceux qui errent dans la vall\u00e9e de Abqar* Et d\u00e9sirent ardemment \u00e9treindre la po\u00e9sie Dans les maquis des soir\u00e9es Me demandent confus\u00a0: O\u00f9 es-tu \u00f4 descendante des roses\u00a0? Pourquoi nous prives-tu de tes fleurs odorantes\u00a0? Pourquoi ton \u00e9toile s\u2019\u00e9teint-t-elle chaque fois qu\u2019on\u00a0 organise les f\u00eates du po\u00e8me\u00a0 Et on ouvre grandement ...\" \/>\n<meta property=\"og:url\" content=\"https:\/\/www.masharif.com\/fr\/2018\/05\/27\/en-dehors-de-la-couverture-informationnelle-par-zouhour-al-arbi-tunis-tunisie\/\" \/>\n<meta property=\"og:site_name\" content=\"Culminances\" \/>\n<meta property=\"article:published_time\" content=\"2018-05-27T16:18:53+00:00\" \/>\n<meta property=\"article:modified_time\" content=\"2018-05-27T16:34:43+00:00\" \/>\n<meta property=\"og:image\" content=\"https:\/\/www.masharif.com\/fr\/wp-content\/uploads\/2018\/05\/1555512_642894989091069_1374062294_n1.jpg\" \/>\n\t<meta property=\"og:image:width\" content=\"353\" \/>\n\t<meta property=\"og:image:height\" content=\"354\" \/>\n\t<meta property=\"og:image:type\" content=\"image\/jpeg\" \/>\n<meta name=\"author\" content=\"Mohamed Salah Ben Amor\" \/>\n<meta name=\"twitter:card\" content=\"summary\" \/>\n<meta name=\"twitter:label1\" content=\"\u00c9crit par\" \/>\n\t<meta name=\"twitter:data1\" content=\"Mohamed Salah Ben Amor\" \/>\n\t<meta name=\"twitter:label2\" content=\"Dur\u00e9e de lecture estim\u00e9e\" \/>\n\t<meta name=\"twitter:data2\" content=\"2 minutes\" \/>\n<script type=\"application\/ld+json\" class=\"yoast-schema-graph\">{\"@context\":\"https:\/\/schema.org\",\"@graph\":[{\"@type\":\"WebSite\",\"@id\":\"http:\/\/www.masharif.com\/fr\/#website\",\"url\":\"http:\/\/www.masharif.com\/fr\/\",\"name\":\"Culminances\",\"description\":\"\",\"potentialAction\":[{\"@type\":\"SearchAction\",\"target\":{\"@type\":\"EntryPoint\",\"urlTemplate\":\"http:\/\/www.masharif.com\/fr\/?s={search_term_string}\"},\"query-input\":\"required name=search_term_string\"}],\"inLanguage\":\"fr-FR\"},{\"@type\":\"ImageObject\",\"inLanguage\":\"fr-FR\",\"@id\":\"https:\/\/www.masharif.com\/fr\/2018\/05\/27\/en-dehors-de-la-couverture-informationnelle-par-zouhour-al-arbi-tunis-tunisie\/#primaryimage\",\"url\":\"http:\/\/www.masharif.com\/fr\/wp-content\/uploads\/2018\/05\/1555512_642894989091069_1374062294_n1.jpg\",\"contentUrl\":\"http:\/\/www.masharif.com\/fr\/wp-content\/uploads\/2018\/05\/1555512_642894989091069_1374062294_n1.jpg\",\"width\":353,\"height\":354},{\"@type\":\"WebPage\",\"@id\":\"https:\/\/www.masharif.com\/fr\/2018\/05\/27\/en-dehors-de-la-couverture-informationnelle-par-zouhour-al-arbi-tunis-tunisie\/\",\"url\":\"https:\/\/www.masharif.com\/fr\/2018\/05\/27\/en-dehors-de-la-couverture-informationnelle-par-zouhour-al-arbi-tunis-tunisie\/\",\"name\":\"En dehors de la couverture informationnelle par : Zouhour Al-Arbi \u2013Tunis -Tunisie - Culminances\",\"isPartOf\":{\"@id\":\"http:\/\/www.masharif.com\/fr\/#website\"},\"primaryImageOfPage\":{\"@id\":\"https:\/\/www.masharif.com\/fr\/2018\/05\/27\/en-dehors-de-la-couverture-informationnelle-par-zouhour-al-arbi-tunis-tunisie\/#primaryimage\"},\"datePublished\":\"2018-05-27T16:18:53+00:00\",\"dateModified\":\"2018-05-27T16:34:43+00:00\",\"author\":{\"@id\":\"http:\/\/www.masharif.com\/fr\/#\/schema\/person\/839a7026efe9fa825134097c1041e4a0\"},\"breadcrumb\":{\"@id\":\"https:\/\/www.masharif.com\/fr\/2018\/05\/27\/en-dehors-de-la-couverture-informationnelle-par-zouhour-al-arbi-tunis-tunisie\/#breadcrumb\"},\"inLanguage\":\"fr-FR\",\"potentialAction\":[{\"@type\":\"ReadAction\",\"target\":[\"https:\/\/www.masharif.com\/fr\/2018\/05\/27\/en-dehors-de-la-couverture-informationnelle-par-zouhour-al-arbi-tunis-tunisie\/\"]}]},{\"@type\":\"BreadcrumbList\",\"@id\":\"https:\/\/www.masharif.com\/fr\/2018\/05\/27\/en-dehors-de-la-couverture-informationnelle-par-zouhour-al-arbi-tunis-tunisie\/#breadcrumb\",\"itemListElement\":[{\"@type\":\"ListItem\",\"position\":1,\"name\":\"Home\",\"item\":\"http:\/\/www.masharif.com\/fr\/\"},{\"@type\":\"ListItem\",\"position\":2,\"name\":\"En dehors de la couverture informationnelle par : Zouhour Al-Arbi \u2013Tunis -Tunisie\"}]},{\"@type\":\"Person\",\"@id\":\"http:\/\/www.masharif.com\/fr\/#\/schema\/person\/839a7026efe9fa825134097c1041e4a0\",\"name\":\"Mohamed Salah Ben Amor\",\"image\":{\"@type\":\"ImageObject\",\"inLanguage\":\"fr-FR\",\"@id\":\"http:\/\/www.masharif.com\/fr\/#\/schema\/person\/image\/\",\"url\":\"http:\/\/0.gravatar.com\/avatar\/f64806401ad5ed604ffec2272b19ef46?s=96&d=identicon&r=g\",\"contentUrl\":\"http:\/\/0.gravatar.com\/avatar\/f64806401ad5ed604ffec2272b19ef46?s=96&d=identicon&r=g\",\"caption\":\"Mohamed Salah Ben Amor\"},\"sameAs\":[\"http:\/\/ben-amor.info\"],\"url\":\"http:\/\/www.masharif.com\/fr\/author\/msba\/\"}]}<\/script>\n<!-- \/ Yoast SEO plugin. -->","yoast_head_json":{"title":"En dehors de la couverture informationnelle par : Zouhour Al-Arbi \u2013Tunis -Tunisie - Culminances","robots":{"index":"index","follow":"follow","max-snippet":"max-snippet:-1","max-image-preview":"max-image-preview:large","max-video-preview":"max-video-preview:-1"},"canonical":"https:\/\/www.masharif.com\/fr\/2018\/05\/27\/en-dehors-de-la-couverture-informationnelle-par-zouhour-al-arbi-tunis-tunisie\/","og_locale":"fr_FR","og_type":"article","og_title":"En dehors de la couverture informationnelle par : Zouhour Al-Arbi \u2013Tunis -Tunisie - Culminances","og_description":"&nbsp; Des amis parmi ceux qui errent dans la vall\u00e9e de Abqar* Et d\u00e9sirent ardemment \u00e9treindre la po\u00e9sie Dans les maquis des soir\u00e9es Me demandent confus\u00a0: O\u00f9 es-tu \u00f4 descendante des roses\u00a0? Pourquoi nous prives-tu de tes fleurs odorantes\u00a0? Pourquoi ton \u00e9toile s\u2019\u00e9teint-t-elle chaque fois qu\u2019on\u00a0 organise les f\u00eates du po\u00e8me\u00a0 Et on ouvre grandement ...","og_url":"https:\/\/www.masharif.com\/fr\/2018\/05\/27\/en-dehors-de-la-couverture-informationnelle-par-zouhour-al-arbi-tunis-tunisie\/","og_site_name":"Culminances","article_published_time":"2018-05-27T16:18:53+00:00","article_modified_time":"2018-05-27T16:34:43+00:00","og_image":[{"width":353,"height":354,"url":"https:\/\/www.masharif.com\/fr\/wp-content\/uploads\/2018\/05\/1555512_642894989091069_1374062294_n1.jpg","type":"image\/jpeg"}],"author":"Mohamed Salah Ben Amor","twitter_card":"summary","twitter_misc":{"\u00c9crit par":"Mohamed Salah Ben Amor","Dur\u00e9e de lecture estim\u00e9e":"2 minutes"},"schema":{"@context":"https:\/\/schema.org","@graph":[{"@type":"WebSite","@id":"http:\/\/www.masharif.com\/fr\/#website","url":"http:\/\/www.masharif.com\/fr\/","name":"Culminances","description":"","potentialAction":[{"@type":"SearchAction","target":{"@type":"EntryPoint","urlTemplate":"http:\/\/www.masharif.com\/fr\/?s={search_term_string}"},"query-input":"required name=search_term_string"}],"inLanguage":"fr-FR"},{"@type":"ImageObject","inLanguage":"fr-FR","@id":"https:\/\/www.masharif.com\/fr\/2018\/05\/27\/en-dehors-de-la-couverture-informationnelle-par-zouhour-al-arbi-tunis-tunisie\/#primaryimage","url":"http:\/\/www.masharif.com\/fr\/wp-content\/uploads\/2018\/05\/1555512_642894989091069_1374062294_n1.jpg","contentUrl":"http:\/\/www.masharif.com\/fr\/wp-content\/uploads\/2018\/05\/1555512_642894989091069_1374062294_n1.jpg","width":353,"height":354},{"@type":"WebPage","@id":"https:\/\/www.masharif.com\/fr\/2018\/05\/27\/en-dehors-de-la-couverture-informationnelle-par-zouhour-al-arbi-tunis-tunisie\/","url":"https:\/\/www.masharif.com\/fr\/2018\/05\/27\/en-dehors-de-la-couverture-informationnelle-par-zouhour-al-arbi-tunis-tunisie\/","name":"En dehors de la couverture informationnelle par : Zouhour Al-Arbi \u2013Tunis -Tunisie - Culminances","isPartOf":{"@id":"http:\/\/www.masharif.com\/fr\/#website"},"primaryImageOfPage":{"@id":"https:\/\/www.masharif.com\/fr\/2018\/05\/27\/en-dehors-de-la-couverture-informationnelle-par-zouhour-al-arbi-tunis-tunisie\/#primaryimage"},"datePublished":"2018-05-27T16:18:53+00:00","dateModified":"2018-05-27T16:34:43+00:00","author":{"@id":"http:\/\/www.masharif.com\/fr\/#\/schema\/person\/839a7026efe9fa825134097c1041e4a0"},"breadcrumb":{"@id":"https:\/\/www.masharif.com\/fr\/2018\/05\/27\/en-dehors-de-la-couverture-informationnelle-par-zouhour-al-arbi-tunis-tunisie\/#breadcrumb"},"inLanguage":"fr-FR","potentialAction":[{"@type":"ReadAction","target":["https:\/\/www.masharif.com\/fr\/2018\/05\/27\/en-dehors-de-la-couverture-informationnelle-par-zouhour-al-arbi-tunis-tunisie\/"]}]},{"@type":"BreadcrumbList","@id":"https:\/\/www.masharif.com\/fr\/2018\/05\/27\/en-dehors-de-la-couverture-informationnelle-par-zouhour-al-arbi-tunis-tunisie\/#breadcrumb","itemListElement":[{"@type":"ListItem","position":1,"name":"Home","item":"http:\/\/www.masharif.com\/fr\/"},{"@type":"ListItem","position":2,"name":"En dehors de la couverture informationnelle par : Zouhour Al-Arbi \u2013Tunis -Tunisie"}]},{"@type":"Person","@id":"http:\/\/www.masharif.com\/fr\/#\/schema\/person\/839a7026efe9fa825134097c1041e4a0","name":"Mohamed Salah Ben Amor","image":{"@type":"ImageObject","inLanguage":"fr-FR","@id":"http:\/\/www.masharif.com\/fr\/#\/schema\/person\/image\/","url":"http:\/\/0.gravatar.com\/avatar\/f64806401ad5ed604ffec2272b19ef46?s=96&d=identicon&r=g","contentUrl":"http:\/\/0.gravatar.com\/avatar\/f64806401ad5ed604ffec2272b19ef46?s=96&d=identicon&r=g","caption":"Mohamed Salah Ben Amor"},"sameAs":["http:\/\/ben-amor.info"],"url":"http:\/\/www.masharif.com\/fr\/author\/msba\/"}]}},"_links":{"self":[{"href":"http:\/\/www.masharif.com\/fr\/wp-json\/wp\/v2\/posts\/8402"}],"collection":[{"href":"http:\/\/www.masharif.com\/fr\/wp-json\/wp\/v2\/posts"}],"about":[{"href":"http:\/\/www.masharif.com\/fr\/wp-json\/wp\/v2\/types\/post"}],"author":[{"embeddable":true,"href":"http:\/\/www.masharif.com\/fr\/wp-json\/wp\/v2\/users\/2"}],"replies":[{"embeddable":true,"href":"http:\/\/www.masharif.com\/fr\/wp-json\/wp\/v2\/comments?post=8402"}],"version-history":[{"count":1,"href":"http:\/\/www.masharif.com\/fr\/wp-json\/wp\/v2\/posts\/8402\/revisions"}],"predecessor-version":[{"id":8404,"href":"http:\/\/www.masharif.com\/fr\/wp-json\/wp\/v2\/posts\/8402\/revisions\/8404"}],"wp:featuredmedia":[{"embeddable":true,"href":"http:\/\/www.masharif.com\/fr\/wp-json\/wp\/v2\/media\/8406"}],"wp:attachment":[{"href":"http:\/\/www.masharif.com\/fr\/wp-json\/wp\/v2\/media?parent=8402"}],"wp:term":[{"taxonomy":"category","embeddable":true,"href":"http:\/\/www.masharif.com\/fr\/wp-json\/wp\/v2\/categories?post=8402"},{"taxonomy":"post_tag","embeddable":true,"href":"http:\/\/www.masharif.com\/fr\/wp-json\/wp\/v2\/tags?post=8402"}],"curies":[{"name":"wp","href":"https:\/\/api.w.org\/{rel}","templated":true}]}}