{"id":8049,"date":"2018-04-30T20:03:16","date_gmt":"2018-04-30T19:03:16","guid":{"rendered":"http:\/\/www.masharif.com\/fr\/?p=8049"},"modified":"2018-04-30T20:05:47","modified_gmt":"2018-04-30T19:05:47","slug":"les-archives-des-commentaires-poetiques-de-mohamed-salah-ben-amor-8-les-poemes-de-jose-le-moigne-8-5-orage","status":"publish","type":"post","link":"http:\/\/www.masharif.com\/fr\/2018\/04\/30\/les-archives-des-commentaires-poetiques-de-mohamed-salah-ben-amor-8-les-poemes-de-jose-le-moigne-8-5-orage\/","title":{"rendered":"Les archives des commentaires po\u00e9tiques de Mohamed Salah Ben Amor :8-Les po\u00e8mes de Jos\u00e9 Le Moigne :8-5 : Orage"},"content":{"rendered":"<div id=\"attachment_7811\" style=\"width: 310px\" class=\"wp-caption alignnone\"><a href=\"http:\/\/www.masharif.com\/fr\/wp-content\/uploads\/2018\/04\/1175107_10201952627443882_1458515441_n.jpg\"><img aria-describedby=\"caption-attachment-7811\" loading=\"lazy\" class=\"wp-image-7811 size-medium\" src=\"http:\/\/www.masharif.com\/fr\/wp-content\/uploads\/2018\/04\/1175107_10201952627443882_1458515441_n-300x225.jpg\" alt=\"\" width=\"300\" height=\"225\" srcset=\"http:\/\/www.masharif.com\/fr\/wp-content\/uploads\/2018\/04\/1175107_10201952627443882_1458515441_n-300x225.jpg 300w, http:\/\/www.masharif.com\/fr\/wp-content\/uploads\/2018\/04\/1175107_10201952627443882_1458515441_n.jpg 640w\" sizes=\"(max-width: 300px) 100vw, 300px\" \/><\/a><p id=\"caption-attachment-7811\" class=\"wp-caption-text\">Jos\u00e9 Le Moigne<\/p><\/div>\n<p><a href=\"http:\/\/www.masharif.com\/fr\/wp-content\/uploads\/2018\/04\/lightning-1056419_960_720.jpg\"><img loading=\"lazy\" class=\"alignnone size-medium wp-image-8050\" src=\"http:\/\/www.masharif.com\/fr\/wp-content\/uploads\/2018\/04\/lightning-1056419_960_720-300x192.jpg\" alt=\"\" width=\"300\" height=\"192\" srcset=\"http:\/\/www.masharif.com\/fr\/wp-content\/uploads\/2018\/04\/lightning-1056419_960_720-300x192.jpg 300w, http:\/\/www.masharif.com\/fr\/wp-content\/uploads\/2018\/04\/lightning-1056419_960_720-768x490.jpg 768w, http:\/\/www.masharif.com\/fr\/wp-content\/uploads\/2018\/04\/lightning-1056419_960_720.jpg 960w\" sizes=\"(max-width: 300px) 100vw, 300px\" \/><\/a><\/p>\n<p>&nbsp;<\/p>\n<p><strong>Que faire<br \/>\nque dire<br \/>\nque d\u00e9sirer en somme\u00a0?<\/strong><\/p>\n<p><strong>Dans l\u2019effroi des murailles<br \/>\nl\u2019orage a d\u00e9gain\u00e9<br \/>\nsa puissance de feu.<\/strong><\/p>\n<p><strong>L\u2019ombre fait face avec ardeur<br \/>\n\u00e0 la tourmente des sous bois.<\/strong><\/p>\n<p><strong>Mais je suis prisonnier<br \/>\ndes m\u00e2choires du bruit.<\/strong><\/p>\n<p>Ce nouveau mini-po\u00e8me de Jos\u00e9 Le \u00a0Moigne \u00a0qui semble se sp\u00e9cialiser dans ce genre m\u00e9dian entre le ha\u00efku et le po\u00e8me ordinaire , s\u2019articule autour d\u2019une \u00e9motion aussi forte qu\u2019\u00e9trange que le locuteur lui-m\u00eame reconna\u00eet son incapacit\u00e9 de la g\u00e9rer, en ouvrant son texte sur trois interrogations ( que faire &#8211; que dire- que d\u00e9sirer) qui resteront sans r\u00e9ponse jusqu\u2019\u00e0 l\u2019ultime vers .Cette \u00e9motion s\u2019apparente \u00e0 une phobie angoissante (<strong>effroi- tourmente<\/strong>) li\u00e9e \u00e0 deux contextes :l\u2019un est spatial restreint ,ferm\u00e9( <strong>l\u2019effroi des murailles &#8211; je suis prisonnier<\/strong> ) et situ\u00e9 en bas (<strong>sous bois<\/strong>) et l\u2019autre est sonore, d\u00e9sagr\u00e9able , astreignant et agressif (<strong>m\u00e2choires du<\/strong> <strong>bruit <\/strong>) .Ce qui \u00e9quivaut \u00e0 une prison auditive. Il s\u2019agit donc d\u2019un double sentiment d\u2019enfermement qui peut s\u2019expliquer aussi bien par un retour inconscient \u00e0 la vie ut\u00e9rine pr\u00e9natale ou par la sensation d\u2019\u00e9touffement habituelle qu\u2019on \u00e9prouve dans le milieu urbain ou par la suffocation de claustration existentielle dans ce bas-monde, lesquels sont tous des interpr\u00e9tations possibles valides .<\/p>\n<p>Quant au style employ\u00e9 dans ce texte, il ne s\u2019\u00e9carte pas de l\u2019orientation de l\u2019auteur sur ce plan et qui consiste \u00e0 privil\u00e9gier les \u00e9carts et les connotations au d\u00e9triment des sens d\u00e9notatifs, faisant baigner son discours dans une p\u00e9nombre s\u00e9mantique propice \u00e0 activer la r\u00e9flexion et \u00e0 faire participer le lecteur \u00e0 l\u2019\u00e9laboration du po\u00e8me<\/p>\n","protected":false},"excerpt":{"rendered":"<p>&nbsp; Que faire que dire que d\u00e9sirer en somme\u00a0? Dans l\u2019effroi des murailles l\u2019orage a d\u00e9gain\u00e9 sa puissance de feu. L\u2019ombre fait face avec ardeur \u00e0 la tourmente des sous bois. Mais je suis prisonnier des m\u00e2choires du bruit. Ce nouveau mini-po\u00e8me de Jos\u00e9 Le \u00a0Moigne \u00a0qui semble se sp\u00e9cialiser dans ce genre m\u00e9dian entre &#8230;<\/p>\n","protected":false},"author":2,"featured_media":7811,"comment_status":"open","ping_status":"open","sticky":false,"template":"","format":"standard","meta":[],"categories":[8],"tags":[],"yoast_head":"<!-- This site is optimized with the Yoast SEO plugin v19.3 - https:\/\/yoast.com\/wordpress\/plugins\/seo\/ -->\n<title>Les archives des commentaires po\u00e9tiques de Mohamed Salah Ben Amor :8-Les po\u00e8mes de Jos\u00e9 Le Moigne :8-5 : Orage - Culminances<\/title>\n<meta name=\"robots\" content=\"index, follow, max-snippet:-1, max-image-preview:large, max-video-preview:-1\" \/>\n<link rel=\"canonical\" href=\"https:\/\/www.masharif.com\/fr\/2018\/04\/30\/les-archives-des-commentaires-poetiques-de-mohamed-salah-ben-amor-8-les-poemes-de-jose-le-moigne-8-5-orage\/\" \/>\n<meta property=\"og:locale\" content=\"fr_FR\" \/>\n<meta property=\"og:type\" content=\"article\" \/>\n<meta property=\"og:title\" content=\"Les archives des commentaires po\u00e9tiques de Mohamed Salah Ben Amor :8-Les po\u00e8mes de Jos\u00e9 Le Moigne :8-5 : Orage - Culminances\" \/>\n<meta property=\"og:description\" content=\"&nbsp; Que faire que dire que d\u00e9sirer en somme\u00a0? Dans l\u2019effroi des murailles l\u2019orage a d\u00e9gain\u00e9 sa puissance de feu. L\u2019ombre fait face avec ardeur \u00e0 la tourmente des sous bois. Mais je suis prisonnier des m\u00e2choires du bruit. Ce nouveau mini-po\u00e8me de Jos\u00e9 Le \u00a0Moigne \u00a0qui semble se sp\u00e9cialiser dans ce genre m\u00e9dian entre ...\" \/>\n<meta property=\"og:url\" content=\"https:\/\/www.masharif.com\/fr\/2018\/04\/30\/les-archives-des-commentaires-poetiques-de-mohamed-salah-ben-amor-8-les-poemes-de-jose-le-moigne-8-5-orage\/\" \/>\n<meta property=\"og:site_name\" content=\"Culminances\" \/>\n<meta property=\"article:published_time\" content=\"2018-04-30T19:03:16+00:00\" \/>\n<meta property=\"article:modified_time\" content=\"2018-04-30T19:05:47+00:00\" \/>\n<meta property=\"og:image\" content=\"https:\/\/www.masharif.com\/fr\/wp-content\/uploads\/2018\/04\/1175107_10201952627443882_1458515441_n.jpg\" \/>\n\t<meta property=\"og:image:width\" content=\"640\" \/>\n\t<meta property=\"og:image:height\" content=\"480\" \/>\n\t<meta property=\"og:image:type\" content=\"image\/jpeg\" \/>\n<meta name=\"author\" content=\"Mohamed Salah Ben Amor\" \/>\n<meta name=\"twitter:card\" content=\"summary\" \/>\n<meta name=\"twitter:label1\" content=\"\u00c9crit par\" \/>\n\t<meta name=\"twitter:data1\" content=\"Mohamed Salah Ben Amor\" \/>\n\t<meta name=\"twitter:label2\" content=\"Dur\u00e9e de lecture estim\u00e9e\" \/>\n\t<meta name=\"twitter:data2\" content=\"2 minutes\" \/>\n<script type=\"application\/ld+json\" class=\"yoast-schema-graph\">{\"@context\":\"https:\/\/schema.org\",\"@graph\":[{\"@type\":\"WebSite\",\"@id\":\"http:\/\/www.masharif.com\/fr\/#website\",\"url\":\"http:\/\/www.masharif.com\/fr\/\",\"name\":\"Culminances\",\"description\":\"\",\"potentialAction\":[{\"@type\":\"SearchAction\",\"target\":{\"@type\":\"EntryPoint\",\"urlTemplate\":\"http:\/\/www.masharif.com\/fr\/?s={search_term_string}\"},\"query-input\":\"required name=search_term_string\"}],\"inLanguage\":\"fr-FR\"},{\"@type\":\"ImageObject\",\"inLanguage\":\"fr-FR\",\"@id\":\"https:\/\/www.masharif.com\/fr\/2018\/04\/30\/les-archives-des-commentaires-poetiques-de-mohamed-salah-ben-amor-8-les-poemes-de-jose-le-moigne-8-5-orage\/#primaryimage\",\"url\":\"http:\/\/www.masharif.com\/fr\/wp-content\/uploads\/2018\/04\/1175107_10201952627443882_1458515441_n.jpg\",\"contentUrl\":\"http:\/\/www.masharif.com\/fr\/wp-content\/uploads\/2018\/04\/1175107_10201952627443882_1458515441_n.jpg\",\"width\":640,\"height\":480},{\"@type\":\"WebPage\",\"@id\":\"https:\/\/www.masharif.com\/fr\/2018\/04\/30\/les-archives-des-commentaires-poetiques-de-mohamed-salah-ben-amor-8-les-poemes-de-jose-le-moigne-8-5-orage\/\",\"url\":\"https:\/\/www.masharif.com\/fr\/2018\/04\/30\/les-archives-des-commentaires-poetiques-de-mohamed-salah-ben-amor-8-les-poemes-de-jose-le-moigne-8-5-orage\/\",\"name\":\"Les archives des commentaires po\u00e9tiques de Mohamed Salah Ben Amor :8-Les po\u00e8mes de Jos\u00e9 Le Moigne :8-5 : Orage - Culminances\",\"isPartOf\":{\"@id\":\"http:\/\/www.masharif.com\/fr\/#website\"},\"primaryImageOfPage\":{\"@id\":\"https:\/\/www.masharif.com\/fr\/2018\/04\/30\/les-archives-des-commentaires-poetiques-de-mohamed-salah-ben-amor-8-les-poemes-de-jose-le-moigne-8-5-orage\/#primaryimage\"},\"datePublished\":\"2018-04-30T19:03:16+00:00\",\"dateModified\":\"2018-04-30T19:05:47+00:00\",\"author\":{\"@id\":\"http:\/\/www.masharif.com\/fr\/#\/schema\/person\/839a7026efe9fa825134097c1041e4a0\"},\"breadcrumb\":{\"@id\":\"https:\/\/www.masharif.com\/fr\/2018\/04\/30\/les-archives-des-commentaires-poetiques-de-mohamed-salah-ben-amor-8-les-poemes-de-jose-le-moigne-8-5-orage\/#breadcrumb\"},\"inLanguage\":\"fr-FR\",\"potentialAction\":[{\"@type\":\"ReadAction\",\"target\":[\"https:\/\/www.masharif.com\/fr\/2018\/04\/30\/les-archives-des-commentaires-poetiques-de-mohamed-salah-ben-amor-8-les-poemes-de-jose-le-moigne-8-5-orage\/\"]}]},{\"@type\":\"BreadcrumbList\",\"@id\":\"https:\/\/www.masharif.com\/fr\/2018\/04\/30\/les-archives-des-commentaires-poetiques-de-mohamed-salah-ben-amor-8-les-poemes-de-jose-le-moigne-8-5-orage\/#breadcrumb\",\"itemListElement\":[{\"@type\":\"ListItem\",\"position\":1,\"name\":\"Home\",\"item\":\"http:\/\/www.masharif.com\/fr\/\"},{\"@type\":\"ListItem\",\"position\":2,\"name\":\"Les archives des commentaires po\u00e9tiques de Mohamed Salah Ben Amor :8-Les po\u00e8mes de Jos\u00e9 Le Moigne :8-5 : Orage\"}]},{\"@type\":\"Person\",\"@id\":\"http:\/\/www.masharif.com\/fr\/#\/schema\/person\/839a7026efe9fa825134097c1041e4a0\",\"name\":\"Mohamed Salah Ben Amor\",\"image\":{\"@type\":\"ImageObject\",\"inLanguage\":\"fr-FR\",\"@id\":\"http:\/\/www.masharif.com\/fr\/#\/schema\/person\/image\/\",\"url\":\"http:\/\/0.gravatar.com\/avatar\/f64806401ad5ed604ffec2272b19ef46?s=96&d=identicon&r=g\",\"contentUrl\":\"http:\/\/0.gravatar.com\/avatar\/f64806401ad5ed604ffec2272b19ef46?s=96&d=identicon&r=g\",\"caption\":\"Mohamed Salah Ben Amor\"},\"sameAs\":[\"http:\/\/ben-amor.info\"],\"url\":\"http:\/\/www.masharif.com\/fr\/author\/msba\/\"}]}<\/script>\n<!-- \/ Yoast SEO plugin. -->","yoast_head_json":{"title":"Les archives des commentaires po\u00e9tiques de Mohamed Salah Ben Amor :8-Les po\u00e8mes de Jos\u00e9 Le Moigne :8-5 : Orage - Culminances","robots":{"index":"index","follow":"follow","max-snippet":"max-snippet:-1","max-image-preview":"max-image-preview:large","max-video-preview":"max-video-preview:-1"},"canonical":"https:\/\/www.masharif.com\/fr\/2018\/04\/30\/les-archives-des-commentaires-poetiques-de-mohamed-salah-ben-amor-8-les-poemes-de-jose-le-moigne-8-5-orage\/","og_locale":"fr_FR","og_type":"article","og_title":"Les archives des commentaires po\u00e9tiques de Mohamed Salah Ben Amor :8-Les po\u00e8mes de Jos\u00e9 Le Moigne :8-5 : Orage - Culminances","og_description":"&nbsp; Que faire que dire que d\u00e9sirer en somme\u00a0? Dans l\u2019effroi des murailles l\u2019orage a d\u00e9gain\u00e9 sa puissance de feu. L\u2019ombre fait face avec ardeur \u00e0 la tourmente des sous bois. Mais je suis prisonnier des m\u00e2choires du bruit. Ce nouveau mini-po\u00e8me de Jos\u00e9 Le \u00a0Moigne \u00a0qui semble se sp\u00e9cialiser dans ce genre m\u00e9dian entre ...","og_url":"https:\/\/www.masharif.com\/fr\/2018\/04\/30\/les-archives-des-commentaires-poetiques-de-mohamed-salah-ben-amor-8-les-poemes-de-jose-le-moigne-8-5-orage\/","og_site_name":"Culminances","article_published_time":"2018-04-30T19:03:16+00:00","article_modified_time":"2018-04-30T19:05:47+00:00","og_image":[{"width":640,"height":480,"url":"https:\/\/www.masharif.com\/fr\/wp-content\/uploads\/2018\/04\/1175107_10201952627443882_1458515441_n.jpg","type":"image\/jpeg"}],"author":"Mohamed Salah Ben Amor","twitter_card":"summary","twitter_misc":{"\u00c9crit par":"Mohamed Salah Ben Amor","Dur\u00e9e de lecture estim\u00e9e":"2 minutes"},"schema":{"@context":"https:\/\/schema.org","@graph":[{"@type":"WebSite","@id":"http:\/\/www.masharif.com\/fr\/#website","url":"http:\/\/www.masharif.com\/fr\/","name":"Culminances","description":"","potentialAction":[{"@type":"SearchAction","target":{"@type":"EntryPoint","urlTemplate":"http:\/\/www.masharif.com\/fr\/?s={search_term_string}"},"query-input":"required name=search_term_string"}],"inLanguage":"fr-FR"},{"@type":"ImageObject","inLanguage":"fr-FR","@id":"https:\/\/www.masharif.com\/fr\/2018\/04\/30\/les-archives-des-commentaires-poetiques-de-mohamed-salah-ben-amor-8-les-poemes-de-jose-le-moigne-8-5-orage\/#primaryimage","url":"http:\/\/www.masharif.com\/fr\/wp-content\/uploads\/2018\/04\/1175107_10201952627443882_1458515441_n.jpg","contentUrl":"http:\/\/www.masharif.com\/fr\/wp-content\/uploads\/2018\/04\/1175107_10201952627443882_1458515441_n.jpg","width":640,"height":480},{"@type":"WebPage","@id":"https:\/\/www.masharif.com\/fr\/2018\/04\/30\/les-archives-des-commentaires-poetiques-de-mohamed-salah-ben-amor-8-les-poemes-de-jose-le-moigne-8-5-orage\/","url":"https:\/\/www.masharif.com\/fr\/2018\/04\/30\/les-archives-des-commentaires-poetiques-de-mohamed-salah-ben-amor-8-les-poemes-de-jose-le-moigne-8-5-orage\/","name":"Les archives des commentaires po\u00e9tiques de Mohamed Salah Ben Amor :8-Les po\u00e8mes de Jos\u00e9 Le Moigne :8-5 : Orage - Culminances","isPartOf":{"@id":"http:\/\/www.masharif.com\/fr\/#website"},"primaryImageOfPage":{"@id":"https:\/\/www.masharif.com\/fr\/2018\/04\/30\/les-archives-des-commentaires-poetiques-de-mohamed-salah-ben-amor-8-les-poemes-de-jose-le-moigne-8-5-orage\/#primaryimage"},"datePublished":"2018-04-30T19:03:16+00:00","dateModified":"2018-04-30T19:05:47+00:00","author":{"@id":"http:\/\/www.masharif.com\/fr\/#\/schema\/person\/839a7026efe9fa825134097c1041e4a0"},"breadcrumb":{"@id":"https:\/\/www.masharif.com\/fr\/2018\/04\/30\/les-archives-des-commentaires-poetiques-de-mohamed-salah-ben-amor-8-les-poemes-de-jose-le-moigne-8-5-orage\/#breadcrumb"},"inLanguage":"fr-FR","potentialAction":[{"@type":"ReadAction","target":["https:\/\/www.masharif.com\/fr\/2018\/04\/30\/les-archives-des-commentaires-poetiques-de-mohamed-salah-ben-amor-8-les-poemes-de-jose-le-moigne-8-5-orage\/"]}]},{"@type":"BreadcrumbList","@id":"https:\/\/www.masharif.com\/fr\/2018\/04\/30\/les-archives-des-commentaires-poetiques-de-mohamed-salah-ben-amor-8-les-poemes-de-jose-le-moigne-8-5-orage\/#breadcrumb","itemListElement":[{"@type":"ListItem","position":1,"name":"Home","item":"http:\/\/www.masharif.com\/fr\/"},{"@type":"ListItem","position":2,"name":"Les archives des commentaires po\u00e9tiques de Mohamed Salah Ben Amor :8-Les po\u00e8mes de Jos\u00e9 Le Moigne :8-5 : Orage"}]},{"@type":"Person","@id":"http:\/\/www.masharif.com\/fr\/#\/schema\/person\/839a7026efe9fa825134097c1041e4a0","name":"Mohamed Salah Ben Amor","image":{"@type":"ImageObject","inLanguage":"fr-FR","@id":"http:\/\/www.masharif.com\/fr\/#\/schema\/person\/image\/","url":"http:\/\/0.gravatar.com\/avatar\/f64806401ad5ed604ffec2272b19ef46?s=96&d=identicon&r=g","contentUrl":"http:\/\/0.gravatar.com\/avatar\/f64806401ad5ed604ffec2272b19ef46?s=96&d=identicon&r=g","caption":"Mohamed Salah Ben Amor"},"sameAs":["http:\/\/ben-amor.info"],"url":"http:\/\/www.masharif.com\/fr\/author\/msba\/"}]}},"_links":{"self":[{"href":"http:\/\/www.masharif.com\/fr\/wp-json\/wp\/v2\/posts\/8049"}],"collection":[{"href":"http:\/\/www.masharif.com\/fr\/wp-json\/wp\/v2\/posts"}],"about":[{"href":"http:\/\/www.masharif.com\/fr\/wp-json\/wp\/v2\/types\/post"}],"author":[{"embeddable":true,"href":"http:\/\/www.masharif.com\/fr\/wp-json\/wp\/v2\/users\/2"}],"replies":[{"embeddable":true,"href":"http:\/\/www.masharif.com\/fr\/wp-json\/wp\/v2\/comments?post=8049"}],"version-history":[{"count":2,"href":"http:\/\/www.masharif.com\/fr\/wp-json\/wp\/v2\/posts\/8049\/revisions"}],"predecessor-version":[{"id":8052,"href":"http:\/\/www.masharif.com\/fr\/wp-json\/wp\/v2\/posts\/8049\/revisions\/8052"}],"wp:featuredmedia":[{"embeddable":true,"href":"http:\/\/www.masharif.com\/fr\/wp-json\/wp\/v2\/media\/7811"}],"wp:attachment":[{"href":"http:\/\/www.masharif.com\/fr\/wp-json\/wp\/v2\/media?parent=8049"}],"wp:term":[{"taxonomy":"category","embeddable":true,"href":"http:\/\/www.masharif.com\/fr\/wp-json\/wp\/v2\/categories?post=8049"},{"taxonomy":"post_tag","embeddable":true,"href":"http:\/\/www.masharif.com\/fr\/wp-json\/wp\/v2\/tags?post=8049"}],"curies":[{"name":"wp","href":"https:\/\/api.w.org\/{rel}","templated":true}]}}