{"id":7889,"date":"2018-04-15T12:50:51","date_gmt":"2018-04-15T11:50:51","guid":{"rendered":"http:\/\/www.masharif.com\/fr\/?p=7889"},"modified":"2018-04-15T12:50:51","modified_gmt":"2018-04-15T11:50:51","slug":"mere-crie-vis-mokhtar-el-amraoui-mateur-tunisie","status":"publish","type":"post","link":"http:\/\/www.masharif.com\/fr\/2018\/04\/15\/mere-crie-vis-mokhtar-el-amraoui-mateur-tunisie\/","title":{"rendered":"Ma m\u00e8re crie que je vis !: Mokhtar El Amraoui \u2013 Mateur \u2013Tunisie"},"content":{"rendered":"<div id=\"attachment_7723\" style=\"width: 310px\" class=\"wp-caption alignnone\"><a href=\"http:\/\/www.masharif.com\/fr\/wp-content\/uploads\/2016\/05\/15873618_193799627757791_5380994253286868262_n.jpg\"><img aria-describedby=\"caption-attachment-7723\" loading=\"lazy\" class=\"wp-image-7723 size-medium\" src=\"http:\/\/www.masharif.com\/fr\/wp-content\/uploads\/2016\/05\/15873618_193799627757791_5380994253286868262_n-300x225.jpg\" alt=\"\" width=\"300\" height=\"225\" srcset=\"http:\/\/www.masharif.com\/fr\/wp-content\/uploads\/2016\/05\/15873618_193799627757791_5380994253286868262_n-300x225.jpg 300w, http:\/\/www.masharif.com\/fr\/wp-content\/uploads\/2016\/05\/15873618_193799627757791_5380994253286868262_n-768x576.jpg 768w, http:\/\/www.masharif.com\/fr\/wp-content\/uploads\/2016\/05\/15873618_193799627757791_5380994253286868262_n.jpg 819w\" sizes=\"(max-width: 300px) 100vw, 300px\" \/><\/a><p id=\"caption-attachment-7723\" class=\"wp-caption-text\">Mokhtar El Amraoui<\/p><\/div>\n<p><a href=\"http:\/\/www.masharif.com\/fr\/wp-content\/uploads\/2018\/04\/index-2.jpg\"><img loading=\"lazy\" class=\"alignnone size-medium wp-image-7890\" src=\"http:\/\/www.masharif.com\/fr\/wp-content\/uploads\/2018\/04\/index-2-300x168.jpg\" alt=\"\" width=\"300\" height=\"168\" srcset=\"http:\/\/www.masharif.com\/fr\/wp-content\/uploads\/2018\/04\/index-2-300x168.jpg 300w, http:\/\/www.masharif.com\/fr\/wp-content\/uploads\/2018\/04\/index-2-768x430.jpg 768w, http:\/\/www.masharif.com\/fr\/wp-content\/uploads\/2018\/04\/index-2.jpg 900w\" sizes=\"(max-width: 300px) 100vw, 300px\" \/><\/a><\/p>\n<p>&nbsp;<\/p>\n<div id=\"js_in\" class=\"_5pbx userContent _3576\" data-ft=\"{&quot;tn&quot;:&quot;K&quot;}\">\n<div id=\"id_5ad33bdce1ab35533768182\" class=\"text_exposed_root text_exposed\">\n<div class=\"text_exposed_show\">\n<p><strong>Ma m\u00e8re crie que je vis, que je ris !<\/strong><br \/>\n<strong>Ma m\u00e8re entend son nom,\u00a0<\/strong><br \/>\n<strong>Dans le mien, que je crie !<\/strong><br \/>\n<strong>Ma m\u00e8re prie pour me revoir en vie.<\/strong><\/p>\n<p><strong>Elle supplie la mer de m\u2019\u00eatre m\u00e8re<\/strong><br \/>\n<strong>Elle lui demande de nous pardonner notre mis\u00e8re<\/strong><br \/>\n<strong>Et lui explique ce qu\u2019est une guerre,\u00a0<\/strong><br \/>\n<strong>Que nous sortons d\u2019un cimeti\u00e8re,<\/strong><br \/>\n<strong>En caressant ses folles vagues sans lumi\u00e8res,<\/strong><br \/>\n<strong>En lui criant la couleur de mes yeux,<\/strong><br \/>\n<strong>Le parfum de mes r\u00eaves et celui de mes cheveux !<\/strong><\/p>\n<p><strong>Elle lui demande de me bercer le corps et de se taire,<\/strong><br \/>\n<strong>De se faire terre sans barbares incendiaires<\/strong><br \/>\n<strong>Pour que je puisse dormir dans ses bras ail\u00e9s\u00a0<\/strong><br \/>\n<strong>Qui lui tendent, en les embrassant, mes jouets.<\/strong><br \/>\n<strong>Ma m\u00e8re crie que je vis,<\/strong><br \/>\n<strong>Ma m\u00e8re crie que je ris,<\/strong><br \/>\n<strong>Ma m\u00e8re crie!<\/strong><\/p>\n<\/div>\n<\/div>\n<\/div>\n<div class=\"_3x-2\" data-ft=\"{&quot;tn&quot;:&quot;H&quot;}\"><strong>\u00a0<\/strong><\/div>\n","protected":false},"excerpt":{"rendered":"<p>&nbsp; Ma m\u00e8re crie que je vis, que je ris ! Ma m\u00e8re entend son nom,\u00a0 Dans le mien, que je crie ! Ma m\u00e8re prie pour me revoir en vie. Elle supplie la mer de m\u2019\u00eatre m\u00e8re Elle lui demande de nous pardonner notre mis\u00e8re Et lui explique ce qu\u2019est une guerre,\u00a0 Que nous &#8230;<\/p>\n","protected":false},"author":2,"featured_media":7600,"comment_status":"open","ping_status":"open","sticky":false,"template":"","format":"standard","meta":[],"categories":[4],"tags":[],"yoast_head":"<!-- This site is optimized with the Yoast SEO plugin v19.3 - https:\/\/yoast.com\/wordpress\/plugins\/seo\/ -->\n<title>Ma m\u00e8re crie que je vis !: Mokhtar El Amraoui \u2013 Mateur \u2013Tunisie - Culminances<\/title>\n<meta name=\"robots\" content=\"index, follow, max-snippet:-1, max-image-preview:large, max-video-preview:-1\" \/>\n<link rel=\"canonical\" href=\"https:\/\/www.masharif.com\/fr\/2018\/04\/15\/mere-crie-vis-mokhtar-el-amraoui-mateur-tunisie\/\" \/>\n<meta property=\"og:locale\" content=\"fr_FR\" \/>\n<meta property=\"og:type\" content=\"article\" \/>\n<meta property=\"og:title\" content=\"Ma m\u00e8re crie que je vis !: Mokhtar El Amraoui \u2013 Mateur \u2013Tunisie - Culminances\" \/>\n<meta property=\"og:description\" content=\"&nbsp; Ma m\u00e8re crie que je vis, que je ris ! Ma m\u00e8re entend son nom,\u00a0 Dans le mien, que je crie ! Ma m\u00e8re prie pour me revoir en vie. Elle supplie la mer de m\u2019\u00eatre m\u00e8re Elle lui demande de nous pardonner notre mis\u00e8re Et lui explique ce qu\u2019est une guerre,\u00a0 Que nous ...\" \/>\n<meta property=\"og:url\" content=\"https:\/\/www.masharif.com\/fr\/2018\/04\/15\/mere-crie-vis-mokhtar-el-amraoui-mateur-tunisie\/\" \/>\n<meta property=\"og:site_name\" content=\"Culminances\" \/>\n<meta property=\"article:published_time\" content=\"2018-04-15T11:50:51+00:00\" \/>\n<meta property=\"og:image\" content=\"https:\/\/www.masharif.com\/fr\/wp-content\/uploads\/2018\/03\/13532774_528824440643577_6995358014126685878_n.jpg\" \/>\n\t<meta property=\"og:image:width\" content=\"504\" \/>\n\t<meta property=\"og:image:height\" content=\"672\" \/>\n\t<meta property=\"og:image:type\" content=\"image\/jpeg\" \/>\n<meta name=\"author\" content=\"Mohamed Salah Ben Amor\" \/>\n<meta name=\"twitter:card\" content=\"summary\" \/>\n<meta name=\"twitter:label1\" content=\"\u00c9crit par\" \/>\n\t<meta name=\"twitter:data1\" content=\"Mohamed Salah Ben Amor\" \/>\n\t<meta name=\"twitter:label2\" content=\"Dur\u00e9e de lecture estim\u00e9e\" \/>\n\t<meta name=\"twitter:data2\" content=\"1 minute\" \/>\n<script type=\"application\/ld+json\" class=\"yoast-schema-graph\">{\"@context\":\"https:\/\/schema.org\",\"@graph\":[{\"@type\":\"WebSite\",\"@id\":\"https:\/\/www.masharif.com\/fr\/#website\",\"url\":\"https:\/\/www.masharif.com\/fr\/\",\"name\":\"Culminances\",\"description\":\"\",\"potentialAction\":[{\"@type\":\"SearchAction\",\"target\":{\"@type\":\"EntryPoint\",\"urlTemplate\":\"https:\/\/www.masharif.com\/fr\/?s={search_term_string}\"},\"query-input\":\"required name=search_term_string\"}],\"inLanguage\":\"fr-FR\"},{\"@type\":\"ImageObject\",\"inLanguage\":\"fr-FR\",\"@id\":\"https:\/\/www.masharif.com\/fr\/2018\/04\/15\/mere-crie-vis-mokhtar-el-amraoui-mateur-tunisie\/#primaryimage\",\"url\":\"http:\/\/www.masharif.com\/fr\/wp-content\/uploads\/2018\/03\/13532774_528824440643577_6995358014126685878_n.jpg\",\"contentUrl\":\"http:\/\/www.masharif.com\/fr\/wp-content\/uploads\/2018\/03\/13532774_528824440643577_6995358014126685878_n.jpg\",\"width\":504,\"height\":672},{\"@type\":\"WebPage\",\"@id\":\"https:\/\/www.masharif.com\/fr\/2018\/04\/15\/mere-crie-vis-mokhtar-el-amraoui-mateur-tunisie\/\",\"url\":\"https:\/\/www.masharif.com\/fr\/2018\/04\/15\/mere-crie-vis-mokhtar-el-amraoui-mateur-tunisie\/\",\"name\":\"Ma m\u00e8re crie que je vis !: Mokhtar El Amraoui \u2013 Mateur \u2013Tunisie - Culminances\",\"isPartOf\":{\"@id\":\"https:\/\/www.masharif.com\/fr\/#website\"},\"primaryImageOfPage\":{\"@id\":\"https:\/\/www.masharif.com\/fr\/2018\/04\/15\/mere-crie-vis-mokhtar-el-amraoui-mateur-tunisie\/#primaryimage\"},\"datePublished\":\"2018-04-15T11:50:51+00:00\",\"dateModified\":\"2018-04-15T11:50:51+00:00\",\"author\":{\"@id\":\"https:\/\/www.masharif.com\/fr\/#\/schema\/person\/839a7026efe9fa825134097c1041e4a0\"},\"breadcrumb\":{\"@id\":\"https:\/\/www.masharif.com\/fr\/2018\/04\/15\/mere-crie-vis-mokhtar-el-amraoui-mateur-tunisie\/#breadcrumb\"},\"inLanguage\":\"fr-FR\",\"potentialAction\":[{\"@type\":\"ReadAction\",\"target\":[\"https:\/\/www.masharif.com\/fr\/2018\/04\/15\/mere-crie-vis-mokhtar-el-amraoui-mateur-tunisie\/\"]}]},{\"@type\":\"BreadcrumbList\",\"@id\":\"https:\/\/www.masharif.com\/fr\/2018\/04\/15\/mere-crie-vis-mokhtar-el-amraoui-mateur-tunisie\/#breadcrumb\",\"itemListElement\":[{\"@type\":\"ListItem\",\"position\":1,\"name\":\"Home\",\"item\":\"https:\/\/www.masharif.com\/fr\/\"},{\"@type\":\"ListItem\",\"position\":2,\"name\":\"Ma m\u00e8re crie que je vis !: Mokhtar El Amraoui \u2013 Mateur \u2013Tunisie\"}]},{\"@type\":\"Person\",\"@id\":\"https:\/\/www.masharif.com\/fr\/#\/schema\/person\/839a7026efe9fa825134097c1041e4a0\",\"name\":\"Mohamed Salah Ben Amor\",\"image\":{\"@type\":\"ImageObject\",\"inLanguage\":\"fr-FR\",\"@id\":\"https:\/\/www.masharif.com\/fr\/#\/schema\/person\/image\/\",\"url\":\"http:\/\/0.gravatar.com\/avatar\/f64806401ad5ed604ffec2272b19ef46?s=96&d=identicon&r=g\",\"contentUrl\":\"http:\/\/0.gravatar.com\/avatar\/f64806401ad5ed604ffec2272b19ef46?s=96&d=identicon&r=g\",\"caption\":\"Mohamed Salah Ben Amor\"},\"sameAs\":[\"http:\/\/ben-amor.info\"],\"url\":\"http:\/\/www.masharif.com\/fr\/author\/msba\/\"}]}<\/script>\n<!-- \/ Yoast SEO plugin. -->","yoast_head_json":{"title":"Ma m\u00e8re crie que je vis !: Mokhtar El Amraoui \u2013 Mateur \u2013Tunisie - Culminances","robots":{"index":"index","follow":"follow","max-snippet":"max-snippet:-1","max-image-preview":"max-image-preview:large","max-video-preview":"max-video-preview:-1"},"canonical":"https:\/\/www.masharif.com\/fr\/2018\/04\/15\/mere-crie-vis-mokhtar-el-amraoui-mateur-tunisie\/","og_locale":"fr_FR","og_type":"article","og_title":"Ma m\u00e8re crie que je vis !: Mokhtar El Amraoui \u2013 Mateur \u2013Tunisie - Culminances","og_description":"&nbsp; Ma m\u00e8re crie que je vis, que je ris ! Ma m\u00e8re entend son nom,\u00a0 Dans le mien, que je crie ! Ma m\u00e8re prie pour me revoir en vie. Elle supplie la mer de m\u2019\u00eatre m\u00e8re Elle lui demande de nous pardonner notre mis\u00e8re Et lui explique ce qu\u2019est une guerre,\u00a0 Que nous ...","og_url":"https:\/\/www.masharif.com\/fr\/2018\/04\/15\/mere-crie-vis-mokhtar-el-amraoui-mateur-tunisie\/","og_site_name":"Culminances","article_published_time":"2018-04-15T11:50:51+00:00","og_image":[{"width":504,"height":672,"url":"https:\/\/www.masharif.com\/fr\/wp-content\/uploads\/2018\/03\/13532774_528824440643577_6995358014126685878_n.jpg","type":"image\/jpeg"}],"author":"Mohamed Salah Ben Amor","twitter_card":"summary","twitter_misc":{"\u00c9crit par":"Mohamed Salah Ben Amor","Dur\u00e9e de lecture estim\u00e9e":"1 minute"},"schema":{"@context":"https:\/\/schema.org","@graph":[{"@type":"WebSite","@id":"https:\/\/www.masharif.com\/fr\/#website","url":"https:\/\/www.masharif.com\/fr\/","name":"Culminances","description":"","potentialAction":[{"@type":"SearchAction","target":{"@type":"EntryPoint","urlTemplate":"https:\/\/www.masharif.com\/fr\/?s={search_term_string}"},"query-input":"required name=search_term_string"}],"inLanguage":"fr-FR"},{"@type":"ImageObject","inLanguage":"fr-FR","@id":"https:\/\/www.masharif.com\/fr\/2018\/04\/15\/mere-crie-vis-mokhtar-el-amraoui-mateur-tunisie\/#primaryimage","url":"http:\/\/www.masharif.com\/fr\/wp-content\/uploads\/2018\/03\/13532774_528824440643577_6995358014126685878_n.jpg","contentUrl":"http:\/\/www.masharif.com\/fr\/wp-content\/uploads\/2018\/03\/13532774_528824440643577_6995358014126685878_n.jpg","width":504,"height":672},{"@type":"WebPage","@id":"https:\/\/www.masharif.com\/fr\/2018\/04\/15\/mere-crie-vis-mokhtar-el-amraoui-mateur-tunisie\/","url":"https:\/\/www.masharif.com\/fr\/2018\/04\/15\/mere-crie-vis-mokhtar-el-amraoui-mateur-tunisie\/","name":"Ma m\u00e8re crie que je vis !: Mokhtar El Amraoui \u2013 Mateur \u2013Tunisie - Culminances","isPartOf":{"@id":"https:\/\/www.masharif.com\/fr\/#website"},"primaryImageOfPage":{"@id":"https:\/\/www.masharif.com\/fr\/2018\/04\/15\/mere-crie-vis-mokhtar-el-amraoui-mateur-tunisie\/#primaryimage"},"datePublished":"2018-04-15T11:50:51+00:00","dateModified":"2018-04-15T11:50:51+00:00","author":{"@id":"https:\/\/www.masharif.com\/fr\/#\/schema\/person\/839a7026efe9fa825134097c1041e4a0"},"breadcrumb":{"@id":"https:\/\/www.masharif.com\/fr\/2018\/04\/15\/mere-crie-vis-mokhtar-el-amraoui-mateur-tunisie\/#breadcrumb"},"inLanguage":"fr-FR","potentialAction":[{"@type":"ReadAction","target":["https:\/\/www.masharif.com\/fr\/2018\/04\/15\/mere-crie-vis-mokhtar-el-amraoui-mateur-tunisie\/"]}]},{"@type":"BreadcrumbList","@id":"https:\/\/www.masharif.com\/fr\/2018\/04\/15\/mere-crie-vis-mokhtar-el-amraoui-mateur-tunisie\/#breadcrumb","itemListElement":[{"@type":"ListItem","position":1,"name":"Home","item":"https:\/\/www.masharif.com\/fr\/"},{"@type":"ListItem","position":2,"name":"Ma m\u00e8re crie que je vis !: Mokhtar El Amraoui \u2013 Mateur \u2013Tunisie"}]},{"@type":"Person","@id":"https:\/\/www.masharif.com\/fr\/#\/schema\/person\/839a7026efe9fa825134097c1041e4a0","name":"Mohamed Salah Ben Amor","image":{"@type":"ImageObject","inLanguage":"fr-FR","@id":"https:\/\/www.masharif.com\/fr\/#\/schema\/person\/image\/","url":"http:\/\/0.gravatar.com\/avatar\/f64806401ad5ed604ffec2272b19ef46?s=96&d=identicon&r=g","contentUrl":"http:\/\/0.gravatar.com\/avatar\/f64806401ad5ed604ffec2272b19ef46?s=96&d=identicon&r=g","caption":"Mohamed Salah Ben Amor"},"sameAs":["http:\/\/ben-amor.info"],"url":"http:\/\/www.masharif.com\/fr\/author\/msba\/"}]}},"_links":{"self":[{"href":"http:\/\/www.masharif.com\/fr\/wp-json\/wp\/v2\/posts\/7889"}],"collection":[{"href":"http:\/\/www.masharif.com\/fr\/wp-json\/wp\/v2\/posts"}],"about":[{"href":"http:\/\/www.masharif.com\/fr\/wp-json\/wp\/v2\/types\/post"}],"author":[{"embeddable":true,"href":"http:\/\/www.masharif.com\/fr\/wp-json\/wp\/v2\/users\/2"}],"replies":[{"embeddable":true,"href":"http:\/\/www.masharif.com\/fr\/wp-json\/wp\/v2\/comments?post=7889"}],"version-history":[{"count":1,"href":"http:\/\/www.masharif.com\/fr\/wp-json\/wp\/v2\/posts\/7889\/revisions"}],"predecessor-version":[{"id":7891,"href":"http:\/\/www.masharif.com\/fr\/wp-json\/wp\/v2\/posts\/7889\/revisions\/7891"}],"wp:featuredmedia":[{"embeddable":true,"href":"http:\/\/www.masharif.com\/fr\/wp-json\/wp\/v2\/media\/7600"}],"wp:attachment":[{"href":"http:\/\/www.masharif.com\/fr\/wp-json\/wp\/v2\/media?parent=7889"}],"wp:term":[{"taxonomy":"category","embeddable":true,"href":"http:\/\/www.masharif.com\/fr\/wp-json\/wp\/v2\/categories?post=7889"},{"taxonomy":"post_tag","embeddable":true,"href":"http:\/\/www.masharif.com\/fr\/wp-json\/wp\/v2\/tags?post=7889"}],"curies":[{"name":"wp","href":"https:\/\/api.w.org\/{rel}","templated":true}]}}