{"id":7519,"date":"2018-03-20T17:41:02","date_gmt":"2018-03-20T16:41:02","guid":{"rendered":"http:\/\/www.masharif.com\/fr\/?p=7519"},"modified":"2018-03-20T17:41:02","modified_gmt":"2018-03-20T16:41:02","slug":"archives-commentaires-poetiques-de-mohamed-salah-ben-amor-4-poemes-de-calli-mondesir-4-5-roses-negresses","status":"publish","type":"post","link":"http:\/\/www.masharif.com\/fr\/2018\/03\/20\/archives-commentaires-poetiques-de-mohamed-salah-ben-amor-4-poemes-de-calli-mondesir-4-5-roses-negresses\/","title":{"rendered":"Les archives des commentaires po\u00e9tiques de Mohamed Salah Ben Amor :4 -Les po\u00e8mes de Calli Mond\u00e9sir  :4 -5: Roses n\u00e9gresses"},"content":{"rendered":"<div id=\"attachment_7418\" style=\"width: 310px\" class=\"wp-caption alignnone\"><a href=\"http:\/\/www.masharif.com\/fr\/wp-content\/uploads\/2018\/03\/20476186_1577569142287721_991623535661286111_n.jpg\"><img aria-describedby=\"caption-attachment-7418\" loading=\"lazy\" class=\"wp-image-7418 size-medium\" src=\"http:\/\/www.masharif.com\/fr\/wp-content\/uploads\/2018\/03\/20476186_1577569142287721_991623535661286111_n-300x300.jpg\" alt=\"\" width=\"300\" height=\"300\" srcset=\"http:\/\/www.masharif.com\/fr\/wp-content\/uploads\/2018\/03\/20476186_1577569142287721_991623535661286111_n-300x300.jpg 300w, http:\/\/www.masharif.com\/fr\/wp-content\/uploads\/2018\/03\/20476186_1577569142287721_991623535661286111_n-150x150.jpg 150w, http:\/\/www.masharif.com\/fr\/wp-content\/uploads\/2018\/03\/20476186_1577569142287721_991623535661286111_n-55x55.jpg 55w, http:\/\/www.masharif.com\/fr\/wp-content\/uploads\/2018\/03\/20476186_1577569142287721_991623535661286111_n.jpg 540w\" sizes=\"(max-width: 300px) 100vw, 300px\" \/><\/a><p id=\"caption-attachment-7418\" class=\"wp-caption-text\">Calli Mond\u00e9sir<\/p><\/div>\n<p><strong><a href=\"http:\/\/www.masharif.com\/fr\/wp-content\/uploads\/2018\/03\/558998_4084268028289_1580195226_n.jpg\"><img loading=\"lazy\" class=\"alignnone size-medium wp-image-7520\" src=\"http:\/\/www.masharif.com\/fr\/wp-content\/uploads\/2018\/03\/558998_4084268028289_1580195226_n-300x199.jpg\" alt=\"\" width=\"300\" height=\"199\" srcset=\"http:\/\/www.masharif.com\/fr\/wp-content\/uploads\/2018\/03\/558998_4084268028289_1580195226_n-300x199.jpg 300w, http:\/\/www.masharif.com\/fr\/wp-content\/uploads\/2018\/03\/558998_4084268028289_1580195226_n.jpg 475w\" sizes=\"(max-width: 300px) 100vw, 300px\" \/><\/a><\/strong><\/p>\n<p><strong>Que je vous aime<\/strong><\/p>\n<p><strong>\u00d6 Roses de ma terre n\u00e9grillonne<\/strong><\/p>\n<p><strong>Quand en volutes<\/strong><\/p>\n<p><strong>Vos ramures s\u2019amplifient<\/strong><\/p>\n<p><strong>Si noires si t\u00e9n\u00e8bres\u2026si \u00e9clatantes\u00a0!<\/strong><\/p>\n<p>&nbsp;<\/p>\n<p><strong>Que je vous aime<\/strong><\/p>\n<p><strong>\u00d6<\/strong> <strong>Roses de ma terre n\u00e9grillonne<\/strong><\/p>\n<p><strong>Pour vous que chaque jour est l\u2019avenir<\/strong><\/p>\n<p><strong>Mal venu et souvent si mal \u00e0 venir<\/strong><\/p>\n<p>&nbsp;<\/p>\n<p><strong>Roses de ma terre n\u00e9grillonne<\/strong><\/p>\n<p><strong>D\u2019ici la sauvage ros\u00e9e<\/strong><\/p>\n<p><strong>Traine<\/strong><strong> son courroux sur vos visages<\/strong><\/p>\n<p><strong>Je vous vois<\/strong><\/p>\n<p><strong>Vos crins froiss\u00e9s<\/strong><\/p>\n<p><strong>Dans les rues de chaque monde<\/strong><\/p>\n<p><strong>A livrer le parfum de vos plumages<\/strong><\/p>\n<p>&nbsp;<\/p>\n<p><strong>J\u2019entends vos chansons<\/strong><\/p>\n<p><strong>Patrouiller l\u2019aube et la nuit<\/strong><\/p>\n<p><strong>Doux parfum<\/strong><\/p>\n<p><strong>\u00a0Parfum d\u2019amour<\/strong><\/p>\n<p><strong>Venez acheter<\/strong><\/p>\n<p><strong>C\u2019est gratuit\u2026suffit d\u2019aimer<\/strong><\/p>\n<p>&nbsp;<\/p>\n<p><strong>Mais \u00a0pas m\u00eame un regard<\/strong><\/p>\n<p><strong>Voire l\u2019instinct d\u2019un flair<\/strong><\/p>\n<p><strong>A marchand\u00e9 votre parfum si doux<\/strong><\/p>\n<p><strong>L\u2019ar\u00f4me le soir<\/strong><\/p>\n<p><strong>Est devenu putride dans vos paniers<\/strong><\/p>\n<p>&nbsp;<\/p>\n<p><strong>Roses de ma terre n\u00e9grillonne<\/strong><\/p>\n<p><strong>L\u2019espoir vous fuit<\/strong><\/p>\n<p><strong>Mais vous le pourchassez<\/strong><\/p>\n<p><strong>Sans r\u00e9pit jusqu\u2019au n\u00e9ant<\/strong><\/p>\n<p>&nbsp;<\/p>\n<p><strong>Que je vous aime<\/strong><\/p>\n<p><strong>Quand au c\u0153ur de la nuit<\/strong><\/p>\n<p><strong>De vos ballais vous d\u00e9ridez mon ciel<\/strong><\/p>\n<p><strong>Afin d\u2019y d\u00e9p\u00eatrer le soleil<\/strong><\/p>\n<p>&nbsp;<\/p>\n<p><strong>\u00d6 Roses de ma terre n\u00e9grillonne<\/strong><\/p>\n<p><strong>Poussez poussez<\/strong><\/p>\n<p><strong>Roses N\u00e9gresses<\/strong><\/p>\n<p><strong>Ornez mon jardin<\/strong><\/p>\n<p><strong>Poussez et prenez le ciel<\/strong><\/p>\n<p><strong>Pour arborer votre parfum<\/strong><\/p>\n<p>&nbsp;<\/p>\n<p><strong>Que je vous aime encore<\/strong><\/p>\n<p><strong>Roses de ma terre n\u00e9grillonne<\/strong><\/p>\n<p><strong>Fines Roses que mon c\u0153ur<\/strong><\/p>\n<p><strong>D\u2019affections aiguillonne<\/strong><\/p>\n<p>&nbsp;<\/p>\n<p>Le racisme , qu\u2019il soit une pratique ou m\u00eame un simple sentiment\u00a0, est incontestablement l\u2019un des ph\u00e9nom\u00e8nes ethniques et culturels \u00a0les plus \u00a0d\u00e9gradants et les plus abominables que l\u2019humanit\u00e9 ait jamais connus ,sans compter qu\u2019il n\u2019a en soi aucune\u00a0raison d\u2019\u00eatre ,\u00e9tant donn\u00e9 que la biologie , la g\u00e9n\u00e9tique , les neurosciences et les sciences cognitives ont d\u00e9montr\u00e9 d\u2019une fa\u00e7on irr\u00e9futable que tous les humains appartiennent \u00e0 une m\u00eame et seule esp\u00e8ce et que les diff\u00e9rences raciales apparentes se limitent aux parties molles externes . Quant \u00e0 l\u2019anthropologie, elle a ramen\u00e9, des milliers de preuves \u00e0 l\u2019appui, tous les habitants du globe terrestre \u00a0\u00e0 un m\u00eame foyer originel\u00a0 lointain \u00a0qui se situe \u00a0dans la r\u00e9gion du Rift en Afrique . La m\u00e9decine, de son c\u00f4t\u00e9, a prouv\u00e9 que la d\u00e9pigmentation qui \u00e9tait \u00e0 l\u2019origine de la clart\u00e9 de la peau \u00a0et dont s\u2019enorgueillissent la plupart des blancs est en r\u00e9alit\u00e9 un handicap parce que les personnes appartenant \u00e0 cette race sont les plus menac\u00e9s \u00a0par le cancer de la peau . N\u00e9anmoins, en d\u00e9pit de \u00a0toutes ces v\u00e9rit\u00e9s qui ne cessent de s\u2019accumuler, le racisme \u00a0continue\u00a0 \u00e0 s\u00e9vir surtout en Occident suscitant chez les personnes de couleur diverses r\u00e9actions n\u00e9gatives allant\u00a0 de la violence vengeresse \u00e0 la r\u00e9signation et au sentiment d\u2019inf\u00e9riorit\u00e9. Et la meilleure r\u00e9action est sans doute le sentiment de sup\u00e9riorit\u00e9 comme on le voit dans ce po\u00e8me o\u00f9 l\u2019auteur c\u00e9l\u00e8bre avec une grande fiert\u00e9 la beaut\u00e9 et \u00a0la douceur de la femme noire et les qualit\u00e9s morales dont elle jouit, malgr\u00e9 les difficult\u00e9s mat\u00e9rielles \u00a0auxquelles elle \u00a0est confront\u00e9e Et \u00e0 ces valeurs nobles que chante le po\u00e8te ,s\u2019ajoute l\u2019effort de m\u00e9taphorisation tr\u00e8s net qu\u2019il a d\u00e9ploy\u00e9 et \u00a0dont le r\u00e9sultat s\u2019est traduit par la conception d\u2019une s\u00e9rie de belles images impr\u00e9gn\u00e9es d\u2019une esth\u00e9tique typiquement africaine (<strong> \u00d6 Roses de ma terre n\u00e9grillonne\u00a0quand en volutes vos ramures s\u2019amplifient\u00a0si noires si t\u00e9n\u00e8bres\u2026si \u00e9clatantes\u00a0! &#8211; \u00a0roses de ma terre n\u00e9grillonne poussez poussez roses N\u00e9gresses\u00a0ornez mon jardin poussez et prenez le ciel pour arborer votre parfum<\/strong> ) .Un po\u00e8me bien r\u00e9ussi . Bravo Calli\u00a0!<\/p>\n<p>&nbsp;<\/p>\n","protected":false},"excerpt":{"rendered":"<p>Que je vous aime \u00d6 Roses de ma terre n\u00e9grillonne Quand en volutes Vos ramures s\u2019amplifient Si noires si t\u00e9n\u00e8bres\u2026si \u00e9clatantes\u00a0! &nbsp; Que je vous aime \u00d6 Roses de ma terre n\u00e9grillonne Pour vous que chaque jour est l\u2019avenir Mal venu et souvent si mal \u00e0 venir &nbsp; Roses de ma terre n\u00e9grillonne D\u2019ici la &#8230;<\/p>\n","protected":false},"author":2,"featured_media":7418,"comment_status":"open","ping_status":"open","sticky":false,"template":"","format":"standard","meta":[],"categories":[8],"tags":[],"yoast_head":"<!-- This site is optimized with the Yoast SEO plugin v19.3 - https:\/\/yoast.com\/wordpress\/plugins\/seo\/ -->\n<title>Les archives des commentaires po\u00e9tiques de Mohamed Salah Ben Amor :4 -Les po\u00e8mes de Calli Mond\u00e9sir :4 -5: Roses n\u00e9gresses - Culminances<\/title>\n<meta name=\"robots\" content=\"index, follow, max-snippet:-1, max-image-preview:large, max-video-preview:-1\" \/>\n<link rel=\"canonical\" href=\"http:\/\/www.masharif.com\/fr\/2018\/03\/20\/archives-commentaires-poetiques-de-mohamed-salah-ben-amor-4-poemes-de-calli-mondesir-4-5-roses-negresses\/\" \/>\n<meta property=\"og:locale\" content=\"fr_FR\" \/>\n<meta property=\"og:type\" content=\"article\" \/>\n<meta property=\"og:title\" content=\"Les archives des commentaires po\u00e9tiques de Mohamed Salah Ben Amor :4 -Les po\u00e8mes de Calli Mond\u00e9sir :4 -5: Roses n\u00e9gresses - Culminances\" \/>\n<meta property=\"og:description\" content=\"Que je vous aime \u00d6 Roses de ma terre n\u00e9grillonne Quand en volutes Vos ramures s\u2019amplifient Si noires si t\u00e9n\u00e8bres\u2026si \u00e9clatantes\u00a0! &nbsp; Que je vous aime \u00d6 Roses de ma terre n\u00e9grillonne Pour vous que chaque jour est l\u2019avenir Mal venu et souvent si mal \u00e0 venir &nbsp; Roses de ma terre n\u00e9grillonne D\u2019ici la ...\" \/>\n<meta property=\"og:url\" content=\"http:\/\/www.masharif.com\/fr\/2018\/03\/20\/archives-commentaires-poetiques-de-mohamed-salah-ben-amor-4-poemes-de-calli-mondesir-4-5-roses-negresses\/\" \/>\n<meta property=\"og:site_name\" content=\"Culminances\" \/>\n<meta property=\"article:published_time\" content=\"2018-03-20T16:41:02+00:00\" \/>\n<meta property=\"og:image\" content=\"http:\/\/www.masharif.com\/fr\/wp-content\/uploads\/2018\/03\/20476186_1577569142287721_991623535661286111_n.jpg\" \/>\n\t<meta property=\"og:image:width\" content=\"540\" \/>\n\t<meta property=\"og:image:height\" content=\"540\" \/>\n\t<meta property=\"og:image:type\" content=\"image\/jpeg\" \/>\n<meta name=\"author\" content=\"Mohamed Salah Ben Amor\" \/>\n<meta name=\"twitter:card\" content=\"summary\" \/>\n<meta name=\"twitter:label1\" content=\"\u00c9crit par\" \/>\n\t<meta name=\"twitter:data1\" content=\"Mohamed Salah Ben Amor\" \/>\n\t<meta name=\"twitter:label2\" content=\"Dur\u00e9e de lecture estim\u00e9e\" \/>\n\t<meta name=\"twitter:data2\" content=\"3 minutes\" \/>\n<script type=\"application\/ld+json\" class=\"yoast-schema-graph\">{\"@context\":\"https:\/\/schema.org\",\"@graph\":[{\"@type\":\"WebSite\",\"@id\":\"http:\/\/www.masharif.com\/fr\/#website\",\"url\":\"http:\/\/www.masharif.com\/fr\/\",\"name\":\"Culminances\",\"description\":\"\",\"potentialAction\":[{\"@type\":\"SearchAction\",\"target\":{\"@type\":\"EntryPoint\",\"urlTemplate\":\"http:\/\/www.masharif.com\/fr\/?s={search_term_string}\"},\"query-input\":\"required name=search_term_string\"}],\"inLanguage\":\"fr-FR\"},{\"@type\":\"ImageObject\",\"inLanguage\":\"fr-FR\",\"@id\":\"http:\/\/www.masharif.com\/fr\/2018\/03\/20\/archives-commentaires-poetiques-de-mohamed-salah-ben-amor-4-poemes-de-calli-mondesir-4-5-roses-negresses\/#primaryimage\",\"url\":\"http:\/\/www.masharif.com\/fr\/wp-content\/uploads\/2018\/03\/20476186_1577569142287721_991623535661286111_n.jpg\",\"contentUrl\":\"http:\/\/www.masharif.com\/fr\/wp-content\/uploads\/2018\/03\/20476186_1577569142287721_991623535661286111_n.jpg\",\"width\":540,\"height\":540},{\"@type\":\"WebPage\",\"@id\":\"http:\/\/www.masharif.com\/fr\/2018\/03\/20\/archives-commentaires-poetiques-de-mohamed-salah-ben-amor-4-poemes-de-calli-mondesir-4-5-roses-negresses\/\",\"url\":\"http:\/\/www.masharif.com\/fr\/2018\/03\/20\/archives-commentaires-poetiques-de-mohamed-salah-ben-amor-4-poemes-de-calli-mondesir-4-5-roses-negresses\/\",\"name\":\"Les archives des commentaires po\u00e9tiques de Mohamed Salah Ben Amor :4 -Les po\u00e8mes de Calli Mond\u00e9sir :4 -5: Roses n\u00e9gresses - Culminances\",\"isPartOf\":{\"@id\":\"http:\/\/www.masharif.com\/fr\/#website\"},\"primaryImageOfPage\":{\"@id\":\"http:\/\/www.masharif.com\/fr\/2018\/03\/20\/archives-commentaires-poetiques-de-mohamed-salah-ben-amor-4-poemes-de-calli-mondesir-4-5-roses-negresses\/#primaryimage\"},\"datePublished\":\"2018-03-20T16:41:02+00:00\",\"dateModified\":\"2018-03-20T16:41:02+00:00\",\"author\":{\"@id\":\"http:\/\/www.masharif.com\/fr\/#\/schema\/person\/839a7026efe9fa825134097c1041e4a0\"},\"breadcrumb\":{\"@id\":\"http:\/\/www.masharif.com\/fr\/2018\/03\/20\/archives-commentaires-poetiques-de-mohamed-salah-ben-amor-4-poemes-de-calli-mondesir-4-5-roses-negresses\/#breadcrumb\"},\"inLanguage\":\"fr-FR\",\"potentialAction\":[{\"@type\":\"ReadAction\",\"target\":[\"http:\/\/www.masharif.com\/fr\/2018\/03\/20\/archives-commentaires-poetiques-de-mohamed-salah-ben-amor-4-poemes-de-calli-mondesir-4-5-roses-negresses\/\"]}]},{\"@type\":\"BreadcrumbList\",\"@id\":\"http:\/\/www.masharif.com\/fr\/2018\/03\/20\/archives-commentaires-poetiques-de-mohamed-salah-ben-amor-4-poemes-de-calli-mondesir-4-5-roses-negresses\/#breadcrumb\",\"itemListElement\":[{\"@type\":\"ListItem\",\"position\":1,\"name\":\"Home\",\"item\":\"http:\/\/www.masharif.com\/fr\/\"},{\"@type\":\"ListItem\",\"position\":2,\"name\":\"Les archives des commentaires po\u00e9tiques de Mohamed Salah Ben Amor :4 -Les po\u00e8mes de Calli Mond\u00e9sir :4 -5: Roses n\u00e9gresses\"}]},{\"@type\":\"Person\",\"@id\":\"http:\/\/www.masharif.com\/fr\/#\/schema\/person\/839a7026efe9fa825134097c1041e4a0\",\"name\":\"Mohamed Salah Ben Amor\",\"image\":{\"@type\":\"ImageObject\",\"inLanguage\":\"fr-FR\",\"@id\":\"http:\/\/www.masharif.com\/fr\/#\/schema\/person\/image\/\",\"url\":\"http:\/\/0.gravatar.com\/avatar\/f64806401ad5ed604ffec2272b19ef46?s=96&d=identicon&r=g\",\"contentUrl\":\"http:\/\/0.gravatar.com\/avatar\/f64806401ad5ed604ffec2272b19ef46?s=96&d=identicon&r=g\",\"caption\":\"Mohamed Salah Ben Amor\"},\"sameAs\":[\"http:\/\/ben-amor.info\"],\"url\":\"http:\/\/www.masharif.com\/fr\/author\/msba\/\"}]}<\/script>\n<!-- \/ Yoast SEO plugin. -->","yoast_head_json":{"title":"Les archives des commentaires po\u00e9tiques de Mohamed Salah Ben Amor :4 -Les po\u00e8mes de Calli Mond\u00e9sir :4 -5: Roses n\u00e9gresses - Culminances","robots":{"index":"index","follow":"follow","max-snippet":"max-snippet:-1","max-image-preview":"max-image-preview:large","max-video-preview":"max-video-preview:-1"},"canonical":"http:\/\/www.masharif.com\/fr\/2018\/03\/20\/archives-commentaires-poetiques-de-mohamed-salah-ben-amor-4-poemes-de-calli-mondesir-4-5-roses-negresses\/","og_locale":"fr_FR","og_type":"article","og_title":"Les archives des commentaires po\u00e9tiques de Mohamed Salah Ben Amor :4 -Les po\u00e8mes de Calli Mond\u00e9sir :4 -5: Roses n\u00e9gresses - Culminances","og_description":"Que je vous aime \u00d6 Roses de ma terre n\u00e9grillonne Quand en volutes Vos ramures s\u2019amplifient Si noires si t\u00e9n\u00e8bres\u2026si \u00e9clatantes\u00a0! &nbsp; Que je vous aime \u00d6 Roses de ma terre n\u00e9grillonne Pour vous que chaque jour est l\u2019avenir Mal venu et souvent si mal \u00e0 venir &nbsp; Roses de ma terre n\u00e9grillonne D\u2019ici la ...","og_url":"http:\/\/www.masharif.com\/fr\/2018\/03\/20\/archives-commentaires-poetiques-de-mohamed-salah-ben-amor-4-poemes-de-calli-mondesir-4-5-roses-negresses\/","og_site_name":"Culminances","article_published_time":"2018-03-20T16:41:02+00:00","og_image":[{"width":540,"height":540,"url":"http:\/\/www.masharif.com\/fr\/wp-content\/uploads\/2018\/03\/20476186_1577569142287721_991623535661286111_n.jpg","type":"image\/jpeg"}],"author":"Mohamed Salah Ben Amor","twitter_card":"summary","twitter_misc":{"\u00c9crit par":"Mohamed Salah Ben Amor","Dur\u00e9e de lecture estim\u00e9e":"3 minutes"},"schema":{"@context":"https:\/\/schema.org","@graph":[{"@type":"WebSite","@id":"http:\/\/www.masharif.com\/fr\/#website","url":"http:\/\/www.masharif.com\/fr\/","name":"Culminances","description":"","potentialAction":[{"@type":"SearchAction","target":{"@type":"EntryPoint","urlTemplate":"http:\/\/www.masharif.com\/fr\/?s={search_term_string}"},"query-input":"required name=search_term_string"}],"inLanguage":"fr-FR"},{"@type":"ImageObject","inLanguage":"fr-FR","@id":"http:\/\/www.masharif.com\/fr\/2018\/03\/20\/archives-commentaires-poetiques-de-mohamed-salah-ben-amor-4-poemes-de-calli-mondesir-4-5-roses-negresses\/#primaryimage","url":"http:\/\/www.masharif.com\/fr\/wp-content\/uploads\/2018\/03\/20476186_1577569142287721_991623535661286111_n.jpg","contentUrl":"http:\/\/www.masharif.com\/fr\/wp-content\/uploads\/2018\/03\/20476186_1577569142287721_991623535661286111_n.jpg","width":540,"height":540},{"@type":"WebPage","@id":"http:\/\/www.masharif.com\/fr\/2018\/03\/20\/archives-commentaires-poetiques-de-mohamed-salah-ben-amor-4-poemes-de-calli-mondesir-4-5-roses-negresses\/","url":"http:\/\/www.masharif.com\/fr\/2018\/03\/20\/archives-commentaires-poetiques-de-mohamed-salah-ben-amor-4-poemes-de-calli-mondesir-4-5-roses-negresses\/","name":"Les archives des commentaires po\u00e9tiques de Mohamed Salah Ben Amor :4 -Les po\u00e8mes de Calli Mond\u00e9sir :4 -5: Roses n\u00e9gresses - Culminances","isPartOf":{"@id":"http:\/\/www.masharif.com\/fr\/#website"},"primaryImageOfPage":{"@id":"http:\/\/www.masharif.com\/fr\/2018\/03\/20\/archives-commentaires-poetiques-de-mohamed-salah-ben-amor-4-poemes-de-calli-mondesir-4-5-roses-negresses\/#primaryimage"},"datePublished":"2018-03-20T16:41:02+00:00","dateModified":"2018-03-20T16:41:02+00:00","author":{"@id":"http:\/\/www.masharif.com\/fr\/#\/schema\/person\/839a7026efe9fa825134097c1041e4a0"},"breadcrumb":{"@id":"http:\/\/www.masharif.com\/fr\/2018\/03\/20\/archives-commentaires-poetiques-de-mohamed-salah-ben-amor-4-poemes-de-calli-mondesir-4-5-roses-negresses\/#breadcrumb"},"inLanguage":"fr-FR","potentialAction":[{"@type":"ReadAction","target":["http:\/\/www.masharif.com\/fr\/2018\/03\/20\/archives-commentaires-poetiques-de-mohamed-salah-ben-amor-4-poemes-de-calli-mondesir-4-5-roses-negresses\/"]}]},{"@type":"BreadcrumbList","@id":"http:\/\/www.masharif.com\/fr\/2018\/03\/20\/archives-commentaires-poetiques-de-mohamed-salah-ben-amor-4-poemes-de-calli-mondesir-4-5-roses-negresses\/#breadcrumb","itemListElement":[{"@type":"ListItem","position":1,"name":"Home","item":"http:\/\/www.masharif.com\/fr\/"},{"@type":"ListItem","position":2,"name":"Les archives des commentaires po\u00e9tiques de Mohamed Salah Ben Amor :4 -Les po\u00e8mes de Calli Mond\u00e9sir :4 -5: Roses n\u00e9gresses"}]},{"@type":"Person","@id":"http:\/\/www.masharif.com\/fr\/#\/schema\/person\/839a7026efe9fa825134097c1041e4a0","name":"Mohamed Salah Ben Amor","image":{"@type":"ImageObject","inLanguage":"fr-FR","@id":"http:\/\/www.masharif.com\/fr\/#\/schema\/person\/image\/","url":"http:\/\/0.gravatar.com\/avatar\/f64806401ad5ed604ffec2272b19ef46?s=96&d=identicon&r=g","contentUrl":"http:\/\/0.gravatar.com\/avatar\/f64806401ad5ed604ffec2272b19ef46?s=96&d=identicon&r=g","caption":"Mohamed Salah Ben Amor"},"sameAs":["http:\/\/ben-amor.info"],"url":"http:\/\/www.masharif.com\/fr\/author\/msba\/"}]}},"_links":{"self":[{"href":"http:\/\/www.masharif.com\/fr\/wp-json\/wp\/v2\/posts\/7519"}],"collection":[{"href":"http:\/\/www.masharif.com\/fr\/wp-json\/wp\/v2\/posts"}],"about":[{"href":"http:\/\/www.masharif.com\/fr\/wp-json\/wp\/v2\/types\/post"}],"author":[{"embeddable":true,"href":"http:\/\/www.masharif.com\/fr\/wp-json\/wp\/v2\/users\/2"}],"replies":[{"embeddable":true,"href":"http:\/\/www.masharif.com\/fr\/wp-json\/wp\/v2\/comments?post=7519"}],"version-history":[{"count":1,"href":"http:\/\/www.masharif.com\/fr\/wp-json\/wp\/v2\/posts\/7519\/revisions"}],"predecessor-version":[{"id":7521,"href":"http:\/\/www.masharif.com\/fr\/wp-json\/wp\/v2\/posts\/7519\/revisions\/7521"}],"wp:featuredmedia":[{"embeddable":true,"href":"http:\/\/www.masharif.com\/fr\/wp-json\/wp\/v2\/media\/7418"}],"wp:attachment":[{"href":"http:\/\/www.masharif.com\/fr\/wp-json\/wp\/v2\/media?parent=7519"}],"wp:term":[{"taxonomy":"category","embeddable":true,"href":"http:\/\/www.masharif.com\/fr\/wp-json\/wp\/v2\/categories?post=7519"},{"taxonomy":"post_tag","embeddable":true,"href":"http:\/\/www.masharif.com\/fr\/wp-json\/wp\/v2\/tags?post=7519"}],"curies":[{"name":"wp","href":"https:\/\/api.w.org\/{rel}","templated":true}]}}