{"id":7470,"date":"2018-03-16T14:19:28","date_gmt":"2018-03-16T13:19:28","guid":{"rendered":"http:\/\/www.masharif.com\/fr\/?p=7470"},"modified":"2018-03-17T09:10:07","modified_gmt":"2018-03-17T08:10:07","slug":"archives-commentaires-poetiques-de-mohamed-salah-ben-amor-3-poemes-recits-de-patricia-laranco-3-5-histoire-de-nez-de-piedde-tete","status":"publish","type":"post","link":"http:\/\/www.masharif.com\/fr\/2018\/03\/16\/archives-commentaires-poetiques-de-mohamed-salah-ben-amor-3-poemes-recits-de-patricia-laranco-3-5-histoire-de-nez-de-piedde-tete\/","title":{"rendered":"Les archives des commentaires po\u00e9tiques de Mohamed Salah Ben Amor :3 -Les po\u00e8mes et les r\u00e9cits de Patricia Laranco : 3-5 :Histoire de nez ,de pied,de t\u00eate"},"content":{"rendered":"<div id=\"attachment_7386\" style=\"width: 210px\" class=\"wp-caption alignnone\"><a href=\"http:\/\/www.masharif.com\/fr\/wp-content\/uploads\/2018\/03\/index-2.jpg\"><img aria-describedby=\"caption-attachment-7386\" loading=\"lazy\" class=\"wp-image-7386 size-medium\" src=\"http:\/\/www.masharif.com\/fr\/wp-content\/uploads\/2018\/03\/index-2-200x300.jpg\" alt=\"\" width=\"200\" height=\"300\" srcset=\"http:\/\/www.masharif.com\/fr\/wp-content\/uploads\/2018\/03\/index-2-200x300.jpg 200w, http:\/\/www.masharif.com\/fr\/wp-content\/uploads\/2018\/03\/index-2.jpg 440w\" sizes=\"(max-width: 200px) 100vw, 200px\" \/><\/a><p id=\"caption-attachment-7386\" class=\"wp-caption-text\">Patricia Laranco<\/p><\/div>\n<p><a href=\"http:\/\/www.masharif.com\/fr\/wp-content\/uploads\/2018\/03\/doll-3212972_960_720.jpg\"><img loading=\"lazy\" class=\"alignnone size-medium wp-image-7473\" src=\"http:\/\/www.masharif.com\/fr\/wp-content\/uploads\/2018\/03\/doll-3212972_960_720-300x200.jpg\" alt=\"\" width=\"300\" height=\"200\" srcset=\"http:\/\/www.masharif.com\/fr\/wp-content\/uploads\/2018\/03\/doll-3212972_960_720-300x200.jpg 300w, http:\/\/www.masharif.com\/fr\/wp-content\/uploads\/2018\/03\/doll-3212972_960_720-768x512.jpg 768w, http:\/\/www.masharif.com\/fr\/wp-content\/uploads\/2018\/03\/doll-3212972_960_720.jpg 960w\" sizes=\"(max-width: 300px) 100vw, 300px\" \/><\/a><a href=\"http:\/\/www.masharif.com\/fr\/wp-content\/uploads\/2018\/03\/people-3210403_960_720.jpg\"><img loading=\"lazy\" class=\"alignnone size-medium wp-image-7472\" src=\"http:\/\/www.masharif.com\/fr\/wp-content\/uploads\/2018\/03\/people-3210403_960_720-300x200.jpg\" alt=\"\" width=\"300\" height=\"200\" srcset=\"http:\/\/www.masharif.com\/fr\/wp-content\/uploads\/2018\/03\/people-3210403_960_720-300x200.jpg 300w, http:\/\/www.masharif.com\/fr\/wp-content\/uploads\/2018\/03\/people-3210403_960_720-768x512.jpg 768w, http:\/\/www.masharif.com\/fr\/wp-content\/uploads\/2018\/03\/people-3210403_960_720.jpg 960w\" sizes=\"(max-width: 300px) 100vw, 300px\" \/><\/a><a href=\"http:\/\/www.masharif.com\/fr\/wp-content\/uploads\/2018\/03\/index-4.jpg\"><img loading=\"lazy\" class=\"alignnone size-full wp-image-7471\" src=\"http:\/\/www.masharif.com\/fr\/wp-content\/uploads\/2018\/03\/index-4.jpg\" alt=\"\" width=\"220\" height=\"200\" \/><\/a><\/p>\n<p><strong>\u00a0<\/strong><\/p>\n<p><strong>On dit : &#8220;il a les pieds sur terre et la t\u00eate sur les \u00e9paules&#8221;.<\/strong><\/p>\n<p><strong>Mais s&#8217;il avait les pieds en l&#8217;air\u00a0et puis la t\u00eate dans le cul\u00a0?<\/strong><\/p>\n<p><strong>Mais s&#8217;il avait la t\u00eate en l&#8217;air et l&#8217;air de n&#8217;avoir pas de t\u00eate ?<\/strong><\/p>\n<p><strong>Et s&#8217;il avait une t\u00eate \u00e0 faire faire aux voitures des t\u00eate-\u00e0-queue ?<\/strong><\/p>\n<p><strong>Et s&#8217;il \u00e9tait si dans la lune qu&#8217;il y posait soudain le pied<\/strong><\/p>\n<p><strong>s&#8217;il y effectuait un grand pas dans l&#8217;Histoire de l&#8217;Humanit\u00e9 qui, comme chacun\u00a0sait, est quelque chose de sans queue ni t\u00eate ?<\/strong><\/p>\n<p><strong>Et si ses \u00e9paules pr\u00e9f\u00e9raient qu&#8217;il ait plut\u00f4t les pieds sur t\u00eate ?<\/strong><\/p>\n<p><strong>Si la lune ne voulait pas qu&#8217;il tremble de la t\u00eate aux pieds ?<\/strong><\/p>\n<p><strong>S&#8217;il vous bottait \u00e0 tous le cul \u00e0 l&#8217;aide de son seul pied bot ?<\/strong><\/p>\n<p><strong>S&#8217;il captait que vous le regardez se harnacher de pied en cape ?<\/strong><\/p>\n<p><strong>S&#8217;il avait une t\u00eate en fer qui se heurtait aux pots de terre dans le m\u00eame temps qu&#8217;aux femmes de t\u00eate ?<\/strong><\/p>\n<p><strong>S&#8217;il devenait tout \u00e0 coup coupeur de t\u00eate en prenant son pied ?<\/strong><\/p>\n<p><strong>S&#8217;il s&#8217;ent\u00eatait \u00e0 vouloir installer les culs par dessus t\u00eate, \u00e0 renverser la vapeur et \u00e0 inverser le processus ?<\/strong><\/p>\n<p><strong>S&#8217;il ne voulait surtout pas qu&#8217;on le m\u00eet en terre les pieds devant ?<\/strong><\/p>\n<p><strong>Si, ayant enfil\u00e9, frileux, son pull-over devant-derri\u00e8re, il rencontrait le roi Dagobert qui mit chaussettes \u00e0 l&#8217;envers ?<\/strong><\/p>\n<p><strong>S&#8217;il mettait le pied dans le plat et le plat pays qui est le mien ?<\/strong><\/p>\n<p><strong>S&#8217;il y marchait toujours \u00e0 pied (dans le plat pays, veux-je dire), pour \u00e9viter les tape-culs (et nonobstant les cors aux pieds aussi bien que les coudes au corps) ?<\/strong><\/p>\n<p><strong>S&#8217;il aimait la marche \u00e0 pied parce qu&#8217;elle fait bien marcher la t\u00eate ?<\/strong><\/p>\n<p><strong>S&#8217;il recevait des coups de pied au cul qui le pr\u00e9cipitaient \u00e0 terre ?<\/strong><\/p>\n<p><strong>S&#8217;il voyait, un beau jour, sa t\u00eate, \u00e0 son tour, install\u00e9e dans le plat (\u00e0 la place de ses plats\u00a0pieds) ?<\/strong><\/p>\n<p><strong>Si on lui pr\u00e9cisait alors que c&#8217;\u00e9tait l\u00e0 le plat du jour (surtout pas le plat de r\u00e9sistance !) et si, pour toute r\u00e9ponse, il leur demandait quel jour c&#8217;\u00e9tait ?<\/strong><\/p>\n<p><strong>Si le J du jour J \u00e9tait l&#8217;initiale du mot &#8220;jamais&#8221; ?<\/strong><\/p>\n<p><strong>Si sa t\u00eate \u00e9piait ses pieds et ses jambes comme des pieux ? S&#8217;il recherchait des t\u00eate \u00e0 t\u00eate pour pouvoir mater des t\u00e9tons ?<\/strong><\/p>\n<p><strong>S&#8217;il tombait soudain nez \u00e0 nez pile-poil sur la t\u00eate \u00e0 Tonton ?<\/strong><\/p>\n<p><strong>S&#8217;il faisait griller tous les poils de son Tonton dans une po\u00eale ?<\/strong><\/p>\n<p><strong>S&#8217;il se retrouvait \u00e0 poil et le nez bourr\u00e9 de poil \u00e0 gratter ?<\/strong><\/p>\n<p><strong>S&#8217;il se retrouvait \u00e0 poils et \u00e0 plumes (comme le serpent du m\u00eame nom) ?<\/strong><\/p>\n<p><strong>S&#8217;il s&#8217;interrogeait sur ce qui vaut le mieux : le sexe \u00e0 piles, le sexe \u00e0 voile \u00e0 tu et \u00e0 toi ou le sexe en ville ?<\/strong><\/p>\n<p><strong>Si quelqu&#8217;un, enfin, se d\u00e9cidait \u00e0 lui mettre le nez dans le caca ? S&#8217;il avait du nez en d\u00e9pit de sa face\u00a0enfouie dans la dune ?<\/strong><\/p>\n<p><strong>Peut-\u00eatre, \u00e0 ce moment-l\u00e0, sa t\u00eate se remettrait-elle sur ses \u00e9paules et ses pieds, enfin las de l&#8217;\u00e9viter, de l\u00e9viter, reviendraient-ils sur terre. Il serait alors, pour le coup, redevenu tr\u00e8s terre \u00e0 terre.\u00a0<\/strong><\/p>\n<p><strong>Mais, sur terre, est-on jamais \u00e0 l&#8217;abri d&#8217;un accident du terrain ?<\/strong><\/p>\n<p>&nbsp;<\/p>\n<p><strong>Prenons un autre cas : voil\u00e0 qu&#8217;il a chang\u00e9, du jour au lendemain.<\/strong><\/p>\n<p><strong>Au lendemain du jour o\u00f9 il avait chang\u00e9, \u00e9chang\u00e9 son ancien visage\u00a0contre un autre, il se demanda s&#8217;il ne s&#8217;agissait pas d&#8217;un lendemain qui chante&#8230;d&#8217;un lendemain qui chante le jour de gloire qui est arriv\u00e9 (au bon moment). Il se demanda aussi quelle distance s\u00e9parait un jour de son lendemain (chant ou pas chant).<\/strong><\/p>\n<p><strong>De toute fa\u00e7on, il fallait qu&#8217;on lui rem\u00eet la t\u00eate en place, les fesses en face, la face hors f\u00e8ces. Que l&#8217;on modifie son faci\u00e8s. Qu&#8217;il ait la t\u00eate de l&#8217;emploi et le pied marin pour crier : &#8220;terre !&#8221;.<\/strong><\/p>\n<p><strong>Pour qu&#8217;il se mue, de casse-pied qu&#8217;il \u00e9tait, en un casse-t\u00eate.<\/strong><\/p>\n<p><strong>Pour qu&#8217;on ne le regarde plus de la t\u00eate au pied mais de la t\u00eate au nez, et m\u00eame de la t\u00eate au nez et \u00e0 la barbe.<\/strong><\/p>\n<p><strong>Pour qu&#8217;on ne le traite plus de t\u00eate de n\u0153ud, au risque qu&#8217;il se tourne vers le n\u0153ud coulant ou vers le nid, le n\u0153ud de vip\u00e8res.<\/strong><\/p>\n<p>&nbsp;<\/p>\n<p><strong>Du coup, maintenant, il respire, il tutoie, il chante \u00e0 tue-t\u00eate. Dommage, juste, que, ce faisant, il prenne la t\u00eate aux voisins qui lui vocif\u00e8rent : &#8220;je te tues, toi !&#8221;.<\/strong><\/p>\n<p><strong>Et leur ire redouble, bien s\u00fbr, lorsqu&#8217;il leur adresse un pied-de-nez.<\/strong><\/p>\n<p>&nbsp;<\/p>\n<p>L\u2019auteure plonge dans trois v\u00e9ritables gouffres s\u00e9mantiques pleins \u00e0 craquer non seulement de sens d\u00e9notatifs mais aussi de connotations et de significations symboliques \u00e0 la mani\u00e8re des surr\u00e9alistes dans ce qu\u2019ils ont appel\u00e9 \u00ab\u00a0 Cadavre exquis\u00bb . Mais si elle s\u2019est laiss\u00e9e entra\u00eener derri\u00e8re le plaisir purement linguistique engendr\u00e9 par la prolif\u00e9ration des sens,leur enchev\u00eatrement et leur interf\u00e9rence , le choix de ces trois gouffres para\u00eet bien d\u00e9lib\u00e9r\u00e9 puisque les \u00a0termes g\u00e9n\u00e9riques qui les repr\u00e9sentent \u00e0 savoir\u00a0: nez , t\u00eate et pied appartiennent \u00e0 un m\u00eame champ s\u00e9mantique\u00a0: celui du corps \u00a0et se comptent \u00a0donc parmi les mots les plus anciens ,\u00e9tant donn\u00e9 que l\u2019homme primitif avait \u00a0vraisemblablement commenc\u00e9 par nommer les membres de son corps et ses parents les plus proches .Et c\u2019est cette anciennet\u00e9 qui explique le tr\u00e8s grand nombre d\u2019expressions o\u00f9 ils ont \u00e9t\u00e9 utilis\u00e9es (Pied 130 \u00a0&#8211; T\u00eate 94 \u2013 Nez 52) et qui touchent un nombre ind\u00e9fini de situations li\u00e9es \u00e0 l\u2019exp\u00e9rience humaine dans l\u2019ar\u00e8ne de la vie . Et \u00a0\u00e0 \u00a0travers ce bain de sens, l\u2019auteure a d\u00e9gag\u00e9 une dichotomie tr\u00e8s \u00a0pertinente autour de laquelle pivote le comportement humain\u00a0: la hauteur ( t\u00eate \u2013 nez ) et la bassesse ( pied ) .<\/p>\n<p>N\u00e9anmoins le discours de l\u2019auteure comporte au niveau de ses structures profondes \u00a0deux\u00a0 sens arch\u00e9typaux \u00a0dont elle n\u2019est peut-\u00eatre pas consciente , l\u2019un d\u2019ordre \u00e9rotique \u00a0tel que ( le pied , du fait qu\u2019il p\u00e9n\u00e8tre dans les souliers , symbolise l\u2019organe sexuel m\u00e2le \u00a0de m\u00eame que la t\u00eate \u00a0) \u00a0et l\u2019autre d\u2019ordre moral et \u00a0psychologique ( le nez repr\u00e9sente l\u2019orgueil ).<\/p>\n<p><em>\u00a0<\/em><\/p>\n<p><em>\u00a0<\/em><\/p>\n<p>&nbsp;<\/p>\n<p>&nbsp;<\/p>\n","protected":false},"excerpt":{"rendered":"<p>\u00a0 On dit : &#8220;il a les pieds sur terre et la t\u00eate sur les \u00e9paules&#8221;. Mais s&#8217;il avait les pieds en l&#8217;air\u00a0et puis la t\u00eate dans le cul\u00a0? Mais s&#8217;il avait la t\u00eate en l&#8217;air et l&#8217;air de n&#8217;avoir pas de t\u00eate ? Et s&#8217;il avait une t\u00eate \u00e0 faire faire aux voitures des &#8230;<\/p>\n","protected":false},"author":2,"featured_media":7386,"comment_status":"open","ping_status":"open","sticky":false,"template":"","format":"standard","meta":[],"categories":[8],"tags":[],"yoast_head":"<!-- This site is optimized with the Yoast SEO plugin v19.3 - https:\/\/yoast.com\/wordpress\/plugins\/seo\/ -->\n<title>Les archives des commentaires po\u00e9tiques de Mohamed Salah Ben Amor :3 -Les po\u00e8mes et les r\u00e9cits de Patricia Laranco : 3-5 :Histoire de nez ,de pied,de t\u00eate - Culminances<\/title>\n<meta name=\"robots\" content=\"index, follow, max-snippet:-1, max-image-preview:large, max-video-preview:-1\" \/>\n<link rel=\"canonical\" href=\"http:\/\/www.masharif.com\/fr\/2018\/03\/16\/archives-commentaires-poetiques-de-mohamed-salah-ben-amor-3-poemes-recits-de-patricia-laranco-3-5-histoire-de-nez-de-piedde-tete\/\" \/>\n<meta property=\"og:locale\" content=\"fr_FR\" \/>\n<meta property=\"og:type\" content=\"article\" \/>\n<meta property=\"og:title\" content=\"Les archives des commentaires po\u00e9tiques de Mohamed Salah Ben Amor :3 -Les po\u00e8mes et les r\u00e9cits de Patricia Laranco : 3-5 :Histoire de nez ,de pied,de t\u00eate - Culminances\" \/>\n<meta property=\"og:description\" content=\"\u00a0 On dit : &#8220;il a les pieds sur terre et la t\u00eate sur les \u00e9paules&#8221;. Mais s&#8217;il avait les pieds en l&#8217;air\u00a0et puis la t\u00eate dans le cul\u00a0? Mais s&#8217;il avait la t\u00eate en l&#8217;air et l&#8217;air de n&#8217;avoir pas de t\u00eate ? Et s&#8217;il avait une t\u00eate \u00e0 faire faire aux voitures des ...\" \/>\n<meta property=\"og:url\" content=\"http:\/\/www.masharif.com\/fr\/2018\/03\/16\/archives-commentaires-poetiques-de-mohamed-salah-ben-amor-3-poemes-recits-de-patricia-laranco-3-5-histoire-de-nez-de-piedde-tete\/\" \/>\n<meta property=\"og:site_name\" content=\"Culminances\" \/>\n<meta property=\"article:published_time\" content=\"2018-03-16T13:19:28+00:00\" \/>\n<meta property=\"article:modified_time\" content=\"2018-03-17T08:10:07+00:00\" \/>\n<meta property=\"og:image\" content=\"http:\/\/www.masharif.com\/fr\/wp-content\/uploads\/2018\/03\/index-2.jpg\" \/>\n\t<meta property=\"og:image:width\" content=\"440\" \/>\n\t<meta property=\"og:image:height\" content=\"660\" \/>\n\t<meta property=\"og:image:type\" content=\"image\/jpeg\" \/>\n<meta name=\"author\" content=\"Mohamed Salah Ben Amor\" \/>\n<meta name=\"twitter:card\" content=\"summary\" \/>\n<meta name=\"twitter:label1\" content=\"\u00c9crit par\" \/>\n\t<meta name=\"twitter:data1\" content=\"Mohamed Salah Ben Amor\" \/>\n\t<meta name=\"twitter:label2\" content=\"Dur\u00e9e de lecture estim\u00e9e\" \/>\n\t<meta name=\"twitter:data2\" content=\"5 minutes\" \/>\n<script type=\"application\/ld+json\" class=\"yoast-schema-graph\">{\"@context\":\"https:\/\/schema.org\",\"@graph\":[{\"@type\":\"WebSite\",\"@id\":\"http:\/\/www.masharif.com\/fr\/#website\",\"url\":\"http:\/\/www.masharif.com\/fr\/\",\"name\":\"Culminances\",\"description\":\"\",\"potentialAction\":[{\"@type\":\"SearchAction\",\"target\":{\"@type\":\"EntryPoint\",\"urlTemplate\":\"http:\/\/www.masharif.com\/fr\/?s={search_term_string}\"},\"query-input\":\"required name=search_term_string\"}],\"inLanguage\":\"fr-FR\"},{\"@type\":\"ImageObject\",\"inLanguage\":\"fr-FR\",\"@id\":\"http:\/\/www.masharif.com\/fr\/2018\/03\/16\/archives-commentaires-poetiques-de-mohamed-salah-ben-amor-3-poemes-recits-de-patricia-laranco-3-5-histoire-de-nez-de-piedde-tete\/#primaryimage\",\"url\":\"http:\/\/www.masharif.com\/fr\/wp-content\/uploads\/2018\/03\/index-2.jpg\",\"contentUrl\":\"http:\/\/www.masharif.com\/fr\/wp-content\/uploads\/2018\/03\/index-2.jpg\",\"width\":440,\"height\":660},{\"@type\":\"WebPage\",\"@id\":\"http:\/\/www.masharif.com\/fr\/2018\/03\/16\/archives-commentaires-poetiques-de-mohamed-salah-ben-amor-3-poemes-recits-de-patricia-laranco-3-5-histoire-de-nez-de-piedde-tete\/\",\"url\":\"http:\/\/www.masharif.com\/fr\/2018\/03\/16\/archives-commentaires-poetiques-de-mohamed-salah-ben-amor-3-poemes-recits-de-patricia-laranco-3-5-histoire-de-nez-de-piedde-tete\/\",\"name\":\"Les archives des commentaires po\u00e9tiques de Mohamed Salah Ben Amor :3 -Les po\u00e8mes et les r\u00e9cits de Patricia Laranco : 3-5 :Histoire de nez ,de pied,de t\u00eate - Culminances\",\"isPartOf\":{\"@id\":\"http:\/\/www.masharif.com\/fr\/#website\"},\"primaryImageOfPage\":{\"@id\":\"http:\/\/www.masharif.com\/fr\/2018\/03\/16\/archives-commentaires-poetiques-de-mohamed-salah-ben-amor-3-poemes-recits-de-patricia-laranco-3-5-histoire-de-nez-de-piedde-tete\/#primaryimage\"},\"datePublished\":\"2018-03-16T13:19:28+00:00\",\"dateModified\":\"2018-03-17T08:10:07+00:00\",\"author\":{\"@id\":\"http:\/\/www.masharif.com\/fr\/#\/schema\/person\/839a7026efe9fa825134097c1041e4a0\"},\"breadcrumb\":{\"@id\":\"http:\/\/www.masharif.com\/fr\/2018\/03\/16\/archives-commentaires-poetiques-de-mohamed-salah-ben-amor-3-poemes-recits-de-patricia-laranco-3-5-histoire-de-nez-de-piedde-tete\/#breadcrumb\"},\"inLanguage\":\"fr-FR\",\"potentialAction\":[{\"@type\":\"ReadAction\",\"target\":[\"http:\/\/www.masharif.com\/fr\/2018\/03\/16\/archives-commentaires-poetiques-de-mohamed-salah-ben-amor-3-poemes-recits-de-patricia-laranco-3-5-histoire-de-nez-de-piedde-tete\/\"]}]},{\"@type\":\"BreadcrumbList\",\"@id\":\"http:\/\/www.masharif.com\/fr\/2018\/03\/16\/archives-commentaires-poetiques-de-mohamed-salah-ben-amor-3-poemes-recits-de-patricia-laranco-3-5-histoire-de-nez-de-piedde-tete\/#breadcrumb\",\"itemListElement\":[{\"@type\":\"ListItem\",\"position\":1,\"name\":\"Home\",\"item\":\"http:\/\/www.masharif.com\/fr\/\"},{\"@type\":\"ListItem\",\"position\":2,\"name\":\"Les archives des commentaires po\u00e9tiques de Mohamed Salah Ben Amor :3 -Les po\u00e8mes et les r\u00e9cits de Patricia Laranco : 3-5 :Histoire de nez ,de pied,de t\u00eate\"}]},{\"@type\":\"Person\",\"@id\":\"http:\/\/www.masharif.com\/fr\/#\/schema\/person\/839a7026efe9fa825134097c1041e4a0\",\"name\":\"Mohamed Salah Ben Amor\",\"image\":{\"@type\":\"ImageObject\",\"inLanguage\":\"fr-FR\",\"@id\":\"http:\/\/www.masharif.com\/fr\/#\/schema\/person\/image\/\",\"url\":\"http:\/\/0.gravatar.com\/avatar\/f64806401ad5ed604ffec2272b19ef46?s=96&d=identicon&r=g\",\"contentUrl\":\"http:\/\/0.gravatar.com\/avatar\/f64806401ad5ed604ffec2272b19ef46?s=96&d=identicon&r=g\",\"caption\":\"Mohamed Salah Ben Amor\"},\"sameAs\":[\"http:\/\/ben-amor.info\"],\"url\":\"http:\/\/www.masharif.com\/fr\/author\/msba\/\"}]}<\/script>\n<!-- \/ Yoast SEO plugin. -->","yoast_head_json":{"title":"Les archives des commentaires po\u00e9tiques de Mohamed Salah Ben Amor :3 -Les po\u00e8mes et les r\u00e9cits de Patricia Laranco : 3-5 :Histoire de nez ,de pied,de t\u00eate - Culminances","robots":{"index":"index","follow":"follow","max-snippet":"max-snippet:-1","max-image-preview":"max-image-preview:large","max-video-preview":"max-video-preview:-1"},"canonical":"http:\/\/www.masharif.com\/fr\/2018\/03\/16\/archives-commentaires-poetiques-de-mohamed-salah-ben-amor-3-poemes-recits-de-patricia-laranco-3-5-histoire-de-nez-de-piedde-tete\/","og_locale":"fr_FR","og_type":"article","og_title":"Les archives des commentaires po\u00e9tiques de Mohamed Salah Ben Amor :3 -Les po\u00e8mes et les r\u00e9cits de Patricia Laranco : 3-5 :Histoire de nez ,de pied,de t\u00eate - Culminances","og_description":"\u00a0 On dit : &#8220;il a les pieds sur terre et la t\u00eate sur les \u00e9paules&#8221;. Mais s&#8217;il avait les pieds en l&#8217;air\u00a0et puis la t\u00eate dans le cul\u00a0? Mais s&#8217;il avait la t\u00eate en l&#8217;air et l&#8217;air de n&#8217;avoir pas de t\u00eate ? Et s&#8217;il avait une t\u00eate \u00e0 faire faire aux voitures des ...","og_url":"http:\/\/www.masharif.com\/fr\/2018\/03\/16\/archives-commentaires-poetiques-de-mohamed-salah-ben-amor-3-poemes-recits-de-patricia-laranco-3-5-histoire-de-nez-de-piedde-tete\/","og_site_name":"Culminances","article_published_time":"2018-03-16T13:19:28+00:00","article_modified_time":"2018-03-17T08:10:07+00:00","og_image":[{"width":440,"height":660,"url":"http:\/\/www.masharif.com\/fr\/wp-content\/uploads\/2018\/03\/index-2.jpg","type":"image\/jpeg"}],"author":"Mohamed Salah Ben Amor","twitter_card":"summary","twitter_misc":{"\u00c9crit par":"Mohamed Salah Ben Amor","Dur\u00e9e de lecture estim\u00e9e":"5 minutes"},"schema":{"@context":"https:\/\/schema.org","@graph":[{"@type":"WebSite","@id":"http:\/\/www.masharif.com\/fr\/#website","url":"http:\/\/www.masharif.com\/fr\/","name":"Culminances","description":"","potentialAction":[{"@type":"SearchAction","target":{"@type":"EntryPoint","urlTemplate":"http:\/\/www.masharif.com\/fr\/?s={search_term_string}"},"query-input":"required name=search_term_string"}],"inLanguage":"fr-FR"},{"@type":"ImageObject","inLanguage":"fr-FR","@id":"http:\/\/www.masharif.com\/fr\/2018\/03\/16\/archives-commentaires-poetiques-de-mohamed-salah-ben-amor-3-poemes-recits-de-patricia-laranco-3-5-histoire-de-nez-de-piedde-tete\/#primaryimage","url":"http:\/\/www.masharif.com\/fr\/wp-content\/uploads\/2018\/03\/index-2.jpg","contentUrl":"http:\/\/www.masharif.com\/fr\/wp-content\/uploads\/2018\/03\/index-2.jpg","width":440,"height":660},{"@type":"WebPage","@id":"http:\/\/www.masharif.com\/fr\/2018\/03\/16\/archives-commentaires-poetiques-de-mohamed-salah-ben-amor-3-poemes-recits-de-patricia-laranco-3-5-histoire-de-nez-de-piedde-tete\/","url":"http:\/\/www.masharif.com\/fr\/2018\/03\/16\/archives-commentaires-poetiques-de-mohamed-salah-ben-amor-3-poemes-recits-de-patricia-laranco-3-5-histoire-de-nez-de-piedde-tete\/","name":"Les archives des commentaires po\u00e9tiques de Mohamed Salah Ben Amor :3 -Les po\u00e8mes et les r\u00e9cits de Patricia Laranco : 3-5 :Histoire de nez ,de pied,de t\u00eate - Culminances","isPartOf":{"@id":"http:\/\/www.masharif.com\/fr\/#website"},"primaryImageOfPage":{"@id":"http:\/\/www.masharif.com\/fr\/2018\/03\/16\/archives-commentaires-poetiques-de-mohamed-salah-ben-amor-3-poemes-recits-de-patricia-laranco-3-5-histoire-de-nez-de-piedde-tete\/#primaryimage"},"datePublished":"2018-03-16T13:19:28+00:00","dateModified":"2018-03-17T08:10:07+00:00","author":{"@id":"http:\/\/www.masharif.com\/fr\/#\/schema\/person\/839a7026efe9fa825134097c1041e4a0"},"breadcrumb":{"@id":"http:\/\/www.masharif.com\/fr\/2018\/03\/16\/archives-commentaires-poetiques-de-mohamed-salah-ben-amor-3-poemes-recits-de-patricia-laranco-3-5-histoire-de-nez-de-piedde-tete\/#breadcrumb"},"inLanguage":"fr-FR","potentialAction":[{"@type":"ReadAction","target":["http:\/\/www.masharif.com\/fr\/2018\/03\/16\/archives-commentaires-poetiques-de-mohamed-salah-ben-amor-3-poemes-recits-de-patricia-laranco-3-5-histoire-de-nez-de-piedde-tete\/"]}]},{"@type":"BreadcrumbList","@id":"http:\/\/www.masharif.com\/fr\/2018\/03\/16\/archives-commentaires-poetiques-de-mohamed-salah-ben-amor-3-poemes-recits-de-patricia-laranco-3-5-histoire-de-nez-de-piedde-tete\/#breadcrumb","itemListElement":[{"@type":"ListItem","position":1,"name":"Home","item":"http:\/\/www.masharif.com\/fr\/"},{"@type":"ListItem","position":2,"name":"Les archives des commentaires po\u00e9tiques de Mohamed Salah Ben Amor :3 -Les po\u00e8mes et les r\u00e9cits de Patricia Laranco : 3-5 :Histoire de nez ,de pied,de t\u00eate"}]},{"@type":"Person","@id":"http:\/\/www.masharif.com\/fr\/#\/schema\/person\/839a7026efe9fa825134097c1041e4a0","name":"Mohamed Salah Ben Amor","image":{"@type":"ImageObject","inLanguage":"fr-FR","@id":"http:\/\/www.masharif.com\/fr\/#\/schema\/person\/image\/","url":"http:\/\/0.gravatar.com\/avatar\/f64806401ad5ed604ffec2272b19ef46?s=96&d=identicon&r=g","contentUrl":"http:\/\/0.gravatar.com\/avatar\/f64806401ad5ed604ffec2272b19ef46?s=96&d=identicon&r=g","caption":"Mohamed Salah Ben Amor"},"sameAs":["http:\/\/ben-amor.info"],"url":"http:\/\/www.masharif.com\/fr\/author\/msba\/"}]}},"_links":{"self":[{"href":"http:\/\/www.masharif.com\/fr\/wp-json\/wp\/v2\/posts\/7470"}],"collection":[{"href":"http:\/\/www.masharif.com\/fr\/wp-json\/wp\/v2\/posts"}],"about":[{"href":"http:\/\/www.masharif.com\/fr\/wp-json\/wp\/v2\/types\/post"}],"author":[{"embeddable":true,"href":"http:\/\/www.masharif.com\/fr\/wp-json\/wp\/v2\/users\/2"}],"replies":[{"embeddable":true,"href":"http:\/\/www.masharif.com\/fr\/wp-json\/wp\/v2\/comments?post=7470"}],"version-history":[{"count":1,"href":"http:\/\/www.masharif.com\/fr\/wp-json\/wp\/v2\/posts\/7470\/revisions"}],"predecessor-version":[{"id":7474,"href":"http:\/\/www.masharif.com\/fr\/wp-json\/wp\/v2\/posts\/7470\/revisions\/7474"}],"wp:featuredmedia":[{"embeddable":true,"href":"http:\/\/www.masharif.com\/fr\/wp-json\/wp\/v2\/media\/7386"}],"wp:attachment":[{"href":"http:\/\/www.masharif.com\/fr\/wp-json\/wp\/v2\/media?parent=7470"}],"wp:term":[{"taxonomy":"category","embeddable":true,"href":"http:\/\/www.masharif.com\/fr\/wp-json\/wp\/v2\/categories?post=7470"},{"taxonomy":"post_tag","embeddable":true,"href":"http:\/\/www.masharif.com\/fr\/wp-json\/wp\/v2\/tags?post=7470"}],"curies":[{"name":"wp","href":"https:\/\/api.w.org\/{rel}","templated":true}]}}