{"id":744,"date":"2015-08-23T18:42:50","date_gmt":"2015-08-23T17:42:50","guid":{"rendered":"http:\/\/www.masharif.com\/fr\/?p=744"},"modified":"2015-08-23T18:42:50","modified_gmt":"2015-08-23T17:42:50","slug":"la-chute-de-grenade-le-symbole-dont-les-arabes-nont-pas-saisi-les-significations-profondes-par-mohamed-salah-ben-amor","status":"publish","type":"post","link":"http:\/\/www.masharif.com\/fr\/2015\/08\/23\/la-chute-de-grenade-le-symbole-dont-les-arabes-nont-pas-saisi-les-significations-profondes-par-mohamed-salah-ben-amor\/","title":{"rendered":"La chute de Grenade :le symbole dont les Arabes n\u2019ont pas saisi les significations profondes :par Mohamed Salah Ben Amor"},"content":{"rendered":"<p>Lorsque vous lisez ce que les historiens arabes ont \u00e9crit sur la chute de Grenade, la derni\u00e8re ville arabe andalouse, en 1492, vous les trouvez relater cet \u00e9v\u00e8nement avec beaucoup de tristesse et de regret. En r\u00e9alit\u00e9, en auscultant les \u00e9v\u00e9nements qui s\u2019\u00e9taient d\u00e9roul\u00e9s auparavant en Andalousie depuis la chute du califat omeyyade en 1031 et les discordes, les complots et les attentats qui l\u2019avaient pr\u00e9c\u00e9d\u00e9e et suivie parmi les Musulmans pour des motifs tribaux ou raciaux ( Arabes\/Berb\u00e8res) ou continentaux ( Andalous\/Nord-Africains) ou personnels ( luttes intestines entre les aspirants au pouvoir dans une m\u00eame famille r\u00e9gnante) , ainsi que les alliances entre des princes musulmans contre leurs propres coreligionnaires et les rois catholiques, vous saisirez que la fin du r\u00e8gne arabo-musulman dans ce pays \u00e9tait in\u00e9vitable. C\u2019est le sentiment qui m\u2019a travers\u00e9 en entrant au palais El Hamraa mais il \u00e9tait entrem\u00eal\u00e9 d\u2019une sensation contraire : l\u2019admiration de l\u2019architecture de ce palais et de l\u2019habilit\u00e9 des graveurs et des d\u00e9corateurs qui en ont fait l\u2019un des chefs-d\u2019\u0153uvre architecturaux du monde.<br \/>\nEt vous n\u2019avez qu\u2019\u00e0 mesurer sur cet exemple ce que nous sentons aujourd\u2019hui dans le Monde Arabe qui regorge de savants, de gestionnaires, de techniciens dans toutes les sp\u00e9cialit\u00e9s et de cr\u00e9ateurs dans toutes les branches artistiques et litt\u00e9raires mais la classe politique, en g\u00e9n\u00e9ral,<br \/>\nn\u2019y est point consciente du r\u00f4le historique qui lui incombe .Ce qui est visible dans l\u2019\u00e9miettement du corps arabe, que ce soit en Orient ou au Maghreb, la soif au pouvoir, les dissidences et le terrorisme, sans compter les trahisons et la participation au complots foment\u00e9s par les ennemis de la nation.<br \/>\nGrenade \u00e9tait, sans aucun doute, une principaut\u00e9 prosp\u00e8re sur les deux plans : \u00e9conomique et culturel .Mais le m\u00e9rite revenait \u00e0 ses comp\u00e9tences scientifiques, techniques et artistiques et non point \u00e0 ses gouvernants qui ne s\u2019int\u00e9ressaient qu\u2019au tr\u00f4ne et aux belles femmes .A titre d\u2019exemple, Le fondateur de la dynastie, Mohamed Ibn El Ahmar El Khazrajy (1232 \u2013 1273 )avait sign\u00e9 en 1246 avec le roi de la Castille un accord humiliant, en vertu duquel il lui devient vassal, assiste au conseil de l\u2019\u00e9tat aux c\u00f4t\u00e9s des nobles du tr\u00f4ne et consente \u00e0 aider le roi \u00e0 conqu\u00e9rir les autres villes arabes, tout en lui payant un tribut de 500.000 pi\u00e8ces d\u2019or par an .Et par application de cet accord, il l\u2019a aid\u00e9 \u00e0 faire le si\u00e8ge de S\u00e9ville jusqu\u2019\u00e0 ce qu\u2019elle f\u00fbt prise en 1248. Ensuite, la plupart de ses successeurs avaient continu\u00e9 \u00e0 respecter le m\u00eame accord .Et le dernier d\u2019entre eux Abu Abdullah Mohamed (1587 \u2013 1492 ) avait remis \u00e0 Elisabeth II, la reine de la Castille et \u00e0 Ferdinand , le roi d\u2019Aragon, la cl\u00e9 de la ville en 1492 , mettant ainsi un terme au r\u00e8gne des Arabes en Andalousie.<br \/>\nCependant, tu te trouves incapable de te r\u00e9jouir de la fin de ces tra\u00eetres, car la prise de Grenade \u00e9tait une v\u00e9ritable catastrophe pour ses habitants musulmans et juifs .En effet, toutes les mosqu\u00e9es et les synagogues avaient \u00e9t\u00e9 transform\u00e9es en Eglises et on avait donn\u00e9 \u00e0 ceux-l\u00e0 le choix soit de se convertir au catholicisme, soit de quitter l\u2019Andalousie .<\/p>\n<div id=\"attachment_745\" style=\"width: 235px\" class=\"wp-caption alignnone\"><a href=\"http:\/\/www.masharif.com\/fr\/wp-content\/uploads\/2015\/08\/P80911631.jpg\"><img aria-describedby=\"caption-attachment-745\" loading=\"lazy\" class=\"wp-image-745 size-medium\" src=\"http:\/\/www.masharif.com\/fr\/wp-content\/uploads\/2015\/08\/P80911631-225x300.jpg\" alt=\"OLYMPUS DIGITAL CAMERA\" width=\"225\" height=\"300\" srcset=\"http:\/\/www.masharif.com\/fr\/wp-content\/uploads\/2015\/08\/P80911631-225x300.jpg 225w, http:\/\/www.masharif.com\/fr\/wp-content\/uploads\/2015\/08\/P80911631-768x1024.jpg 768w\" sizes=\"(max-width: 225px) 100vw, 225px\" \/><\/a><p id=\"caption-attachment-745\" class=\"wp-caption-text\">Le palais d\u2019Al Hamraa \u00e0 Grenade \u2013 Andalousie \u2013 Espagne ( 9 ao\u00fbt 2015 )<\/p><\/div>\n<div id=\"attachment_736\" style=\"width: 235px\" class=\"wp-caption alignnone\"><a href=\"http:\/\/www.masharif.com\/fr\/wp-content\/uploads\/2015\/08\/P8091182.jpg\"><img aria-describedby=\"caption-attachment-736\" loading=\"lazy\" class=\"wp-image-736 size-medium\" src=\"http:\/\/www.masharif.com\/fr\/wp-content\/uploads\/2015\/08\/P8091182-225x300.jpg\" alt=\"OLYMPUS DIGITAL CAMERA\" width=\"225\" height=\"300\" srcset=\"http:\/\/www.masharif.com\/fr\/wp-content\/uploads\/2015\/08\/P8091182-225x300.jpg 225w, http:\/\/www.masharif.com\/fr\/wp-content\/uploads\/2015\/08\/P8091182-768x1024.jpg 768w\" sizes=\"(max-width: 225px) 100vw, 225px\" \/><\/a><p id=\"caption-attachment-736\" class=\"wp-caption-text\">Le palais d\u2019Al Hamraa \u00e0 Grenade \u2013 Andalousie \u2013 Espagne ( 9 ao\u00fbt 2015 )<\/p><\/div>\n<div id=\"attachment_737\" style=\"width: 310px\" class=\"wp-caption alignnone\"><a href=\"http:\/\/www.masharif.com\/fr\/wp-content\/uploads\/2015\/08\/P8091158.jpg\"><img aria-describedby=\"caption-attachment-737\" loading=\"lazy\" class=\"size-medium wp-image-737\" src=\"http:\/\/www.masharif.com\/fr\/wp-content\/uploads\/2015\/08\/P8091158-300x225.jpg\" alt=\"OLYMPUS DIGITAL CAMERA\" width=\"300\" height=\"225\" srcset=\"http:\/\/www.masharif.com\/fr\/wp-content\/uploads\/2015\/08\/P8091158-300x225.jpg 300w, http:\/\/www.masharif.com\/fr\/wp-content\/uploads\/2015\/08\/P8091158-1024x768.jpg 1024w\" sizes=\"(max-width: 300px) 100vw, 300px\" \/><\/a><p id=\"caption-attachment-737\" class=\"wp-caption-text\">OLYMPUS DIGITAL CAMERA<\/p><\/div>\n<p><a href=\"http:\/\/www.masharif.com\/fr\/wp-content\/uploads\/2015\/08\/P8091164.jpg\"><img loading=\"lazy\" class=\"size-medium wp-image-738\" src=\"http:\/\/www.masharif.com\/fr\/wp-content\/uploads\/2015\/08\/P8091164-300x225.jpg\" alt=\"OLYMPUS DIGITAL CAMERA\" width=\"300\" height=\"225\" srcset=\"http:\/\/www.masharif.com\/fr\/wp-content\/uploads\/2015\/08\/P8091164-300x225.jpg 300w, http:\/\/www.masharif.com\/fr\/wp-content\/uploads\/2015\/08\/P8091164-1024x768.jpg 1024w\" sizes=\"(max-width: 300px) 100vw, 300px\" \/><\/a><\/p>\n<p><a href=\"http:\/\/www.masharif.com\/fr\/wp-content\/uploads\/2015\/08\/P8091165.jpg\"><img loading=\"lazy\" class=\"size-medium wp-image-739\" src=\"http:\/\/www.masharif.com\/fr\/wp-content\/uploads\/2015\/08\/P8091165-300x225.jpg\" alt=\"OLYMPUS DIGITAL CAMERA\" width=\"300\" height=\"225\" srcset=\"http:\/\/www.masharif.com\/fr\/wp-content\/uploads\/2015\/08\/P8091165-300x225.jpg 300w, http:\/\/www.masharif.com\/fr\/wp-content\/uploads\/2015\/08\/P8091165-1024x768.jpg 1024w\" sizes=\"(max-width: 300px) 100vw, 300px\" \/><\/a><\/p>\n","protected":false},"excerpt":{"rendered":"<p>Lorsque vous lisez ce que les historiens arabes ont \u00e9crit sur la chute de Grenade, la derni\u00e8re ville arabe andalouse, en 1492, vous les trouvez relater cet \u00e9v\u00e8nement avec beaucoup de tristesse et de regret. En r\u00e9alit\u00e9, en auscultant les \u00e9v\u00e9nements qui s\u2019\u00e9taient d\u00e9roul\u00e9s auparavant en Andalousie depuis la chute du califat omeyyade en 1031 &#8230;<\/p>\n","protected":false},"author":2,"featured_media":745,"comment_status":"open","ping_status":"open","sticky":false,"template":"","format":"standard","meta":[],"categories":[2],"tags":[],"yoast_head":"<!-- This site is optimized with the Yoast SEO plugin v19.3 - https:\/\/yoast.com\/wordpress\/plugins\/seo\/ -->\n<title>La chute de Grenade :le symbole dont les Arabes n\u2019ont pas saisi les significations profondes :par Mohamed Salah Ben Amor - Culminances<\/title>\n<meta name=\"robots\" content=\"index, follow, max-snippet:-1, max-image-preview:large, max-video-preview:-1\" \/>\n<link rel=\"canonical\" href=\"http:\/\/www.masharif.com\/fr\/2015\/08\/23\/la-chute-de-grenade-le-symbole-dont-les-arabes-nont-pas-saisi-les-significations-profondes-par-mohamed-salah-ben-amor\/\" \/>\n<meta property=\"og:locale\" content=\"fr_FR\" \/>\n<meta property=\"og:type\" content=\"article\" \/>\n<meta property=\"og:title\" content=\"La chute de Grenade :le symbole dont les Arabes n\u2019ont pas saisi les significations profondes :par Mohamed Salah Ben Amor - Culminances\" \/>\n<meta property=\"og:description\" content=\"Lorsque vous lisez ce que les historiens arabes ont \u00e9crit sur la chute de Grenade, la derni\u00e8re ville arabe andalouse, en 1492, vous les trouvez relater cet \u00e9v\u00e8nement avec beaucoup de tristesse et de regret. En r\u00e9alit\u00e9, en auscultant les \u00e9v\u00e9nements qui s\u2019\u00e9taient d\u00e9roul\u00e9s auparavant en Andalousie depuis la chute du califat omeyyade en 1031 ...\" \/>\n<meta property=\"og:url\" content=\"http:\/\/www.masharif.com\/fr\/2015\/08\/23\/la-chute-de-grenade-le-symbole-dont-les-arabes-nont-pas-saisi-les-significations-profondes-par-mohamed-salah-ben-amor\/\" \/>\n<meta property=\"og:site_name\" content=\"Culminances\" \/>\n<meta property=\"article:published_time\" content=\"2015-08-23T17:42:50+00:00\" \/>\n<meta property=\"og:image\" content=\"http:\/\/www.masharif.com\/fr\/wp-content\/uploads\/2015\/08\/P80911631.jpg\" \/>\n\t<meta property=\"og:image:width\" content=\"2448\" \/>\n\t<meta property=\"og:image:height\" content=\"3264\" \/>\n\t<meta property=\"og:image:type\" content=\"image\/jpeg\" \/>\n<meta name=\"author\" content=\"Mohamed Salah Ben Amor\" \/>\n<meta name=\"twitter:card\" content=\"summary\" \/>\n<meta name=\"twitter:label1\" content=\"\u00c9crit par\" \/>\n\t<meta name=\"twitter:data1\" content=\"Mohamed Salah Ben Amor\" \/>\n\t<meta name=\"twitter:label2\" content=\"Dur\u00e9e de lecture estim\u00e9e\" \/>\n\t<meta name=\"twitter:data2\" content=\"3 minutes\" \/>\n<script type=\"application\/ld+json\" class=\"yoast-schema-graph\">{\"@context\":\"https:\/\/schema.org\",\"@graph\":[{\"@type\":\"WebSite\",\"@id\":\"https:\/\/www.masharif.com\/fr\/#website\",\"url\":\"https:\/\/www.masharif.com\/fr\/\",\"name\":\"Culminances\",\"description\":\"\",\"potentialAction\":[{\"@type\":\"SearchAction\",\"target\":{\"@type\":\"EntryPoint\",\"urlTemplate\":\"https:\/\/www.masharif.com\/fr\/?s={search_term_string}\"},\"query-input\":\"required name=search_term_string\"}],\"inLanguage\":\"fr-FR\"},{\"@type\":\"ImageObject\",\"inLanguage\":\"fr-FR\",\"@id\":\"http:\/\/www.masharif.com\/fr\/2015\/08\/23\/la-chute-de-grenade-le-symbole-dont-les-arabes-nont-pas-saisi-les-significations-profondes-par-mohamed-salah-ben-amor\/#primaryimage\",\"url\":\"http:\/\/www.masharif.com\/fr\/wp-content\/uploads\/2015\/08\/P80911631.jpg\",\"contentUrl\":\"http:\/\/www.masharif.com\/fr\/wp-content\/uploads\/2015\/08\/P80911631.jpg\",\"width\":2448,\"height\":3264,\"caption\":\"OLYMPUS DIGITAL CAMERA\"},{\"@type\":\"WebPage\",\"@id\":\"http:\/\/www.masharif.com\/fr\/2015\/08\/23\/la-chute-de-grenade-le-symbole-dont-les-arabes-nont-pas-saisi-les-significations-profondes-par-mohamed-salah-ben-amor\/\",\"url\":\"http:\/\/www.masharif.com\/fr\/2015\/08\/23\/la-chute-de-grenade-le-symbole-dont-les-arabes-nont-pas-saisi-les-significations-profondes-par-mohamed-salah-ben-amor\/\",\"name\":\"La chute de Grenade :le symbole dont les Arabes n\u2019ont pas saisi les significations profondes :par Mohamed Salah Ben Amor - Culminances\",\"isPartOf\":{\"@id\":\"https:\/\/www.masharif.com\/fr\/#website\"},\"primaryImageOfPage\":{\"@id\":\"http:\/\/www.masharif.com\/fr\/2015\/08\/23\/la-chute-de-grenade-le-symbole-dont-les-arabes-nont-pas-saisi-les-significations-profondes-par-mohamed-salah-ben-amor\/#primaryimage\"},\"datePublished\":\"2015-08-23T17:42:50+00:00\",\"dateModified\":\"2015-08-23T17:42:50+00:00\",\"author\":{\"@id\":\"https:\/\/www.masharif.com\/fr\/#\/schema\/person\/839a7026efe9fa825134097c1041e4a0\"},\"breadcrumb\":{\"@id\":\"http:\/\/www.masharif.com\/fr\/2015\/08\/23\/la-chute-de-grenade-le-symbole-dont-les-arabes-nont-pas-saisi-les-significations-profondes-par-mohamed-salah-ben-amor\/#breadcrumb\"},\"inLanguage\":\"fr-FR\",\"potentialAction\":[{\"@type\":\"ReadAction\",\"target\":[\"http:\/\/www.masharif.com\/fr\/2015\/08\/23\/la-chute-de-grenade-le-symbole-dont-les-arabes-nont-pas-saisi-les-significations-profondes-par-mohamed-salah-ben-amor\/\"]}]},{\"@type\":\"BreadcrumbList\",\"@id\":\"http:\/\/www.masharif.com\/fr\/2015\/08\/23\/la-chute-de-grenade-le-symbole-dont-les-arabes-nont-pas-saisi-les-significations-profondes-par-mohamed-salah-ben-amor\/#breadcrumb\",\"itemListElement\":[{\"@type\":\"ListItem\",\"position\":1,\"name\":\"Home\",\"item\":\"https:\/\/www.masharif.com\/fr\/\"},{\"@type\":\"ListItem\",\"position\":2,\"name\":\"La chute de Grenade :le symbole dont les Arabes n\u2019ont pas saisi les significations profondes :par Mohamed Salah Ben Amor\"}]},{\"@type\":\"Person\",\"@id\":\"https:\/\/www.masharif.com\/fr\/#\/schema\/person\/839a7026efe9fa825134097c1041e4a0\",\"name\":\"Mohamed Salah Ben Amor\",\"image\":{\"@type\":\"ImageObject\",\"inLanguage\":\"fr-FR\",\"@id\":\"https:\/\/www.masharif.com\/fr\/#\/schema\/person\/image\/\",\"url\":\"http:\/\/0.gravatar.com\/avatar\/f64806401ad5ed604ffec2272b19ef46?s=96&d=identicon&r=g\",\"contentUrl\":\"http:\/\/0.gravatar.com\/avatar\/f64806401ad5ed604ffec2272b19ef46?s=96&d=identicon&r=g\",\"caption\":\"Mohamed Salah Ben Amor\"},\"sameAs\":[\"http:\/\/ben-amor.info\"],\"url\":\"http:\/\/www.masharif.com\/fr\/author\/msba\/\"}]}<\/script>\n<!-- \/ Yoast SEO plugin. -->","yoast_head_json":{"title":"La chute de Grenade :le symbole dont les Arabes n\u2019ont pas saisi les significations profondes :par Mohamed Salah Ben Amor - Culminances","robots":{"index":"index","follow":"follow","max-snippet":"max-snippet:-1","max-image-preview":"max-image-preview:large","max-video-preview":"max-video-preview:-1"},"canonical":"http:\/\/www.masharif.com\/fr\/2015\/08\/23\/la-chute-de-grenade-le-symbole-dont-les-arabes-nont-pas-saisi-les-significations-profondes-par-mohamed-salah-ben-amor\/","og_locale":"fr_FR","og_type":"article","og_title":"La chute de Grenade :le symbole dont les Arabes n\u2019ont pas saisi les significations profondes :par Mohamed Salah Ben Amor - Culminances","og_description":"Lorsque vous lisez ce que les historiens arabes ont \u00e9crit sur la chute de Grenade, la derni\u00e8re ville arabe andalouse, en 1492, vous les trouvez relater cet \u00e9v\u00e8nement avec beaucoup de tristesse et de regret. En r\u00e9alit\u00e9, en auscultant les \u00e9v\u00e9nements qui s\u2019\u00e9taient d\u00e9roul\u00e9s auparavant en Andalousie depuis la chute du califat omeyyade en 1031 ...","og_url":"http:\/\/www.masharif.com\/fr\/2015\/08\/23\/la-chute-de-grenade-le-symbole-dont-les-arabes-nont-pas-saisi-les-significations-profondes-par-mohamed-salah-ben-amor\/","og_site_name":"Culminances","article_published_time":"2015-08-23T17:42:50+00:00","og_image":[{"width":2448,"height":3264,"url":"http:\/\/www.masharif.com\/fr\/wp-content\/uploads\/2015\/08\/P80911631.jpg","type":"image\/jpeg"}],"author":"Mohamed Salah Ben Amor","twitter_card":"summary","twitter_misc":{"\u00c9crit par":"Mohamed Salah Ben Amor","Dur\u00e9e de lecture estim\u00e9e":"3 minutes"},"schema":{"@context":"https:\/\/schema.org","@graph":[{"@type":"WebSite","@id":"https:\/\/www.masharif.com\/fr\/#website","url":"https:\/\/www.masharif.com\/fr\/","name":"Culminances","description":"","potentialAction":[{"@type":"SearchAction","target":{"@type":"EntryPoint","urlTemplate":"https:\/\/www.masharif.com\/fr\/?s={search_term_string}"},"query-input":"required name=search_term_string"}],"inLanguage":"fr-FR"},{"@type":"ImageObject","inLanguage":"fr-FR","@id":"http:\/\/www.masharif.com\/fr\/2015\/08\/23\/la-chute-de-grenade-le-symbole-dont-les-arabes-nont-pas-saisi-les-significations-profondes-par-mohamed-salah-ben-amor\/#primaryimage","url":"http:\/\/www.masharif.com\/fr\/wp-content\/uploads\/2015\/08\/P80911631.jpg","contentUrl":"http:\/\/www.masharif.com\/fr\/wp-content\/uploads\/2015\/08\/P80911631.jpg","width":2448,"height":3264,"caption":"OLYMPUS DIGITAL CAMERA"},{"@type":"WebPage","@id":"http:\/\/www.masharif.com\/fr\/2015\/08\/23\/la-chute-de-grenade-le-symbole-dont-les-arabes-nont-pas-saisi-les-significations-profondes-par-mohamed-salah-ben-amor\/","url":"http:\/\/www.masharif.com\/fr\/2015\/08\/23\/la-chute-de-grenade-le-symbole-dont-les-arabes-nont-pas-saisi-les-significations-profondes-par-mohamed-salah-ben-amor\/","name":"La chute de Grenade :le symbole dont les Arabes n\u2019ont pas saisi les significations profondes :par Mohamed Salah Ben Amor - Culminances","isPartOf":{"@id":"https:\/\/www.masharif.com\/fr\/#website"},"primaryImageOfPage":{"@id":"http:\/\/www.masharif.com\/fr\/2015\/08\/23\/la-chute-de-grenade-le-symbole-dont-les-arabes-nont-pas-saisi-les-significations-profondes-par-mohamed-salah-ben-amor\/#primaryimage"},"datePublished":"2015-08-23T17:42:50+00:00","dateModified":"2015-08-23T17:42:50+00:00","author":{"@id":"https:\/\/www.masharif.com\/fr\/#\/schema\/person\/839a7026efe9fa825134097c1041e4a0"},"breadcrumb":{"@id":"http:\/\/www.masharif.com\/fr\/2015\/08\/23\/la-chute-de-grenade-le-symbole-dont-les-arabes-nont-pas-saisi-les-significations-profondes-par-mohamed-salah-ben-amor\/#breadcrumb"},"inLanguage":"fr-FR","potentialAction":[{"@type":"ReadAction","target":["http:\/\/www.masharif.com\/fr\/2015\/08\/23\/la-chute-de-grenade-le-symbole-dont-les-arabes-nont-pas-saisi-les-significations-profondes-par-mohamed-salah-ben-amor\/"]}]},{"@type":"BreadcrumbList","@id":"http:\/\/www.masharif.com\/fr\/2015\/08\/23\/la-chute-de-grenade-le-symbole-dont-les-arabes-nont-pas-saisi-les-significations-profondes-par-mohamed-salah-ben-amor\/#breadcrumb","itemListElement":[{"@type":"ListItem","position":1,"name":"Home","item":"https:\/\/www.masharif.com\/fr\/"},{"@type":"ListItem","position":2,"name":"La chute de Grenade :le symbole dont les Arabes n\u2019ont pas saisi les significations profondes :par Mohamed Salah Ben Amor"}]},{"@type":"Person","@id":"https:\/\/www.masharif.com\/fr\/#\/schema\/person\/839a7026efe9fa825134097c1041e4a0","name":"Mohamed Salah Ben Amor","image":{"@type":"ImageObject","inLanguage":"fr-FR","@id":"https:\/\/www.masharif.com\/fr\/#\/schema\/person\/image\/","url":"http:\/\/0.gravatar.com\/avatar\/f64806401ad5ed604ffec2272b19ef46?s=96&d=identicon&r=g","contentUrl":"http:\/\/0.gravatar.com\/avatar\/f64806401ad5ed604ffec2272b19ef46?s=96&d=identicon&r=g","caption":"Mohamed Salah Ben Amor"},"sameAs":["http:\/\/ben-amor.info"],"url":"http:\/\/www.masharif.com\/fr\/author\/msba\/"}]}},"_links":{"self":[{"href":"http:\/\/www.masharif.com\/fr\/wp-json\/wp\/v2\/posts\/744"}],"collection":[{"href":"http:\/\/www.masharif.com\/fr\/wp-json\/wp\/v2\/posts"}],"about":[{"href":"http:\/\/www.masharif.com\/fr\/wp-json\/wp\/v2\/types\/post"}],"author":[{"embeddable":true,"href":"http:\/\/www.masharif.com\/fr\/wp-json\/wp\/v2\/users\/2"}],"replies":[{"embeddable":true,"href":"http:\/\/www.masharif.com\/fr\/wp-json\/wp\/v2\/comments?post=744"}],"version-history":[{"count":1,"href":"http:\/\/www.masharif.com\/fr\/wp-json\/wp\/v2\/posts\/744\/revisions"}],"predecessor-version":[{"id":746,"href":"http:\/\/www.masharif.com\/fr\/wp-json\/wp\/v2\/posts\/744\/revisions\/746"}],"wp:featuredmedia":[{"embeddable":true,"href":"http:\/\/www.masharif.com\/fr\/wp-json\/wp\/v2\/media\/745"}],"wp:attachment":[{"href":"http:\/\/www.masharif.com\/fr\/wp-json\/wp\/v2\/media?parent=744"}],"wp:term":[{"taxonomy":"category","embeddable":true,"href":"http:\/\/www.masharif.com\/fr\/wp-json\/wp\/v2\/categories?post=744"},{"taxonomy":"post_tag","embeddable":true,"href":"http:\/\/www.masharif.com\/fr\/wp-json\/wp\/v2\/tags?post=744"}],"curies":[{"name":"wp","href":"https:\/\/api.w.org\/{rel}","templated":true}]}}