{"id":7413,"date":"2018-03-12T15:11:00","date_gmt":"2018-03-12T14:11:00","guid":{"rendered":"http:\/\/www.masharif.com\/fr\/?p=7413"},"modified":"2018-03-12T15:11:00","modified_gmt":"2018-03-12T14:11:00","slug":"nouveau-poeme-de-mokhtar-el-amraoui-mateur-tunisie-premiere-ecole-a-lecole-saliceti-de-mateur-actuelle-ecole-pasteur","status":"publish","type":"post","link":"http:\/\/www.masharif.com\/fr\/2018\/03\/12\/nouveau-poeme-de-mokhtar-el-amraoui-mateur-tunisie-premiere-ecole-a-lecole-saliceti-de-mateur-actuelle-ecole-pasteur\/","title":{"rendered":"Un nouveau po\u00e8me de Mokhtar El Amraoui (Mateur -Tunisie) : Ma premi\u00e8re \u00e9cole \u00e0 l\u2019\u00e9cole Saliceti de Mateur, actuelle \u00e9cole Pasteur"},"content":{"rendered":"<div id=\"attachment_6945\" style=\"width: 310px\" class=\"wp-caption alignnone\"><a href=\"http:\/\/www.masharif.com\/fr\/wp-content\/uploads\/2018\/02\/hqdefault.jpg\"><img aria-describedby=\"caption-attachment-6945\" loading=\"lazy\" class=\"wp-image-6945 size-medium\" src=\"http:\/\/www.masharif.com\/fr\/wp-content\/uploads\/2018\/02\/hqdefault-300x225.jpg\" alt=\"\" width=\"300\" height=\"225\" srcset=\"http:\/\/www.masharif.com\/fr\/wp-content\/uploads\/2018\/02\/hqdefault-300x225.jpg 300w, http:\/\/www.masharif.com\/fr\/wp-content\/uploads\/2018\/02\/hqdefault.jpg 480w\" sizes=\"(max-width: 300px) 100vw, 300px\" \/><\/a><p id=\"caption-attachment-6945\" class=\"wp-caption-text\">Mokhtar El Amraoui<\/p><\/div>\n<p><a href=\"http:\/\/www.masharif.com\/fr\/wp-content\/uploads\/2018\/03\/classroom-510228_960_720.jpg\"><img loading=\"lazy\" class=\"alignnone size-medium wp-image-7414\" src=\"http:\/\/www.masharif.com\/fr\/wp-content\/uploads\/2018\/03\/classroom-510228_960_720-300x200.jpg\" alt=\"\" width=\"300\" height=\"200\" srcset=\"http:\/\/www.masharif.com\/fr\/wp-content\/uploads\/2018\/03\/classroom-510228_960_720-300x200.jpg 300w, http:\/\/www.masharif.com\/fr\/wp-content\/uploads\/2018\/03\/classroom-510228_960_720-768x511.jpg 768w, http:\/\/www.masharif.com\/fr\/wp-content\/uploads\/2018\/03\/classroom-510228_960_720.jpg 960w\" sizes=\"(max-width: 300px) 100vw, 300px\" \/><\/a><a href=\"http:\/\/www.masharif.com\/fr\/wp-content\/uploads\/2018\/03\/mateur_college-route-de-tunis-09.jpg\"><img loading=\"lazy\" class=\"alignnone size-medium wp-image-7404\" src=\"http:\/\/www.masharif.com\/fr\/wp-content\/uploads\/2018\/03\/mateur_college-route-de-tunis-09-300x147.jpg\" alt=\"\" width=\"300\" height=\"147\" srcset=\"http:\/\/www.masharif.com\/fr\/wp-content\/uploads\/2018\/03\/mateur_college-route-de-tunis-09-300x147.jpg 300w, http:\/\/www.masharif.com\/fr\/wp-content\/uploads\/2018\/03\/mateur_college-route-de-tunis-09-768x375.jpg 768w, http:\/\/www.masharif.com\/fr\/wp-content\/uploads\/2018\/03\/mateur_college-route-de-tunis-09-1024x500.jpg 1024w, http:\/\/www.masharif.com\/fr\/wp-content\/uploads\/2018\/03\/mateur_college-route-de-tunis-09.jpg 1083w\" sizes=\"(max-width: 300px) 100vw, 300px\" \/><\/a><\/p>\n<p>&nbsp;<\/p>\n<p><strong>A toutes ces \u00e9toiles<\/strong><br \/>\n<strong>Que j\u2019ai vues na\u00eetre<\/strong><br \/>\n<strong>Dans les cris des ardoises<\/strong><br \/>\n<strong>Et le ciel des fen\u00eatres,<\/strong><\/p>\n<p><strong>Aux premiers oiseaux v\u00eatus d\u2019alphabet<\/strong><br \/>\n<strong>Qui gazouillaient, libres, de tant d&#8217;\u00e9chos li\u00e9s,<\/strong><br \/>\n<strong>Dans la cage \u00e9merveill\u00e9e des ailes<\/strong><br \/>\n<strong>De mes vert\u00e8bres \u00e9gay\u00e9es de nouvel \u00e9colier,<\/strong><\/p>\n<p><strong>A tous ces r\u00eaves de craie<\/strong><br \/>\n<strong>Qui encensent encore mes chemins<\/strong><br \/>\n<strong>De leurs parfums qui ont appris \u00e0 mes mains<\/strong><br \/>\n<strong>A \u00a0\u00e9peler \u00a0les continents, les fleurs, le thym et le romarin,<\/strong><br \/>\n<strong>A appeler les paysans, \u00a0les marins et \u00a0tant d\u2019\u00e9tranges jardins<\/strong><br \/>\n<strong>Qui s\u2019\u00e9tiraient dans mes r\u00eaves et se r\u00e9veillaient en dessins<\/strong><br \/>\n<strong>S\u2019offrant, au petit matin, tout malins, \u00e0 mes yeux de poussin<\/strong><br \/>\n<strong>Qui conjuguait ses lourds lacets \u00e9tourdis, ses souliers et son destin<\/strong><br \/>\n<strong>Au pass\u00e9, au pr\u00e9sent et, r\u00eaveur, \u00e0 tous les lendemains<\/strong><br \/>\n<strong>Des jeux, avant les yeux s\u00e9v\u00e8res des premiers examens,<\/strong><\/p>\n<p><strong>A tous ces premiers chants, <\/strong><br \/>\n<strong>A toutes ces premi\u00e8res danses,<\/strong><br \/>\n<strong>A tous ces premiers chiffres,<\/strong><br \/>\n<strong>A toutes ces premi\u00e8res \u00a0lettres<\/strong><br \/>\n<strong>Qui tapisseront de leurs corolles,<\/strong><br \/>\n<strong>A tout jamais, mon \u00eatre,<\/strong><br \/>\n<strong>A ma \u00a0premi\u00e8re \u00e9cole,<\/strong><br \/>\n<strong>A vous tous,<\/strong><br \/>\n<strong>Mon cher directeur,<\/strong><br \/>\n<strong>Mes ch\u00e8res institutrices, mes chers \u00a0instituteurs,<\/strong><br \/>\n<strong>Je promets que je vous porterai, chaque jour,<\/strong><br \/>\n<strong>Dans le cartable ail\u00e9 de mon c\u0153ur<\/strong><br \/>\n<strong>Et le tablier dor\u00e9 de toutes les heures<\/strong><br \/>\n<strong>Qu\u2019il me restera \u00e0 lire<\/strong><br \/>\n<strong>Dans le myst\u00e9rieux livre <\/strong><br \/>\n<strong>Des heurs et douleurs<\/strong><br \/>\n<strong>Que j&#8217;aurai encore \u00e0 vivre,<\/strong><br \/>\n<strong>Qu&#8217;il me faudra encore \u00e9crire<\/strong><br \/>\n<strong>Comme tous ces cahiers mouill\u00e9s<\/strong><br \/>\n<strong>De mes rires et pleurs<\/strong><br \/>\n<strong>A vous tous,<\/strong><br \/>\n<strong>J&#8217;offre mille et un encriers<\/strong><br \/>\n<strong>Chahutant en rangs serr\u00e9s,<\/strong><br \/>\n<strong>Explosant en taches d&#8217;inoubliables fleurs!<\/strong><\/p>\n","protected":false},"excerpt":{"rendered":"<p>&nbsp; A toutes ces \u00e9toiles Que j\u2019ai vues na\u00eetre Dans les cris des ardoises Et le ciel des fen\u00eatres, Aux premiers oiseaux v\u00eatus d\u2019alphabet Qui gazouillaient, libres, de tant d&#8217;\u00e9chos li\u00e9s, Dans la cage \u00e9merveill\u00e9e des ailes De mes vert\u00e8bres \u00e9gay\u00e9es de nouvel \u00e9colier, A tous ces r\u00eaves de craie Qui encensent encore mes chemins &#8230;<\/p>\n","protected":false},"author":2,"featured_media":7414,"comment_status":"open","ping_status":"open","sticky":false,"template":"","format":"standard","meta":[],"categories":[4],"tags":[],"yoast_head":"<!-- This site is optimized with the Yoast SEO plugin v19.3 - https:\/\/yoast.com\/wordpress\/plugins\/seo\/ -->\n<title>Un nouveau po\u00e8me de Mokhtar El Amraoui (Mateur -Tunisie) : Ma premi\u00e8re \u00e9cole \u00e0 l\u2019\u00e9cole Saliceti de Mateur, actuelle \u00e9cole Pasteur - Culminances<\/title>\n<meta name=\"robots\" content=\"index, follow, max-snippet:-1, max-image-preview:large, max-video-preview:-1\" \/>\n<link rel=\"canonical\" href=\"https:\/\/www.masharif.com\/fr\/2018\/03\/12\/nouveau-poeme-de-mokhtar-el-amraoui-mateur-tunisie-premiere-ecole-a-lecole-saliceti-de-mateur-actuelle-ecole-pasteur\/\" \/>\n<meta property=\"og:locale\" content=\"fr_FR\" \/>\n<meta property=\"og:type\" content=\"article\" \/>\n<meta property=\"og:title\" content=\"Un nouveau po\u00e8me de Mokhtar El Amraoui (Mateur -Tunisie) : Ma premi\u00e8re \u00e9cole \u00e0 l\u2019\u00e9cole Saliceti de Mateur, actuelle \u00e9cole Pasteur - Culminances\" \/>\n<meta property=\"og:description\" content=\"&nbsp; A toutes ces \u00e9toiles Que j\u2019ai vues na\u00eetre Dans les cris des ardoises Et le ciel des fen\u00eatres, Aux premiers oiseaux v\u00eatus d\u2019alphabet Qui gazouillaient, libres, de tant d&#8217;\u00e9chos li\u00e9s, Dans la cage \u00e9merveill\u00e9e des ailes De mes vert\u00e8bres \u00e9gay\u00e9es de nouvel \u00e9colier, A tous ces r\u00eaves de craie Qui encensent encore mes chemins ...\" \/>\n<meta property=\"og:url\" content=\"https:\/\/www.masharif.com\/fr\/2018\/03\/12\/nouveau-poeme-de-mokhtar-el-amraoui-mateur-tunisie-premiere-ecole-a-lecole-saliceti-de-mateur-actuelle-ecole-pasteur\/\" \/>\n<meta property=\"og:site_name\" content=\"Culminances\" \/>\n<meta property=\"article:published_time\" content=\"2018-03-12T14:11:00+00:00\" \/>\n<meta property=\"og:image\" content=\"https:\/\/www.masharif.com\/fr\/wp-content\/uploads\/2018\/03\/classroom-510228_960_720.jpg\" \/>\n\t<meta property=\"og:image:width\" content=\"960\" \/>\n\t<meta property=\"og:image:height\" content=\"639\" \/>\n\t<meta property=\"og:image:type\" content=\"image\/jpeg\" \/>\n<meta name=\"author\" content=\"Mohamed Salah Ben Amor\" \/>\n<meta name=\"twitter:card\" content=\"summary\" \/>\n<meta name=\"twitter:label1\" content=\"\u00c9crit par\" \/>\n\t<meta name=\"twitter:data1\" content=\"Mohamed Salah Ben Amor\" \/>\n\t<meta name=\"twitter:label2\" content=\"Dur\u00e9e de lecture estim\u00e9e\" \/>\n\t<meta name=\"twitter:data2\" content=\"1 minute\" \/>\n<script type=\"application\/ld+json\" class=\"yoast-schema-graph\">{\"@context\":\"https:\/\/schema.org\",\"@graph\":[{\"@type\":\"WebSite\",\"@id\":\"https:\/\/www.masharif.com\/fr\/#website\",\"url\":\"https:\/\/www.masharif.com\/fr\/\",\"name\":\"Culminances\",\"description\":\"\",\"potentialAction\":[{\"@type\":\"SearchAction\",\"target\":{\"@type\":\"EntryPoint\",\"urlTemplate\":\"https:\/\/www.masharif.com\/fr\/?s={search_term_string}\"},\"query-input\":\"required name=search_term_string\"}],\"inLanguage\":\"fr-FR\"},{\"@type\":\"ImageObject\",\"inLanguage\":\"fr-FR\",\"@id\":\"https:\/\/www.masharif.com\/fr\/2018\/03\/12\/nouveau-poeme-de-mokhtar-el-amraoui-mateur-tunisie-premiere-ecole-a-lecole-saliceti-de-mateur-actuelle-ecole-pasteur\/#primaryimage\",\"url\":\"http:\/\/www.masharif.com\/fr\/wp-content\/uploads\/2018\/03\/classroom-510228_960_720.jpg\",\"contentUrl\":\"http:\/\/www.masharif.com\/fr\/wp-content\/uploads\/2018\/03\/classroom-510228_960_720.jpg\",\"width\":960,\"height\":639},{\"@type\":\"WebPage\",\"@id\":\"https:\/\/www.masharif.com\/fr\/2018\/03\/12\/nouveau-poeme-de-mokhtar-el-amraoui-mateur-tunisie-premiere-ecole-a-lecole-saliceti-de-mateur-actuelle-ecole-pasteur\/\",\"url\":\"https:\/\/www.masharif.com\/fr\/2018\/03\/12\/nouveau-poeme-de-mokhtar-el-amraoui-mateur-tunisie-premiere-ecole-a-lecole-saliceti-de-mateur-actuelle-ecole-pasteur\/\",\"name\":\"Un nouveau po\u00e8me de Mokhtar El Amraoui (Mateur -Tunisie) : Ma premi\u00e8re \u00e9cole \u00e0 l\u2019\u00e9cole Saliceti de Mateur, actuelle \u00e9cole Pasteur - Culminances\",\"isPartOf\":{\"@id\":\"https:\/\/www.masharif.com\/fr\/#website\"},\"primaryImageOfPage\":{\"@id\":\"https:\/\/www.masharif.com\/fr\/2018\/03\/12\/nouveau-poeme-de-mokhtar-el-amraoui-mateur-tunisie-premiere-ecole-a-lecole-saliceti-de-mateur-actuelle-ecole-pasteur\/#primaryimage\"},\"datePublished\":\"2018-03-12T14:11:00+00:00\",\"dateModified\":\"2018-03-12T14:11:00+00:00\",\"author\":{\"@id\":\"https:\/\/www.masharif.com\/fr\/#\/schema\/person\/839a7026efe9fa825134097c1041e4a0\"},\"breadcrumb\":{\"@id\":\"https:\/\/www.masharif.com\/fr\/2018\/03\/12\/nouveau-poeme-de-mokhtar-el-amraoui-mateur-tunisie-premiere-ecole-a-lecole-saliceti-de-mateur-actuelle-ecole-pasteur\/#breadcrumb\"},\"inLanguage\":\"fr-FR\",\"potentialAction\":[{\"@type\":\"ReadAction\",\"target\":[\"https:\/\/www.masharif.com\/fr\/2018\/03\/12\/nouveau-poeme-de-mokhtar-el-amraoui-mateur-tunisie-premiere-ecole-a-lecole-saliceti-de-mateur-actuelle-ecole-pasteur\/\"]}]},{\"@type\":\"BreadcrumbList\",\"@id\":\"https:\/\/www.masharif.com\/fr\/2018\/03\/12\/nouveau-poeme-de-mokhtar-el-amraoui-mateur-tunisie-premiere-ecole-a-lecole-saliceti-de-mateur-actuelle-ecole-pasteur\/#breadcrumb\",\"itemListElement\":[{\"@type\":\"ListItem\",\"position\":1,\"name\":\"Home\",\"item\":\"https:\/\/www.masharif.com\/fr\/\"},{\"@type\":\"ListItem\",\"position\":2,\"name\":\"Un nouveau po\u00e8me de Mokhtar El Amraoui (Mateur -Tunisie) : Ma premi\u00e8re \u00e9cole \u00e0 l\u2019\u00e9cole Saliceti de Mateur, actuelle \u00e9cole Pasteur\"}]},{\"@type\":\"Person\",\"@id\":\"https:\/\/www.masharif.com\/fr\/#\/schema\/person\/839a7026efe9fa825134097c1041e4a0\",\"name\":\"Mohamed Salah Ben Amor\",\"image\":{\"@type\":\"ImageObject\",\"inLanguage\":\"fr-FR\",\"@id\":\"https:\/\/www.masharif.com\/fr\/#\/schema\/person\/image\/\",\"url\":\"http:\/\/0.gravatar.com\/avatar\/f64806401ad5ed604ffec2272b19ef46?s=96&d=identicon&r=g\",\"contentUrl\":\"http:\/\/0.gravatar.com\/avatar\/f64806401ad5ed604ffec2272b19ef46?s=96&d=identicon&r=g\",\"caption\":\"Mohamed Salah Ben Amor\"},\"sameAs\":[\"http:\/\/ben-amor.info\"],\"url\":\"http:\/\/www.masharif.com\/fr\/author\/msba\/\"}]}<\/script>\n<!-- \/ Yoast SEO plugin. -->","yoast_head_json":{"title":"Un nouveau po\u00e8me de Mokhtar El Amraoui (Mateur -Tunisie) : Ma premi\u00e8re \u00e9cole \u00e0 l\u2019\u00e9cole Saliceti de Mateur, actuelle \u00e9cole Pasteur - Culminances","robots":{"index":"index","follow":"follow","max-snippet":"max-snippet:-1","max-image-preview":"max-image-preview:large","max-video-preview":"max-video-preview:-1"},"canonical":"https:\/\/www.masharif.com\/fr\/2018\/03\/12\/nouveau-poeme-de-mokhtar-el-amraoui-mateur-tunisie-premiere-ecole-a-lecole-saliceti-de-mateur-actuelle-ecole-pasteur\/","og_locale":"fr_FR","og_type":"article","og_title":"Un nouveau po\u00e8me de Mokhtar El Amraoui (Mateur -Tunisie) : Ma premi\u00e8re \u00e9cole \u00e0 l\u2019\u00e9cole Saliceti de Mateur, actuelle \u00e9cole Pasteur - Culminances","og_description":"&nbsp; A toutes ces \u00e9toiles Que j\u2019ai vues na\u00eetre Dans les cris des ardoises Et le ciel des fen\u00eatres, Aux premiers oiseaux v\u00eatus d\u2019alphabet Qui gazouillaient, libres, de tant d&#8217;\u00e9chos li\u00e9s, Dans la cage \u00e9merveill\u00e9e des ailes De mes vert\u00e8bres \u00e9gay\u00e9es de nouvel \u00e9colier, A tous ces r\u00eaves de craie Qui encensent encore mes chemins ...","og_url":"https:\/\/www.masharif.com\/fr\/2018\/03\/12\/nouveau-poeme-de-mokhtar-el-amraoui-mateur-tunisie-premiere-ecole-a-lecole-saliceti-de-mateur-actuelle-ecole-pasteur\/","og_site_name":"Culminances","article_published_time":"2018-03-12T14:11:00+00:00","og_image":[{"width":960,"height":639,"url":"https:\/\/www.masharif.com\/fr\/wp-content\/uploads\/2018\/03\/classroom-510228_960_720.jpg","type":"image\/jpeg"}],"author":"Mohamed Salah Ben Amor","twitter_card":"summary","twitter_misc":{"\u00c9crit par":"Mohamed Salah Ben Amor","Dur\u00e9e de lecture estim\u00e9e":"1 minute"},"schema":{"@context":"https:\/\/schema.org","@graph":[{"@type":"WebSite","@id":"https:\/\/www.masharif.com\/fr\/#website","url":"https:\/\/www.masharif.com\/fr\/","name":"Culminances","description":"","potentialAction":[{"@type":"SearchAction","target":{"@type":"EntryPoint","urlTemplate":"https:\/\/www.masharif.com\/fr\/?s={search_term_string}"},"query-input":"required name=search_term_string"}],"inLanguage":"fr-FR"},{"@type":"ImageObject","inLanguage":"fr-FR","@id":"https:\/\/www.masharif.com\/fr\/2018\/03\/12\/nouveau-poeme-de-mokhtar-el-amraoui-mateur-tunisie-premiere-ecole-a-lecole-saliceti-de-mateur-actuelle-ecole-pasteur\/#primaryimage","url":"http:\/\/www.masharif.com\/fr\/wp-content\/uploads\/2018\/03\/classroom-510228_960_720.jpg","contentUrl":"http:\/\/www.masharif.com\/fr\/wp-content\/uploads\/2018\/03\/classroom-510228_960_720.jpg","width":960,"height":639},{"@type":"WebPage","@id":"https:\/\/www.masharif.com\/fr\/2018\/03\/12\/nouveau-poeme-de-mokhtar-el-amraoui-mateur-tunisie-premiere-ecole-a-lecole-saliceti-de-mateur-actuelle-ecole-pasteur\/","url":"https:\/\/www.masharif.com\/fr\/2018\/03\/12\/nouveau-poeme-de-mokhtar-el-amraoui-mateur-tunisie-premiere-ecole-a-lecole-saliceti-de-mateur-actuelle-ecole-pasteur\/","name":"Un nouveau po\u00e8me de Mokhtar El Amraoui (Mateur -Tunisie) : Ma premi\u00e8re \u00e9cole \u00e0 l\u2019\u00e9cole Saliceti de Mateur, actuelle \u00e9cole Pasteur - Culminances","isPartOf":{"@id":"https:\/\/www.masharif.com\/fr\/#website"},"primaryImageOfPage":{"@id":"https:\/\/www.masharif.com\/fr\/2018\/03\/12\/nouveau-poeme-de-mokhtar-el-amraoui-mateur-tunisie-premiere-ecole-a-lecole-saliceti-de-mateur-actuelle-ecole-pasteur\/#primaryimage"},"datePublished":"2018-03-12T14:11:00+00:00","dateModified":"2018-03-12T14:11:00+00:00","author":{"@id":"https:\/\/www.masharif.com\/fr\/#\/schema\/person\/839a7026efe9fa825134097c1041e4a0"},"breadcrumb":{"@id":"https:\/\/www.masharif.com\/fr\/2018\/03\/12\/nouveau-poeme-de-mokhtar-el-amraoui-mateur-tunisie-premiere-ecole-a-lecole-saliceti-de-mateur-actuelle-ecole-pasteur\/#breadcrumb"},"inLanguage":"fr-FR","potentialAction":[{"@type":"ReadAction","target":["https:\/\/www.masharif.com\/fr\/2018\/03\/12\/nouveau-poeme-de-mokhtar-el-amraoui-mateur-tunisie-premiere-ecole-a-lecole-saliceti-de-mateur-actuelle-ecole-pasteur\/"]}]},{"@type":"BreadcrumbList","@id":"https:\/\/www.masharif.com\/fr\/2018\/03\/12\/nouveau-poeme-de-mokhtar-el-amraoui-mateur-tunisie-premiere-ecole-a-lecole-saliceti-de-mateur-actuelle-ecole-pasteur\/#breadcrumb","itemListElement":[{"@type":"ListItem","position":1,"name":"Home","item":"https:\/\/www.masharif.com\/fr\/"},{"@type":"ListItem","position":2,"name":"Un nouveau po\u00e8me de Mokhtar El Amraoui (Mateur -Tunisie) : Ma premi\u00e8re \u00e9cole \u00e0 l\u2019\u00e9cole Saliceti de Mateur, actuelle \u00e9cole Pasteur"}]},{"@type":"Person","@id":"https:\/\/www.masharif.com\/fr\/#\/schema\/person\/839a7026efe9fa825134097c1041e4a0","name":"Mohamed Salah Ben Amor","image":{"@type":"ImageObject","inLanguage":"fr-FR","@id":"https:\/\/www.masharif.com\/fr\/#\/schema\/person\/image\/","url":"http:\/\/0.gravatar.com\/avatar\/f64806401ad5ed604ffec2272b19ef46?s=96&d=identicon&r=g","contentUrl":"http:\/\/0.gravatar.com\/avatar\/f64806401ad5ed604ffec2272b19ef46?s=96&d=identicon&r=g","caption":"Mohamed Salah Ben Amor"},"sameAs":["http:\/\/ben-amor.info"],"url":"http:\/\/www.masharif.com\/fr\/author\/msba\/"}]}},"_links":{"self":[{"href":"http:\/\/www.masharif.com\/fr\/wp-json\/wp\/v2\/posts\/7413"}],"collection":[{"href":"http:\/\/www.masharif.com\/fr\/wp-json\/wp\/v2\/posts"}],"about":[{"href":"http:\/\/www.masharif.com\/fr\/wp-json\/wp\/v2\/types\/post"}],"author":[{"embeddable":true,"href":"http:\/\/www.masharif.com\/fr\/wp-json\/wp\/v2\/users\/2"}],"replies":[{"embeddable":true,"href":"http:\/\/www.masharif.com\/fr\/wp-json\/wp\/v2\/comments?post=7413"}],"version-history":[{"count":1,"href":"http:\/\/www.masharif.com\/fr\/wp-json\/wp\/v2\/posts\/7413\/revisions"}],"predecessor-version":[{"id":7415,"href":"http:\/\/www.masharif.com\/fr\/wp-json\/wp\/v2\/posts\/7413\/revisions\/7415"}],"wp:featuredmedia":[{"embeddable":true,"href":"http:\/\/www.masharif.com\/fr\/wp-json\/wp\/v2\/media\/7414"}],"wp:attachment":[{"href":"http:\/\/www.masharif.com\/fr\/wp-json\/wp\/v2\/media?parent=7413"}],"wp:term":[{"taxonomy":"category","embeddable":true,"href":"http:\/\/www.masharif.com\/fr\/wp-json\/wp\/v2\/categories?post=7413"},{"taxonomy":"post_tag","embeddable":true,"href":"http:\/\/www.masharif.com\/fr\/wp-json\/wp\/v2\/tags?post=7413"}],"curies":[{"name":"wp","href":"https:\/\/api.w.org\/{rel}","templated":true}]}}