{"id":7389,"date":"2018-03-10T21:05:58","date_gmt":"2018-03-10T20:05:58","guid":{"rendered":"http:\/\/www.masharif.com\/fr\/?p=7389"},"modified":"2018-03-19T18:04:54","modified_gmt":"2018-03-19T17:04:54","slug":"les-archives-des-commentaires-poetiques-de-mohamed-salah-ben-amor-2-les-poemes-dalain-minod-2-15-paris","status":"publish","type":"post","link":"http:\/\/www.masharif.com\/fr\/2018\/03\/10\/les-archives-des-commentaires-poetiques-de-mohamed-salah-ben-amor-2-les-poemes-dalain-minod-2-15-paris\/","title":{"rendered":"Les archives des commentaires po\u00e9tiques de Mohamed Salah Ben Amor : 2 &#8211; Les po\u00e8mes d\u2019Alain Minod :2-15 :  Paris"},"content":{"rendered":"<div id=\"attachment_7006\" style=\"width: 310px\" class=\"wp-caption alignnone\"><a href=\"http:\/\/www.masharif.com\/fr\/wp-content\/uploads\/2018\/02\/10885331_758625374215506_3145616302601472247_n.jpg\"><img aria-describedby=\"caption-attachment-7006\" loading=\"lazy\" class=\"wp-image-7006 size-medium\" src=\"http:\/\/www.masharif.com\/fr\/wp-content\/uploads\/2018\/02\/10885331_758625374215506_3145616302601472247_n-300x300.jpg\" alt=\"\" width=\"300\" height=\"300\" srcset=\"http:\/\/www.masharif.com\/fr\/wp-content\/uploads\/2018\/02\/10885331_758625374215506_3145616302601472247_n-300x300.jpg 300w, http:\/\/www.masharif.com\/fr\/wp-content\/uploads\/2018\/02\/10885331_758625374215506_3145616302601472247_n-150x150.jpg 150w, http:\/\/www.masharif.com\/fr\/wp-content\/uploads\/2018\/02\/10885331_758625374215506_3145616302601472247_n-55x55.jpg 55w, http:\/\/www.masharif.com\/fr\/wp-content\/uploads\/2018\/02\/10885331_758625374215506_3145616302601472247_n.jpg 480w\" sizes=\"(max-width: 300px) 100vw, 300px\" \/><\/a><p id=\"caption-attachment-7006\" class=\"wp-caption-text\">Alain Minod<\/p><\/div>\n<p><a href=\"http:\/\/www.masharif.com\/fr\/wp-content\/uploads\/2018\/03\/paris-1836415_960_720.jpg\"><img loading=\"lazy\" class=\"alignnone size-medium wp-image-7390\" src=\"http:\/\/www.masharif.com\/fr\/wp-content\/uploads\/2018\/03\/paris-1836415_960_720-300x149.jpg\" alt=\"\" width=\"300\" height=\"149\" srcset=\"http:\/\/www.masharif.com\/fr\/wp-content\/uploads\/2018\/03\/paris-1836415_960_720-300x149.jpg 300w, http:\/\/www.masharif.com\/fr\/wp-content\/uploads\/2018\/03\/paris-1836415_960_720-768x382.jpg 768w, http:\/\/www.masharif.com\/fr\/wp-content\/uploads\/2018\/03\/paris-1836415_960_720-660x330.jpg 660w, http:\/\/www.masharif.com\/fr\/wp-content\/uploads\/2018\/03\/paris-1836415_960_720.jpg 960w\" sizes=\"(max-width: 300px) 100vw, 300px\" \/><\/a><\/p>\n<p><strong>\u00a0<\/strong><\/p>\n<p><strong>Quand les marronniers roussissant sourient<\/strong><br \/>\n<strong>A l\u2019ivre circulation sur le fleuve de la place<\/strong><br \/>\n<strong>Ma ville s\u2019abreuve de son ciel gris<\/strong><\/p>\n<p><strong>Mais les voix ici rayonnent et d\u00e9glacent<\/strong><br \/>\n<strong>De leurs conversations qui rient<\/strong><br \/>\n<strong>Un soleil qui furtivement<\/strong><br \/>\n<strong>Lance un \u00e9clat<\/strong><br \/>\n<strong>D\u2019ange<\/strong><\/p>\n<p><strong>Et je confonds ma joie qui ne ment<\/strong><br \/>\n<strong>Avec cet univers inconnu<\/strong><br \/>\n<strong>Que danse \u2013 d\u00e9cisif \u2013<\/strong><br \/>\n<strong>Mon courage<\/strong><br \/>\n<strong>Qui s\u2019\u00e9panche dans ma main<\/strong><br \/>\n<strong>H\u00e9sitante et nue<\/strong><br \/>\n<strong>M\u00eame si<\/strong><br \/>\n<strong>Ainsi<\/strong><br \/>\n<strong>Se fabrique une \u00e9criture de dilettante<\/strong><\/p>\n<p><strong>Et ma musique se d\u00e9gage<\/strong><br \/>\n<strong>Des pas h\u00e2tifs<\/strong><br \/>\n<strong>Ext\u00e9nu\u00e9s<\/strong><br \/>\n<strong>De ratures<\/strong><\/p>\n<p><strong>J\u2019entends danser les gammes<\/strong><br \/>\n<strong>D\u2019une femme tendre<\/strong><br \/>\n<strong>Qui sourit \u00e0<\/strong><br \/>\n<strong>Mes vers \u2013<\/strong><br \/>\n<strong>Me lan\u00e7ant ainsi au travers<\/strong><br \/>\n<strong>Du ventre de<\/strong><br \/>\n<strong>Paris<\/strong><br \/>\n<strong>Sous les cendres des nu\u00e9es<\/strong><\/p>\n<p><strong>Et je renais encore<\/strong><br \/>\n<strong>Avec des mots de corps et de chair<\/strong><br \/>\n<strong>Qui portent ma peau<\/strong><br \/>\n<strong>A l\u2019incandescence<\/strong><br \/>\n<strong>D\u2019un cher amour<\/strong><br \/>\n<strong>D\u2019aventure<\/strong><br \/>\n<strong>Tenue au<\/strong><br \/>\n<strong>Futur<\/strong><\/p>\n<p><strong>L\u2019automne est ti\u00e8de<\/strong><br \/>\n<strong>Mon \u00e9tonnement c\u00e8de<\/strong><br \/>\n<strong>A la nature et ses tropes<\/strong><br \/>\n<strong>O\u00f9 m\u2019emportent<\/strong><br \/>\n<strong>Les veines<\/strong><br \/>\n<strong>De fleurs lointaines<\/strong><br \/>\n<strong>Me poussant<\/strong><br \/>\n<strong>Au seuil<\/strong><br \/>\n<strong>Du ciel<\/strong><br \/>\n<strong>Au c\u0153ur d\u2019une trou\u00e9e d\u2019azur<\/strong><br \/>\n<strong>Rou\u00e9 d\u2019infini<\/strong><br \/>\n<strong>En sang<\/strong><\/p>\n<p><strong>L\u2019heure est sableuse<\/strong><br \/>\n<strong>Elle coule \u2013 h\u00e2le et encha\u00eene<\/strong><br \/>\n<strong>Une houle de petits<\/strong><br \/>\n<strong>Bonheurs<\/strong><br \/>\n<strong>Qui sont des opales<\/strong><br \/>\n<strong>Aux passades<\/strong><br \/>\n<strong>Lumineuses<\/strong><br \/>\n<strong>Qui creusent mon c\u0153ur parmi<\/strong><br \/>\n<strong>La foule des<\/strong><br \/>\n<strong>Passants<\/strong><\/p>\n<p><strong>\u00d6 V\u00e9n\u00e9rable Paris ! Suis-je ind\u00e9cent ?<\/strong><br \/>\n<strong>Ne suis-je pas trop h\u00e2bleur<\/strong><br \/>\n<strong>A taire les voix<\/strong><br \/>\n<strong>Qui \u2013 dans leur concert<\/strong><br \/>\n<strong>Devraient me rendre<\/strong><br \/>\n<strong>Moins disert<\/strong><\/p>\n<p><strong>Ah ! Laisser vibrer la soie<\/strong><br \/>\n<strong>Comme d\u2019un sari enj\u00f4leur<\/strong><br \/>\n<strong>Se plisser sur les cuisses<\/strong><br \/>\n<strong>D\u2019une reine comme d\u2019Alice<\/strong><br \/>\n<strong>Chantant les venues des dieux<\/strong><br \/>\n<strong>A son \u00e9den hant\u00e9 par<\/strong><br \/>\n<strong>Un a\u00e8de capricieux<\/strong><br \/>\n<strong>Qui voudrait<\/strong><br \/>\n<strong>Tenter<\/strong><br \/>\n<strong>D\u2019accueillir avec le d\u00e9sir<\/strong><br \/>\n<strong>Les soleils des banlieues !\u2026<\/strong><\/p>\n<p><strong>O Rince tes yeux et tes oreilles<\/strong><br \/>\n<strong>Rince le grand Paris<\/strong><br \/>\n<strong>Jusque dans<\/strong><br \/>\n<strong>La veille<\/strong><br \/>\n<strong>Et que ton cri modul\u00e9<\/strong><br \/>\n<strong>Ne soit plus esseul\u00e9<\/strong><br \/>\n<strong>Que la reine<\/strong><br \/>\n<strong>S\u2019essaye encore au soleil<\/strong><\/p>\n<p><strong>Pour notre r\u00eane ainsi<\/strong><\/p>\n<p><strong>D\u00e9sill\u00e9e<\/strong><\/p>\n<p><strong>\u00a0<\/strong><br \/>\nCe po\u00e8me fortement centr\u00e9 sur le \u00ab Je \u00bb (<strong>ma ville &#8211; je confonds &#8211; ma joie &#8211; Mon courage \u2013 ma main &#8211; ma musique &#8211; J\u2019entends &#8211; Mes vers \u2013 me lan\u00e7ant- je renais &#8211; mon \u00e9tonnement -m\u2019emportent- me poussant &#8211; mon c\u0153ur &#8211; suis-je ind\u00e9cent ? &#8211; ne suis-je pas trop h\u00e2bleur \u2013 me rendre moins d\u00e9sert \u2026<\/strong>) nous r\u00e9v\u00e8le, pour la premi\u00e8re fois chez son auteur qui nous paraissait souvent mal \u00e0 l&#8217;aise dans l&#8217;espace urbain , un moi \u00e9quilibr\u00e9 et euphorique, en accord total avec son environnement imm\u00e9diat (<strong>Ma ville &#8211; Paris : cit\u00e9e deux fois<\/strong>) ainsi qu\u2019avec l\u2019univers ( <strong>L\u2019automne est ti\u00e8de\/ Mon \u00e9tonnement c\u00e8de\/ A la nature et ses tropes\/ O\u00f9 m\u2019emportent\/Les veines\/ De fleurs lointaines\/<\/strong> <strong>Me poussant\/Au seuil\/ Du ciel\/ Au c\u0153ur d\u2019une trou\u00e9e d\u2019azur\/Rou\u00e9 d\u2019infini<\/strong>).Ce qui en fait un personnage lyrique au sens o\u00f9 l\u2019entend Georg Luk\u00e1cs (1885 &#8211; 1971). Et ce lyrisme s\u2019exprime \u00e0 travers le po\u00e8me de deux mani\u00e8res qui se compl\u00e8tent l\u2019une l\u2019autre : la fiert\u00e9 d\u2019appartenir \u00e0 ce milieu et le bonheur d\u2019y vivre (<strong>Une houle de petits\/Bonheurs\/ Qui sont des opales \/ Aux passades\/ Lumineuses \/Qui creusent mon c\u0153ur<\/strong> <strong>parmi\/ La foule des \/Passants<\/strong>) et le plaisir de s\u2019adonner \u00e0 l\u2019\u00e9criture po\u00e9tique (<strong>J\u2019entends danser les gammes \/ D\u2019une femme tendre\/ Qui sourit \u00e0\/ Mes vers &#8211; Me lan\u00e7ant ainsi au travers\/ Du ventre de Paris &#8211; Mon courage\/ Qui s\u2019\u00e9panche dans ma main\/ H\u00e9sitante et nue\/ M\u00eame si \/Ainsi \/Se fabrique une \u00e9criture de dilettante<\/strong>).<\/p>\n<p>Ainsi nous sommes tr\u00e8s loin de ce que ressentait Paul Verlaine (1844-1896) dans cette m\u00eame ville et dont il a fait \u00e9tat dans son fameux po\u00e8me \u00ab Les Embarras de Paris \u00bb:<\/p>\n<p><strong><em>Tout conspire \u00e0 la fois \u00e0 troubler mon repos,<\/em><\/strong><\/p>\n<p><strong><em>Et je me plains ici du moindre de mes maux :<\/em><\/strong><\/p>\n<p><strong><em>Car \u00e0 peine les coqs, commen\u00e7ant leur ramage<\/em><\/strong><\/p>\n<p><strong><em>Auront de cris aigus frapp\u00e9s le voisinage<\/em><\/strong><\/p>\n<p>Mais bien notre po\u00e8te ne nous ait pas habitu\u00e9s \u00e0 ce genre d\u2019\u00e9tat d\u2019\u00e2me, cela ne doit nullement nous \u00e9tonner, car l\u2019attachement au territoire demeure une constante instinctive chez tous les individus. Et le plus important chez tout vrai po\u00e8te est la constance de \u00a0son style d\u2019\u00e9criture, car c&#8217;est l\u00e0 o\u00f9 r\u00e9side sa singularit\u00e9. Ce qui s&#8217;applique pleinement \u00e0 ce po\u00e8te dont le style est \u00a0bas\u00e9, dans tous ses \u00e9crits sans exception, \u00a0sur l\u2019accumulation des connotations et des sens symboliques presque au niveau de chaque vocable. Ce qui constitue une v\u00e9ritable source d\u2019attrait pour les assoiff\u00e9s de belle po\u00e9sie !<\/p>\n<p>&nbsp;<\/p>\n<p>&nbsp;<\/p>\n<p>&nbsp;<\/p>\n","protected":false},"excerpt":{"rendered":"<p>\u00a0 Quand les marronniers roussissant sourient A l\u2019ivre circulation sur le fleuve de la place Ma ville s\u2019abreuve de son ciel gris Mais les voix ici rayonnent et d\u00e9glacent De leurs conversations qui rient Un soleil qui furtivement Lance un \u00e9clat D\u2019ange Et je confonds ma joie qui ne ment Avec cet univers inconnu Que &#8230;<\/p>\n","protected":false},"author":2,"featured_media":7006,"comment_status":"open","ping_status":"open","sticky":false,"template":"","format":"standard","meta":[],"categories":[8],"tags":[],"yoast_head":"<!-- This site is optimized with the Yoast SEO plugin v19.3 - https:\/\/yoast.com\/wordpress\/plugins\/seo\/ -->\n<title>Les archives des commentaires po\u00e9tiques de Mohamed Salah Ben Amor : 2 - Les po\u00e8mes d\u2019Alain Minod :2-15 : Paris - Culminances<\/title>\n<meta name=\"robots\" content=\"index, follow, max-snippet:-1, max-image-preview:large, max-video-preview:-1\" \/>\n<link rel=\"canonical\" href=\"https:\/\/www.masharif.com\/fr\/2018\/03\/10\/les-archives-des-commentaires-poetiques-de-mohamed-salah-ben-amor-2-les-poemes-dalain-minod-2-15-paris\/\" \/>\n<meta property=\"og:locale\" content=\"fr_FR\" \/>\n<meta property=\"og:type\" content=\"article\" \/>\n<meta property=\"og:title\" content=\"Les archives des commentaires po\u00e9tiques de Mohamed Salah Ben Amor : 2 - Les po\u00e8mes d\u2019Alain Minod :2-15 : Paris - Culminances\" \/>\n<meta property=\"og:description\" content=\"\u00a0 Quand les marronniers roussissant sourient A l\u2019ivre circulation sur le fleuve de la place Ma ville s\u2019abreuve de son ciel gris Mais les voix ici rayonnent et d\u00e9glacent De leurs conversations qui rient Un soleil qui furtivement Lance un \u00e9clat D\u2019ange Et je confonds ma joie qui ne ment Avec cet univers inconnu Que ...\" \/>\n<meta property=\"og:url\" content=\"https:\/\/www.masharif.com\/fr\/2018\/03\/10\/les-archives-des-commentaires-poetiques-de-mohamed-salah-ben-amor-2-les-poemes-dalain-minod-2-15-paris\/\" \/>\n<meta property=\"og:site_name\" content=\"Culminances\" \/>\n<meta property=\"article:published_time\" content=\"2018-03-10T20:05:58+00:00\" \/>\n<meta property=\"article:modified_time\" content=\"2018-03-19T17:04:54+00:00\" \/>\n<meta property=\"og:image\" content=\"https:\/\/www.masharif.com\/fr\/wp-content\/uploads\/2018\/02\/10885331_758625374215506_3145616302601472247_n.jpg\" \/>\n\t<meta property=\"og:image:width\" content=\"480\" \/>\n\t<meta property=\"og:image:height\" content=\"480\" \/>\n\t<meta property=\"og:image:type\" content=\"image\/jpeg\" \/>\n<meta name=\"author\" content=\"Mohamed Salah Ben Amor\" \/>\n<meta name=\"twitter:card\" content=\"summary\" \/>\n<meta name=\"twitter:label1\" content=\"\u00c9crit par\" \/>\n\t<meta name=\"twitter:data1\" content=\"Mohamed Salah Ben Amor\" \/>\n\t<meta name=\"twitter:label2\" content=\"Dur\u00e9e de lecture estim\u00e9e\" \/>\n\t<meta name=\"twitter:data2\" content=\"4 minutes\" \/>\n<script type=\"application\/ld+json\" class=\"yoast-schema-graph\">{\"@context\":\"https:\/\/schema.org\",\"@graph\":[{\"@type\":\"WebSite\",\"@id\":\"https:\/\/www.masharif.com\/fr\/#website\",\"url\":\"https:\/\/www.masharif.com\/fr\/\",\"name\":\"Culminances\",\"description\":\"\",\"potentialAction\":[{\"@type\":\"SearchAction\",\"target\":{\"@type\":\"EntryPoint\",\"urlTemplate\":\"https:\/\/www.masharif.com\/fr\/?s={search_term_string}\"},\"query-input\":\"required name=search_term_string\"}],\"inLanguage\":\"fr-FR\"},{\"@type\":\"ImageObject\",\"inLanguage\":\"fr-FR\",\"@id\":\"https:\/\/www.masharif.com\/fr\/2018\/03\/10\/les-archives-des-commentaires-poetiques-de-mohamed-salah-ben-amor-2-les-poemes-dalain-minod-2-15-paris\/#primaryimage\",\"url\":\"http:\/\/www.masharif.com\/fr\/wp-content\/uploads\/2018\/02\/10885331_758625374215506_3145616302601472247_n.jpg\",\"contentUrl\":\"http:\/\/www.masharif.com\/fr\/wp-content\/uploads\/2018\/02\/10885331_758625374215506_3145616302601472247_n.jpg\",\"width\":480,\"height\":480},{\"@type\":\"WebPage\",\"@id\":\"https:\/\/www.masharif.com\/fr\/2018\/03\/10\/les-archives-des-commentaires-poetiques-de-mohamed-salah-ben-amor-2-les-poemes-dalain-minod-2-15-paris\/\",\"url\":\"https:\/\/www.masharif.com\/fr\/2018\/03\/10\/les-archives-des-commentaires-poetiques-de-mohamed-salah-ben-amor-2-les-poemes-dalain-minod-2-15-paris\/\",\"name\":\"Les archives des commentaires po\u00e9tiques de Mohamed Salah Ben Amor : 2 - Les po\u00e8mes d\u2019Alain Minod :2-15 : Paris - Culminances\",\"isPartOf\":{\"@id\":\"https:\/\/www.masharif.com\/fr\/#website\"},\"primaryImageOfPage\":{\"@id\":\"https:\/\/www.masharif.com\/fr\/2018\/03\/10\/les-archives-des-commentaires-poetiques-de-mohamed-salah-ben-amor-2-les-poemes-dalain-minod-2-15-paris\/#primaryimage\"},\"datePublished\":\"2018-03-10T20:05:58+00:00\",\"dateModified\":\"2018-03-19T17:04:54+00:00\",\"author\":{\"@id\":\"https:\/\/www.masharif.com\/fr\/#\/schema\/person\/839a7026efe9fa825134097c1041e4a0\"},\"breadcrumb\":{\"@id\":\"https:\/\/www.masharif.com\/fr\/2018\/03\/10\/les-archives-des-commentaires-poetiques-de-mohamed-salah-ben-amor-2-les-poemes-dalain-minod-2-15-paris\/#breadcrumb\"},\"inLanguage\":\"fr-FR\",\"potentialAction\":[{\"@type\":\"ReadAction\",\"target\":[\"https:\/\/www.masharif.com\/fr\/2018\/03\/10\/les-archives-des-commentaires-poetiques-de-mohamed-salah-ben-amor-2-les-poemes-dalain-minod-2-15-paris\/\"]}]},{\"@type\":\"BreadcrumbList\",\"@id\":\"https:\/\/www.masharif.com\/fr\/2018\/03\/10\/les-archives-des-commentaires-poetiques-de-mohamed-salah-ben-amor-2-les-poemes-dalain-minod-2-15-paris\/#breadcrumb\",\"itemListElement\":[{\"@type\":\"ListItem\",\"position\":1,\"name\":\"Home\",\"item\":\"https:\/\/www.masharif.com\/fr\/\"},{\"@type\":\"ListItem\",\"position\":2,\"name\":\"Les archives des commentaires po\u00e9tiques de Mohamed Salah Ben Amor : 2 &#8211; Les po\u00e8mes d\u2019Alain Minod :2-15 : Paris\"}]},{\"@type\":\"Person\",\"@id\":\"https:\/\/www.masharif.com\/fr\/#\/schema\/person\/839a7026efe9fa825134097c1041e4a0\",\"name\":\"Mohamed Salah Ben Amor\",\"image\":{\"@type\":\"ImageObject\",\"inLanguage\":\"fr-FR\",\"@id\":\"https:\/\/www.masharif.com\/fr\/#\/schema\/person\/image\/\",\"url\":\"http:\/\/0.gravatar.com\/avatar\/f64806401ad5ed604ffec2272b19ef46?s=96&d=identicon&r=g\",\"contentUrl\":\"http:\/\/0.gravatar.com\/avatar\/f64806401ad5ed604ffec2272b19ef46?s=96&d=identicon&r=g\",\"caption\":\"Mohamed Salah Ben Amor\"},\"sameAs\":[\"http:\/\/ben-amor.info\"],\"url\":\"http:\/\/www.masharif.com\/fr\/author\/msba\/\"}]}<\/script>\n<!-- \/ Yoast SEO plugin. -->","yoast_head_json":{"title":"Les archives des commentaires po\u00e9tiques de Mohamed Salah Ben Amor : 2 - Les po\u00e8mes d\u2019Alain Minod :2-15 : Paris - Culminances","robots":{"index":"index","follow":"follow","max-snippet":"max-snippet:-1","max-image-preview":"max-image-preview:large","max-video-preview":"max-video-preview:-1"},"canonical":"https:\/\/www.masharif.com\/fr\/2018\/03\/10\/les-archives-des-commentaires-poetiques-de-mohamed-salah-ben-amor-2-les-poemes-dalain-minod-2-15-paris\/","og_locale":"fr_FR","og_type":"article","og_title":"Les archives des commentaires po\u00e9tiques de Mohamed Salah Ben Amor : 2 - Les po\u00e8mes d\u2019Alain Minod :2-15 : Paris - Culminances","og_description":"\u00a0 Quand les marronniers roussissant sourient A l\u2019ivre circulation sur le fleuve de la place Ma ville s\u2019abreuve de son ciel gris Mais les voix ici rayonnent et d\u00e9glacent De leurs conversations qui rient Un soleil qui furtivement Lance un \u00e9clat D\u2019ange Et je confonds ma joie qui ne ment Avec cet univers inconnu Que ...","og_url":"https:\/\/www.masharif.com\/fr\/2018\/03\/10\/les-archives-des-commentaires-poetiques-de-mohamed-salah-ben-amor-2-les-poemes-dalain-minod-2-15-paris\/","og_site_name":"Culminances","article_published_time":"2018-03-10T20:05:58+00:00","article_modified_time":"2018-03-19T17:04:54+00:00","og_image":[{"width":480,"height":480,"url":"https:\/\/www.masharif.com\/fr\/wp-content\/uploads\/2018\/02\/10885331_758625374215506_3145616302601472247_n.jpg","type":"image\/jpeg"}],"author":"Mohamed Salah Ben Amor","twitter_card":"summary","twitter_misc":{"\u00c9crit par":"Mohamed Salah Ben Amor","Dur\u00e9e de lecture estim\u00e9e":"4 minutes"},"schema":{"@context":"https:\/\/schema.org","@graph":[{"@type":"WebSite","@id":"https:\/\/www.masharif.com\/fr\/#website","url":"https:\/\/www.masharif.com\/fr\/","name":"Culminances","description":"","potentialAction":[{"@type":"SearchAction","target":{"@type":"EntryPoint","urlTemplate":"https:\/\/www.masharif.com\/fr\/?s={search_term_string}"},"query-input":"required name=search_term_string"}],"inLanguage":"fr-FR"},{"@type":"ImageObject","inLanguage":"fr-FR","@id":"https:\/\/www.masharif.com\/fr\/2018\/03\/10\/les-archives-des-commentaires-poetiques-de-mohamed-salah-ben-amor-2-les-poemes-dalain-minod-2-15-paris\/#primaryimage","url":"http:\/\/www.masharif.com\/fr\/wp-content\/uploads\/2018\/02\/10885331_758625374215506_3145616302601472247_n.jpg","contentUrl":"http:\/\/www.masharif.com\/fr\/wp-content\/uploads\/2018\/02\/10885331_758625374215506_3145616302601472247_n.jpg","width":480,"height":480},{"@type":"WebPage","@id":"https:\/\/www.masharif.com\/fr\/2018\/03\/10\/les-archives-des-commentaires-poetiques-de-mohamed-salah-ben-amor-2-les-poemes-dalain-minod-2-15-paris\/","url":"https:\/\/www.masharif.com\/fr\/2018\/03\/10\/les-archives-des-commentaires-poetiques-de-mohamed-salah-ben-amor-2-les-poemes-dalain-minod-2-15-paris\/","name":"Les archives des commentaires po\u00e9tiques de Mohamed Salah Ben Amor : 2 - Les po\u00e8mes d\u2019Alain Minod :2-15 : Paris - Culminances","isPartOf":{"@id":"https:\/\/www.masharif.com\/fr\/#website"},"primaryImageOfPage":{"@id":"https:\/\/www.masharif.com\/fr\/2018\/03\/10\/les-archives-des-commentaires-poetiques-de-mohamed-salah-ben-amor-2-les-poemes-dalain-minod-2-15-paris\/#primaryimage"},"datePublished":"2018-03-10T20:05:58+00:00","dateModified":"2018-03-19T17:04:54+00:00","author":{"@id":"https:\/\/www.masharif.com\/fr\/#\/schema\/person\/839a7026efe9fa825134097c1041e4a0"},"breadcrumb":{"@id":"https:\/\/www.masharif.com\/fr\/2018\/03\/10\/les-archives-des-commentaires-poetiques-de-mohamed-salah-ben-amor-2-les-poemes-dalain-minod-2-15-paris\/#breadcrumb"},"inLanguage":"fr-FR","potentialAction":[{"@type":"ReadAction","target":["https:\/\/www.masharif.com\/fr\/2018\/03\/10\/les-archives-des-commentaires-poetiques-de-mohamed-salah-ben-amor-2-les-poemes-dalain-minod-2-15-paris\/"]}]},{"@type":"BreadcrumbList","@id":"https:\/\/www.masharif.com\/fr\/2018\/03\/10\/les-archives-des-commentaires-poetiques-de-mohamed-salah-ben-amor-2-les-poemes-dalain-minod-2-15-paris\/#breadcrumb","itemListElement":[{"@type":"ListItem","position":1,"name":"Home","item":"https:\/\/www.masharif.com\/fr\/"},{"@type":"ListItem","position":2,"name":"Les archives des commentaires po\u00e9tiques de Mohamed Salah Ben Amor : 2 &#8211; Les po\u00e8mes d\u2019Alain Minod :2-15 : Paris"}]},{"@type":"Person","@id":"https:\/\/www.masharif.com\/fr\/#\/schema\/person\/839a7026efe9fa825134097c1041e4a0","name":"Mohamed Salah Ben Amor","image":{"@type":"ImageObject","inLanguage":"fr-FR","@id":"https:\/\/www.masharif.com\/fr\/#\/schema\/person\/image\/","url":"http:\/\/0.gravatar.com\/avatar\/f64806401ad5ed604ffec2272b19ef46?s=96&d=identicon&r=g","contentUrl":"http:\/\/0.gravatar.com\/avatar\/f64806401ad5ed604ffec2272b19ef46?s=96&d=identicon&r=g","caption":"Mohamed Salah Ben Amor"},"sameAs":["http:\/\/ben-amor.info"],"url":"http:\/\/www.masharif.com\/fr\/author\/msba\/"}]}},"_links":{"self":[{"href":"http:\/\/www.masharif.com\/fr\/wp-json\/wp\/v2\/posts\/7389"}],"collection":[{"href":"http:\/\/www.masharif.com\/fr\/wp-json\/wp\/v2\/posts"}],"about":[{"href":"http:\/\/www.masharif.com\/fr\/wp-json\/wp\/v2\/types\/post"}],"author":[{"embeddable":true,"href":"http:\/\/www.masharif.com\/fr\/wp-json\/wp\/v2\/users\/2"}],"replies":[{"embeddable":true,"href":"http:\/\/www.masharif.com\/fr\/wp-json\/wp\/v2\/comments?post=7389"}],"version-history":[{"count":5,"href":"http:\/\/www.masharif.com\/fr\/wp-json\/wp\/v2\/posts\/7389\/revisions"}],"predecessor-version":[{"id":7495,"href":"http:\/\/www.masharif.com\/fr\/wp-json\/wp\/v2\/posts\/7389\/revisions\/7495"}],"wp:featuredmedia":[{"embeddable":true,"href":"http:\/\/www.masharif.com\/fr\/wp-json\/wp\/v2\/media\/7006"}],"wp:attachment":[{"href":"http:\/\/www.masharif.com\/fr\/wp-json\/wp\/v2\/media?parent=7389"}],"wp:term":[{"taxonomy":"category","embeddable":true,"href":"http:\/\/www.masharif.com\/fr\/wp-json\/wp\/v2\/categories?post=7389"},{"taxonomy":"post_tag","embeddable":true,"href":"http:\/\/www.masharif.com\/fr\/wp-json\/wp\/v2\/tags?post=7389"}],"curies":[{"name":"wp","href":"https:\/\/api.w.org\/{rel}","templated":true}]}}