{"id":7373,"date":"2018-03-09T12:34:05","date_gmt":"2018-03-09T11:34:05","guid":{"rendered":"http:\/\/www.masharif.com\/fr\/?p=7373"},"modified":"2018-03-09T12:36:32","modified_gmt":"2018-03-09T11:36:32","slug":"je-suis-nee-la-bas-et-jai-grandi-ici-par-maissa-boutiche-ain-benian-alger-algerie","status":"publish","type":"post","link":"http:\/\/www.masharif.com\/fr\/2018\/03\/09\/je-suis-nee-la-bas-et-jai-grandi-ici-par-maissa-boutiche-ain-benian-alger-algerie\/","title":{"rendered":"Je suis n\u00e9e l\u00e0-bas, et j&#8217;ai grandi ici par : Maissa Boutiche &#8211; Ain Benian \u2013 Alger- Alg\u00e9rie"},"content":{"rendered":"<div id=\"attachment_7212\" style=\"width: 310px\" class=\"wp-caption alignnone\"><a href=\"http:\/\/www.masharif.com\/fr\/wp-content\/uploads\/2018\/02\/26114093_10211182241055106_5118288734168571987_n.jpg\"><img aria-describedby=\"caption-attachment-7212\" loading=\"lazy\" class=\"wp-image-7212 size-medium\" src=\"http:\/\/www.masharif.com\/fr\/wp-content\/uploads\/2018\/02\/26114093_10211182241055106_5118288734168571987_n-300x300.jpg\" alt=\"\" width=\"300\" height=\"300\" srcset=\"http:\/\/www.masharif.com\/fr\/wp-content\/uploads\/2018\/02\/26114093_10211182241055106_5118288734168571987_n-300x300.jpg 300w, http:\/\/www.masharif.com\/fr\/wp-content\/uploads\/2018\/02\/26114093_10211182241055106_5118288734168571987_n-150x150.jpg 150w, http:\/\/www.masharif.com\/fr\/wp-content\/uploads\/2018\/02\/26114093_10211182241055106_5118288734168571987_n-768x768.jpg 768w, http:\/\/www.masharif.com\/fr\/wp-content\/uploads\/2018\/02\/26114093_10211182241055106_5118288734168571987_n-1024x1024.jpg 1024w, http:\/\/www.masharif.com\/fr\/wp-content\/uploads\/2018\/02\/26114093_10211182241055106_5118288734168571987_n-55x55.jpg 55w, http:\/\/www.masharif.com\/fr\/wp-content\/uploads\/2018\/02\/26114093_10211182241055106_5118288734168571987_n.jpg 1055w\" sizes=\"(max-width: 300px) 100vw, 300px\" \/><\/a><p id=\"caption-attachment-7212\" class=\"wp-caption-text\">Maissa Boutiche<\/p><\/div>\n<p><a href=\"http:\/\/www.masharif.com\/fr\/wp-content\/uploads\/2018\/03\/1_saint_arnaud_gendarmerie.jpg\"><img loading=\"lazy\" class=\"alignnone size-medium wp-image-7375\" src=\"http:\/\/www.masharif.com\/fr\/wp-content\/uploads\/2018\/03\/1_saint_arnaud_gendarmerie-300x179.jpg\" alt=\"\" width=\"300\" height=\"179\" srcset=\"http:\/\/www.masharif.com\/fr\/wp-content\/uploads\/2018\/03\/1_saint_arnaud_gendarmerie-300x179.jpg 300w, http:\/\/www.masharif.com\/fr\/wp-content\/uploads\/2018\/03\/1_saint_arnaud_gendarmerie-768x459.jpg 768w, http:\/\/www.masharif.com\/fr\/wp-content\/uploads\/2018\/03\/1_saint_arnaud_gendarmerie.jpg 886w\" sizes=\"(max-width: 300px) 100vw, 300px\" \/><\/a><\/p>\n<p><a href=\"http:\/\/www.masharif.com\/fr\/wp-content\/uploads\/2018\/03\/alger-2471643_960_720.jpg\"><img loading=\"lazy\" class=\"alignnone size-medium wp-image-7374\" src=\"http:\/\/www.masharif.com\/fr\/wp-content\/uploads\/2018\/03\/alger-2471643_960_720-300x225.jpg\" alt=\"\" width=\"300\" height=\"225\" srcset=\"http:\/\/www.masharif.com\/fr\/wp-content\/uploads\/2018\/03\/alger-2471643_960_720-300x225.jpg 300w, http:\/\/www.masharif.com\/fr\/wp-content\/uploads\/2018\/03\/alger-2471643_960_720-768x575.jpg 768w, http:\/\/www.masharif.com\/fr\/wp-content\/uploads\/2018\/03\/alger-2471643_960_720.jpg 960w\" sizes=\"(max-width: 300px) 100vw, 300px\" \/><\/a><\/p>\n<p><strong>Je suis n\u00e9e l\u00e0-bas et j&#8217;ai grandi ici<\/strong><\/p>\n<p><strong>C&#8217;est un long voyage d&#8217;amour et de nostalgie<\/strong><\/p>\n<p><strong>O\u00fb mon c\u0153ur se pr\u00e9lasse entre Satarno et Alger &#8230;<\/strong><\/p>\n<p>&nbsp;<\/p>\n<p><strong>J&#8217;ai jou\u00e9 l\u00e0-bas<\/strong><\/p>\n<p><strong>Dans mes humbles quartiers<\/strong><\/p>\n<p><strong>A la poup\u00e9e en chiffon, \u00e0 la ronde et aux billes<\/strong><\/p>\n<p><strong>Et j&#8217;ai remport\u00e9 avec moi<\/strong><\/p>\n<p><strong>Tous mes souvenirs en mon c\u0153ur enfouis&#8230;<\/strong><\/p>\n<p>&nbsp;<\/p>\n<p><strong>Je suis n\u00e9e l\u00e0-bas et j&#8217;ai m\u00fbrie ici.<\/strong><\/p>\n<p><strong>C&#8217;est une histoire d&#8217;un amour infini<\/strong><\/p>\n<p><strong>Entre mon beau home et la belle Alger\u00a0<\/strong><\/p>\n<p><strong>A cette \u00e9poque l\u00e0, je ne savais rien de l&#8217;amour<\/strong><\/p>\n<p><strong>Et\u00a0 quand il s&#8217;est invit\u00e9 en mon c\u0153ur<\/strong><\/p>\n<p><strong>Depuis ce temps l\u00e0, \u00e0\u00a0 sa\u00a0 passion, pli\u00e9 &#8230;<\/strong><\/p>\n<p>&nbsp;<\/p>\n<p><strong>J&#8217;ai quitt\u00e9 mon l\u00e0-bas<\/strong><\/p>\n<p><strong>Dans ma belle robe blanche,<\/strong><\/p>\n<p><strong>Laissant vide et sans \u00e9clats, mon Royaume<\/strong><\/p>\n<p><strong>Et l&#8217;hirondelle, \u00e0 mon d\u00e9part, s&#8217;est exil\u00e9e<\/strong><\/p>\n<p><strong>Quand la mouette elle volait si bas<\/strong><\/p>\n<p><strong>Me disait dans un battement d&#8217;ailes:<\/strong><\/p>\n<p><strong>&#8211; bienvenue Ma\u00efssa dans la Grande ville, Alger.<\/strong><\/p>\n<p>&nbsp;<\/p>\n<p><strong>Je suis n\u00e9e l\u00e0-bas<\/strong><\/p>\n<p><strong>O\u00fb tout \u00e9tait vert et fleuri<\/strong><\/p>\n<p><strong>L&#8217;amour accompagnait mes pas<\/strong><\/p>\n<p><strong>Et mon monde de l&#8217;amour me couvait<\/strong><\/p>\n<p><strong>Et j&#8217;ai grandi ici, au chant des vagues bleues<\/strong><\/p>\n<p><strong>Qui chaque jour, me parfumaient<\/strong><\/p>\n<p><strong>Du\u00a0vent de l&#8217;Est qui ne cesse de me bercer&#8230;<\/strong><\/p>\n<p>&nbsp;<\/p>\n<p><strong>Je suis n\u00e9e l\u00e0 bas et j&#8217;ai grandi ici<\/strong><\/p>\n<p><strong>C&#8217;est un long voyage d&#8217;amour<\/strong><\/p>\n<p><strong>Entre Satarno et Alger&#8230;<\/strong><\/p>\n<p>&nbsp;<\/p>\n<p><strong>J&#8217;ai quitt\u00e9 ma demeure et laiss\u00e9 tous ceux que j&#8217;aime.<\/strong><\/p>\n<p><strong>Mon regard d&#8217;enfant rem\u00e9morait \u00e0 chaque instant<\/strong><\/p>\n<p><strong>Et mon c\u0153ur pleurait, mon enfance et ma jeunesse<\/strong><\/p>\n<p><strong>Et mes r\u00eaves innocents, tout le long du trajet&#8230;<\/strong><\/p>\n<p>&nbsp;<\/p>\n<p><strong>Je suis n\u00e9e l\u00e0-bas entre les fleurs sauvages<\/strong><\/p>\n<p><strong>Et les champs de bl\u00e9 qui ne cessaient de danser.<\/strong><\/p>\n<p><strong>Ils embellissaient ma vie<\/strong><\/p>\n<p><strong>Et \u00e0 qui je suis si attach\u00e9e<\/strong><\/p>\n<p><strong>Ils caressaient au printemps mon passage<\/strong><\/p>\n<p><strong>Mes petites chevilles&#8230;<\/strong><\/p>\n<p>&nbsp;<\/p>\n<p><strong>Je suis n\u00e9e l\u00e0-bas et j&#8217;ai grandi ici.<\/strong><\/p>\n<p><strong>C&#8217;est un voyage d&#8217;amour<\/strong><\/p>\n<p><strong>Plus un livre d&#8217;or de chevet\u00a0?<\/strong><\/p>\n<p><strong>Une berceuse et une romance<\/strong><\/p>\n<p><strong>\u00c9crites en couplets de musique<\/strong><\/p>\n<p><strong>Et en lettres d&#8217;or pour mon home Satarno<\/strong><\/p>\n<p><strong>Et la belle\u00a0 Alger.<\/strong><\/p>\n<p>&nbsp;<\/p>\n<p>&nbsp;<\/p>\n<p>&nbsp;<\/p>\n","protected":false},"excerpt":{"rendered":"<p>Je suis n\u00e9e l\u00e0-bas et j&#8217;ai grandi ici C&#8217;est un long voyage d&#8217;amour et de nostalgie O\u00fb mon c\u0153ur se pr\u00e9lasse entre Satarno et Alger &#8230; &nbsp; J&#8217;ai jou\u00e9 l\u00e0-bas Dans mes humbles quartiers A la poup\u00e9e en chiffon, \u00e0 la ronde et aux billes Et j&#8217;ai remport\u00e9 avec moi Tous mes souvenirs en mon &#8230;<\/p>\n","protected":false},"author":2,"featured_media":7374,"comment_status":"open","ping_status":"open","sticky":false,"template":"","format":"standard","meta":[],"categories":[4],"tags":[],"yoast_head":"<!-- This site is optimized with the Yoast SEO plugin v19.3 - https:\/\/yoast.com\/wordpress\/plugins\/seo\/ -->\n<title>Je suis n\u00e9e l\u00e0-bas, et j&#039;ai grandi ici par : Maissa Boutiche - Ain Benian \u2013 Alger- Alg\u00e9rie - Culminances<\/title>\n<meta name=\"robots\" content=\"index, follow, max-snippet:-1, max-image-preview:large, max-video-preview:-1\" \/>\n<link rel=\"canonical\" href=\"http:\/\/www.masharif.com\/fr\/2018\/03\/09\/je-suis-nee-la-bas-et-jai-grandi-ici-par-maissa-boutiche-ain-benian-alger-algerie\/\" \/>\n<meta property=\"og:locale\" content=\"fr_FR\" \/>\n<meta property=\"og:type\" content=\"article\" \/>\n<meta property=\"og:title\" content=\"Je suis n\u00e9e l\u00e0-bas, et j&#039;ai grandi ici par : Maissa Boutiche - Ain Benian \u2013 Alger- Alg\u00e9rie - Culminances\" \/>\n<meta property=\"og:description\" content=\"Je suis n\u00e9e l\u00e0-bas et j&#8217;ai grandi ici C&#8217;est un long voyage d&#8217;amour et de nostalgie O\u00fb mon c\u0153ur se pr\u00e9lasse entre Satarno et Alger &#8230; &nbsp; J&#8217;ai jou\u00e9 l\u00e0-bas Dans mes humbles quartiers A la poup\u00e9e en chiffon, \u00e0 la ronde et aux billes Et j&#8217;ai remport\u00e9 avec moi Tous mes souvenirs en mon ...\" \/>\n<meta property=\"og:url\" content=\"http:\/\/www.masharif.com\/fr\/2018\/03\/09\/je-suis-nee-la-bas-et-jai-grandi-ici-par-maissa-boutiche-ain-benian-alger-algerie\/\" \/>\n<meta property=\"og:site_name\" content=\"Culminances\" \/>\n<meta property=\"article:published_time\" content=\"2018-03-09T11:34:05+00:00\" \/>\n<meta property=\"article:modified_time\" content=\"2018-03-09T11:36:32+00:00\" \/>\n<meta property=\"og:image\" content=\"http:\/\/www.masharif.com\/fr\/wp-content\/uploads\/2018\/03\/alger-2471643_960_720.jpg\" \/>\n\t<meta property=\"og:image:width\" content=\"960\" \/>\n\t<meta property=\"og:image:height\" content=\"719\" \/>\n\t<meta property=\"og:image:type\" content=\"image\/jpeg\" \/>\n<meta name=\"author\" content=\"Mohamed Salah Ben Amor\" \/>\n<meta name=\"twitter:card\" content=\"summary\" \/>\n<meta name=\"twitter:label1\" content=\"\u00c9crit par\" \/>\n\t<meta name=\"twitter:data1\" content=\"Mohamed Salah Ben Amor\" \/>\n\t<meta name=\"twitter:label2\" content=\"Dur\u00e9e de lecture estim\u00e9e\" \/>\n\t<meta name=\"twitter:data2\" content=\"2 minutes\" \/>\n<script type=\"application\/ld+json\" class=\"yoast-schema-graph\">{\"@context\":\"https:\/\/schema.org\",\"@graph\":[{\"@type\":\"WebSite\",\"@id\":\"https:\/\/www.masharif.com\/fr\/#website\",\"url\":\"https:\/\/www.masharif.com\/fr\/\",\"name\":\"Culminances\",\"description\":\"\",\"potentialAction\":[{\"@type\":\"SearchAction\",\"target\":{\"@type\":\"EntryPoint\",\"urlTemplate\":\"https:\/\/www.masharif.com\/fr\/?s={search_term_string}\"},\"query-input\":\"required name=search_term_string\"}],\"inLanguage\":\"fr-FR\"},{\"@type\":\"ImageObject\",\"inLanguage\":\"fr-FR\",\"@id\":\"http:\/\/www.masharif.com\/fr\/2018\/03\/09\/je-suis-nee-la-bas-et-jai-grandi-ici-par-maissa-boutiche-ain-benian-alger-algerie\/#primaryimage\",\"url\":\"http:\/\/www.masharif.com\/fr\/wp-content\/uploads\/2018\/03\/alger-2471643_960_720.jpg\",\"contentUrl\":\"http:\/\/www.masharif.com\/fr\/wp-content\/uploads\/2018\/03\/alger-2471643_960_720.jpg\",\"width\":960,\"height\":719},{\"@type\":\"WebPage\",\"@id\":\"http:\/\/www.masharif.com\/fr\/2018\/03\/09\/je-suis-nee-la-bas-et-jai-grandi-ici-par-maissa-boutiche-ain-benian-alger-algerie\/\",\"url\":\"http:\/\/www.masharif.com\/fr\/2018\/03\/09\/je-suis-nee-la-bas-et-jai-grandi-ici-par-maissa-boutiche-ain-benian-alger-algerie\/\",\"name\":\"Je suis n\u00e9e l\u00e0-bas, et j'ai grandi ici par : Maissa Boutiche - Ain Benian \u2013 Alger- Alg\u00e9rie - Culminances\",\"isPartOf\":{\"@id\":\"https:\/\/www.masharif.com\/fr\/#website\"},\"primaryImageOfPage\":{\"@id\":\"http:\/\/www.masharif.com\/fr\/2018\/03\/09\/je-suis-nee-la-bas-et-jai-grandi-ici-par-maissa-boutiche-ain-benian-alger-algerie\/#primaryimage\"},\"datePublished\":\"2018-03-09T11:34:05+00:00\",\"dateModified\":\"2018-03-09T11:36:32+00:00\",\"author\":{\"@id\":\"https:\/\/www.masharif.com\/fr\/#\/schema\/person\/839a7026efe9fa825134097c1041e4a0\"},\"breadcrumb\":{\"@id\":\"http:\/\/www.masharif.com\/fr\/2018\/03\/09\/je-suis-nee-la-bas-et-jai-grandi-ici-par-maissa-boutiche-ain-benian-alger-algerie\/#breadcrumb\"},\"inLanguage\":\"fr-FR\",\"potentialAction\":[{\"@type\":\"ReadAction\",\"target\":[\"http:\/\/www.masharif.com\/fr\/2018\/03\/09\/je-suis-nee-la-bas-et-jai-grandi-ici-par-maissa-boutiche-ain-benian-alger-algerie\/\"]}]},{\"@type\":\"BreadcrumbList\",\"@id\":\"http:\/\/www.masharif.com\/fr\/2018\/03\/09\/je-suis-nee-la-bas-et-jai-grandi-ici-par-maissa-boutiche-ain-benian-alger-algerie\/#breadcrumb\",\"itemListElement\":[{\"@type\":\"ListItem\",\"position\":1,\"name\":\"Home\",\"item\":\"https:\/\/www.masharif.com\/fr\/\"},{\"@type\":\"ListItem\",\"position\":2,\"name\":\"Je suis n\u00e9e l\u00e0-bas, et j&#8217;ai grandi ici par : Maissa Boutiche &#8211; Ain Benian \u2013 Alger- Alg\u00e9rie\"}]},{\"@type\":\"Person\",\"@id\":\"https:\/\/www.masharif.com\/fr\/#\/schema\/person\/839a7026efe9fa825134097c1041e4a0\",\"name\":\"Mohamed Salah Ben Amor\",\"image\":{\"@type\":\"ImageObject\",\"inLanguage\":\"fr-FR\",\"@id\":\"https:\/\/www.masharif.com\/fr\/#\/schema\/person\/image\/\",\"url\":\"http:\/\/0.gravatar.com\/avatar\/f64806401ad5ed604ffec2272b19ef46?s=96&d=identicon&r=g\",\"contentUrl\":\"http:\/\/0.gravatar.com\/avatar\/f64806401ad5ed604ffec2272b19ef46?s=96&d=identicon&r=g\",\"caption\":\"Mohamed Salah Ben Amor\"},\"sameAs\":[\"http:\/\/ben-amor.info\"],\"url\":\"http:\/\/www.masharif.com\/fr\/author\/msba\/\"}]}<\/script>\n<!-- \/ Yoast SEO plugin. -->","yoast_head_json":{"title":"Je suis n\u00e9e l\u00e0-bas, et j'ai grandi ici par : Maissa Boutiche - Ain Benian \u2013 Alger- Alg\u00e9rie - Culminances","robots":{"index":"index","follow":"follow","max-snippet":"max-snippet:-1","max-image-preview":"max-image-preview:large","max-video-preview":"max-video-preview:-1"},"canonical":"http:\/\/www.masharif.com\/fr\/2018\/03\/09\/je-suis-nee-la-bas-et-jai-grandi-ici-par-maissa-boutiche-ain-benian-alger-algerie\/","og_locale":"fr_FR","og_type":"article","og_title":"Je suis n\u00e9e l\u00e0-bas, et j'ai grandi ici par : Maissa Boutiche - Ain Benian \u2013 Alger- Alg\u00e9rie - Culminances","og_description":"Je suis n\u00e9e l\u00e0-bas et j&#8217;ai grandi ici C&#8217;est un long voyage d&#8217;amour et de nostalgie O\u00fb mon c\u0153ur se pr\u00e9lasse entre Satarno et Alger &#8230; &nbsp; J&#8217;ai jou\u00e9 l\u00e0-bas Dans mes humbles quartiers A la poup\u00e9e en chiffon, \u00e0 la ronde et aux billes Et j&#8217;ai remport\u00e9 avec moi Tous mes souvenirs en mon ...","og_url":"http:\/\/www.masharif.com\/fr\/2018\/03\/09\/je-suis-nee-la-bas-et-jai-grandi-ici-par-maissa-boutiche-ain-benian-alger-algerie\/","og_site_name":"Culminances","article_published_time":"2018-03-09T11:34:05+00:00","article_modified_time":"2018-03-09T11:36:32+00:00","og_image":[{"width":960,"height":719,"url":"http:\/\/www.masharif.com\/fr\/wp-content\/uploads\/2018\/03\/alger-2471643_960_720.jpg","type":"image\/jpeg"}],"author":"Mohamed Salah Ben Amor","twitter_card":"summary","twitter_misc":{"\u00c9crit par":"Mohamed Salah Ben Amor","Dur\u00e9e de lecture estim\u00e9e":"2 minutes"},"schema":{"@context":"https:\/\/schema.org","@graph":[{"@type":"WebSite","@id":"https:\/\/www.masharif.com\/fr\/#website","url":"https:\/\/www.masharif.com\/fr\/","name":"Culminances","description":"","potentialAction":[{"@type":"SearchAction","target":{"@type":"EntryPoint","urlTemplate":"https:\/\/www.masharif.com\/fr\/?s={search_term_string}"},"query-input":"required name=search_term_string"}],"inLanguage":"fr-FR"},{"@type":"ImageObject","inLanguage":"fr-FR","@id":"http:\/\/www.masharif.com\/fr\/2018\/03\/09\/je-suis-nee-la-bas-et-jai-grandi-ici-par-maissa-boutiche-ain-benian-alger-algerie\/#primaryimage","url":"http:\/\/www.masharif.com\/fr\/wp-content\/uploads\/2018\/03\/alger-2471643_960_720.jpg","contentUrl":"http:\/\/www.masharif.com\/fr\/wp-content\/uploads\/2018\/03\/alger-2471643_960_720.jpg","width":960,"height":719},{"@type":"WebPage","@id":"http:\/\/www.masharif.com\/fr\/2018\/03\/09\/je-suis-nee-la-bas-et-jai-grandi-ici-par-maissa-boutiche-ain-benian-alger-algerie\/","url":"http:\/\/www.masharif.com\/fr\/2018\/03\/09\/je-suis-nee-la-bas-et-jai-grandi-ici-par-maissa-boutiche-ain-benian-alger-algerie\/","name":"Je suis n\u00e9e l\u00e0-bas, et j'ai grandi ici par : Maissa Boutiche - Ain Benian \u2013 Alger- Alg\u00e9rie - Culminances","isPartOf":{"@id":"https:\/\/www.masharif.com\/fr\/#website"},"primaryImageOfPage":{"@id":"http:\/\/www.masharif.com\/fr\/2018\/03\/09\/je-suis-nee-la-bas-et-jai-grandi-ici-par-maissa-boutiche-ain-benian-alger-algerie\/#primaryimage"},"datePublished":"2018-03-09T11:34:05+00:00","dateModified":"2018-03-09T11:36:32+00:00","author":{"@id":"https:\/\/www.masharif.com\/fr\/#\/schema\/person\/839a7026efe9fa825134097c1041e4a0"},"breadcrumb":{"@id":"http:\/\/www.masharif.com\/fr\/2018\/03\/09\/je-suis-nee-la-bas-et-jai-grandi-ici-par-maissa-boutiche-ain-benian-alger-algerie\/#breadcrumb"},"inLanguage":"fr-FR","potentialAction":[{"@type":"ReadAction","target":["http:\/\/www.masharif.com\/fr\/2018\/03\/09\/je-suis-nee-la-bas-et-jai-grandi-ici-par-maissa-boutiche-ain-benian-alger-algerie\/"]}]},{"@type":"BreadcrumbList","@id":"http:\/\/www.masharif.com\/fr\/2018\/03\/09\/je-suis-nee-la-bas-et-jai-grandi-ici-par-maissa-boutiche-ain-benian-alger-algerie\/#breadcrumb","itemListElement":[{"@type":"ListItem","position":1,"name":"Home","item":"https:\/\/www.masharif.com\/fr\/"},{"@type":"ListItem","position":2,"name":"Je suis n\u00e9e l\u00e0-bas, et j&#8217;ai grandi ici par : Maissa Boutiche &#8211; Ain Benian \u2013 Alger- Alg\u00e9rie"}]},{"@type":"Person","@id":"https:\/\/www.masharif.com\/fr\/#\/schema\/person\/839a7026efe9fa825134097c1041e4a0","name":"Mohamed Salah Ben Amor","image":{"@type":"ImageObject","inLanguage":"fr-FR","@id":"https:\/\/www.masharif.com\/fr\/#\/schema\/person\/image\/","url":"http:\/\/0.gravatar.com\/avatar\/f64806401ad5ed604ffec2272b19ef46?s=96&d=identicon&r=g","contentUrl":"http:\/\/0.gravatar.com\/avatar\/f64806401ad5ed604ffec2272b19ef46?s=96&d=identicon&r=g","caption":"Mohamed Salah Ben Amor"},"sameAs":["http:\/\/ben-amor.info"],"url":"http:\/\/www.masharif.com\/fr\/author\/msba\/"}]}},"_links":{"self":[{"href":"http:\/\/www.masharif.com\/fr\/wp-json\/wp\/v2\/posts\/7373"}],"collection":[{"href":"http:\/\/www.masharif.com\/fr\/wp-json\/wp\/v2\/posts"}],"about":[{"href":"http:\/\/www.masharif.com\/fr\/wp-json\/wp\/v2\/types\/post"}],"author":[{"embeddable":true,"href":"http:\/\/www.masharif.com\/fr\/wp-json\/wp\/v2\/users\/2"}],"replies":[{"embeddable":true,"href":"http:\/\/www.masharif.com\/fr\/wp-json\/wp\/v2\/comments?post=7373"}],"version-history":[{"count":3,"href":"http:\/\/www.masharif.com\/fr\/wp-json\/wp\/v2\/posts\/7373\/revisions"}],"predecessor-version":[{"id":7378,"href":"http:\/\/www.masharif.com\/fr\/wp-json\/wp\/v2\/posts\/7373\/revisions\/7378"}],"wp:featuredmedia":[{"embeddable":true,"href":"http:\/\/www.masharif.com\/fr\/wp-json\/wp\/v2\/media\/7374"}],"wp:attachment":[{"href":"http:\/\/www.masharif.com\/fr\/wp-json\/wp\/v2\/media?parent=7373"}],"wp:term":[{"taxonomy":"category","embeddable":true,"href":"http:\/\/www.masharif.com\/fr\/wp-json\/wp\/v2\/categories?post=7373"},{"taxonomy":"post_tag","embeddable":true,"href":"http:\/\/www.masharif.com\/fr\/wp-json\/wp\/v2\/tags?post=7373"}],"curies":[{"name":"wp","href":"https:\/\/api.w.org\/{rel}","templated":true}]}}