{"id":7204,"date":"2018-02-26T13:15:43","date_gmt":"2018-02-26T12:15:43","guid":{"rendered":"http:\/\/www.masharif.com\/fr\/?p=7204"},"modified":"2018-02-26T13:15:43","modified_gmt":"2018-02-26T12:15:43","slug":"lhymne-poeme-mokhtar-el-amraoui-mateur-tunisie","status":"publish","type":"post","link":"http:\/\/www.masharif.com\/fr\/2018\/02\/26\/lhymne-poeme-mokhtar-el-amraoui-mateur-tunisie\/","title":{"rendered":"L\u2019hymne au po\u00e8me par: Mokhtar El Amraoui \u2013 Mateur- Tunisie"},"content":{"rendered":"<div id=\"attachment_6945\" style=\"width: 310px\" class=\"wp-caption alignnone\"><a href=\"http:\/\/www.masharif.com\/fr\/wp-content\/uploads\/2018\/02\/hqdefault.jpg\"><img aria-describedby=\"caption-attachment-6945\" loading=\"lazy\" class=\"wp-image-6945 size-medium\" src=\"http:\/\/www.masharif.com\/fr\/wp-content\/uploads\/2018\/02\/hqdefault-300x225.jpg\" alt=\"\" width=\"300\" height=\"225\" srcset=\"http:\/\/www.masharif.com\/fr\/wp-content\/uploads\/2018\/02\/hqdefault-300x225.jpg 300w, http:\/\/www.masharif.com\/fr\/wp-content\/uploads\/2018\/02\/hqdefault.jpg 480w\" sizes=\"(max-width: 300px) 100vw, 300px\" \/><\/a><p id=\"caption-attachment-6945\" class=\"wp-caption-text\">Mokhtar El Amraoui<\/p><\/div>\n<p><a href=\"http:\/\/www.masharif.com\/fr\/wp-content\/uploads\/2018\/02\/t\u00e9l\u00e9chargement-8.jpg\"><img loading=\"lazy\" class=\"alignnone size-medium wp-image-7206\" src=\"http:\/\/www.masharif.com\/fr\/wp-content\/uploads\/2018\/02\/t\u00e9l\u00e9chargement-8-300x300.jpg\" alt=\"\" width=\"300\" height=\"300\" srcset=\"http:\/\/www.masharif.com\/fr\/wp-content\/uploads\/2018\/02\/t\u00e9l\u00e9chargement-8-300x300.jpg 300w, http:\/\/www.masharif.com\/fr\/wp-content\/uploads\/2018\/02\/t\u00e9l\u00e9chargement-8-150x150.jpg 150w, http:\/\/www.masharif.com\/fr\/wp-content\/uploads\/2018\/02\/t\u00e9l\u00e9chargement-8-768x768.jpg 768w, http:\/\/www.masharif.com\/fr\/wp-content\/uploads\/2018\/02\/t\u00e9l\u00e9chargement-8-55x55.jpg 55w, http:\/\/www.masharif.com\/fr\/wp-content\/uploads\/2018\/02\/t\u00e9l\u00e9chargement-8.jpg 900w\" sizes=\"(max-width: 300px) 100vw, 300px\" \/><\/a><\/p>\n<p><a href=\"http:\/\/www.masharif.com\/fr\/wp-content\/uploads\/2018\/02\/leave-1957302_960_720.jpg\"><img loading=\"lazy\" class=\"alignnone size-medium wp-image-7205\" src=\"http:\/\/www.masharif.com\/fr\/wp-content\/uploads\/2018\/02\/leave-1957302_960_720-300x183.jpg\" alt=\"\" width=\"300\" height=\"183\" srcset=\"http:\/\/www.masharif.com\/fr\/wp-content\/uploads\/2018\/02\/leave-1957302_960_720-300x183.jpg 300w, http:\/\/www.masharif.com\/fr\/wp-content\/uploads\/2018\/02\/leave-1957302_960_720-768x467.jpg 768w, http:\/\/www.masharif.com\/fr\/wp-content\/uploads\/2018\/02\/leave-1957302_960_720.jpg 960w\" sizes=\"(max-width: 300px) 100vw, 300px\" \/><\/a><\/p>\n<p><strong>Po\u00e8me !<\/strong><\/p>\n<p><strong>Soleil de mots et de voix<\/strong><\/p>\n<p><strong>Constellation des rives<\/strong><\/p>\n<p><strong>Vibrant du sang des m\u00e9moires offertes au silex<\/strong><\/p>\n<p><strong>Aux pointes des marches des gestations cosmiques<\/strong><\/p>\n<p><strong>Tu es l\u2019insaisissable qui saisit les tourments<\/strong><\/p>\n<p><strong>Tous les pas de la tourmente \u00e9crite<\/strong><\/p>\n<p><strong>En questions en leur explosant silence<\/strong><\/p>\n<p><strong>Po\u00e8me boom !<\/strong><\/p>\n<p><strong>Houle de stigmates et baume aussi<\/strong><\/p>\n<p><strong>Qui sait panser les blessures des \u00e9pines<\/strong><\/p>\n<p><strong>Po\u00e8me boh\u00e8me de troubadours pers\u00e9cut\u00e9s<\/strong><\/p>\n<p><strong>Pourchass\u00e9s de leurs nids c\u00e9lestes<\/strong><\/p>\n<p><strong>De leurs arbres de r\u00eaves-tr\u00eave<\/strong><\/p>\n<p><strong>Qui cr\u00e8vent<\/strong><\/p>\n<p><strong>Sous l\u2019arbitraire verglas des tyrannies putrides<\/strong><\/p>\n<p><strong>Po\u00e8me !<\/strong><\/p>\n<p><strong>Tu r\u00e9inventes le chant du sang<\/strong><\/p>\n<p><strong>Tu sais faire des larmes des \u00e9toiles<\/strong><\/p>\n<p><strong>Et des \u00e9toiles des ch\u0153urs de c\u0153urs<\/strong><\/p>\n<p><strong>Aux champs ascendants<\/strong><\/p>\n<p><strong>O\u00f9 ne cesse de rena\u00eetre l&#8217;amour<\/strong><\/p>\n<p><strong>En ses chaudes matrices sem\u00e9es<\/strong><\/p>\n<p><strong>Des multicolores splendeurs<\/strong><\/p>\n<p><strong>Des pages de l\u2019azur et de ses mers<\/strong><\/p>\n<p><strong>Aux vagues des bras<\/strong><\/p>\n<p><strong>En leurs infinies p\u00e9r\u00e9grinations<\/strong><\/p>\n<p><strong>De pertes et retrouvailles<\/strong><\/p>\n<p><strong>Tu es la vall\u00e9e des grandes attentes<\/strong><\/p>\n<p><strong>Source des cieux d&#8217;ombres calcin\u00e9es<\/strong><\/p>\n<p><strong>Nubiles r\u00eaves des d\u00e9laiss\u00e9s<\/strong><\/p>\n<p><strong>Contes aux chemins de brouillard!<\/strong><\/p>\n<p><strong>Avec tes cierges, po\u00e8me,<\/strong><\/p>\n<p><strong>Tu rallumes les essences des chairs mortes<\/strong><\/p>\n<p><strong>De tant de cha\u00eenes<\/strong><\/p>\n<p><strong>En leurs trac\u00e9s de d\u00e9sirs rebelles d\u2019oiseaux libres<\/strong><\/p>\n<p><strong>Tu es l\u2019ouragan quand on te fusille !<\/strong><\/p>\n<p><strong>Oliviers de Palestine aux racines stellaires !<\/strong><\/p>\n<p><strong>Chaudes grenades d\u2019Andalousie !<\/strong><\/p>\n<p><strong>Aux incandescences volcaniques !<\/strong><\/p>\n<p><strong>Aigles des cimes de Tunisie !<\/strong><\/p>\n<p><strong>Indomptables rebelles d\u2019Alg\u00e9rie !<\/strong><\/p>\n<p><strong>Et tous ces fiers poings dress\u00e9s<\/strong><\/p>\n<p><strong>De lumi\u00e8re d\u2019Irak et de Syrie<\/strong><\/p>\n<p><strong>Psalmodiant les \u00e9treintes de feu<\/strong><\/p>\n<p><strong>Abou El Kacem Chebbi<\/strong><\/p>\n<p><strong>Mahmoud Derouiche<\/strong><\/p>\n<p><strong>Federico Garcia Lorca<\/strong><\/p>\n<p><strong>Po\u00e8me !<\/strong><\/p>\n<p><strong>Tu es leur rire \u00e9ternel<\/strong><\/p>\n<p><strong>Contre la gueule horrible du bourreau<\/strong><\/p>\n<p><strong>Lumi\u00e8re chevauchant son p\u00e9gase<\/strong><\/p>\n<p><strong>Au souffle de danse<\/strong><\/p>\n<p><strong>Tes pas dessinent la cartographie des retours<\/strong><\/p>\n<p><strong>Vers les fusions tonitruantes<\/strong><\/p>\n<p><strong>D&#8217;amour roulis roses n&#8217;ayant de point<\/strong><\/p>\n<p><strong>Que ceux des mains point\u00e9es<\/strong><\/p>\n<p><strong>Vers le magma des chants<\/strong><\/p>\n<p><strong>Poings d\u00e9cr\u00e9tant l&#8217;aube<\/strong><\/p>\n<p><strong>S&#8217;ouvrant sur les graines<\/strong><\/p>\n<p><strong>Aux ailes des nouveau-n\u00e9s<\/strong><\/p>\n<p><strong>Arc- en -ciel des paumes<\/strong><\/p>\n<p><strong>O\u00f9 g\u00eet en alerte<\/strong><\/p>\n<p><strong>La trame des chemins<\/strong><\/p>\n<p><strong>D\u2019o\u00f9 surgit le r\u00eave en parchemins de vers<\/strong><\/p>\n<p><strong>Haletant de vie<\/strong><\/p>\n<p><strong>Comme cette in\u00e9puisable mer des voyages<\/strong><\/p>\n<p><strong>Suspendue aux l\u00e8vres des mots<\/strong><\/p>\n<p><strong>Contre les maux des livres tus<\/strong><\/p>\n<p><strong>Qui s\u2019ent\u00eatent\u00a0 \u00e0 dire \u00e0 parler \u00e0 crier<\/strong><\/p>\n<p><strong>A se lever se relever !<\/strong><\/p>\n<p><strong>Face aux b\u00e2illons les maillons de vie et d\u2019amour<\/strong><\/p>\n<p><strong>Contre l\u2019oubli l\u00e0 o\u00f9 l\u2019espoir n\u00e9cessaire luit !<\/strong><\/p>\n<p><strong>Po\u00e8me, je t\u2019aime !<\/strong><\/p>\n<p>&nbsp;<\/p>\n","protected":false},"excerpt":{"rendered":"<p>Po\u00e8me ! Soleil de mots et de voix Constellation des rives Vibrant du sang des m\u00e9moires offertes au silex Aux pointes des marches des gestations cosmiques Tu es l\u2019insaisissable qui saisit les tourments Tous les pas de la tourmente \u00e9crite En questions en leur explosant silence Po\u00e8me boom ! Houle de stigmates et baume aussi &#8230;<\/p>\n","protected":false},"author":2,"featured_media":7206,"comment_status":"open","ping_status":"open","sticky":false,"template":"","format":"standard","meta":[],"categories":[4],"tags":[],"yoast_head":"<!-- This site is optimized with the Yoast SEO plugin v19.3 - https:\/\/yoast.com\/wordpress\/plugins\/seo\/ -->\n<title>L\u2019hymne au po\u00e8me par: Mokhtar El Amraoui \u2013 Mateur- Tunisie - Culminances<\/title>\n<meta name=\"robots\" content=\"index, follow, max-snippet:-1, max-image-preview:large, max-video-preview:-1\" \/>\n<link rel=\"canonical\" href=\"http:\/\/www.masharif.com\/fr\/2018\/02\/26\/lhymne-poeme-mokhtar-el-amraoui-mateur-tunisie\/\" \/>\n<meta property=\"og:locale\" content=\"fr_FR\" \/>\n<meta property=\"og:type\" content=\"article\" \/>\n<meta property=\"og:title\" content=\"L\u2019hymne au po\u00e8me par: Mokhtar El Amraoui \u2013 Mateur- Tunisie - Culminances\" \/>\n<meta property=\"og:description\" content=\"Po\u00e8me ! Soleil de mots et de voix Constellation des rives Vibrant du sang des m\u00e9moires offertes au silex Aux pointes des marches des gestations cosmiques Tu es l\u2019insaisissable qui saisit les tourments Tous les pas de la tourmente \u00e9crite En questions en leur explosant silence Po\u00e8me boom ! Houle de stigmates et baume aussi ...\" \/>\n<meta property=\"og:url\" content=\"http:\/\/www.masharif.com\/fr\/2018\/02\/26\/lhymne-poeme-mokhtar-el-amraoui-mateur-tunisie\/\" \/>\n<meta property=\"og:site_name\" content=\"Culminances\" \/>\n<meta property=\"article:published_time\" content=\"2018-02-26T12:15:43+00:00\" \/>\n<meta property=\"og:image\" content=\"http:\/\/www.masharif.com\/fr\/wp-content\/uploads\/2018\/02\/t\u00e9l\u00e9chargement-8.jpg\" \/>\n\t<meta property=\"og:image:width\" content=\"900\" \/>\n\t<meta property=\"og:image:height\" content=\"900\" \/>\n\t<meta property=\"og:image:type\" content=\"image\/jpeg\" \/>\n<meta name=\"author\" content=\"Mohamed Salah Ben Amor\" \/>\n<meta name=\"twitter:card\" content=\"summary\" \/>\n<meta name=\"twitter:label1\" content=\"\u00c9crit par\" \/>\n\t<meta name=\"twitter:data1\" content=\"Mohamed Salah Ben Amor\" \/>\n\t<meta name=\"twitter:label2\" content=\"Dur\u00e9e de lecture estim\u00e9e\" \/>\n\t<meta name=\"twitter:data2\" content=\"2 minutes\" \/>\n<script type=\"application\/ld+json\" class=\"yoast-schema-graph\">{\"@context\":\"https:\/\/schema.org\",\"@graph\":[{\"@type\":\"WebSite\",\"@id\":\"https:\/\/www.masharif.com\/fr\/#website\",\"url\":\"https:\/\/www.masharif.com\/fr\/\",\"name\":\"Culminances\",\"description\":\"\",\"potentialAction\":[{\"@type\":\"SearchAction\",\"target\":{\"@type\":\"EntryPoint\",\"urlTemplate\":\"https:\/\/www.masharif.com\/fr\/?s={search_term_string}\"},\"query-input\":\"required name=search_term_string\"}],\"inLanguage\":\"fr-FR\"},{\"@type\":\"ImageObject\",\"inLanguage\":\"fr-FR\",\"@id\":\"http:\/\/www.masharif.com\/fr\/2018\/02\/26\/lhymne-poeme-mokhtar-el-amraoui-mateur-tunisie\/#primaryimage\",\"url\":\"http:\/\/www.masharif.com\/fr\/wp-content\/uploads\/2018\/02\/t\u00e9l\u00e9chargement-8.jpg\",\"contentUrl\":\"http:\/\/www.masharif.com\/fr\/wp-content\/uploads\/2018\/02\/t\u00e9l\u00e9chargement-8.jpg\",\"width\":900,\"height\":900},{\"@type\":\"WebPage\",\"@id\":\"http:\/\/www.masharif.com\/fr\/2018\/02\/26\/lhymne-poeme-mokhtar-el-amraoui-mateur-tunisie\/\",\"url\":\"http:\/\/www.masharif.com\/fr\/2018\/02\/26\/lhymne-poeme-mokhtar-el-amraoui-mateur-tunisie\/\",\"name\":\"L\u2019hymne au po\u00e8me par: Mokhtar El Amraoui \u2013 Mateur- Tunisie - Culminances\",\"isPartOf\":{\"@id\":\"https:\/\/www.masharif.com\/fr\/#website\"},\"primaryImageOfPage\":{\"@id\":\"http:\/\/www.masharif.com\/fr\/2018\/02\/26\/lhymne-poeme-mokhtar-el-amraoui-mateur-tunisie\/#primaryimage\"},\"datePublished\":\"2018-02-26T12:15:43+00:00\",\"dateModified\":\"2018-02-26T12:15:43+00:00\",\"author\":{\"@id\":\"https:\/\/www.masharif.com\/fr\/#\/schema\/person\/839a7026efe9fa825134097c1041e4a0\"},\"breadcrumb\":{\"@id\":\"http:\/\/www.masharif.com\/fr\/2018\/02\/26\/lhymne-poeme-mokhtar-el-amraoui-mateur-tunisie\/#breadcrumb\"},\"inLanguage\":\"fr-FR\",\"potentialAction\":[{\"@type\":\"ReadAction\",\"target\":[\"http:\/\/www.masharif.com\/fr\/2018\/02\/26\/lhymne-poeme-mokhtar-el-amraoui-mateur-tunisie\/\"]}]},{\"@type\":\"BreadcrumbList\",\"@id\":\"http:\/\/www.masharif.com\/fr\/2018\/02\/26\/lhymne-poeme-mokhtar-el-amraoui-mateur-tunisie\/#breadcrumb\",\"itemListElement\":[{\"@type\":\"ListItem\",\"position\":1,\"name\":\"Home\",\"item\":\"https:\/\/www.masharif.com\/fr\/\"},{\"@type\":\"ListItem\",\"position\":2,\"name\":\"L\u2019hymne au po\u00e8me par: Mokhtar El Amraoui \u2013 Mateur- Tunisie\"}]},{\"@type\":\"Person\",\"@id\":\"https:\/\/www.masharif.com\/fr\/#\/schema\/person\/839a7026efe9fa825134097c1041e4a0\",\"name\":\"Mohamed Salah Ben Amor\",\"image\":{\"@type\":\"ImageObject\",\"inLanguage\":\"fr-FR\",\"@id\":\"https:\/\/www.masharif.com\/fr\/#\/schema\/person\/image\/\",\"url\":\"http:\/\/0.gravatar.com\/avatar\/f64806401ad5ed604ffec2272b19ef46?s=96&d=identicon&r=g\",\"contentUrl\":\"http:\/\/0.gravatar.com\/avatar\/f64806401ad5ed604ffec2272b19ef46?s=96&d=identicon&r=g\",\"caption\":\"Mohamed Salah Ben Amor\"},\"sameAs\":[\"http:\/\/ben-amor.info\"],\"url\":\"http:\/\/www.masharif.com\/fr\/author\/msba\/\"}]}<\/script>\n<!-- \/ Yoast SEO plugin. -->","yoast_head_json":{"title":"L\u2019hymne au po\u00e8me par: Mokhtar El Amraoui \u2013 Mateur- Tunisie - Culminances","robots":{"index":"index","follow":"follow","max-snippet":"max-snippet:-1","max-image-preview":"max-image-preview:large","max-video-preview":"max-video-preview:-1"},"canonical":"http:\/\/www.masharif.com\/fr\/2018\/02\/26\/lhymne-poeme-mokhtar-el-amraoui-mateur-tunisie\/","og_locale":"fr_FR","og_type":"article","og_title":"L\u2019hymne au po\u00e8me par: Mokhtar El Amraoui \u2013 Mateur- Tunisie - Culminances","og_description":"Po\u00e8me ! Soleil de mots et de voix Constellation des rives Vibrant du sang des m\u00e9moires offertes au silex Aux pointes des marches des gestations cosmiques Tu es l\u2019insaisissable qui saisit les tourments Tous les pas de la tourmente \u00e9crite En questions en leur explosant silence Po\u00e8me boom ! Houle de stigmates et baume aussi ...","og_url":"http:\/\/www.masharif.com\/fr\/2018\/02\/26\/lhymne-poeme-mokhtar-el-amraoui-mateur-tunisie\/","og_site_name":"Culminances","article_published_time":"2018-02-26T12:15:43+00:00","og_image":[{"width":900,"height":900,"url":"http:\/\/www.masharif.com\/fr\/wp-content\/uploads\/2018\/02\/t\u00e9l\u00e9chargement-8.jpg","type":"image\/jpeg"}],"author":"Mohamed Salah Ben Amor","twitter_card":"summary","twitter_misc":{"\u00c9crit par":"Mohamed Salah Ben Amor","Dur\u00e9e de lecture estim\u00e9e":"2 minutes"},"schema":{"@context":"https:\/\/schema.org","@graph":[{"@type":"WebSite","@id":"https:\/\/www.masharif.com\/fr\/#website","url":"https:\/\/www.masharif.com\/fr\/","name":"Culminances","description":"","potentialAction":[{"@type":"SearchAction","target":{"@type":"EntryPoint","urlTemplate":"https:\/\/www.masharif.com\/fr\/?s={search_term_string}"},"query-input":"required name=search_term_string"}],"inLanguage":"fr-FR"},{"@type":"ImageObject","inLanguage":"fr-FR","@id":"http:\/\/www.masharif.com\/fr\/2018\/02\/26\/lhymne-poeme-mokhtar-el-amraoui-mateur-tunisie\/#primaryimage","url":"http:\/\/www.masharif.com\/fr\/wp-content\/uploads\/2018\/02\/t\u00e9l\u00e9chargement-8.jpg","contentUrl":"http:\/\/www.masharif.com\/fr\/wp-content\/uploads\/2018\/02\/t\u00e9l\u00e9chargement-8.jpg","width":900,"height":900},{"@type":"WebPage","@id":"http:\/\/www.masharif.com\/fr\/2018\/02\/26\/lhymne-poeme-mokhtar-el-amraoui-mateur-tunisie\/","url":"http:\/\/www.masharif.com\/fr\/2018\/02\/26\/lhymne-poeme-mokhtar-el-amraoui-mateur-tunisie\/","name":"L\u2019hymne au po\u00e8me par: Mokhtar El Amraoui \u2013 Mateur- Tunisie - Culminances","isPartOf":{"@id":"https:\/\/www.masharif.com\/fr\/#website"},"primaryImageOfPage":{"@id":"http:\/\/www.masharif.com\/fr\/2018\/02\/26\/lhymne-poeme-mokhtar-el-amraoui-mateur-tunisie\/#primaryimage"},"datePublished":"2018-02-26T12:15:43+00:00","dateModified":"2018-02-26T12:15:43+00:00","author":{"@id":"https:\/\/www.masharif.com\/fr\/#\/schema\/person\/839a7026efe9fa825134097c1041e4a0"},"breadcrumb":{"@id":"http:\/\/www.masharif.com\/fr\/2018\/02\/26\/lhymne-poeme-mokhtar-el-amraoui-mateur-tunisie\/#breadcrumb"},"inLanguage":"fr-FR","potentialAction":[{"@type":"ReadAction","target":["http:\/\/www.masharif.com\/fr\/2018\/02\/26\/lhymne-poeme-mokhtar-el-amraoui-mateur-tunisie\/"]}]},{"@type":"BreadcrumbList","@id":"http:\/\/www.masharif.com\/fr\/2018\/02\/26\/lhymne-poeme-mokhtar-el-amraoui-mateur-tunisie\/#breadcrumb","itemListElement":[{"@type":"ListItem","position":1,"name":"Home","item":"https:\/\/www.masharif.com\/fr\/"},{"@type":"ListItem","position":2,"name":"L\u2019hymne au po\u00e8me par: Mokhtar El Amraoui \u2013 Mateur- Tunisie"}]},{"@type":"Person","@id":"https:\/\/www.masharif.com\/fr\/#\/schema\/person\/839a7026efe9fa825134097c1041e4a0","name":"Mohamed Salah Ben Amor","image":{"@type":"ImageObject","inLanguage":"fr-FR","@id":"https:\/\/www.masharif.com\/fr\/#\/schema\/person\/image\/","url":"http:\/\/0.gravatar.com\/avatar\/f64806401ad5ed604ffec2272b19ef46?s=96&d=identicon&r=g","contentUrl":"http:\/\/0.gravatar.com\/avatar\/f64806401ad5ed604ffec2272b19ef46?s=96&d=identicon&r=g","caption":"Mohamed Salah Ben Amor"},"sameAs":["http:\/\/ben-amor.info"],"url":"http:\/\/www.masharif.com\/fr\/author\/msba\/"}]}},"_links":{"self":[{"href":"http:\/\/www.masharif.com\/fr\/wp-json\/wp\/v2\/posts\/7204"}],"collection":[{"href":"http:\/\/www.masharif.com\/fr\/wp-json\/wp\/v2\/posts"}],"about":[{"href":"http:\/\/www.masharif.com\/fr\/wp-json\/wp\/v2\/types\/post"}],"author":[{"embeddable":true,"href":"http:\/\/www.masharif.com\/fr\/wp-json\/wp\/v2\/users\/2"}],"replies":[{"embeddable":true,"href":"http:\/\/www.masharif.com\/fr\/wp-json\/wp\/v2\/comments?post=7204"}],"version-history":[{"count":1,"href":"http:\/\/www.masharif.com\/fr\/wp-json\/wp\/v2\/posts\/7204\/revisions"}],"predecessor-version":[{"id":7207,"href":"http:\/\/www.masharif.com\/fr\/wp-json\/wp\/v2\/posts\/7204\/revisions\/7207"}],"wp:featuredmedia":[{"embeddable":true,"href":"http:\/\/www.masharif.com\/fr\/wp-json\/wp\/v2\/media\/7206"}],"wp:attachment":[{"href":"http:\/\/www.masharif.com\/fr\/wp-json\/wp\/v2\/media?parent=7204"}],"wp:term":[{"taxonomy":"category","embeddable":true,"href":"http:\/\/www.masharif.com\/fr\/wp-json\/wp\/v2\/categories?post=7204"},{"taxonomy":"post_tag","embeddable":true,"href":"http:\/\/www.masharif.com\/fr\/wp-json\/wp\/v2\/tags?post=7204"}],"curies":[{"name":"wp","href":"https:\/\/api.w.org\/{rel}","templated":true}]}}