{"id":7147,"date":"2018-02-21T12:06:29","date_gmt":"2018-02-21T11:06:29","guid":{"rendered":"http:\/\/www.masharif.com\/fr\/?p=7147"},"modified":"2018-02-21T12:06:29","modified_gmt":"2018-02-21T11:06:29","slug":"archives-commentaires-poetiques-de-mohamed-salah-ben-amor-2-poemes-dalain-minod-2-9-peau-ciel-urbain","status":"publish","type":"post","link":"http:\/\/www.masharif.com\/fr\/2018\/02\/21\/archives-commentaires-poetiques-de-mohamed-salah-ben-amor-2-poemes-dalain-minod-2-9-peau-ciel-urbain\/","title":{"rendered":"Les archives des commentaires po\u00e9tiques de Mohamed Salah Ben Amor : 2 &#8211; Les po\u00e8mes d\u2019Alain Minod : 2 -9-  La peau du ciel urbain"},"content":{"rendered":"<div id=\"attachment_7006\" style=\"width: 310px\" class=\"wp-caption alignnone\"><a href=\"http:\/\/www.masharif.com\/fr\/wp-content\/uploads\/2018\/02\/10885331_758625374215506_3145616302601472247_n.jpg\"><img aria-describedby=\"caption-attachment-7006\" loading=\"lazy\" class=\"wp-image-7006 size-medium\" src=\"http:\/\/www.masharif.com\/fr\/wp-content\/uploads\/2018\/02\/10885331_758625374215506_3145616302601472247_n-300x300.jpg\" alt=\"\" width=\"300\" height=\"300\" srcset=\"http:\/\/www.masharif.com\/fr\/wp-content\/uploads\/2018\/02\/10885331_758625374215506_3145616302601472247_n-300x300.jpg 300w, http:\/\/www.masharif.com\/fr\/wp-content\/uploads\/2018\/02\/10885331_758625374215506_3145616302601472247_n-150x150.jpg 150w, http:\/\/www.masharif.com\/fr\/wp-content\/uploads\/2018\/02\/10885331_758625374215506_3145616302601472247_n-55x55.jpg 55w, http:\/\/www.masharif.com\/fr\/wp-content\/uploads\/2018\/02\/10885331_758625374215506_3145616302601472247_n.jpg 480w\" sizes=\"(max-width: 300px) 100vw, 300px\" \/><\/a><p id=\"caption-attachment-7006\" class=\"wp-caption-text\">Alain Minod<\/p><\/div>\n<p><a href=\"http:\/\/www.masharif.com\/fr\/wp-content\/uploads\/2018\/02\/architecture-1851290_960_720.jpg\"><img loading=\"lazy\" class=\"alignnone size-medium wp-image-7148\" src=\"http:\/\/www.masharif.com\/fr\/wp-content\/uploads\/2018\/02\/architecture-1851290_960_720-300x200.jpg\" alt=\"\" width=\"300\" height=\"200\" srcset=\"http:\/\/www.masharif.com\/fr\/wp-content\/uploads\/2018\/02\/architecture-1851290_960_720-300x200.jpg 300w, http:\/\/www.masharif.com\/fr\/wp-content\/uploads\/2018\/02\/architecture-1851290_960_720-768x512.jpg 768w, http:\/\/www.masharif.com\/fr\/wp-content\/uploads\/2018\/02\/architecture-1851290_960_720.jpg 960w\" sizes=\"(max-width: 300px) 100vw, 300px\" \/><\/a><\/p>\n<p><strong>Le froid \u00a0&#8211;\u00a0 ce fer blanc<\/strong><\/p>\n<p><strong>Dans nos chairs endurcies<\/strong><\/p>\n<p><strong>Colle \u00e0 la peau du ciel<\/strong><\/p>\n<p>&nbsp;<\/p>\n<p><strong>L\u2019aurore pliera-t-elle avec lui\u00a0?<\/strong><\/p>\n<p><strong>Elle vient poudroyer de chaux<\/strong><\/p>\n<p><strong>Le noir voile des toits<\/strong><\/p>\n<p><strong>Alors le froid<\/strong><\/p>\n<p><strong>S\u2019all\u00e8ge<\/strong><\/p>\n<p><strong>Sur ces biseaux de la pierre \u2026<\/strong><\/p>\n<p>&nbsp;<\/p>\n<p><strong>C\u2019est\u00a0 miel aux pigeons<\/strong><\/p>\n<p><strong>C\u2019est tourte d\u2019azur sur les dents friandes<\/strong><\/p>\n<p><strong>O\u00f9 se serrent les murs<\/strong><\/p>\n<p><strong>De notre ville<\/strong><\/p>\n<p><strong>Frissonnante<\/strong><\/p>\n<p>&nbsp;<\/p>\n<p><strong>Revenus du silence<\/strong><\/p>\n<p><strong>O\u00f9 nous avait plong\u00e9s la nuit<\/strong><\/p>\n<p><strong>Nous remontons la rumeur fauve<\/strong><\/p>\n<p><strong>A la barbe des nuages<\/strong><\/p>\n<p><strong>Ind\u00e9cis\u00a0<\/strong><\/p>\n<p>&nbsp;<\/p>\n<p><strong>Nous plumons ce qui reste<\/strong><\/p>\n<p><strong>Des ailes d\u2019anges de l\u2019aube o\u00f9 planait<\/strong><\/p>\n<p><strong>La courbe descendante<\/strong><\/p>\n<p><strong>De nos songes<\/strong><\/p>\n<p>&nbsp;<\/p>\n<p><strong>Ind\u00e9cidable est ce temps de la vacance<\/strong><\/p>\n<p><strong>Et d\u2019une interminable lenteur<\/strong><\/p>\n<p><strong>Est l\u2019allure du soleil<\/strong><\/p>\n<p><strong>Pour sortir sur<\/strong><\/p>\n<p><strong>L\u2019avenue<\/strong><\/p>\n<p><strong>Il cligne de ses yeux de velours or<\/strong><\/p>\n<p><strong>Comme en des spasmes<\/strong><\/p>\n<p><strong>Entre ses paupi\u00e8res<\/strong><\/p>\n<p>&nbsp;<\/p>\n<p><strong>Mon chien d\u2019encre court \u00e0 sa vol\u00e9e<\/strong><\/p>\n<p><strong>Quand il le capte entrain<\/strong><\/p>\n<p><strong>D\u2019incendier les deux<\/strong><\/p>\n<p><strong>Seuls arbres<\/strong><\/p>\n<p><strong>D\u00e9nud\u00e9s<\/strong><\/p>\n<p>&nbsp;<\/p>\n<p><strong>On le voit maintenant<\/strong><\/p>\n<p><strong>Canonner ses \u00e9clats sur la vitre<\/strong><\/p>\n<p><strong>Mais \u2013 l\u00e2chement \u2013<\/strong><\/p>\n<p><strong>Sur la place encore inconquise \u2013<\/strong><\/p>\n<p><strong>Les nu\u00e9es frisent en<\/strong><\/p>\n<p><strong>Filet d\u2019ombres<\/strong><\/p>\n<p>&nbsp;<\/p>\n<p><strong>Alors le roi fait son travail\u00a0:<\/strong><\/p>\n<p><strong>Il les plombe sur<\/strong><\/p>\n<p><strong>La Marianne<\/strong><\/p>\n<p><strong>Eveill\u00e9e<\/strong><\/p>\n<p>&nbsp;<\/p>\n<p><strong>Dure r\u00e9publique du dimanche<\/strong><\/p>\n<p><strong>O\u00f9 valsent tous les cort\u00e8ges de cour<\/strong><\/p>\n<p><strong>Dans un ciel abandonn\u00e9 par<\/strong><\/p>\n<p><strong>Le paradis<\/strong><\/p>\n<p>&nbsp;<\/p>\n<p><strong>D\u2019ailleurs \u2026\u00a0: Quelque mis\u00e8re<\/strong><\/p>\n<p><strong>Aux l\u00e8vres des avenues<\/strong><\/p>\n<p><strong>Chuchote comme<\/strong><\/p>\n<p><strong>Des injures<\/strong><\/p>\n<p><strong>Contre<\/strong><\/p>\n<p><strong>Ce temps litigieux<\/strong><\/p>\n<p>&nbsp;<\/p>\n<p><strong>Ici un chant informe<\/strong><\/p>\n<p><strong>Insulte le silence qui buvait \u00e0 la bol\u00e9e<\/strong><\/p>\n<p><strong>Le lait frais coulant de l\u2019horizon<\/strong><\/p>\n<p>&nbsp;<\/p>\n<p><strong>Tout a blanchi et les cordes du soleil<\/strong><\/p>\n<p><strong>Sont d\u00e9j\u00e0 us\u00e9es par<\/strong><\/p>\n<p><strong>Les man\u00e8ges<\/strong><\/p>\n<p><strong>De cour<\/strong><\/p>\n<p>&nbsp;<\/p>\n<p><strong>Il n\u2019y a plus de roi<\/strong><\/p>\n<p><strong>Mais qui l\u2019attendait\u00a0?<\/strong><\/p>\n<p><strong>Les nu\u00e9es sont \u00e0 vif<\/strong><\/p>\n<p><strong>Elles ont conquis<\/strong><\/p>\n<p><strong>Le pauvre Eden<\/strong><\/p>\n<p><strong>Et c\u2019est<\/strong><\/p>\n<p><strong>La ville abandonn\u00e9e<\/strong><\/p>\n<p><strong>Au lointain encore \u00e9tincelant<\/strong><\/p>\n<p>&nbsp;<\/p>\n<p><strong>Pourtant le bruit court<\/strong><\/p>\n<p><strong>Que le chaos r\u00e9gl\u00e9 des fauves automobiles \u2013<\/strong><\/p>\n<p><strong>S\u2019\u00e9tant estomp\u00e9 de la r\u00e9publique<\/strong><\/p>\n<p><strong>Du dimanche \u2013<\/strong><\/p>\n<p><strong>L\u2019horizon serait \u00e0 prendre<\/strong><\/p>\n<p><strong>Dans l\u2019hiver proche \u2026<\/strong><\/p>\n<p><strong>Enfin \u2026 Peut-\u00eatre<\/strong><\/p>\n<p><strong>Est-ce mon<\/strong><\/p>\n<p><strong>Chien d\u2019encre<\/strong><\/p>\n<p><strong>Qui me souffle<\/strong><\/p>\n<p><strong>Cette rumeur<\/strong><\/p>\n<p><strong>Tomb\u00e9e d\u2019une \u00e9gale grisaille<\/strong><\/p>\n<p>&nbsp;<\/p>\n<p>Nous voici encore une fois devant un texte po\u00e9tique d\u2019un auteur acquis aux id\u00e9es novatrices de l\u2019avant-garde litt\u00e9raire fran\u00e7aise bas\u00e9es sur le principe de l\u2019exp\u00e9rimentation qui consiste \u00e0 \u00e9crire des vers ou des \u00a0textes narratifs ou th\u00e9\u00e2traux en l\u2019absence de tout mod\u00e8le, \u00a0\u00a0par \u00a0l\u2019\u00e9clatement des r\u00e8gles traditionnelles, l\u2019abolition des fronti\u00e8res entre les genres, les arts\u00a0 et les \u00e9coles\u00a0 et la multiplication des strat\u00e9gies de l\u2019\u00e9criture et des angles de perspective. Ce qui se constate clairement dans ce long po\u00e8me plac\u00e9 sous le surtitre&#8221; \u00c9criture et po\u00e9sie \u00a0&#8221; \u00a0et o\u00f9 \u00a0l\u2019id\u00e9e ma\u00eetresse qui a pr\u00e9sid\u00e9 sa conception \u00a0est la notion de r\u00e9ification ( ou chosification ) n\u00e9e de la sensation de d\u00e9shumanisation de l\u2019Homme dans un environnement urbain de plus en plus congestionn\u00e9 et \u00e9touffant. Partant de ce noyau s\u00e9mantique bien d\u00e9termin\u00e9 et dans le cadre de sa propre ville, Paris ,le po\u00e8te a g\u00e9n\u00e9r\u00e9 une multitude d\u2019images qui se distribuent sur deux axes s\u00e9mantiques principaux\u00a0formant une dualit\u00e9\u00a0charni\u00e8re : \u00a0<strong>contrariant \/ contrari\u00e9<\/strong> \u00a0dont le premier terme englobe tous les g\u00e8nes et toutes les incommodit\u00e9s occasionn\u00e9s par le milieu urbain \u00e0 ses habitants tel que le ressent le po\u00e8te et le second les sensations d\u00e9sagr\u00e9ables \u00e9prouv\u00e9es suite \u00e0 ces contraintes .En plus de cette grande division op\u00e9r\u00e9e dans l\u2019ensemble du \u00a0texte , le terme &#8220;contrariant&#8221; a \u00e9t\u00e9 con\u00e7u lui aussi sous la forme d\u2019une dualit\u00e9\u00a0: <strong>nature domin\u00e9e \/artificialit\u00e9 dominante <\/strong>, connotant l\u2019inefficacit\u00e9 de l\u2019action des \u00e9l\u00e9ments naturels ( <strong>soleil, aube<\/strong> &#8230;) sur \u00a0l\u2019inertie, l\u2019exig\u00fcit\u00e9\u00a0 et \u00a0l\u2019immobilit\u00e9 de l\u2019espace urbain engendr\u00e9es par l\u2019extension du b\u00e9ton .L\u2019ensemble de ces images donnent de la ville et de la vie qui y est men\u00e9e une vision gla\u00e7ante .<\/p>\n<p>C\u00f4t\u00e9 style, ce po\u00e8me vaut surtout par ses flots d\u2019images, pour le plupart in\u00e9dites, g\u00e9n\u00e9r\u00e9es les unes des autres et qui se suivent \u00e0 un rythme effr\u00e9n\u00e9 tout au long du texte ,ce qui en dit long sur les capacit\u00e9s imaginations de ce po\u00e8te .<\/p>\n<p>&nbsp;<\/p>\n","protected":false},"excerpt":{"rendered":"<p>Le froid \u00a0&#8211;\u00a0 ce fer blanc Dans nos chairs endurcies Colle \u00e0 la peau du ciel &nbsp; L\u2019aurore pliera-t-elle avec lui\u00a0? Elle vient poudroyer de chaux Le noir voile des toits Alors le froid S\u2019all\u00e8ge Sur ces biseaux de la pierre \u2026 &nbsp; C\u2019est\u00a0 miel aux pigeons C\u2019est tourte d\u2019azur sur les dents friandes O\u00f9 &#8230;<\/p>\n","protected":false},"author":2,"featured_media":7006,"comment_status":"open","ping_status":"open","sticky":false,"template":"","format":"standard","meta":[],"categories":[8],"tags":[],"yoast_head":"<!-- This site is optimized with the Yoast SEO plugin v19.3 - https:\/\/yoast.com\/wordpress\/plugins\/seo\/ -->\n<title>Les archives des commentaires po\u00e9tiques de Mohamed Salah Ben Amor : 2 - Les po\u00e8mes d\u2019Alain Minod : 2 -9- La peau du ciel urbain - Culminances<\/title>\n<meta name=\"robots\" content=\"index, follow, max-snippet:-1, max-image-preview:large, max-video-preview:-1\" \/>\n<link rel=\"canonical\" href=\"http:\/\/www.masharif.com\/fr\/2018\/02\/21\/archives-commentaires-poetiques-de-mohamed-salah-ben-amor-2-poemes-dalain-minod-2-9-peau-ciel-urbain\/\" \/>\n<meta property=\"og:locale\" content=\"fr_FR\" \/>\n<meta property=\"og:type\" content=\"article\" \/>\n<meta property=\"og:title\" content=\"Les archives des commentaires po\u00e9tiques de Mohamed Salah Ben Amor : 2 - Les po\u00e8mes d\u2019Alain Minod : 2 -9- La peau du ciel urbain - Culminances\" \/>\n<meta property=\"og:description\" content=\"Le froid \u00a0&#8211;\u00a0 ce fer blanc Dans nos chairs endurcies Colle \u00e0 la peau du ciel &nbsp; L\u2019aurore pliera-t-elle avec lui\u00a0? Elle vient poudroyer de chaux Le noir voile des toits Alors le froid S\u2019all\u00e8ge Sur ces biseaux de la pierre \u2026 &nbsp; C\u2019est\u00a0 miel aux pigeons C\u2019est tourte d\u2019azur sur les dents friandes O\u00f9 ...\" \/>\n<meta property=\"og:url\" content=\"http:\/\/www.masharif.com\/fr\/2018\/02\/21\/archives-commentaires-poetiques-de-mohamed-salah-ben-amor-2-poemes-dalain-minod-2-9-peau-ciel-urbain\/\" \/>\n<meta property=\"og:site_name\" content=\"Culminances\" \/>\n<meta property=\"article:published_time\" content=\"2018-02-21T11:06:29+00:00\" \/>\n<meta property=\"og:image\" content=\"http:\/\/www.masharif.com\/fr\/wp-content\/uploads\/2018\/02\/10885331_758625374215506_3145616302601472247_n.jpg\" \/>\n\t<meta property=\"og:image:width\" content=\"480\" \/>\n\t<meta property=\"og:image:height\" content=\"480\" \/>\n\t<meta property=\"og:image:type\" content=\"image\/jpeg\" \/>\n<meta name=\"author\" content=\"Mohamed Salah Ben Amor\" \/>\n<meta name=\"twitter:card\" content=\"summary\" \/>\n<meta name=\"twitter:label1\" content=\"\u00c9crit par\" \/>\n\t<meta name=\"twitter:data1\" content=\"Mohamed Salah Ben Amor\" \/>\n\t<meta name=\"twitter:label2\" content=\"Dur\u00e9e de lecture estim\u00e9e\" \/>\n\t<meta name=\"twitter:data2\" content=\"4 minutes\" \/>\n<script type=\"application\/ld+json\" class=\"yoast-schema-graph\">{\"@context\":\"https:\/\/schema.org\",\"@graph\":[{\"@type\":\"WebSite\",\"@id\":\"https:\/\/www.masharif.com\/fr\/#website\",\"url\":\"https:\/\/www.masharif.com\/fr\/\",\"name\":\"Culminances\",\"description\":\"\",\"potentialAction\":[{\"@type\":\"SearchAction\",\"target\":{\"@type\":\"EntryPoint\",\"urlTemplate\":\"https:\/\/www.masharif.com\/fr\/?s={search_term_string}\"},\"query-input\":\"required name=search_term_string\"}],\"inLanguage\":\"fr-FR\"},{\"@type\":\"ImageObject\",\"inLanguage\":\"fr-FR\",\"@id\":\"http:\/\/www.masharif.com\/fr\/2018\/02\/21\/archives-commentaires-poetiques-de-mohamed-salah-ben-amor-2-poemes-dalain-minod-2-9-peau-ciel-urbain\/#primaryimage\",\"url\":\"http:\/\/www.masharif.com\/fr\/wp-content\/uploads\/2018\/02\/10885331_758625374215506_3145616302601472247_n.jpg\",\"contentUrl\":\"http:\/\/www.masharif.com\/fr\/wp-content\/uploads\/2018\/02\/10885331_758625374215506_3145616302601472247_n.jpg\",\"width\":480,\"height\":480},{\"@type\":\"WebPage\",\"@id\":\"http:\/\/www.masharif.com\/fr\/2018\/02\/21\/archives-commentaires-poetiques-de-mohamed-salah-ben-amor-2-poemes-dalain-minod-2-9-peau-ciel-urbain\/\",\"url\":\"http:\/\/www.masharif.com\/fr\/2018\/02\/21\/archives-commentaires-poetiques-de-mohamed-salah-ben-amor-2-poemes-dalain-minod-2-9-peau-ciel-urbain\/\",\"name\":\"Les archives des commentaires po\u00e9tiques de Mohamed Salah Ben Amor : 2 - Les po\u00e8mes d\u2019Alain Minod : 2 -9- La peau du ciel urbain - Culminances\",\"isPartOf\":{\"@id\":\"https:\/\/www.masharif.com\/fr\/#website\"},\"primaryImageOfPage\":{\"@id\":\"http:\/\/www.masharif.com\/fr\/2018\/02\/21\/archives-commentaires-poetiques-de-mohamed-salah-ben-amor-2-poemes-dalain-minod-2-9-peau-ciel-urbain\/#primaryimage\"},\"datePublished\":\"2018-02-21T11:06:29+00:00\",\"dateModified\":\"2018-02-21T11:06:29+00:00\",\"author\":{\"@id\":\"https:\/\/www.masharif.com\/fr\/#\/schema\/person\/839a7026efe9fa825134097c1041e4a0\"},\"breadcrumb\":{\"@id\":\"http:\/\/www.masharif.com\/fr\/2018\/02\/21\/archives-commentaires-poetiques-de-mohamed-salah-ben-amor-2-poemes-dalain-minod-2-9-peau-ciel-urbain\/#breadcrumb\"},\"inLanguage\":\"fr-FR\",\"potentialAction\":[{\"@type\":\"ReadAction\",\"target\":[\"http:\/\/www.masharif.com\/fr\/2018\/02\/21\/archives-commentaires-poetiques-de-mohamed-salah-ben-amor-2-poemes-dalain-minod-2-9-peau-ciel-urbain\/\"]}]},{\"@type\":\"BreadcrumbList\",\"@id\":\"http:\/\/www.masharif.com\/fr\/2018\/02\/21\/archives-commentaires-poetiques-de-mohamed-salah-ben-amor-2-poemes-dalain-minod-2-9-peau-ciel-urbain\/#breadcrumb\",\"itemListElement\":[{\"@type\":\"ListItem\",\"position\":1,\"name\":\"Home\",\"item\":\"https:\/\/www.masharif.com\/fr\/\"},{\"@type\":\"ListItem\",\"position\":2,\"name\":\"Les archives des commentaires po\u00e9tiques de Mohamed Salah Ben Amor : 2 &#8211; Les po\u00e8mes d\u2019Alain Minod : 2 -9- La peau du ciel urbain\"}]},{\"@type\":\"Person\",\"@id\":\"https:\/\/www.masharif.com\/fr\/#\/schema\/person\/839a7026efe9fa825134097c1041e4a0\",\"name\":\"Mohamed Salah Ben Amor\",\"image\":{\"@type\":\"ImageObject\",\"inLanguage\":\"fr-FR\",\"@id\":\"https:\/\/www.masharif.com\/fr\/#\/schema\/person\/image\/\",\"url\":\"http:\/\/0.gravatar.com\/avatar\/f64806401ad5ed604ffec2272b19ef46?s=96&d=identicon&r=g\",\"contentUrl\":\"http:\/\/0.gravatar.com\/avatar\/f64806401ad5ed604ffec2272b19ef46?s=96&d=identicon&r=g\",\"caption\":\"Mohamed Salah Ben Amor\"},\"sameAs\":[\"http:\/\/ben-amor.info\"],\"url\":\"http:\/\/www.masharif.com\/fr\/author\/msba\/\"}]}<\/script>\n<!-- \/ Yoast SEO plugin. -->","yoast_head_json":{"title":"Les archives des commentaires po\u00e9tiques de Mohamed Salah Ben Amor : 2 - Les po\u00e8mes d\u2019Alain Minod : 2 -9- La peau du ciel urbain - Culminances","robots":{"index":"index","follow":"follow","max-snippet":"max-snippet:-1","max-image-preview":"max-image-preview:large","max-video-preview":"max-video-preview:-1"},"canonical":"http:\/\/www.masharif.com\/fr\/2018\/02\/21\/archives-commentaires-poetiques-de-mohamed-salah-ben-amor-2-poemes-dalain-minod-2-9-peau-ciel-urbain\/","og_locale":"fr_FR","og_type":"article","og_title":"Les archives des commentaires po\u00e9tiques de Mohamed Salah Ben Amor : 2 - Les po\u00e8mes d\u2019Alain Minod : 2 -9- La peau du ciel urbain - Culminances","og_description":"Le froid \u00a0&#8211;\u00a0 ce fer blanc Dans nos chairs endurcies Colle \u00e0 la peau du ciel &nbsp; L\u2019aurore pliera-t-elle avec lui\u00a0? Elle vient poudroyer de chaux Le noir voile des toits Alors le froid S\u2019all\u00e8ge Sur ces biseaux de la pierre \u2026 &nbsp; C\u2019est\u00a0 miel aux pigeons C\u2019est tourte d\u2019azur sur les dents friandes O\u00f9 ...","og_url":"http:\/\/www.masharif.com\/fr\/2018\/02\/21\/archives-commentaires-poetiques-de-mohamed-salah-ben-amor-2-poemes-dalain-minod-2-9-peau-ciel-urbain\/","og_site_name":"Culminances","article_published_time":"2018-02-21T11:06:29+00:00","og_image":[{"width":480,"height":480,"url":"http:\/\/www.masharif.com\/fr\/wp-content\/uploads\/2018\/02\/10885331_758625374215506_3145616302601472247_n.jpg","type":"image\/jpeg"}],"author":"Mohamed Salah Ben Amor","twitter_card":"summary","twitter_misc":{"\u00c9crit par":"Mohamed Salah Ben Amor","Dur\u00e9e de lecture estim\u00e9e":"4 minutes"},"schema":{"@context":"https:\/\/schema.org","@graph":[{"@type":"WebSite","@id":"https:\/\/www.masharif.com\/fr\/#website","url":"https:\/\/www.masharif.com\/fr\/","name":"Culminances","description":"","potentialAction":[{"@type":"SearchAction","target":{"@type":"EntryPoint","urlTemplate":"https:\/\/www.masharif.com\/fr\/?s={search_term_string}"},"query-input":"required name=search_term_string"}],"inLanguage":"fr-FR"},{"@type":"ImageObject","inLanguage":"fr-FR","@id":"http:\/\/www.masharif.com\/fr\/2018\/02\/21\/archives-commentaires-poetiques-de-mohamed-salah-ben-amor-2-poemes-dalain-minod-2-9-peau-ciel-urbain\/#primaryimage","url":"http:\/\/www.masharif.com\/fr\/wp-content\/uploads\/2018\/02\/10885331_758625374215506_3145616302601472247_n.jpg","contentUrl":"http:\/\/www.masharif.com\/fr\/wp-content\/uploads\/2018\/02\/10885331_758625374215506_3145616302601472247_n.jpg","width":480,"height":480},{"@type":"WebPage","@id":"http:\/\/www.masharif.com\/fr\/2018\/02\/21\/archives-commentaires-poetiques-de-mohamed-salah-ben-amor-2-poemes-dalain-minod-2-9-peau-ciel-urbain\/","url":"http:\/\/www.masharif.com\/fr\/2018\/02\/21\/archives-commentaires-poetiques-de-mohamed-salah-ben-amor-2-poemes-dalain-minod-2-9-peau-ciel-urbain\/","name":"Les archives des commentaires po\u00e9tiques de Mohamed Salah Ben Amor : 2 - Les po\u00e8mes d\u2019Alain Minod : 2 -9- La peau du ciel urbain - Culminances","isPartOf":{"@id":"https:\/\/www.masharif.com\/fr\/#website"},"primaryImageOfPage":{"@id":"http:\/\/www.masharif.com\/fr\/2018\/02\/21\/archives-commentaires-poetiques-de-mohamed-salah-ben-amor-2-poemes-dalain-minod-2-9-peau-ciel-urbain\/#primaryimage"},"datePublished":"2018-02-21T11:06:29+00:00","dateModified":"2018-02-21T11:06:29+00:00","author":{"@id":"https:\/\/www.masharif.com\/fr\/#\/schema\/person\/839a7026efe9fa825134097c1041e4a0"},"breadcrumb":{"@id":"http:\/\/www.masharif.com\/fr\/2018\/02\/21\/archives-commentaires-poetiques-de-mohamed-salah-ben-amor-2-poemes-dalain-minod-2-9-peau-ciel-urbain\/#breadcrumb"},"inLanguage":"fr-FR","potentialAction":[{"@type":"ReadAction","target":["http:\/\/www.masharif.com\/fr\/2018\/02\/21\/archives-commentaires-poetiques-de-mohamed-salah-ben-amor-2-poemes-dalain-minod-2-9-peau-ciel-urbain\/"]}]},{"@type":"BreadcrumbList","@id":"http:\/\/www.masharif.com\/fr\/2018\/02\/21\/archives-commentaires-poetiques-de-mohamed-salah-ben-amor-2-poemes-dalain-minod-2-9-peau-ciel-urbain\/#breadcrumb","itemListElement":[{"@type":"ListItem","position":1,"name":"Home","item":"https:\/\/www.masharif.com\/fr\/"},{"@type":"ListItem","position":2,"name":"Les archives des commentaires po\u00e9tiques de Mohamed Salah Ben Amor : 2 &#8211; Les po\u00e8mes d\u2019Alain Minod : 2 -9- La peau du ciel urbain"}]},{"@type":"Person","@id":"https:\/\/www.masharif.com\/fr\/#\/schema\/person\/839a7026efe9fa825134097c1041e4a0","name":"Mohamed Salah Ben Amor","image":{"@type":"ImageObject","inLanguage":"fr-FR","@id":"https:\/\/www.masharif.com\/fr\/#\/schema\/person\/image\/","url":"http:\/\/0.gravatar.com\/avatar\/f64806401ad5ed604ffec2272b19ef46?s=96&d=identicon&r=g","contentUrl":"http:\/\/0.gravatar.com\/avatar\/f64806401ad5ed604ffec2272b19ef46?s=96&d=identicon&r=g","caption":"Mohamed Salah Ben Amor"},"sameAs":["http:\/\/ben-amor.info"],"url":"http:\/\/www.masharif.com\/fr\/author\/msba\/"}]}},"_links":{"self":[{"href":"http:\/\/www.masharif.com\/fr\/wp-json\/wp\/v2\/posts\/7147"}],"collection":[{"href":"http:\/\/www.masharif.com\/fr\/wp-json\/wp\/v2\/posts"}],"about":[{"href":"http:\/\/www.masharif.com\/fr\/wp-json\/wp\/v2\/types\/post"}],"author":[{"embeddable":true,"href":"http:\/\/www.masharif.com\/fr\/wp-json\/wp\/v2\/users\/2"}],"replies":[{"embeddable":true,"href":"http:\/\/www.masharif.com\/fr\/wp-json\/wp\/v2\/comments?post=7147"}],"version-history":[{"count":1,"href":"http:\/\/www.masharif.com\/fr\/wp-json\/wp\/v2\/posts\/7147\/revisions"}],"predecessor-version":[{"id":7149,"href":"http:\/\/www.masharif.com\/fr\/wp-json\/wp\/v2\/posts\/7147\/revisions\/7149"}],"wp:featuredmedia":[{"embeddable":true,"href":"http:\/\/www.masharif.com\/fr\/wp-json\/wp\/v2\/media\/7006"}],"wp:attachment":[{"href":"http:\/\/www.masharif.com\/fr\/wp-json\/wp\/v2\/media?parent=7147"}],"wp:term":[{"taxonomy":"category","embeddable":true,"href":"http:\/\/www.masharif.com\/fr\/wp-json\/wp\/v2\/categories?post=7147"},{"taxonomy":"post_tag","embeddable":true,"href":"http:\/\/www.masharif.com\/fr\/wp-json\/wp\/v2\/tags?post=7147"}],"curies":[{"name":"wp","href":"https:\/\/api.w.org\/{rel}","templated":true}]}}