{"id":7100,"date":"2018-02-18T08:11:04","date_gmt":"2018-02-18T07:11:04","guid":{"rendered":"http:\/\/www.masharif.com\/fr\/?p=7100"},"modified":"2018-02-18T08:11:04","modified_gmt":"2018-02-18T07:11:04","slug":"archives-commentaires-poetiques-de-mohamed-salah-ben-amor-2-poemes-dalain-minod-2-7-lhorizon-leve-abimes","status":"publish","type":"post","link":"http:\/\/www.masharif.com\/fr\/2018\/02\/18\/archives-commentaires-poetiques-de-mohamed-salah-ben-amor-2-poemes-dalain-minod-2-7-lhorizon-leve-abimes\/","title":{"rendered":"Les archives des commentaires po\u00e9tiques de Mohamed Salah Ben Amor : 2-Les po\u00e8mes d\u2019Alain Minod : 2-7 :L\u2019horizon l\u00e8ve des ab\u00eemes"},"content":{"rendered":"<div id=\"attachment_7006\" style=\"width: 310px\" class=\"wp-caption alignnone\"><a href=\"http:\/\/www.masharif.com\/fr\/wp-content\/uploads\/2018\/02\/10885331_758625374215506_3145616302601472247_n.jpg\"><img aria-describedby=\"caption-attachment-7006\" loading=\"lazy\" class=\"wp-image-7006 size-medium\" src=\"http:\/\/www.masharif.com\/fr\/wp-content\/uploads\/2018\/02\/10885331_758625374215506_3145616302601472247_n-300x300.jpg\" alt=\"\" width=\"300\" height=\"300\" srcset=\"http:\/\/www.masharif.com\/fr\/wp-content\/uploads\/2018\/02\/10885331_758625374215506_3145616302601472247_n-300x300.jpg 300w, http:\/\/www.masharif.com\/fr\/wp-content\/uploads\/2018\/02\/10885331_758625374215506_3145616302601472247_n-150x150.jpg 150w, http:\/\/www.masharif.com\/fr\/wp-content\/uploads\/2018\/02\/10885331_758625374215506_3145616302601472247_n-55x55.jpg 55w, http:\/\/www.masharif.com\/fr\/wp-content\/uploads\/2018\/02\/10885331_758625374215506_3145616302601472247_n.jpg 480w\" sizes=\"(max-width: 300px) 100vw, 300px\" \/><\/a><p id=\"caption-attachment-7006\" class=\"wp-caption-text\">Alain Minod<\/p><\/div>\n<p><a href=\"http:\/\/www.masharif.com\/fr\/wp-content\/uploads\/2018\/02\/france-2829724_960_720.jpg\"><img loading=\"lazy\" class=\"alignnone size-medium wp-image-7101\" src=\"http:\/\/www.masharif.com\/fr\/wp-content\/uploads\/2018\/02\/france-2829724_960_720-300x200.jpg\" alt=\"\" width=\"300\" height=\"200\" srcset=\"http:\/\/www.masharif.com\/fr\/wp-content\/uploads\/2018\/02\/france-2829724_960_720-300x200.jpg 300w, http:\/\/www.masharif.com\/fr\/wp-content\/uploads\/2018\/02\/france-2829724_960_720-768x512.jpg 768w, http:\/\/www.masharif.com\/fr\/wp-content\/uploads\/2018\/02\/france-2829724_960_720.jpg 960w\" sizes=\"(max-width: 300px) 100vw, 300px\" \/><\/a><\/p>\n<p><strong>Le halo de ta demeure<\/strong><\/p>\n<p><strong>Remuant au\u00a0hameau\u00a0de la douceur \u2013<\/strong><\/p>\n<p><strong>O\u00f9 tu l\u00e9zardes comme l\u2019\u00e9cume<\/strong><\/p>\n<p><strong>Qui se hasarde \u00e0<\/strong><\/p>\n<p><strong>Y mourir \u2013<\/strong><\/p>\n<p><strong>Pousse le train des mots<\/strong><\/p>\n<p><strong>Que tu assumes<\/strong><\/p>\n<p><strong>Dans la longue<\/strong><\/p>\n<p><strong>Dur\u00e9e<\/strong><\/p>\n<p><strong>D\u2019un partir<\/strong><\/p>\n<p><strong>Jusque dans les laves<\/strong><\/p>\n<p><strong>Qui fouettent la nuit en fermant<\/strong><\/p>\n<p><strong>Les portes glaciales<\/strong><\/p>\n<p><strong>L\u2019ennui<\/strong><\/p>\n<p><strong>\u00a0<\/strong><\/p>\n<p><strong>La ville \u2013\u00a0nid des solitudes<\/strong><\/p>\n<p><strong>Renie toute certitude\u00a0\u2013<\/strong><\/p>\n<p><strong>Mais elle couvre<\/strong><\/p>\n<p><strong>Les amants qui \u2013<\/strong><\/p>\n<p><strong>Du myst\u00e8re \u2013<\/strong><\/p>\n<p><strong>Sont le<\/strong><\/p>\n<p><strong>Ciment<\/strong><\/p>\n<p><strong>\u00a0<\/strong><\/p>\n<p><strong>Vas donc y creuser ses ab\u00eemes<\/strong><\/p>\n<p><strong>O\u00f9 se cherchent et<\/strong><\/p>\n<p><strong>Tremblent<\/strong><\/p>\n<p><strong>Tes rimes<\/strong><\/p>\n<p><strong>Jusqu\u2019\u00e0 Terre<\/strong><\/p>\n<p><strong>Qui cache ses yeux profonds \u2013<\/strong><\/p>\n<p><strong>Et tu ne l\u00e2cheras pas<\/strong><\/p>\n<p><strong>Le fond<\/strong><\/p>\n<p><strong>\u00a0<\/strong><\/p>\n<p><strong>Grands\u00a0soubresauts dans le futur<\/strong><\/p>\n<p><strong>O\u00f9 tu ne tiens les sauts<\/strong><\/p>\n<p><strong>Saturant le monotone<\/strong><\/p>\n<p><strong>Que l\u00e0 o\u00f9 s\u2019\u00e9vanouit<\/strong><\/p>\n<p><strong>L\u2019atone\u00a0pr\u00e9sence \u2013<\/strong><\/p>\n<p><strong>Ainsi \u2013\u00a0l\u2019existence<\/strong><\/p>\n<p><strong>Des songes<\/strong><\/p>\n<p><strong>Crevasse<\/strong><\/p>\n<p><strong>L\u2019allonge des jours<\/strong><\/p>\n<p><strong>Dans une insurrection de beaut\u00e9<\/strong><\/p>\n<p><strong>D\u2019o\u00f9 l\u2019on tire le flot \u00e9tir\u00e9<\/strong><\/p>\n<p><strong>De l\u2019horizon-libert\u00e9<\/strong><\/p>\n<p><strong>\u00a0<\/strong><\/p>\n<p>Pourquoi \u00e9crit-ton la po\u00e9sie\u00a0? Il y a autant de r\u00e9ponses \u00e0 cette question que de vrais po\u00e8tes dans le monde depuis l\u2019apparition du premier po\u00e8me pr\u00e9sum\u00e9\u00a0: L\u2019\u00e9pop\u00e9e de Gilgamesh\u00a0 r\u00e9dig\u00e9 par un po\u00e8te babylonien inconnu en\u00a0 akkadien \u00a0\u00a0 au XVIIIe\u00a0ou\u00a0au XVIIe\u00a0si\u00e8cle\u00a0av.\u00a0J.\u2011C \u00a0. Alain Minod y r\u00e9pond \u00a0\u00e0 sa fa\u00e7on \u00a0dans ce po\u00e8me-manifeste . Fid\u00e8le , comme \u00e0 son accoutum\u00e9e , aux principes avant-gardistes de l\u2019\u00e9criture exp\u00e9rimentale , il pousse l\u2019acte langagier dans des sentiers non-battus , en faisant \u00e9clater les associations \u00e9tablies entre les mots dans le langage commun pour les remplacer, \u00a0\u00e0 chaque pas , par des combinaisons in\u00e9dites qui ouvrent sur des mondes inexplor\u00e9s \u00a0(<strong>le halo de ta demeure remuant au\u00a0hameau\u00a0de la douceur \u2013 o\u00f9 tu l\u00e9zardes comme l\u2019\u00e9cume qui se hasarde \u00e0 y mourir &#8211; grands\u00a0soubresauts dans le futur\u00a0o\u00f9 tu ne tiens les sauts\u00a0saturant le monotone\u00a0\u00a0que l\u00e0 o\u00f9 s\u2019\u00e9vanouit l\u2019atonepr\u00e9sence \u2013 ainsi \u2013\u00a0l\u2019existence des songes<\/strong>\u00a0\u2026etc.\u2026. ). N\u00e9anmoins, cette pratique linguistique dont l\u2019effet majeur est la fascination du lecteur ou l\u2019auditeur, ne suit pas une d\u00e9marche al\u00e9atoire guid\u00e9e par le hasard mais s\u2019incruste dans un \u00e9difice d\u00fbment architectur\u00e9 \u00a0dont l\u2019ossature et les axes centraux sont facilement saisissables par le r\u00e9cepteur , contrairement \u00e0 ce qui se produit dans l\u2019\u00e9criture surr\u00e9aliste qui n\u2019ob\u00e9it g\u00e9n\u00e9ralement qu\u2019aux fluctuations du hasard . Ainsi , les grands pivots s\u00e9mantiques \u00a0autour desquels s\u2019articule ce po\u00e8me sont clairs\u00a0: les diff\u00e9rents bienfaits que procure l\u2019\u00e9criture au po\u00e8te \u00a0\u00a0et que l\u2019on peut ramener \u00e0 trois \u00a0: son effet exutoire qui consiste \u00e0 soulager le po\u00e8te \u00a0, en l\u2019all\u00e9geant des affres de la solitude et surtout l\u2019ennui et la sensation d\u2019\u00e9garement qui p\u00e8sent lourdement sur son \u00e2me au milieu \u00a0d\u2019une\u00a0 soci\u00e9t\u00e9 citadine anonyme , son ouverture sur un univers de beaut\u00e9s enchanteresses et de plaisirs spirituels voluptueux , \u00a0 son action lib\u00e9ratrice\u00a0 qui d\u00e9livre le po\u00e8te du carcan de la vie quotidienne et ses pr\u00e9occupations insipides et abrutissantes . Enfin, encore un po\u00e8me bien structur\u00e9, habilement con\u00e7u, finement \u00e9labor\u00e9 o\u00f9 \u00a0aucun d\u00e9tail n\u2019est superflu \u00a0ou laiss\u00e9 au hasard .<\/p>\n<p>&nbsp;<\/p>\n","protected":false},"excerpt":{"rendered":"<p>Le halo de ta demeure Remuant au\u00a0hameau\u00a0de la douceur \u2013 O\u00f9 tu l\u00e9zardes comme l\u2019\u00e9cume Qui se hasarde \u00e0 Y mourir \u2013 Pousse le train des mots Que tu assumes Dans la longue Dur\u00e9e D\u2019un partir Jusque dans les laves Qui fouettent la nuit en fermant Les portes glaciales L\u2019ennui \u00a0 La ville \u2013\u00a0nid des &#8230;<\/p>\n","protected":false},"author":2,"featured_media":7006,"comment_status":"open","ping_status":"open","sticky":false,"template":"","format":"standard","meta":[],"categories":[8],"tags":[],"yoast_head":"<!-- This site is optimized with the Yoast SEO plugin v19.3 - https:\/\/yoast.com\/wordpress\/plugins\/seo\/ -->\n<title>Les archives des commentaires po\u00e9tiques de Mohamed Salah Ben Amor : 2-Les po\u00e8mes d\u2019Alain Minod : 2-7 :L\u2019horizon l\u00e8ve des ab\u00eemes - Culminances<\/title>\n<meta name=\"robots\" content=\"index, follow, max-snippet:-1, max-image-preview:large, max-video-preview:-1\" \/>\n<link rel=\"canonical\" href=\"http:\/\/www.masharif.com\/fr\/2018\/02\/18\/archives-commentaires-poetiques-de-mohamed-salah-ben-amor-2-poemes-dalain-minod-2-7-lhorizon-leve-abimes\/\" \/>\n<meta property=\"og:locale\" content=\"fr_FR\" \/>\n<meta property=\"og:type\" content=\"article\" \/>\n<meta property=\"og:title\" content=\"Les archives des commentaires po\u00e9tiques de Mohamed Salah Ben Amor : 2-Les po\u00e8mes d\u2019Alain Minod : 2-7 :L\u2019horizon l\u00e8ve des ab\u00eemes - Culminances\" \/>\n<meta property=\"og:description\" content=\"Le halo de ta demeure Remuant au\u00a0hameau\u00a0de la douceur \u2013 O\u00f9 tu l\u00e9zardes comme l\u2019\u00e9cume Qui se hasarde \u00e0 Y mourir \u2013 Pousse le train des mots Que tu assumes Dans la longue Dur\u00e9e D\u2019un partir Jusque dans les laves Qui fouettent la nuit en fermant Les portes glaciales L\u2019ennui \u00a0 La ville \u2013\u00a0nid des ...\" \/>\n<meta property=\"og:url\" content=\"http:\/\/www.masharif.com\/fr\/2018\/02\/18\/archives-commentaires-poetiques-de-mohamed-salah-ben-amor-2-poemes-dalain-minod-2-7-lhorizon-leve-abimes\/\" \/>\n<meta property=\"og:site_name\" content=\"Culminances\" \/>\n<meta property=\"article:published_time\" content=\"2018-02-18T07:11:04+00:00\" \/>\n<meta property=\"og:image\" content=\"http:\/\/www.masharif.com\/fr\/wp-content\/uploads\/2018\/02\/10885331_758625374215506_3145616302601472247_n.jpg\" \/>\n\t<meta property=\"og:image:width\" content=\"480\" \/>\n\t<meta property=\"og:image:height\" content=\"480\" \/>\n\t<meta property=\"og:image:type\" content=\"image\/jpeg\" \/>\n<meta name=\"author\" content=\"Mohamed Salah Ben Amor\" \/>\n<meta name=\"twitter:card\" content=\"summary\" \/>\n<meta name=\"twitter:label1\" content=\"\u00c9crit par\" \/>\n\t<meta name=\"twitter:data1\" content=\"Mohamed Salah Ben Amor\" \/>\n\t<meta name=\"twitter:label2\" content=\"Dur\u00e9e de lecture estim\u00e9e\" \/>\n\t<meta name=\"twitter:data2\" content=\"3 minutes\" \/>\n<script type=\"application\/ld+json\" class=\"yoast-schema-graph\">{\"@context\":\"https:\/\/schema.org\",\"@graph\":[{\"@type\":\"WebSite\",\"@id\":\"https:\/\/www.masharif.com\/fr\/#website\",\"url\":\"https:\/\/www.masharif.com\/fr\/\",\"name\":\"Culminances\",\"description\":\"\",\"potentialAction\":[{\"@type\":\"SearchAction\",\"target\":{\"@type\":\"EntryPoint\",\"urlTemplate\":\"https:\/\/www.masharif.com\/fr\/?s={search_term_string}\"},\"query-input\":\"required name=search_term_string\"}],\"inLanguage\":\"fr-FR\"},{\"@type\":\"ImageObject\",\"inLanguage\":\"fr-FR\",\"@id\":\"http:\/\/www.masharif.com\/fr\/2018\/02\/18\/archives-commentaires-poetiques-de-mohamed-salah-ben-amor-2-poemes-dalain-minod-2-7-lhorizon-leve-abimes\/#primaryimage\",\"url\":\"http:\/\/www.masharif.com\/fr\/wp-content\/uploads\/2018\/02\/10885331_758625374215506_3145616302601472247_n.jpg\",\"contentUrl\":\"http:\/\/www.masharif.com\/fr\/wp-content\/uploads\/2018\/02\/10885331_758625374215506_3145616302601472247_n.jpg\",\"width\":480,\"height\":480},{\"@type\":\"WebPage\",\"@id\":\"http:\/\/www.masharif.com\/fr\/2018\/02\/18\/archives-commentaires-poetiques-de-mohamed-salah-ben-amor-2-poemes-dalain-minod-2-7-lhorizon-leve-abimes\/\",\"url\":\"http:\/\/www.masharif.com\/fr\/2018\/02\/18\/archives-commentaires-poetiques-de-mohamed-salah-ben-amor-2-poemes-dalain-minod-2-7-lhorizon-leve-abimes\/\",\"name\":\"Les archives des commentaires po\u00e9tiques de Mohamed Salah Ben Amor : 2-Les po\u00e8mes d\u2019Alain Minod : 2-7 :L\u2019horizon l\u00e8ve des ab\u00eemes - Culminances\",\"isPartOf\":{\"@id\":\"https:\/\/www.masharif.com\/fr\/#website\"},\"primaryImageOfPage\":{\"@id\":\"http:\/\/www.masharif.com\/fr\/2018\/02\/18\/archives-commentaires-poetiques-de-mohamed-salah-ben-amor-2-poemes-dalain-minod-2-7-lhorizon-leve-abimes\/#primaryimage\"},\"datePublished\":\"2018-02-18T07:11:04+00:00\",\"dateModified\":\"2018-02-18T07:11:04+00:00\",\"author\":{\"@id\":\"https:\/\/www.masharif.com\/fr\/#\/schema\/person\/839a7026efe9fa825134097c1041e4a0\"},\"breadcrumb\":{\"@id\":\"http:\/\/www.masharif.com\/fr\/2018\/02\/18\/archives-commentaires-poetiques-de-mohamed-salah-ben-amor-2-poemes-dalain-minod-2-7-lhorizon-leve-abimes\/#breadcrumb\"},\"inLanguage\":\"fr-FR\",\"potentialAction\":[{\"@type\":\"ReadAction\",\"target\":[\"http:\/\/www.masharif.com\/fr\/2018\/02\/18\/archives-commentaires-poetiques-de-mohamed-salah-ben-amor-2-poemes-dalain-minod-2-7-lhorizon-leve-abimes\/\"]}]},{\"@type\":\"BreadcrumbList\",\"@id\":\"http:\/\/www.masharif.com\/fr\/2018\/02\/18\/archives-commentaires-poetiques-de-mohamed-salah-ben-amor-2-poemes-dalain-minod-2-7-lhorizon-leve-abimes\/#breadcrumb\",\"itemListElement\":[{\"@type\":\"ListItem\",\"position\":1,\"name\":\"Home\",\"item\":\"https:\/\/www.masharif.com\/fr\/\"},{\"@type\":\"ListItem\",\"position\":2,\"name\":\"Les archives des commentaires po\u00e9tiques de Mohamed Salah Ben Amor : 2-Les po\u00e8mes d\u2019Alain Minod : 2-7 :L\u2019horizon l\u00e8ve des ab\u00eemes\"}]},{\"@type\":\"Person\",\"@id\":\"https:\/\/www.masharif.com\/fr\/#\/schema\/person\/839a7026efe9fa825134097c1041e4a0\",\"name\":\"Mohamed Salah Ben Amor\",\"image\":{\"@type\":\"ImageObject\",\"inLanguage\":\"fr-FR\",\"@id\":\"https:\/\/www.masharif.com\/fr\/#\/schema\/person\/image\/\",\"url\":\"http:\/\/0.gravatar.com\/avatar\/f64806401ad5ed604ffec2272b19ef46?s=96&d=identicon&r=g\",\"contentUrl\":\"http:\/\/0.gravatar.com\/avatar\/f64806401ad5ed604ffec2272b19ef46?s=96&d=identicon&r=g\",\"caption\":\"Mohamed Salah Ben Amor\"},\"sameAs\":[\"http:\/\/ben-amor.info\"],\"url\":\"http:\/\/www.masharif.com\/fr\/author\/msba\/\"}]}<\/script>\n<!-- \/ Yoast SEO plugin. -->","yoast_head_json":{"title":"Les archives des commentaires po\u00e9tiques de Mohamed Salah Ben Amor : 2-Les po\u00e8mes d\u2019Alain Minod : 2-7 :L\u2019horizon l\u00e8ve des ab\u00eemes - Culminances","robots":{"index":"index","follow":"follow","max-snippet":"max-snippet:-1","max-image-preview":"max-image-preview:large","max-video-preview":"max-video-preview:-1"},"canonical":"http:\/\/www.masharif.com\/fr\/2018\/02\/18\/archives-commentaires-poetiques-de-mohamed-salah-ben-amor-2-poemes-dalain-minod-2-7-lhorizon-leve-abimes\/","og_locale":"fr_FR","og_type":"article","og_title":"Les archives des commentaires po\u00e9tiques de Mohamed Salah Ben Amor : 2-Les po\u00e8mes d\u2019Alain Minod : 2-7 :L\u2019horizon l\u00e8ve des ab\u00eemes - Culminances","og_description":"Le halo de ta demeure Remuant au\u00a0hameau\u00a0de la douceur \u2013 O\u00f9 tu l\u00e9zardes comme l\u2019\u00e9cume Qui se hasarde \u00e0 Y mourir \u2013 Pousse le train des mots Que tu assumes Dans la longue Dur\u00e9e D\u2019un partir Jusque dans les laves Qui fouettent la nuit en fermant Les portes glaciales L\u2019ennui \u00a0 La ville \u2013\u00a0nid des ...","og_url":"http:\/\/www.masharif.com\/fr\/2018\/02\/18\/archives-commentaires-poetiques-de-mohamed-salah-ben-amor-2-poemes-dalain-minod-2-7-lhorizon-leve-abimes\/","og_site_name":"Culminances","article_published_time":"2018-02-18T07:11:04+00:00","og_image":[{"width":480,"height":480,"url":"http:\/\/www.masharif.com\/fr\/wp-content\/uploads\/2018\/02\/10885331_758625374215506_3145616302601472247_n.jpg","type":"image\/jpeg"}],"author":"Mohamed Salah Ben Amor","twitter_card":"summary","twitter_misc":{"\u00c9crit par":"Mohamed Salah Ben Amor","Dur\u00e9e de lecture estim\u00e9e":"3 minutes"},"schema":{"@context":"https:\/\/schema.org","@graph":[{"@type":"WebSite","@id":"https:\/\/www.masharif.com\/fr\/#website","url":"https:\/\/www.masharif.com\/fr\/","name":"Culminances","description":"","potentialAction":[{"@type":"SearchAction","target":{"@type":"EntryPoint","urlTemplate":"https:\/\/www.masharif.com\/fr\/?s={search_term_string}"},"query-input":"required name=search_term_string"}],"inLanguage":"fr-FR"},{"@type":"ImageObject","inLanguage":"fr-FR","@id":"http:\/\/www.masharif.com\/fr\/2018\/02\/18\/archives-commentaires-poetiques-de-mohamed-salah-ben-amor-2-poemes-dalain-minod-2-7-lhorizon-leve-abimes\/#primaryimage","url":"http:\/\/www.masharif.com\/fr\/wp-content\/uploads\/2018\/02\/10885331_758625374215506_3145616302601472247_n.jpg","contentUrl":"http:\/\/www.masharif.com\/fr\/wp-content\/uploads\/2018\/02\/10885331_758625374215506_3145616302601472247_n.jpg","width":480,"height":480},{"@type":"WebPage","@id":"http:\/\/www.masharif.com\/fr\/2018\/02\/18\/archives-commentaires-poetiques-de-mohamed-salah-ben-amor-2-poemes-dalain-minod-2-7-lhorizon-leve-abimes\/","url":"http:\/\/www.masharif.com\/fr\/2018\/02\/18\/archives-commentaires-poetiques-de-mohamed-salah-ben-amor-2-poemes-dalain-minod-2-7-lhorizon-leve-abimes\/","name":"Les archives des commentaires po\u00e9tiques de Mohamed Salah Ben Amor : 2-Les po\u00e8mes d\u2019Alain Minod : 2-7 :L\u2019horizon l\u00e8ve des ab\u00eemes - Culminances","isPartOf":{"@id":"https:\/\/www.masharif.com\/fr\/#website"},"primaryImageOfPage":{"@id":"http:\/\/www.masharif.com\/fr\/2018\/02\/18\/archives-commentaires-poetiques-de-mohamed-salah-ben-amor-2-poemes-dalain-minod-2-7-lhorizon-leve-abimes\/#primaryimage"},"datePublished":"2018-02-18T07:11:04+00:00","dateModified":"2018-02-18T07:11:04+00:00","author":{"@id":"https:\/\/www.masharif.com\/fr\/#\/schema\/person\/839a7026efe9fa825134097c1041e4a0"},"breadcrumb":{"@id":"http:\/\/www.masharif.com\/fr\/2018\/02\/18\/archives-commentaires-poetiques-de-mohamed-salah-ben-amor-2-poemes-dalain-minod-2-7-lhorizon-leve-abimes\/#breadcrumb"},"inLanguage":"fr-FR","potentialAction":[{"@type":"ReadAction","target":["http:\/\/www.masharif.com\/fr\/2018\/02\/18\/archives-commentaires-poetiques-de-mohamed-salah-ben-amor-2-poemes-dalain-minod-2-7-lhorizon-leve-abimes\/"]}]},{"@type":"BreadcrumbList","@id":"http:\/\/www.masharif.com\/fr\/2018\/02\/18\/archives-commentaires-poetiques-de-mohamed-salah-ben-amor-2-poemes-dalain-minod-2-7-lhorizon-leve-abimes\/#breadcrumb","itemListElement":[{"@type":"ListItem","position":1,"name":"Home","item":"https:\/\/www.masharif.com\/fr\/"},{"@type":"ListItem","position":2,"name":"Les archives des commentaires po\u00e9tiques de Mohamed Salah Ben Amor : 2-Les po\u00e8mes d\u2019Alain Minod : 2-7 :L\u2019horizon l\u00e8ve des ab\u00eemes"}]},{"@type":"Person","@id":"https:\/\/www.masharif.com\/fr\/#\/schema\/person\/839a7026efe9fa825134097c1041e4a0","name":"Mohamed Salah Ben Amor","image":{"@type":"ImageObject","inLanguage":"fr-FR","@id":"https:\/\/www.masharif.com\/fr\/#\/schema\/person\/image\/","url":"http:\/\/0.gravatar.com\/avatar\/f64806401ad5ed604ffec2272b19ef46?s=96&d=identicon&r=g","contentUrl":"http:\/\/0.gravatar.com\/avatar\/f64806401ad5ed604ffec2272b19ef46?s=96&d=identicon&r=g","caption":"Mohamed Salah Ben Amor"},"sameAs":["http:\/\/ben-amor.info"],"url":"http:\/\/www.masharif.com\/fr\/author\/msba\/"}]}},"_links":{"self":[{"href":"http:\/\/www.masharif.com\/fr\/wp-json\/wp\/v2\/posts\/7100"}],"collection":[{"href":"http:\/\/www.masharif.com\/fr\/wp-json\/wp\/v2\/posts"}],"about":[{"href":"http:\/\/www.masharif.com\/fr\/wp-json\/wp\/v2\/types\/post"}],"author":[{"embeddable":true,"href":"http:\/\/www.masharif.com\/fr\/wp-json\/wp\/v2\/users\/2"}],"replies":[{"embeddable":true,"href":"http:\/\/www.masharif.com\/fr\/wp-json\/wp\/v2\/comments?post=7100"}],"version-history":[{"count":1,"href":"http:\/\/www.masharif.com\/fr\/wp-json\/wp\/v2\/posts\/7100\/revisions"}],"predecessor-version":[{"id":7102,"href":"http:\/\/www.masharif.com\/fr\/wp-json\/wp\/v2\/posts\/7100\/revisions\/7102"}],"wp:featuredmedia":[{"embeddable":true,"href":"http:\/\/www.masharif.com\/fr\/wp-json\/wp\/v2\/media\/7006"}],"wp:attachment":[{"href":"http:\/\/www.masharif.com\/fr\/wp-json\/wp\/v2\/media?parent=7100"}],"wp:term":[{"taxonomy":"category","embeddable":true,"href":"http:\/\/www.masharif.com\/fr\/wp-json\/wp\/v2\/categories?post=7100"},{"taxonomy":"post_tag","embeddable":true,"href":"http:\/\/www.masharif.com\/fr\/wp-json\/wp\/v2\/tags?post=7100"}],"curies":[{"name":"wp","href":"https:\/\/api.w.org\/{rel}","templated":true}]}}