{"id":7096,"date":"2018-02-17T17:22:01","date_gmt":"2018-02-17T16:22:01","guid":{"rendered":"http:\/\/www.masharif.com\/fr\/?p=7096"},"modified":"2018-02-17T17:22:01","modified_gmt":"2018-02-17T16:22:01","slug":"jardins-magiques-monika-del-rio-poetesse-nouvelliste-romanciere-polonaise-residant-a-bruxelles","status":"publish","type":"post","link":"http:\/\/www.masharif.com\/fr\/2018\/02\/17\/jardins-magiques-monika-del-rio-poetesse-nouvelliste-romanciere-polonaise-residant-a-bruxelles\/","title":{"rendered":"Les jardins magiques par :Monika Del Rio \u2013 po\u00e9tesse, nouvelliste et romanci\u00e8re polonaise r\u00e9sidant \u00e0 Bruxelles"},"content":{"rendered":"<div id=\"attachment_7097\" style=\"width: 235px\" class=\"wp-caption alignnone\"><a href=\"http:\/\/www.masharif.com\/fr\/wp-content\/uploads\/2018\/02\/12313659_10208316922230309_1865854811588687522_n.jpg\"><img aria-describedby=\"caption-attachment-7097\" loading=\"lazy\" class=\"wp-image-7097 size-medium\" src=\"http:\/\/www.masharif.com\/fr\/wp-content\/uploads\/2018\/02\/12313659_10208316922230309_1865854811588687522_n-225x300.jpg\" alt=\"\" width=\"225\" height=\"300\" srcset=\"http:\/\/www.masharif.com\/fr\/wp-content\/uploads\/2018\/02\/12313659_10208316922230309_1865854811588687522_n-225x300.jpg 225w, http:\/\/www.masharif.com\/fr\/wp-content\/uploads\/2018\/02\/12313659_10208316922230309_1865854811588687522_n.jpg 540w\" sizes=\"(max-width: 225px) 100vw, 225px\" \/><\/a><p id=\"caption-attachment-7097\" class=\"wp-caption-text\">Monika Del Rio<\/p><\/div>\n<p><a href=\"http:\/\/www.masharif.com\/fr\/wp-content\/uploads\/2018\/02\/t\u00e9l\u00e9chargement-6.jpg\"><img loading=\"lazy\" class=\"alignnone size-medium wp-image-7098\" src=\"http:\/\/www.masharif.com\/fr\/wp-content\/uploads\/2018\/02\/t\u00e9l\u00e9chargement-6-300x119.jpg\" alt=\"\" width=\"300\" height=\"119\" srcset=\"http:\/\/www.masharif.com\/fr\/wp-content\/uploads\/2018\/02\/t\u00e9l\u00e9chargement-6-300x119.jpg 300w, http:\/\/www.masharif.com\/fr\/wp-content\/uploads\/2018\/02\/t\u00e9l\u00e9chargement-6.jpg 356w\" sizes=\"(max-width: 300px) 100vw, 300px\" \/><\/a><\/p>\n<p>&nbsp;<\/p>\n<p>Chaque ann\u00e9e au moment de l\u2019\u00e9panouissement des azal\u00e9es dans leur floraison abondante, les Serres Royales de Bruxelles ouvrent pendant trois semaines leurs portes au public. Cet immense b\u00e2timent art nouveau, en m\u00e9tal et en verre, semble pourtant fin, l\u00e9ger et a\u00e9r\u00e9 en se mariant parfaitement avec le grand parc de 25 hectares, qui l\u2019entoure. Con\u00e7u par l\u2019architecte, Alphonse Balat, \u00e0 la fin du 19<sup>\u00e8me<\/sup> si\u00e8cle, il abrite une grande collection de plantes et de fleurs exotiques. Certaines esp\u00e8ces datent d\u2019ailleurs de son ouverture.<\/p>\n<p>&nbsp;<\/p>\n<p>Pour la deuxi\u00e8me fois, j\u2019ai franchi le seuil de cette enclave exotique en plein c\u0153ur de la grisaille. La premi\u00e8re fois \u00e9tait pour moi un moment d\u2019\u00e9blouissement, la deuxi\u00e8me \u2013 une r\u00e9flexion sur le temps qui passe. Une f\u00e9erie de couleurs, contre la maladie et la mort. Tout se suit\u00a0: l\u2019\u00e9panouissement et le d\u00e9clin. Les palmiers g\u00e9ants de plus de 110 ans avec leurs feuilles dess\u00e9ch\u00e9es, attaqu\u00e9s par des maladies, me regardent tristement de hauteur de leur vingt m\u00e8tres. Les trente six colonnes de pierre, t\u00e9moins muets de cette h\u00e9catombe restent paisibles et imperturbables, immobilis\u00e9es sur le sol marbr\u00e9. Des foug\u00e8res g\u00e9antes, souffrantes elles aussi, ouvrent la voie. On sent ici l\u2019humidit\u00e9 et l\u2019odeur \u00e2pre qui devait accompagner les premi\u00e8res esp\u00e8ces animales il y a des millions d\u2019ann\u00e9es.<\/p>\n<p>Mais, ce changement d\u2019une ann\u00e9e \u00e0 l\u2019autre, est-il vraiment r\u00e9el, ou bien tout ne s\u2019est-il pas d\u00e9roul\u00e9 dans ma t\u00eate\u00a0? Je regardais peut-\u00eatre cet endroit avec d\u2019autres yeux, un autre regard. Le\u00a0 temps passe\u2026 Un jour suit l\u2019autre. Nous avons parfois l\u2019impression de courir sur place essayant d\u2019attraper l\u2019instant qui s\u2019en va, pour revenir inlassablement plus tard, comme les saisons qui reviennent chaque ann\u00e9e, mais nous sommes d\u00e9j\u00e0 transform\u00e9s. \u00ab\u00a0Tu ne peux descendre deux fois dans le m\u00eame fleuve\u00a0; car de nouvelles eaux coulent toujours sur toi\u00a0\u00bb &#8211; disait H\u00e9raclite. Panta re\u00ef.<\/p>\n<p>L\u2019all\u00e9e des foug\u00e8res souffrantes m\u2019emm\u00e8nera dans un monde diff\u00e9rent. La floraison maigre ou tardive des fleurs exotiques, des parterres et des plates-bandes, en comparaison de la f\u00e9erie de l\u2019ann\u00e9e pr\u00e9c\u00e9dente, provoque une d\u00e9ception. Encore une.<\/p>\n<p>Cependant, la collection impressionnante des cam\u00e9lias et le splendide pavillon aux azal\u00e9es attirent les visiteurs, ces abeilles assoiff\u00e9es du doux nectar qui permet de tout oublier. S\u2019enivrer pour repartir avec de nouvelles forces cr\u00e9atrices\u00a0!<\/p>\n<p>Les galeries sans fin de g\u00e9raniums r\u00e9sistent \u00e0 toutes les \u00e9preuves, avec leur multitude de vari\u00e9t\u00e9s et de couleurs. Les cam\u00e9lias, ces fleurs originaires d\u2019Asie, li\u00e9es ins\u00e9parablement dans notre subconscient\u00a0 avec le roman d\u2019Alexandre Dumas-fils\u00a0: \u00ab\u00a0La Dame aux cam\u00e9lias\u00a0\u00bb et son adaptation musicale dans \u00ab\u00a0La Traviata\u00a0\u00bb de Verdi, \u00e9talent leur beaut\u00e9 fraiche et fragile, leurs p\u00e9tales aux couleurs blanc et rose comme les joues d\u2019une jeune fille. Leurs feuilles lisses et brillantes pr\u00e9sentent cruellement \u00e0 nos yeux la puret\u00e9 des boutons et des fleurs fraichement \u00e9panouies, cruellement &#8211; car il ne nous est malheureusement pas possible d\u2019arr\u00eater le d\u00e9clin de cette beaut\u00e9 parfaite, qui fanera pour nous s\u00e9duire \u00e0 nouveau l\u2019ann\u00e9e prochaine. Le temps passe\u2026<\/p>\n<p>&nbsp;<\/p>\n<p>L\u2019all\u00e9e des foug\u00e8res souffrantes m\u2019emm\u00e8nera dans un monde diff\u00e9rent. La floraison maigre ou tardive des fleurs exotiques, des parterres et des plates-bandes, en comparaison de la f\u00e9erie de l\u2019ann\u00e9e pr\u00e9c\u00e9dente, provoque une d\u00e9ception. Encore une.<\/p>\n<p>Cependant, la collection impressionnante des cam\u00e9lias et le splendide pavillon aux azal\u00e9es attirent les visiteurs, ces abeilles assoiff\u00e9es du doux nectar qui permet de tout oublier. S\u2019enivrer pour repartir avec de nouvelles forces cr\u00e9atrices\u00a0!<\/p>\n<p>Les galeries sans fin de g\u00e9raniums r\u00e9sistent \u00e0 toutes les \u00e9preuves, avec leur multitude de vari\u00e9t\u00e9s et de couleurs. Les cam\u00e9lias, ces fleurs originaires d\u2019Asie, li\u00e9es ins\u00e9parablement dans notre subconscient\u00a0 avec le roman d\u2019Alexandre Dumas-fils\u00a0: \u00ab\u00a0La Dame aux cam\u00e9lias\u00a0\u00bb et son adaptation musicale dans \u00ab\u00a0La Traviata\u00a0\u00bb de Verdi, \u00e9talent leur beaut\u00e9 fraiche et fragile, leurs p\u00e9tales aux couleurs blanc et rose comme les joues d\u2019une jeune fille. Leurs feuilles lisses et brillantes pr\u00e9sentent cruellement \u00e0 nos yeux la puret\u00e9 des boutons et des fleurs fraichement \u00e9panouies, cruellement &#8211; car il ne nous est malheureusement pas possible d\u2019arr\u00eater le d\u00e9clin de cette beaut\u00e9 parfaite, qui fanera pour nous s\u00e9duire \u00e0 nouveau l\u2019ann\u00e9e prochaine. Le temps passe\u2026<\/p>\n<p>&nbsp;<\/p>\n","protected":false},"excerpt":{"rendered":"<p>&nbsp; Chaque ann\u00e9e au moment de l\u2019\u00e9panouissement des azal\u00e9es dans leur floraison abondante, les Serres Royales de Bruxelles ouvrent pendant trois semaines leurs portes au public. Cet immense b\u00e2timent art nouveau, en m\u00e9tal et en verre, semble pourtant fin, l\u00e9ger et a\u00e9r\u00e9 en se mariant parfaitement avec le grand parc de 25 hectares, qui l\u2019entoure. &#8230;<\/p>\n","protected":false},"author":2,"featured_media":7097,"comment_status":"open","ping_status":"open","sticky":false,"template":"","format":"standard","meta":[],"categories":[5],"tags":[],"yoast_head":"<!-- This site is optimized with the Yoast SEO plugin v19.3 - https:\/\/yoast.com\/wordpress\/plugins\/seo\/ -->\n<title>Les jardins magiques par :Monika Del Rio \u2013 po\u00e9tesse, nouvelliste et romanci\u00e8re polonaise r\u00e9sidant \u00e0 Bruxelles - Culminances<\/title>\n<meta name=\"robots\" content=\"index, follow, max-snippet:-1, max-image-preview:large, max-video-preview:-1\" \/>\n<link rel=\"canonical\" href=\"https:\/\/www.masharif.com\/fr\/2018\/02\/17\/jardins-magiques-monika-del-rio-poetesse-nouvelliste-romanciere-polonaise-residant-a-bruxelles\/\" \/>\n<meta property=\"og:locale\" content=\"fr_FR\" \/>\n<meta property=\"og:type\" content=\"article\" \/>\n<meta property=\"og:title\" content=\"Les jardins magiques par :Monika Del Rio \u2013 po\u00e9tesse, nouvelliste et romanci\u00e8re polonaise r\u00e9sidant \u00e0 Bruxelles - Culminances\" \/>\n<meta property=\"og:description\" content=\"&nbsp; Chaque ann\u00e9e au moment de l\u2019\u00e9panouissement des azal\u00e9es dans leur floraison abondante, les Serres Royales de Bruxelles ouvrent pendant trois semaines leurs portes au public. Cet immense b\u00e2timent art nouveau, en m\u00e9tal et en verre, semble pourtant fin, l\u00e9ger et a\u00e9r\u00e9 en se mariant parfaitement avec le grand parc de 25 hectares, qui l\u2019entoure. ...\" \/>\n<meta property=\"og:url\" content=\"https:\/\/www.masharif.com\/fr\/2018\/02\/17\/jardins-magiques-monika-del-rio-poetesse-nouvelliste-romanciere-polonaise-residant-a-bruxelles\/\" \/>\n<meta property=\"og:site_name\" content=\"Culminances\" \/>\n<meta property=\"article:published_time\" content=\"2018-02-17T16:22:01+00:00\" \/>\n<meta property=\"og:image\" content=\"https:\/\/www.masharif.com\/fr\/wp-content\/uploads\/2018\/02\/12313659_10208316922230309_1865854811588687522_n.jpg\" \/>\n\t<meta property=\"og:image:width\" content=\"540\" \/>\n\t<meta property=\"og:image:height\" content=\"720\" \/>\n\t<meta property=\"og:image:type\" content=\"image\/jpeg\" \/>\n<meta name=\"author\" content=\"Mohamed Salah Ben Amor\" \/>\n<meta name=\"twitter:card\" content=\"summary\" \/>\n<meta name=\"twitter:label1\" content=\"\u00c9crit par\" \/>\n\t<meta name=\"twitter:data1\" content=\"Mohamed Salah Ben Amor\" \/>\n\t<meta name=\"twitter:label2\" content=\"Dur\u00e9e de lecture estim\u00e9e\" \/>\n\t<meta name=\"twitter:data2\" content=\"4 minutes\" \/>\n<script type=\"application\/ld+json\" class=\"yoast-schema-graph\">{\"@context\":\"https:\/\/schema.org\",\"@graph\":[{\"@type\":\"WebSite\",\"@id\":\"http:\/\/www.masharif.com\/fr\/#website\",\"url\":\"http:\/\/www.masharif.com\/fr\/\",\"name\":\"Culminances\",\"description\":\"\",\"potentialAction\":[{\"@type\":\"SearchAction\",\"target\":{\"@type\":\"EntryPoint\",\"urlTemplate\":\"http:\/\/www.masharif.com\/fr\/?s={search_term_string}\"},\"query-input\":\"required name=search_term_string\"}],\"inLanguage\":\"fr-FR\"},{\"@type\":\"ImageObject\",\"inLanguage\":\"fr-FR\",\"@id\":\"https:\/\/www.masharif.com\/fr\/2018\/02\/17\/jardins-magiques-monika-del-rio-poetesse-nouvelliste-romanciere-polonaise-residant-a-bruxelles\/#primaryimage\",\"url\":\"http:\/\/www.masharif.com\/fr\/wp-content\/uploads\/2018\/02\/12313659_10208316922230309_1865854811588687522_n.jpg\",\"contentUrl\":\"http:\/\/www.masharif.com\/fr\/wp-content\/uploads\/2018\/02\/12313659_10208316922230309_1865854811588687522_n.jpg\",\"width\":540,\"height\":720},{\"@type\":\"WebPage\",\"@id\":\"https:\/\/www.masharif.com\/fr\/2018\/02\/17\/jardins-magiques-monika-del-rio-poetesse-nouvelliste-romanciere-polonaise-residant-a-bruxelles\/\",\"url\":\"https:\/\/www.masharif.com\/fr\/2018\/02\/17\/jardins-magiques-monika-del-rio-poetesse-nouvelliste-romanciere-polonaise-residant-a-bruxelles\/\",\"name\":\"Les jardins magiques par :Monika Del Rio \u2013 po\u00e9tesse, nouvelliste et romanci\u00e8re polonaise r\u00e9sidant \u00e0 Bruxelles - Culminances\",\"isPartOf\":{\"@id\":\"http:\/\/www.masharif.com\/fr\/#website\"},\"primaryImageOfPage\":{\"@id\":\"https:\/\/www.masharif.com\/fr\/2018\/02\/17\/jardins-magiques-monika-del-rio-poetesse-nouvelliste-romanciere-polonaise-residant-a-bruxelles\/#primaryimage\"},\"datePublished\":\"2018-02-17T16:22:01+00:00\",\"dateModified\":\"2018-02-17T16:22:01+00:00\",\"author\":{\"@id\":\"http:\/\/www.masharif.com\/fr\/#\/schema\/person\/839a7026efe9fa825134097c1041e4a0\"},\"breadcrumb\":{\"@id\":\"https:\/\/www.masharif.com\/fr\/2018\/02\/17\/jardins-magiques-monika-del-rio-poetesse-nouvelliste-romanciere-polonaise-residant-a-bruxelles\/#breadcrumb\"},\"inLanguage\":\"fr-FR\",\"potentialAction\":[{\"@type\":\"ReadAction\",\"target\":[\"https:\/\/www.masharif.com\/fr\/2018\/02\/17\/jardins-magiques-monika-del-rio-poetesse-nouvelliste-romanciere-polonaise-residant-a-bruxelles\/\"]}]},{\"@type\":\"BreadcrumbList\",\"@id\":\"https:\/\/www.masharif.com\/fr\/2018\/02\/17\/jardins-magiques-monika-del-rio-poetesse-nouvelliste-romanciere-polonaise-residant-a-bruxelles\/#breadcrumb\",\"itemListElement\":[{\"@type\":\"ListItem\",\"position\":1,\"name\":\"Home\",\"item\":\"http:\/\/www.masharif.com\/fr\/\"},{\"@type\":\"ListItem\",\"position\":2,\"name\":\"Les jardins magiques par :Monika Del Rio \u2013 po\u00e9tesse, nouvelliste et romanci\u00e8re polonaise r\u00e9sidant \u00e0 Bruxelles\"}]},{\"@type\":\"Person\",\"@id\":\"http:\/\/www.masharif.com\/fr\/#\/schema\/person\/839a7026efe9fa825134097c1041e4a0\",\"name\":\"Mohamed Salah Ben Amor\",\"image\":{\"@type\":\"ImageObject\",\"inLanguage\":\"fr-FR\",\"@id\":\"http:\/\/www.masharif.com\/fr\/#\/schema\/person\/image\/\",\"url\":\"http:\/\/0.gravatar.com\/avatar\/f64806401ad5ed604ffec2272b19ef46?s=96&d=identicon&r=g\",\"contentUrl\":\"http:\/\/0.gravatar.com\/avatar\/f64806401ad5ed604ffec2272b19ef46?s=96&d=identicon&r=g\",\"caption\":\"Mohamed Salah Ben Amor\"},\"sameAs\":[\"http:\/\/ben-amor.info\"],\"url\":\"http:\/\/www.masharif.com\/fr\/author\/msba\/\"}]}<\/script>\n<!-- \/ Yoast SEO plugin. -->","yoast_head_json":{"title":"Les jardins magiques par :Monika Del Rio \u2013 po\u00e9tesse, nouvelliste et romanci\u00e8re polonaise r\u00e9sidant \u00e0 Bruxelles - Culminances","robots":{"index":"index","follow":"follow","max-snippet":"max-snippet:-1","max-image-preview":"max-image-preview:large","max-video-preview":"max-video-preview:-1"},"canonical":"https:\/\/www.masharif.com\/fr\/2018\/02\/17\/jardins-magiques-monika-del-rio-poetesse-nouvelliste-romanciere-polonaise-residant-a-bruxelles\/","og_locale":"fr_FR","og_type":"article","og_title":"Les jardins magiques par :Monika Del Rio \u2013 po\u00e9tesse, nouvelliste et romanci\u00e8re polonaise r\u00e9sidant \u00e0 Bruxelles - Culminances","og_description":"&nbsp; Chaque ann\u00e9e au moment de l\u2019\u00e9panouissement des azal\u00e9es dans leur floraison abondante, les Serres Royales de Bruxelles ouvrent pendant trois semaines leurs portes au public. Cet immense b\u00e2timent art nouveau, en m\u00e9tal et en verre, semble pourtant fin, l\u00e9ger et a\u00e9r\u00e9 en se mariant parfaitement avec le grand parc de 25 hectares, qui l\u2019entoure. ...","og_url":"https:\/\/www.masharif.com\/fr\/2018\/02\/17\/jardins-magiques-monika-del-rio-poetesse-nouvelliste-romanciere-polonaise-residant-a-bruxelles\/","og_site_name":"Culminances","article_published_time":"2018-02-17T16:22:01+00:00","og_image":[{"width":540,"height":720,"url":"https:\/\/www.masharif.com\/fr\/wp-content\/uploads\/2018\/02\/12313659_10208316922230309_1865854811588687522_n.jpg","type":"image\/jpeg"}],"author":"Mohamed Salah Ben Amor","twitter_card":"summary","twitter_misc":{"\u00c9crit par":"Mohamed Salah Ben Amor","Dur\u00e9e de lecture estim\u00e9e":"4 minutes"},"schema":{"@context":"https:\/\/schema.org","@graph":[{"@type":"WebSite","@id":"http:\/\/www.masharif.com\/fr\/#website","url":"http:\/\/www.masharif.com\/fr\/","name":"Culminances","description":"","potentialAction":[{"@type":"SearchAction","target":{"@type":"EntryPoint","urlTemplate":"http:\/\/www.masharif.com\/fr\/?s={search_term_string}"},"query-input":"required name=search_term_string"}],"inLanguage":"fr-FR"},{"@type":"ImageObject","inLanguage":"fr-FR","@id":"https:\/\/www.masharif.com\/fr\/2018\/02\/17\/jardins-magiques-monika-del-rio-poetesse-nouvelliste-romanciere-polonaise-residant-a-bruxelles\/#primaryimage","url":"http:\/\/www.masharif.com\/fr\/wp-content\/uploads\/2018\/02\/12313659_10208316922230309_1865854811588687522_n.jpg","contentUrl":"http:\/\/www.masharif.com\/fr\/wp-content\/uploads\/2018\/02\/12313659_10208316922230309_1865854811588687522_n.jpg","width":540,"height":720},{"@type":"WebPage","@id":"https:\/\/www.masharif.com\/fr\/2018\/02\/17\/jardins-magiques-monika-del-rio-poetesse-nouvelliste-romanciere-polonaise-residant-a-bruxelles\/","url":"https:\/\/www.masharif.com\/fr\/2018\/02\/17\/jardins-magiques-monika-del-rio-poetesse-nouvelliste-romanciere-polonaise-residant-a-bruxelles\/","name":"Les jardins magiques par :Monika Del Rio \u2013 po\u00e9tesse, nouvelliste et romanci\u00e8re polonaise r\u00e9sidant \u00e0 Bruxelles - Culminances","isPartOf":{"@id":"http:\/\/www.masharif.com\/fr\/#website"},"primaryImageOfPage":{"@id":"https:\/\/www.masharif.com\/fr\/2018\/02\/17\/jardins-magiques-monika-del-rio-poetesse-nouvelliste-romanciere-polonaise-residant-a-bruxelles\/#primaryimage"},"datePublished":"2018-02-17T16:22:01+00:00","dateModified":"2018-02-17T16:22:01+00:00","author":{"@id":"http:\/\/www.masharif.com\/fr\/#\/schema\/person\/839a7026efe9fa825134097c1041e4a0"},"breadcrumb":{"@id":"https:\/\/www.masharif.com\/fr\/2018\/02\/17\/jardins-magiques-monika-del-rio-poetesse-nouvelliste-romanciere-polonaise-residant-a-bruxelles\/#breadcrumb"},"inLanguage":"fr-FR","potentialAction":[{"@type":"ReadAction","target":["https:\/\/www.masharif.com\/fr\/2018\/02\/17\/jardins-magiques-monika-del-rio-poetesse-nouvelliste-romanciere-polonaise-residant-a-bruxelles\/"]}]},{"@type":"BreadcrumbList","@id":"https:\/\/www.masharif.com\/fr\/2018\/02\/17\/jardins-magiques-monika-del-rio-poetesse-nouvelliste-romanciere-polonaise-residant-a-bruxelles\/#breadcrumb","itemListElement":[{"@type":"ListItem","position":1,"name":"Home","item":"http:\/\/www.masharif.com\/fr\/"},{"@type":"ListItem","position":2,"name":"Les jardins magiques par :Monika Del Rio \u2013 po\u00e9tesse, nouvelliste et romanci\u00e8re polonaise r\u00e9sidant \u00e0 Bruxelles"}]},{"@type":"Person","@id":"http:\/\/www.masharif.com\/fr\/#\/schema\/person\/839a7026efe9fa825134097c1041e4a0","name":"Mohamed Salah Ben Amor","image":{"@type":"ImageObject","inLanguage":"fr-FR","@id":"http:\/\/www.masharif.com\/fr\/#\/schema\/person\/image\/","url":"http:\/\/0.gravatar.com\/avatar\/f64806401ad5ed604ffec2272b19ef46?s=96&d=identicon&r=g","contentUrl":"http:\/\/0.gravatar.com\/avatar\/f64806401ad5ed604ffec2272b19ef46?s=96&d=identicon&r=g","caption":"Mohamed Salah Ben Amor"},"sameAs":["http:\/\/ben-amor.info"],"url":"http:\/\/www.masharif.com\/fr\/author\/msba\/"}]}},"_links":{"self":[{"href":"http:\/\/www.masharif.com\/fr\/wp-json\/wp\/v2\/posts\/7096"}],"collection":[{"href":"http:\/\/www.masharif.com\/fr\/wp-json\/wp\/v2\/posts"}],"about":[{"href":"http:\/\/www.masharif.com\/fr\/wp-json\/wp\/v2\/types\/post"}],"author":[{"embeddable":true,"href":"http:\/\/www.masharif.com\/fr\/wp-json\/wp\/v2\/users\/2"}],"replies":[{"embeddable":true,"href":"http:\/\/www.masharif.com\/fr\/wp-json\/wp\/v2\/comments?post=7096"}],"version-history":[{"count":1,"href":"http:\/\/www.masharif.com\/fr\/wp-json\/wp\/v2\/posts\/7096\/revisions"}],"predecessor-version":[{"id":7099,"href":"http:\/\/www.masharif.com\/fr\/wp-json\/wp\/v2\/posts\/7096\/revisions\/7099"}],"wp:featuredmedia":[{"embeddable":true,"href":"http:\/\/www.masharif.com\/fr\/wp-json\/wp\/v2\/media\/7097"}],"wp:attachment":[{"href":"http:\/\/www.masharif.com\/fr\/wp-json\/wp\/v2\/media?parent=7096"}],"wp:term":[{"taxonomy":"category","embeddable":true,"href":"http:\/\/www.masharif.com\/fr\/wp-json\/wp\/v2\/categories?post=7096"},{"taxonomy":"post_tag","embeddable":true,"href":"http:\/\/www.masharif.com\/fr\/wp-json\/wp\/v2\/tags?post=7096"}],"curies":[{"name":"wp","href":"https:\/\/api.w.org\/{rel}","templated":true}]}}