{"id":6830,"date":"2018-01-31T08:58:06","date_gmt":"2018-01-31T07:58:06","guid":{"rendered":"http:\/\/www.masharif.com\/fr\/?p=6830"},"modified":"2018-01-31T08:58:06","modified_gmt":"2018-01-31T07:58:06","slug":"vieil-homme-petit-jardin-amina-jerjini-kenitra-maroc","status":"publish","type":"post","link":"http:\/\/www.masharif.com\/fr\/2018\/01\/31\/vieil-homme-petit-jardin-amina-jerjini-kenitra-maroc\/","title":{"rendered":"Le vieil homme du petit jardin par :Amina Jerjini \u2013 K\u00e9nitra \u2013Maroc"},"content":{"rendered":"<div id=\"attachment_6831\" style=\"width: 296px\" class=\"wp-caption alignnone\"><a href=\"http:\/\/www.masharif.com\/fr\/wp-content\/uploads\/2018\/01\/12794333_1805513663009452_9149290366608707975_n.jpg\"><img aria-describedby=\"caption-attachment-6831\" loading=\"lazy\" class=\"wp-image-6831 size-medium\" src=\"http:\/\/www.masharif.com\/fr\/wp-content\/uploads\/2018\/01\/12794333_1805513663009452_9149290366608707975_n-286x300.jpg\" alt=\"\" width=\"286\" height=\"300\" srcset=\"http:\/\/www.masharif.com\/fr\/wp-content\/uploads\/2018\/01\/12794333_1805513663009452_9149290366608707975_n-286x300.jpg 286w, http:\/\/www.masharif.com\/fr\/wp-content\/uploads\/2018\/01\/12794333_1805513663009452_9149290366608707975_n-768x806.jpg 768w, http:\/\/www.masharif.com\/fr\/wp-content\/uploads\/2018\/01\/12794333_1805513663009452_9149290366608707975_n.jpg 802w\" sizes=\"(max-width: 286px) 100vw, 286px\" \/><\/a><p id=\"caption-attachment-6831\" class=\"wp-caption-text\">Amina Jerjini<\/p><\/div>\n<p><a href=\"http:\/\/www.masharif.com\/fr\/wp-content\/uploads\/2018\/01\/stock-photo-thoughtful-senior-man-with-a-cane-sitting-on-wooden-bench-in-a-park-on-a-sunny-day-shot-with-a-161740223.jpg\"><img loading=\"lazy\" class=\"alignnone size-medium wp-image-6832\" src=\"http:\/\/www.masharif.com\/fr\/wp-content\/uploads\/2018\/01\/stock-photo-thoughtful-senior-man-with-a-cane-sitting-on-wooden-bench-in-a-park-on-a-sunny-day-shot-with-a-161740223-300x295.jpg\" alt=\"\" width=\"300\" height=\"295\" srcset=\"http:\/\/www.masharif.com\/fr\/wp-content\/uploads\/2018\/01\/stock-photo-thoughtful-senior-man-with-a-cane-sitting-on-wooden-bench-in-a-park-on-a-sunny-day-shot-with-a-161740223-300x295.jpg 300w, http:\/\/www.masharif.com\/fr\/wp-content\/uploads\/2018\/01\/stock-photo-thoughtful-senior-man-with-a-cane-sitting-on-wooden-bench-in-a-park-on-a-sunny-day-shot-with-a-161740223-768x754.jpg 768w, http:\/\/www.masharif.com\/fr\/wp-content\/uploads\/2018\/01\/stock-photo-thoughtful-senior-man-with-a-cane-sitting-on-wooden-bench-in-a-park-on-a-sunny-day-shot-with-a-161740223-1024x1006.jpg 1024w, http:\/\/www.masharif.com\/fr\/wp-content\/uploads\/2018\/01\/stock-photo-thoughtful-senior-man-with-a-cane-sitting-on-wooden-bench-in-a-park-on-a-sunny-day-shot-with-a-161740223-55x55.jpg 55w, http:\/\/www.masharif.com\/fr\/wp-content\/uploads\/2018\/01\/stock-photo-thoughtful-senior-man-with-a-cane-sitting-on-wooden-bench-in-a-park-on-a-sunny-day-shot-with-a-161740223.jpg 1687w\" sizes=\"(max-width: 300px) 100vw, 300px\" \/><\/a><\/p>\n<p><strong>Vous le verrez chaque matin,<\/strong><br \/>\n<strong> Avan\u00e7ant d&#8217;un pas incertain<\/strong><br \/>\n<strong> Dans l&#8217;all\u00e9e du petit jardin,\u00a0<\/strong><br \/>\n<strong> L&#8217;air serein, le regard lointain&#8230;<\/strong><\/p>\n<p><strong>Il va retrouver son vieux banc,<\/strong><br \/>\n<strong> Pour regarder passer le temps,<\/strong><br \/>\n<strong> Des heures et des heures durant,<\/strong><br \/>\n<strong> Sans un mot, sans un mouvement.<\/strong><\/p>\n<p><strong>Ce vieil homme au corps d\u00e9charn\u00e9,<\/strong><br \/>\n<strong> Dans son vieux manteau rapi\u00e9c\u00e9,<\/strong><br \/>\n<strong> Que se rappelle t-il du pass\u00e9,<\/strong><br \/>\n<strong> De sa vie, dans ses jeunes ann\u00e9es?<\/strong><\/p>\n<p><strong>On dit qu&#8217;il a perdu l&#8217;esprit<\/strong><br \/>\n<strong> Le jour o\u00f9 sa femme est partie,<\/strong><br \/>\n<strong> A bout de souffle, elle a fini<\/strong><br \/>\n<strong> Par s&#8217;envoler au Paradis.<\/strong><\/p>\n<p><strong>Et il attend, il regarde, l&#8217;air absent,<\/strong><br \/>\n<strong> Vers l&#8217;all\u00e9e o\u00f9 jouent des enfants,<\/strong><br \/>\n<strong> Qui passent et rient en se moquant<\/strong><br \/>\n<strong> Du vieux monsieur au chapeau blanc.<\/strong><\/p>\n<p><strong>Il attend ses derniers instants<\/strong><br \/>\n<strong> Pour \u00eatre rappel\u00e9 aupr\u00e8s d&#8217;elle,<\/strong><br \/>\n<strong> Celle qui lui donnait des ailes,<\/strong><br \/>\n<strong> Qu&#8217;il appelait tendrement &#8220;maman&#8221;.<\/strong><\/p>\n<p><strong>Ils parleront du bon vieux temps,<\/strong><br \/>\n<strong> Quand ils \u00e9taient jeunes, bien portants,<\/strong><br \/>\n<strong> Qu&#8217;ils vivaient heureux, insouciants,<\/strong><br \/>\n<strong> Dans une maison pleine d&#8217;enfants..<\/strong><\/p>\n<p><strong>Ces enfants qu&#8217;ils ont \u00e9lev\u00e9,<\/strong><br \/>\n<strong> Pour lesquels ils ont travaill\u00e9,<\/strong><br \/>\n<strong> Livrant un combat acharn\u00e9<\/strong><br \/>\n<strong> Pour assumer ce beau foyer&#8230;<\/strong><\/p>\n<p><strong>Ils sont partis sans revenir,<\/strong><br \/>\n<strong> Pour assurer leur avenir,<\/strong><br \/>\n<strong> Et oubli\u00e9 leurs vieux parents<\/strong><br \/>\n<strong> Qui les aimaient si tendrement.<\/strong><\/p>\n<p><strong>Et seul, le soir, il rentrera,<\/strong><br \/>\n<strong> Il prendra un maigre repas,<\/strong><br \/>\n<strong> Attendra le petit matin,<\/strong><br \/>\n<strong> Pour retourner vers son jardin.<\/strong><\/p>\n<p>&nbsp;<\/p>\n","protected":false},"excerpt":{"rendered":"<p>Vous le verrez chaque matin, Avan\u00e7ant d&#8217;un pas incertain Dans l&#8217;all\u00e9e du petit jardin,\u00a0 L&#8217;air serein, le regard lointain&#8230; Il va retrouver son vieux banc, Pour regarder passer le temps, Des heures et des heures durant, Sans un mot, sans un mouvement. Ce vieil homme au corps d\u00e9charn\u00e9, Dans son vieux manteau rapi\u00e9c\u00e9, Que se &#8230;<\/p>\n","protected":false},"author":2,"featured_media":6832,"comment_status":"open","ping_status":"open","sticky":false,"template":"","format":"standard","meta":[],"categories":[4],"tags":[],"yoast_head":"<!-- This site is optimized with the Yoast SEO plugin v19.3 - https:\/\/yoast.com\/wordpress\/plugins\/seo\/ -->\n<title>Le vieil homme du petit jardin par :Amina Jerjini \u2013 K\u00e9nitra \u2013Maroc - Culminances<\/title>\n<meta name=\"robots\" content=\"index, follow, max-snippet:-1, max-image-preview:large, max-video-preview:-1\" \/>\n<link rel=\"canonical\" href=\"http:\/\/www.masharif.com\/fr\/2018\/01\/31\/vieil-homme-petit-jardin-amina-jerjini-kenitra-maroc\/\" \/>\n<meta property=\"og:locale\" content=\"fr_FR\" \/>\n<meta property=\"og:type\" content=\"article\" \/>\n<meta property=\"og:title\" content=\"Le vieil homme du petit jardin par :Amina Jerjini \u2013 K\u00e9nitra \u2013Maroc - Culminances\" \/>\n<meta property=\"og:description\" content=\"Vous le verrez chaque matin, Avan\u00e7ant d&#8217;un pas incertain Dans l&#8217;all\u00e9e du petit jardin,\u00a0 L&#8217;air serein, le regard lointain&#8230; Il va retrouver son vieux banc, Pour regarder passer le temps, Des heures et des heures durant, Sans un mot, sans un mouvement. Ce vieil homme au corps d\u00e9charn\u00e9, Dans son vieux manteau rapi\u00e9c\u00e9, Que se ...\" \/>\n<meta property=\"og:url\" content=\"http:\/\/www.masharif.com\/fr\/2018\/01\/31\/vieil-homme-petit-jardin-amina-jerjini-kenitra-maroc\/\" \/>\n<meta property=\"og:site_name\" content=\"Culminances\" \/>\n<meta property=\"article:published_time\" content=\"2018-01-31T07:58:06+00:00\" \/>\n<meta property=\"og:image\" content=\"http:\/\/www.masharif.com\/fr\/wp-content\/uploads\/2018\/01\/stock-photo-thoughtful-senior-man-with-a-cane-sitting-on-wooden-bench-in-a-park-on-a-sunny-day-shot-with-a-161740223.jpg\" \/>\n\t<meta property=\"og:image:width\" content=\"1687\" \/>\n\t<meta property=\"og:image:height\" content=\"1657\" \/>\n\t<meta property=\"og:image:type\" content=\"image\/jpeg\" \/>\n<meta name=\"author\" content=\"Mohamed Salah Ben Amor\" \/>\n<meta name=\"twitter:card\" content=\"summary\" \/>\n<meta name=\"twitter:label1\" content=\"\u00c9crit par\" \/>\n\t<meta name=\"twitter:data1\" content=\"Mohamed Salah Ben Amor\" \/>\n\t<meta name=\"twitter:label2\" content=\"Dur\u00e9e de lecture estim\u00e9e\" \/>\n\t<meta name=\"twitter:data2\" content=\"1 minute\" \/>\n<script type=\"application\/ld+json\" class=\"yoast-schema-graph\">{\"@context\":\"https:\/\/schema.org\",\"@graph\":[{\"@type\":\"WebSite\",\"@id\":\"http:\/\/www.masharif.com\/fr\/#website\",\"url\":\"http:\/\/www.masharif.com\/fr\/\",\"name\":\"Culminances\",\"description\":\"\",\"potentialAction\":[{\"@type\":\"SearchAction\",\"target\":{\"@type\":\"EntryPoint\",\"urlTemplate\":\"http:\/\/www.masharif.com\/fr\/?s={search_term_string}\"},\"query-input\":\"required name=search_term_string\"}],\"inLanguage\":\"fr-FR\"},{\"@type\":\"ImageObject\",\"inLanguage\":\"fr-FR\",\"@id\":\"http:\/\/www.masharif.com\/fr\/2018\/01\/31\/vieil-homme-petit-jardin-amina-jerjini-kenitra-maroc\/#primaryimage\",\"url\":\"http:\/\/www.masharif.com\/fr\/wp-content\/uploads\/2018\/01\/stock-photo-thoughtful-senior-man-with-a-cane-sitting-on-wooden-bench-in-a-park-on-a-sunny-day-shot-with-a-161740223.jpg\",\"contentUrl\":\"http:\/\/www.masharif.com\/fr\/wp-content\/uploads\/2018\/01\/stock-photo-thoughtful-senior-man-with-a-cane-sitting-on-wooden-bench-in-a-park-on-a-sunny-day-shot-with-a-161740223.jpg\",\"width\":1687,\"height\":1657},{\"@type\":\"WebPage\",\"@id\":\"http:\/\/www.masharif.com\/fr\/2018\/01\/31\/vieil-homme-petit-jardin-amina-jerjini-kenitra-maroc\/\",\"url\":\"http:\/\/www.masharif.com\/fr\/2018\/01\/31\/vieil-homme-petit-jardin-amina-jerjini-kenitra-maroc\/\",\"name\":\"Le vieil homme du petit jardin par :Amina Jerjini \u2013 K\u00e9nitra \u2013Maroc - Culminances\",\"isPartOf\":{\"@id\":\"http:\/\/www.masharif.com\/fr\/#website\"},\"primaryImageOfPage\":{\"@id\":\"http:\/\/www.masharif.com\/fr\/2018\/01\/31\/vieil-homme-petit-jardin-amina-jerjini-kenitra-maroc\/#primaryimage\"},\"datePublished\":\"2018-01-31T07:58:06+00:00\",\"dateModified\":\"2018-01-31T07:58:06+00:00\",\"author\":{\"@id\":\"http:\/\/www.masharif.com\/fr\/#\/schema\/person\/839a7026efe9fa825134097c1041e4a0\"},\"breadcrumb\":{\"@id\":\"http:\/\/www.masharif.com\/fr\/2018\/01\/31\/vieil-homme-petit-jardin-amina-jerjini-kenitra-maroc\/#breadcrumb\"},\"inLanguage\":\"fr-FR\",\"potentialAction\":[{\"@type\":\"ReadAction\",\"target\":[\"http:\/\/www.masharif.com\/fr\/2018\/01\/31\/vieil-homme-petit-jardin-amina-jerjini-kenitra-maroc\/\"]}]},{\"@type\":\"BreadcrumbList\",\"@id\":\"http:\/\/www.masharif.com\/fr\/2018\/01\/31\/vieil-homme-petit-jardin-amina-jerjini-kenitra-maroc\/#breadcrumb\",\"itemListElement\":[{\"@type\":\"ListItem\",\"position\":1,\"name\":\"Home\",\"item\":\"http:\/\/www.masharif.com\/fr\/\"},{\"@type\":\"ListItem\",\"position\":2,\"name\":\"Le vieil homme du petit jardin par :Amina Jerjini \u2013 K\u00e9nitra \u2013Maroc\"}]},{\"@type\":\"Person\",\"@id\":\"http:\/\/www.masharif.com\/fr\/#\/schema\/person\/839a7026efe9fa825134097c1041e4a0\",\"name\":\"Mohamed Salah Ben Amor\",\"image\":{\"@type\":\"ImageObject\",\"inLanguage\":\"fr-FR\",\"@id\":\"http:\/\/www.masharif.com\/fr\/#\/schema\/person\/image\/\",\"url\":\"http:\/\/0.gravatar.com\/avatar\/f64806401ad5ed604ffec2272b19ef46?s=96&d=identicon&r=g\",\"contentUrl\":\"http:\/\/0.gravatar.com\/avatar\/f64806401ad5ed604ffec2272b19ef46?s=96&d=identicon&r=g\",\"caption\":\"Mohamed Salah Ben Amor\"},\"sameAs\":[\"http:\/\/ben-amor.info\"],\"url\":\"http:\/\/www.masharif.com\/fr\/author\/msba\/\"}]}<\/script>\n<!-- \/ Yoast SEO plugin. -->","yoast_head_json":{"title":"Le vieil homme du petit jardin par :Amina Jerjini \u2013 K\u00e9nitra \u2013Maroc - Culminances","robots":{"index":"index","follow":"follow","max-snippet":"max-snippet:-1","max-image-preview":"max-image-preview:large","max-video-preview":"max-video-preview:-1"},"canonical":"http:\/\/www.masharif.com\/fr\/2018\/01\/31\/vieil-homme-petit-jardin-amina-jerjini-kenitra-maroc\/","og_locale":"fr_FR","og_type":"article","og_title":"Le vieil homme du petit jardin par :Amina Jerjini \u2013 K\u00e9nitra \u2013Maroc - Culminances","og_description":"Vous le verrez chaque matin, Avan\u00e7ant d&#8217;un pas incertain Dans l&#8217;all\u00e9e du petit jardin,\u00a0 L&#8217;air serein, le regard lointain&#8230; Il va retrouver son vieux banc, Pour regarder passer le temps, Des heures et des heures durant, Sans un mot, sans un mouvement. Ce vieil homme au corps d\u00e9charn\u00e9, Dans son vieux manteau rapi\u00e9c\u00e9, Que se ...","og_url":"http:\/\/www.masharif.com\/fr\/2018\/01\/31\/vieil-homme-petit-jardin-amina-jerjini-kenitra-maroc\/","og_site_name":"Culminances","article_published_time":"2018-01-31T07:58:06+00:00","og_image":[{"width":1687,"height":1657,"url":"http:\/\/www.masharif.com\/fr\/wp-content\/uploads\/2018\/01\/stock-photo-thoughtful-senior-man-with-a-cane-sitting-on-wooden-bench-in-a-park-on-a-sunny-day-shot-with-a-161740223.jpg","type":"image\/jpeg"}],"author":"Mohamed Salah Ben Amor","twitter_card":"summary","twitter_misc":{"\u00c9crit par":"Mohamed Salah Ben Amor","Dur\u00e9e de lecture estim\u00e9e":"1 minute"},"schema":{"@context":"https:\/\/schema.org","@graph":[{"@type":"WebSite","@id":"http:\/\/www.masharif.com\/fr\/#website","url":"http:\/\/www.masharif.com\/fr\/","name":"Culminances","description":"","potentialAction":[{"@type":"SearchAction","target":{"@type":"EntryPoint","urlTemplate":"http:\/\/www.masharif.com\/fr\/?s={search_term_string}"},"query-input":"required name=search_term_string"}],"inLanguage":"fr-FR"},{"@type":"ImageObject","inLanguage":"fr-FR","@id":"http:\/\/www.masharif.com\/fr\/2018\/01\/31\/vieil-homme-petit-jardin-amina-jerjini-kenitra-maroc\/#primaryimage","url":"http:\/\/www.masharif.com\/fr\/wp-content\/uploads\/2018\/01\/stock-photo-thoughtful-senior-man-with-a-cane-sitting-on-wooden-bench-in-a-park-on-a-sunny-day-shot-with-a-161740223.jpg","contentUrl":"http:\/\/www.masharif.com\/fr\/wp-content\/uploads\/2018\/01\/stock-photo-thoughtful-senior-man-with-a-cane-sitting-on-wooden-bench-in-a-park-on-a-sunny-day-shot-with-a-161740223.jpg","width":1687,"height":1657},{"@type":"WebPage","@id":"http:\/\/www.masharif.com\/fr\/2018\/01\/31\/vieil-homme-petit-jardin-amina-jerjini-kenitra-maroc\/","url":"http:\/\/www.masharif.com\/fr\/2018\/01\/31\/vieil-homme-petit-jardin-amina-jerjini-kenitra-maroc\/","name":"Le vieil homme du petit jardin par :Amina Jerjini \u2013 K\u00e9nitra \u2013Maroc - Culminances","isPartOf":{"@id":"http:\/\/www.masharif.com\/fr\/#website"},"primaryImageOfPage":{"@id":"http:\/\/www.masharif.com\/fr\/2018\/01\/31\/vieil-homme-petit-jardin-amina-jerjini-kenitra-maroc\/#primaryimage"},"datePublished":"2018-01-31T07:58:06+00:00","dateModified":"2018-01-31T07:58:06+00:00","author":{"@id":"http:\/\/www.masharif.com\/fr\/#\/schema\/person\/839a7026efe9fa825134097c1041e4a0"},"breadcrumb":{"@id":"http:\/\/www.masharif.com\/fr\/2018\/01\/31\/vieil-homme-petit-jardin-amina-jerjini-kenitra-maroc\/#breadcrumb"},"inLanguage":"fr-FR","potentialAction":[{"@type":"ReadAction","target":["http:\/\/www.masharif.com\/fr\/2018\/01\/31\/vieil-homme-petit-jardin-amina-jerjini-kenitra-maroc\/"]}]},{"@type":"BreadcrumbList","@id":"http:\/\/www.masharif.com\/fr\/2018\/01\/31\/vieil-homme-petit-jardin-amina-jerjini-kenitra-maroc\/#breadcrumb","itemListElement":[{"@type":"ListItem","position":1,"name":"Home","item":"http:\/\/www.masharif.com\/fr\/"},{"@type":"ListItem","position":2,"name":"Le vieil homme du petit jardin par :Amina Jerjini \u2013 K\u00e9nitra \u2013Maroc"}]},{"@type":"Person","@id":"http:\/\/www.masharif.com\/fr\/#\/schema\/person\/839a7026efe9fa825134097c1041e4a0","name":"Mohamed Salah Ben Amor","image":{"@type":"ImageObject","inLanguage":"fr-FR","@id":"http:\/\/www.masharif.com\/fr\/#\/schema\/person\/image\/","url":"http:\/\/0.gravatar.com\/avatar\/f64806401ad5ed604ffec2272b19ef46?s=96&d=identicon&r=g","contentUrl":"http:\/\/0.gravatar.com\/avatar\/f64806401ad5ed604ffec2272b19ef46?s=96&d=identicon&r=g","caption":"Mohamed Salah Ben Amor"},"sameAs":["http:\/\/ben-amor.info"],"url":"http:\/\/www.masharif.com\/fr\/author\/msba\/"}]}},"_links":{"self":[{"href":"http:\/\/www.masharif.com\/fr\/wp-json\/wp\/v2\/posts\/6830"}],"collection":[{"href":"http:\/\/www.masharif.com\/fr\/wp-json\/wp\/v2\/posts"}],"about":[{"href":"http:\/\/www.masharif.com\/fr\/wp-json\/wp\/v2\/types\/post"}],"author":[{"embeddable":true,"href":"http:\/\/www.masharif.com\/fr\/wp-json\/wp\/v2\/users\/2"}],"replies":[{"embeddable":true,"href":"http:\/\/www.masharif.com\/fr\/wp-json\/wp\/v2\/comments?post=6830"}],"version-history":[{"count":1,"href":"http:\/\/www.masharif.com\/fr\/wp-json\/wp\/v2\/posts\/6830\/revisions"}],"predecessor-version":[{"id":6833,"href":"http:\/\/www.masharif.com\/fr\/wp-json\/wp\/v2\/posts\/6830\/revisions\/6833"}],"wp:featuredmedia":[{"embeddable":true,"href":"http:\/\/www.masharif.com\/fr\/wp-json\/wp\/v2\/media\/6832"}],"wp:attachment":[{"href":"http:\/\/www.masharif.com\/fr\/wp-json\/wp\/v2\/media?parent=6830"}],"wp:term":[{"taxonomy":"category","embeddable":true,"href":"http:\/\/www.masharif.com\/fr\/wp-json\/wp\/v2\/categories?post=6830"},{"taxonomy":"post_tag","embeddable":true,"href":"http:\/\/www.masharif.com\/fr\/wp-json\/wp\/v2\/tags?post=6830"}],"curies":[{"name":"wp","href":"https:\/\/api.w.org\/{rel}","templated":true}]}}