{"id":6763,"date":"2018-01-25T14:25:57","date_gmt":"2018-01-25T13:25:57","guid":{"rendered":"http:\/\/www.masharif.com\/fr\/?p=6763"},"modified":"2018-01-25T18:58:08","modified_gmt":"2018-01-25T17:58:08","slug":"mes-souvenirs-avec-le-grand-historien-de-la-litterature-tunisienne-aboulkacem-mohamed-kirrou-3","status":"publish","type":"post","link":"http:\/\/www.masharif.com\/fr\/2018\/01\/25\/mes-souvenirs-avec-le-grand-historien-de-la-litterature-tunisienne-aboulkacem-mohamed-kirrou-3\/","title":{"rendered":"Mes souvenirs avec le grand historien de la litt\u00e9rature tunisienne Aboulkacem Mohamed Kirrou (3)"},"content":{"rendered":"<div id=\"attachment_6742\" style=\"width: 310px\" class=\"wp-caption alignnone\"><a href=\"http:\/\/www.masharif.com\/fr\/wp-content\/uploads\/2018\/01\/hqdefault.jpg\"><img aria-describedby=\"caption-attachment-6742\" loading=\"lazy\" class=\"wp-image-6742 size-medium\" src=\"http:\/\/www.masharif.com\/fr\/wp-content\/uploads\/2018\/01\/hqdefault-300x225.jpg\" alt=\"\" width=\"300\" height=\"225\" srcset=\"http:\/\/www.masharif.com\/fr\/wp-content\/uploads\/2018\/01\/hqdefault-300x225.jpg 300w, http:\/\/www.masharif.com\/fr\/wp-content\/uploads\/2018\/01\/hqdefault-768x576.jpg 768w, http:\/\/www.masharif.com\/fr\/wp-content\/uploads\/2018\/01\/hqdefault-1024x768.jpg 1024w\" sizes=\"(max-width: 300px) 100vw, 300px\" \/><\/a><p id=\"caption-attachment-6742\" class=\"wp-caption-text\">Aboulkacem Mohamed Kirrou<\/p><\/div>\n<div id=\"attachment_6770\" style=\"width: 310px\" class=\"wp-caption alignnone\"><a href=\"http:\/\/www.masharif.com\/fr\/wp-content\/uploads\/2018\/01\/1910509_1115208762844_4107617_n.jpg\"><img aria-describedby=\"caption-attachment-6770\" loading=\"lazy\" class=\"wp-image-6770 size-medium\" src=\"http:\/\/www.masharif.com\/fr\/wp-content\/uploads\/2018\/01\/1910509_1115208762844_4107617_n-300x193.jpg\" alt=\"\" width=\"300\" height=\"193\" srcset=\"http:\/\/www.masharif.com\/fr\/wp-content\/uploads\/2018\/01\/1910509_1115208762844_4107617_n-300x193.jpg 300w, http:\/\/www.masharif.com\/fr\/wp-content\/uploads\/2018\/01\/1910509_1115208762844_4107617_n-768x495.jpg 768w, http:\/\/www.masharif.com\/fr\/wp-content\/uploads\/2018\/01\/1910509_1115208762844_4107617_n-1024x659.jpg 1024w, http:\/\/www.masharif.com\/fr\/wp-content\/uploads\/2018\/01\/1910509_1115208762844_4107617_n.jpg 1812w\" sizes=\"(max-width: 300px) 100vw, 300px\" \/><\/a><p id=\"caption-attachment-6770\" class=\"wp-caption-text\">De droite \u00e0 gauche :Ghali Chokri, Abdelhamid Chebbi, moi-m\u00eame et Aboulkacem Mohamed Kirrou<\/p><\/div>\n<p>&nbsp;<\/p>\n<p>J\u2019ai mentionn\u00e9 dans mon article pr\u00e9c\u00e9dent que j\u2019avais presque coup\u00e9 toute relation avec la litt\u00e9rature tunisienne entre le jeudi noir \u00a026 janvier 1978 et \u00ab\u00a0la r\u00e9volution du pain\u00a0\u00bb qui avait \u00e9clat\u00e9 le 3 janvier 1984 et que mes seules activit\u00e9s litt\u00e9raires au cours de cette p\u00e9riode \u00e9taient ma participation \u00e0 deux colloques sur l\u2019instigation d\u2019Aboulkacem Mohamed Kerrou\u00a0: le premier dont j\u2019avais parl\u00e9 pr\u00e9c\u00e9demment s\u2019\u00e9tait tenu \u00e0 Gafsa en 1980 sur le th\u00e8me\u00a0\u00ab\u00a0La promotion de la langue arabe\u00a0\u00bb et le second l\u2019ann\u00e9e suivante \u00e0 Tozeur dans le cadre du 1<sup>er<\/sup> festival du grand po\u00e8te tunisien Aboulkacem Chebbi.<\/p>\n<p>Pour ce festival, Kirrou m\u2019avait envoy\u00e9 l\u2019invitation \u00e0 mon adresse personnelle .Et lorsque j\u2019\u00e9tais all\u00e9 le voir dans son bureau au local de la ligue culturelle nationale, j\u2019avais trouv\u00e9\u00a0 avec lui le politicien opposant et professeur universitaire Mohamed Moadda qui publiait \u00e0 cette \u00e9poque des articles acerbes dans le journal\u00a0\u00ab\u00a0L\u2019avenir\u00a0\u00bb, l\u2019organe\u00a0 de son parti \u00ab\u00a0Le mouvement des d\u00e9mocrates socialistes\u00a0\u00bb contre le r\u00e9gime. Et il \u00e9tait venu aussi \u00e0 la suite d\u2019une invitation qu\u2019il avait re\u00e7ue de Kirrou pour participer au m\u00eame colloque, ce qui confirme l\u2019ouverture d\u2019esprit de cet homme qui faisait une distinction totale entre la politique et la culture. Plus tard dans les ann\u00e9es 90, il m\u2019avait confi\u00e9 que le ministre de la culture\u00a0 \u00e0 cette \u00e9poque, B\u00e9chir Ben , n\u2019\u00e9tait pas content\u00a0 de ses choix et d\u00e9cisions mais il n\u2019osait pas le contrarier, en raison \u00a0de son poids moral dans la culture tunisienne et arabe.<\/p>\n<p>Le colloque s\u2019\u00e9tait tenu en octobre 1981 et parmi la d\u00e9l\u00e9gation qui \u00e9tait partie de Tunis\u00a0 vers Tozeur, il y avait avec moi les po\u00e8tes feu Mohieddine Kheraief et feu \u00a0Mustapha Azzouz, mon professeur feu Abdelhamid Chebbi le fr\u00e8re du po\u00e8te Aboulkacem Chebbi, feu Abou Essououd Mesadi, cadre \u00e0 l\u2019\u00e9poque au minist\u00e8re de la culture, le professeur universitaire Tawfiq Ben Ameur et bien entendu d\u2019Aboulkacem Mohamed Kerrou\u00a0ainsi qu\u2019un grand nombre de journalistes.<\/p>\n<p>Et vu que le colloque co\u00efncidait avec les \u00e9lections l\u00e9gislatives, Mohamed Moaada dont le parti \u00ab\u00a0Les socialistes d\u00e9mocrates\u00a0\u00bb y participait n\u2019\u00e9tait pas au rendez-vous.<\/p>\n<p>Le jour du colloque, vu mon \u00e2ge relativement jeune , je m\u2019\u00e9tais trouv\u00e9 devant un public \u00e9norme et \u00e0 la m\u00eame tribune que trois grands hommes de lettres\u00a0:le critique \u00e9gyptien Ghali Chokri venu \u00e0 Tozeur dans la voiture du ministre, mon professeur de traduction \u00e0 la facult\u00e9 des lettres et sciences humaines \u00a0Abdelhamid Chebbi et de surcro\u00eet fr\u00e8re de Chebbi et l\u2019historien\u00a0 de la litt\u00e9rature Aboulkacem Mohamed Kerrou.\u00a0Pris d\u2019un grand trac au d\u00e9but mais voyant que le sujet que j\u2019avais choisi\u00a0:\u00a0\u00ab\u00a0 L\u2019univers\u00a0 des sonorit\u00e9s dans la po\u00e9sie de Chebbi\u00a0\u00bb a vite saisi l\u2019attention du public ,je m\u2019\u00e9tais ressaisi rapidement \u00a0pour finir mon intervention\u00a0 une demi-heure plus tard sur une grande ovation .<\/p>\n<p>Certes, j\u2019avais particip\u00e9, avant ce colloque, \u00e0 plusieurs rencontres litt\u00e9raires mais dans des clubs\u00a0 et devant des publics restreints .<\/p>\n<p>La journ\u00e9e d\u2019apr\u00e8s, Aboulkacem Mohamed Kerrou a organis\u00e9 au m\u00eame lieu une rencontre avec un groupe de vieillards de plus de quatre-vingt-ans qui avaient connu selon lui le po\u00e8te Aboulkacem Chebbi (mort en 1934) et qui \u00e9taient venus pour livrer leurs t\u00e9moignages sur lui .Ils s\u2019\u00e9taient mis, l\u2019un apr\u00e8s l\u2019autre,\u00e0 raconter leurs souvenirs avec Chebbi . Mais vu que les t\u00e9moignages qu\u2019ils livraient \u00e9taient vagues et peu int\u00e9ressants tels que (l\u2019un a jou\u00e9 avec Chebbi \u00e0 cache-cache, l\u2019autre le voyait souvent tout seul, un troisi\u00e8me l\u2019a entendu lire ses po\u00e8mes\u2026), le public s\u2019\u00e9tait mis \u00e0 quitter progressivement la salle.<\/p>\n<p>Cependant Aboulkacem Mohamed Kerrou qui croyait avoir bien fait de nous pr\u00e9senter ces t\u00e9moins, ne cessait de nous inciter \u00e0 les interroger,\u00a0 r\u00e9p\u00e9tant \u00e0 haute voix et \u00e0 plusieurs reprises :\u00a0\u00a0\u00ab\u00a0 Messieurs dames, ne laissez pas passer cette occasion en or\u00a0tant que ces t\u00e9moins sont vivants !S\u2019ils meurent, vous perdrez une source d\u2019informations tr\u00e8s pr\u00e9cieuse sur notre grand po\u00e8te\u00a0 Aboulkacem Chebbi et vous le regretterez\u00a0\u00bb.<\/p>\n<p>Agac\u00e9 par les paroles de Kirrou, l\u2019un\u00a0 des vieillards qui \u00e9tait assis \u00e0 c\u00f4t\u00e9 de lui \u00e0 \u00a0la tribune r\u00e9pliqua ironiquement\u00a0\u00e0 la mani\u00e8re des J\u00e9ridiens :\u00a0\u00ab\u00a0Que dis-tu fr\u00e8re\u00a0? Quel beau pr\u00e9sage tu nous fais l\u00e0\u00a0! Que Dieu t\u2019emporte avant nous\u00a0!\u00a0\u00bb.<\/p>\n<p>Et une explosion de rires retentit dans la salle\u00a0!<\/p>\n<p>&nbsp;<\/p>\n","protected":false},"excerpt":{"rendered":"<p>&nbsp; J\u2019ai mentionn\u00e9 dans mon article pr\u00e9c\u00e9dent que j\u2019avais presque coup\u00e9 toute relation avec la litt\u00e9rature tunisienne entre le jeudi noir \u00a026 janvier 1978 et \u00ab\u00a0la r\u00e9volution du pain\u00a0\u00bb qui avait \u00e9clat\u00e9 le 3 janvier 1984 et que mes seules activit\u00e9s litt\u00e9raires au cours de cette p\u00e9riode \u00e9taient ma participation \u00e0 deux colloques sur l\u2019instigation &#8230;<\/p>\n","protected":false},"author":2,"featured_media":6742,"comment_status":"open","ping_status":"open","sticky":false,"template":"","format":"standard","meta":[],"categories":[36],"tags":[],"yoast_head":"<!-- This site is optimized with the Yoast SEO plugin v19.3 - https:\/\/yoast.com\/wordpress\/plugins\/seo\/ -->\n<title>Mes souvenirs avec le grand historien de la litt\u00e9rature tunisienne Aboulkacem Mohamed Kirrou (3) - Culminances<\/title>\n<meta name=\"robots\" content=\"index, follow, max-snippet:-1, max-image-preview:large, max-video-preview:-1\" \/>\n<link rel=\"canonical\" href=\"https:\/\/www.masharif.com\/fr\/2018\/01\/25\/mes-souvenirs-avec-le-grand-historien-de-la-litterature-tunisienne-aboulkacem-mohamed-kirrou-3\/\" \/>\n<meta property=\"og:locale\" content=\"fr_FR\" \/>\n<meta property=\"og:type\" content=\"article\" \/>\n<meta property=\"og:title\" content=\"Mes souvenirs avec le grand historien de la litt\u00e9rature tunisienne Aboulkacem Mohamed Kirrou (3) - Culminances\" \/>\n<meta property=\"og:description\" content=\"&nbsp; J\u2019ai mentionn\u00e9 dans mon article pr\u00e9c\u00e9dent que j\u2019avais presque coup\u00e9 toute relation avec la litt\u00e9rature tunisienne entre le jeudi noir \u00a026 janvier 1978 et \u00ab\u00a0la r\u00e9volution du pain\u00a0\u00bb qui avait \u00e9clat\u00e9 le 3 janvier 1984 et que mes seules activit\u00e9s litt\u00e9raires au cours de cette p\u00e9riode \u00e9taient ma participation \u00e0 deux colloques sur l\u2019instigation ...\" \/>\n<meta property=\"og:url\" content=\"https:\/\/www.masharif.com\/fr\/2018\/01\/25\/mes-souvenirs-avec-le-grand-historien-de-la-litterature-tunisienne-aboulkacem-mohamed-kirrou-3\/\" \/>\n<meta property=\"og:site_name\" content=\"Culminances\" \/>\n<meta property=\"article:published_time\" content=\"2018-01-25T13:25:57+00:00\" \/>\n<meta property=\"article:modified_time\" content=\"2018-01-25T17:58:08+00:00\" \/>\n<meta property=\"og:image\" content=\"https:\/\/www.masharif.com\/fr\/wp-content\/uploads\/2018\/01\/hqdefault.jpg\" \/>\n\t<meta property=\"og:image:width\" content=\"2400\" \/>\n\t<meta property=\"og:image:height\" content=\"1800\" \/>\n\t<meta property=\"og:image:type\" content=\"image\/jpeg\" \/>\n<meta name=\"author\" content=\"Mohamed Salah Ben Amor\" \/>\n<meta name=\"twitter:card\" content=\"summary\" \/>\n<meta name=\"twitter:label1\" content=\"\u00c9crit par\" \/>\n\t<meta name=\"twitter:data1\" content=\"Mohamed Salah Ben Amor\" \/>\n\t<meta name=\"twitter:label2\" content=\"Dur\u00e9e de lecture estim\u00e9e\" \/>\n\t<meta name=\"twitter:data2\" content=\"4 minutes\" \/>\n<script type=\"application\/ld+json\" class=\"yoast-schema-graph\">{\"@context\":\"https:\/\/schema.org\",\"@graph\":[{\"@type\":\"WebSite\",\"@id\":\"https:\/\/www.masharif.com\/fr\/#website\",\"url\":\"https:\/\/www.masharif.com\/fr\/\",\"name\":\"Culminances\",\"description\":\"\",\"potentialAction\":[{\"@type\":\"SearchAction\",\"target\":{\"@type\":\"EntryPoint\",\"urlTemplate\":\"https:\/\/www.masharif.com\/fr\/?s={search_term_string}\"},\"query-input\":\"required name=search_term_string\"}],\"inLanguage\":\"fr-FR\"},{\"@type\":\"ImageObject\",\"inLanguage\":\"fr-FR\",\"@id\":\"https:\/\/www.masharif.com\/fr\/2018\/01\/25\/mes-souvenirs-avec-le-grand-historien-de-la-litterature-tunisienne-aboulkacem-mohamed-kirrou-3\/#primaryimage\",\"url\":\"http:\/\/www.masharif.com\/fr\/wp-content\/uploads\/2018\/01\/hqdefault.jpg\",\"contentUrl\":\"http:\/\/www.masharif.com\/fr\/wp-content\/uploads\/2018\/01\/hqdefault.jpg\",\"width\":2400,\"height\":1800},{\"@type\":\"WebPage\",\"@id\":\"https:\/\/www.masharif.com\/fr\/2018\/01\/25\/mes-souvenirs-avec-le-grand-historien-de-la-litterature-tunisienne-aboulkacem-mohamed-kirrou-3\/\",\"url\":\"https:\/\/www.masharif.com\/fr\/2018\/01\/25\/mes-souvenirs-avec-le-grand-historien-de-la-litterature-tunisienne-aboulkacem-mohamed-kirrou-3\/\",\"name\":\"Mes souvenirs avec le grand historien de la litt\u00e9rature tunisienne Aboulkacem Mohamed Kirrou (3) - Culminances\",\"isPartOf\":{\"@id\":\"https:\/\/www.masharif.com\/fr\/#website\"},\"primaryImageOfPage\":{\"@id\":\"https:\/\/www.masharif.com\/fr\/2018\/01\/25\/mes-souvenirs-avec-le-grand-historien-de-la-litterature-tunisienne-aboulkacem-mohamed-kirrou-3\/#primaryimage\"},\"datePublished\":\"2018-01-25T13:25:57+00:00\",\"dateModified\":\"2018-01-25T17:58:08+00:00\",\"author\":{\"@id\":\"https:\/\/www.masharif.com\/fr\/#\/schema\/person\/839a7026efe9fa825134097c1041e4a0\"},\"breadcrumb\":{\"@id\":\"https:\/\/www.masharif.com\/fr\/2018\/01\/25\/mes-souvenirs-avec-le-grand-historien-de-la-litterature-tunisienne-aboulkacem-mohamed-kirrou-3\/#breadcrumb\"},\"inLanguage\":\"fr-FR\",\"potentialAction\":[{\"@type\":\"ReadAction\",\"target\":[\"https:\/\/www.masharif.com\/fr\/2018\/01\/25\/mes-souvenirs-avec-le-grand-historien-de-la-litterature-tunisienne-aboulkacem-mohamed-kirrou-3\/\"]}]},{\"@type\":\"BreadcrumbList\",\"@id\":\"https:\/\/www.masharif.com\/fr\/2018\/01\/25\/mes-souvenirs-avec-le-grand-historien-de-la-litterature-tunisienne-aboulkacem-mohamed-kirrou-3\/#breadcrumb\",\"itemListElement\":[{\"@type\":\"ListItem\",\"position\":1,\"name\":\"Home\",\"item\":\"https:\/\/www.masharif.com\/fr\/\"},{\"@type\":\"ListItem\",\"position\":2,\"name\":\"Mes souvenirs avec le grand historien de la litt\u00e9rature tunisienne Aboulkacem Mohamed Kirrou (3)\"}]},{\"@type\":\"Person\",\"@id\":\"https:\/\/www.masharif.com\/fr\/#\/schema\/person\/839a7026efe9fa825134097c1041e4a0\",\"name\":\"Mohamed Salah Ben Amor\",\"image\":{\"@type\":\"ImageObject\",\"inLanguage\":\"fr-FR\",\"@id\":\"https:\/\/www.masharif.com\/fr\/#\/schema\/person\/image\/\",\"url\":\"http:\/\/0.gravatar.com\/avatar\/f64806401ad5ed604ffec2272b19ef46?s=96&d=identicon&r=g\",\"contentUrl\":\"http:\/\/0.gravatar.com\/avatar\/f64806401ad5ed604ffec2272b19ef46?s=96&d=identicon&r=g\",\"caption\":\"Mohamed Salah Ben Amor\"},\"sameAs\":[\"http:\/\/ben-amor.info\"],\"url\":\"http:\/\/www.masharif.com\/fr\/author\/msba\/\"}]}<\/script>\n<!-- \/ Yoast SEO plugin. -->","yoast_head_json":{"title":"Mes souvenirs avec le grand historien de la litt\u00e9rature tunisienne Aboulkacem Mohamed Kirrou (3) - Culminances","robots":{"index":"index","follow":"follow","max-snippet":"max-snippet:-1","max-image-preview":"max-image-preview:large","max-video-preview":"max-video-preview:-1"},"canonical":"https:\/\/www.masharif.com\/fr\/2018\/01\/25\/mes-souvenirs-avec-le-grand-historien-de-la-litterature-tunisienne-aboulkacem-mohamed-kirrou-3\/","og_locale":"fr_FR","og_type":"article","og_title":"Mes souvenirs avec le grand historien de la litt\u00e9rature tunisienne Aboulkacem Mohamed Kirrou (3) - Culminances","og_description":"&nbsp; J\u2019ai mentionn\u00e9 dans mon article pr\u00e9c\u00e9dent que j\u2019avais presque coup\u00e9 toute relation avec la litt\u00e9rature tunisienne entre le jeudi noir \u00a026 janvier 1978 et \u00ab\u00a0la r\u00e9volution du pain\u00a0\u00bb qui avait \u00e9clat\u00e9 le 3 janvier 1984 et que mes seules activit\u00e9s litt\u00e9raires au cours de cette p\u00e9riode \u00e9taient ma participation \u00e0 deux colloques sur l\u2019instigation ...","og_url":"https:\/\/www.masharif.com\/fr\/2018\/01\/25\/mes-souvenirs-avec-le-grand-historien-de-la-litterature-tunisienne-aboulkacem-mohamed-kirrou-3\/","og_site_name":"Culminances","article_published_time":"2018-01-25T13:25:57+00:00","article_modified_time":"2018-01-25T17:58:08+00:00","og_image":[{"width":2400,"height":1800,"url":"https:\/\/www.masharif.com\/fr\/wp-content\/uploads\/2018\/01\/hqdefault.jpg","type":"image\/jpeg"}],"author":"Mohamed Salah Ben Amor","twitter_card":"summary","twitter_misc":{"\u00c9crit par":"Mohamed Salah Ben Amor","Dur\u00e9e de lecture estim\u00e9e":"4 minutes"},"schema":{"@context":"https:\/\/schema.org","@graph":[{"@type":"WebSite","@id":"https:\/\/www.masharif.com\/fr\/#website","url":"https:\/\/www.masharif.com\/fr\/","name":"Culminances","description":"","potentialAction":[{"@type":"SearchAction","target":{"@type":"EntryPoint","urlTemplate":"https:\/\/www.masharif.com\/fr\/?s={search_term_string}"},"query-input":"required name=search_term_string"}],"inLanguage":"fr-FR"},{"@type":"ImageObject","inLanguage":"fr-FR","@id":"https:\/\/www.masharif.com\/fr\/2018\/01\/25\/mes-souvenirs-avec-le-grand-historien-de-la-litterature-tunisienne-aboulkacem-mohamed-kirrou-3\/#primaryimage","url":"http:\/\/www.masharif.com\/fr\/wp-content\/uploads\/2018\/01\/hqdefault.jpg","contentUrl":"http:\/\/www.masharif.com\/fr\/wp-content\/uploads\/2018\/01\/hqdefault.jpg","width":2400,"height":1800},{"@type":"WebPage","@id":"https:\/\/www.masharif.com\/fr\/2018\/01\/25\/mes-souvenirs-avec-le-grand-historien-de-la-litterature-tunisienne-aboulkacem-mohamed-kirrou-3\/","url":"https:\/\/www.masharif.com\/fr\/2018\/01\/25\/mes-souvenirs-avec-le-grand-historien-de-la-litterature-tunisienne-aboulkacem-mohamed-kirrou-3\/","name":"Mes souvenirs avec le grand historien de la litt\u00e9rature tunisienne Aboulkacem Mohamed Kirrou (3) - Culminances","isPartOf":{"@id":"https:\/\/www.masharif.com\/fr\/#website"},"primaryImageOfPage":{"@id":"https:\/\/www.masharif.com\/fr\/2018\/01\/25\/mes-souvenirs-avec-le-grand-historien-de-la-litterature-tunisienne-aboulkacem-mohamed-kirrou-3\/#primaryimage"},"datePublished":"2018-01-25T13:25:57+00:00","dateModified":"2018-01-25T17:58:08+00:00","author":{"@id":"https:\/\/www.masharif.com\/fr\/#\/schema\/person\/839a7026efe9fa825134097c1041e4a0"},"breadcrumb":{"@id":"https:\/\/www.masharif.com\/fr\/2018\/01\/25\/mes-souvenirs-avec-le-grand-historien-de-la-litterature-tunisienne-aboulkacem-mohamed-kirrou-3\/#breadcrumb"},"inLanguage":"fr-FR","potentialAction":[{"@type":"ReadAction","target":["https:\/\/www.masharif.com\/fr\/2018\/01\/25\/mes-souvenirs-avec-le-grand-historien-de-la-litterature-tunisienne-aboulkacem-mohamed-kirrou-3\/"]}]},{"@type":"BreadcrumbList","@id":"https:\/\/www.masharif.com\/fr\/2018\/01\/25\/mes-souvenirs-avec-le-grand-historien-de-la-litterature-tunisienne-aboulkacem-mohamed-kirrou-3\/#breadcrumb","itemListElement":[{"@type":"ListItem","position":1,"name":"Home","item":"https:\/\/www.masharif.com\/fr\/"},{"@type":"ListItem","position":2,"name":"Mes souvenirs avec le grand historien de la litt\u00e9rature tunisienne Aboulkacem Mohamed Kirrou (3)"}]},{"@type":"Person","@id":"https:\/\/www.masharif.com\/fr\/#\/schema\/person\/839a7026efe9fa825134097c1041e4a0","name":"Mohamed Salah Ben Amor","image":{"@type":"ImageObject","inLanguage":"fr-FR","@id":"https:\/\/www.masharif.com\/fr\/#\/schema\/person\/image\/","url":"http:\/\/0.gravatar.com\/avatar\/f64806401ad5ed604ffec2272b19ef46?s=96&d=identicon&r=g","contentUrl":"http:\/\/0.gravatar.com\/avatar\/f64806401ad5ed604ffec2272b19ef46?s=96&d=identicon&r=g","caption":"Mohamed Salah Ben Amor"},"sameAs":["http:\/\/ben-amor.info"],"url":"http:\/\/www.masharif.com\/fr\/author\/msba\/"}]}},"_links":{"self":[{"href":"http:\/\/www.masharif.com\/fr\/wp-json\/wp\/v2\/posts\/6763"}],"collection":[{"href":"http:\/\/www.masharif.com\/fr\/wp-json\/wp\/v2\/posts"}],"about":[{"href":"http:\/\/www.masharif.com\/fr\/wp-json\/wp\/v2\/types\/post"}],"author":[{"embeddable":true,"href":"http:\/\/www.masharif.com\/fr\/wp-json\/wp\/v2\/users\/2"}],"replies":[{"embeddable":true,"href":"http:\/\/www.masharif.com\/fr\/wp-json\/wp\/v2\/comments?post=6763"}],"version-history":[{"count":3,"href":"http:\/\/www.masharif.com\/fr\/wp-json\/wp\/v2\/posts\/6763\/revisions"}],"predecessor-version":[{"id":6772,"href":"http:\/\/www.masharif.com\/fr\/wp-json\/wp\/v2\/posts\/6763\/revisions\/6772"}],"wp:featuredmedia":[{"embeddable":true,"href":"http:\/\/www.masharif.com\/fr\/wp-json\/wp\/v2\/media\/6742"}],"wp:attachment":[{"href":"http:\/\/www.masharif.com\/fr\/wp-json\/wp\/v2\/media?parent=6763"}],"wp:term":[{"taxonomy":"category","embeddable":true,"href":"http:\/\/www.masharif.com\/fr\/wp-json\/wp\/v2\/categories?post=6763"},{"taxonomy":"post_tag","embeddable":true,"href":"http:\/\/www.masharif.com\/fr\/wp-json\/wp\/v2\/tags?post=6763"}],"curies":[{"name":"wp","href":"https:\/\/api.w.org\/{rel}","templated":true}]}}