{"id":6674,"date":"2018-01-15T08:27:54","date_gmt":"2018-01-15T07:27:54","guid":{"rendered":"http:\/\/www.masharif.com\/fr\/?p=6674"},"modified":"2018-01-15T08:40:13","modified_gmt":"2018-01-15T07:40:13","slug":"le-colloque-dichraq-editions-et-de-culminances-sur-le-poete-feu-abdallah-malek-gasmi-par-les-images","status":"publish","type":"post","link":"http:\/\/www.masharif.com\/fr\/2018\/01\/15\/le-colloque-dichraq-editions-et-de-culminances-sur-le-poete-feu-abdallah-malek-gasmi-par-les-images\/","title":{"rendered":"Le colloque d\u2019Ichraq \u00e9ditions et de \u00ab Culminances \u00bb sur le po\u00e8te feu Abdallah Malek Gasmi par les images"},"content":{"rendered":"<p><a href=\"http:\/\/www.masharif.com\/fr\/wp-content\/uploads\/2018\/01\/\u0642\u0627\u0633\u0645\u064a-280x330.jpg\"><img loading=\"lazy\" class=\"alignnone size-medium wp-image-6659\" src=\"http:\/\/www.masharif.com\/fr\/wp-content\/uploads\/2018\/01\/\u0642\u0627\u0633\u0645\u064a-280x330-255x300.jpg\" alt=\"\" width=\"255\" height=\"300\" srcset=\"http:\/\/www.masharif.com\/fr\/wp-content\/uploads\/2018\/01\/\u0642\u0627\u0633\u0645\u064a-280x330-255x300.jpg 255w, http:\/\/www.masharif.com\/fr\/wp-content\/uploads\/2018\/01\/\u0642\u0627\u0633\u0645\u064a-280x330-768x905.jpg 768w, http:\/\/www.masharif.com\/fr\/wp-content\/uploads\/2018\/01\/\u0642\u0627\u0633\u0645\u064a-280x330-869x1024.jpg 869w, http:\/\/www.masharif.com\/fr\/wp-content\/uploads\/2018\/01\/\u0642\u0627\u0633\u0645\u064a-280x330.jpg 1680w\" sizes=\"(max-width: 255px) 100vw, 255px\" \/><\/a><\/p>\n<p>Abdallah Malek Gasmi<\/p>\n<p>Abdallah Malek Gasmi est n\u00e9 \u00e0 Tunis le 23 Octobre 1950 et d\u00e9c\u00e9d\u00e9 le 15 d\u00e9cembre 2014 Il a fait ses \u00e9tudes aux lyc\u00e9es secondaires du Kef, de Maktar et de Khaznadar (Tunisie). Il a \u00e9t\u00e9 fonctionnaire au minist\u00e8re de l\u2019agriculture puis au minist\u00e8re de l\u2019int\u00e9rieur ensuite au minist\u00e8re de la culture. Il a supervis\u00e9 depuis 1984 et sans interruption la page litt\u00e9raire du journal al Akhbar (Les informations).Il \u00e9crivait aussi des r\u00e9flexions litt\u00e9raires et des essais critiques auxquels il a consacr\u00e9 \u00e0 chacun un ouvrage. Sa po\u00e9sie comporte des \u00e9l\u00e9ments constants dont aucun de ses po\u00e8mes ou presque n\u2019est d\u00e9pourvu et dont trois sont les plus saillants : le premier est que son inspiration prend sa source dans une structure psycho-mentale dont les composantes sont : une m\u00e9lancolie permanente et profonde, une incertitude existentielle et une sensation de solitude et d\u2019\u00e9loignement. Et le facteur originel qui a engendr\u00e9 cette structure est, \u00e0 ce qu\u2019il para\u00eet, inn\u00e9, puis il s\u2019y est ajout\u00e9 un facteur externe fortuit qui \u00e9tait pour lui une rude \u00e9preuve dans laquelle le destin l\u2019a plong\u00e9 : l\u2019une de ses filles, atteinte d\u00e8s sa naissance d\u2019une maladie incurable, a pass\u00e9 plusieurs ann\u00e9es \u00e0 en souffrir avant d\u2019y succomber l\u2019ann\u00e9e o\u00f9 elle a acc\u00e9d\u00e9 \u00e0 l\u2019universit\u00e9. Le troisi\u00e8me facteur, enfin, est son style qui puise son inspiration dans les champs lexicaux de la nature et de l\u2019humain en premier lieu, tout en accumulant les connotations et en brodant l\u2019\u00e9nonc\u00e9 po\u00e9tique d\u2019\u00e9carts vivants de toutes sortes .Et il en r\u00e9sulte l\u2019\u00e9tablissement dans l\u2019espace du po\u00e8me d\u2019une atmosph\u00e8re clair-obscur extr\u00eamement suggestive , de fa\u00e7on \u00e0 ce que le po\u00e8me se lit verticalement \u00e0 partir de ses champs lexicaux et s\u00e9mantiques et non horizontalement du titre jusqu\u2019\u00e0 l\u2019ultime vers en tant que discours \u00e0 structure arborescente .<br \/>\nSes recueils de po\u00e8mes:Langage des branches diff\u00e9rentes, (recueil po\u00e9tique en collaboration) Ikhla, Tunis, 1983 &#8211; \u00c9critures sur le mur de la nuit, Ikhla \u00e9ditions, Tunis 1983-Ce cadavre est \u00e0 moi, Maison Tunisienne d\u2019\u00e9dition, Tunis, 1992 -Contes de l\u2019homme brumeux, Librairie M\u00e9diterran\u00e9enne, Tazarka (gouvernorat de Nabeul) Tunis, 1999 &#8211; Po\u00e8mes de la derni\u00e8re pluie, Sahar Editions, Tunis, 2006.<\/p>\n<div id=\"attachment_6676\" style=\"width: 310px\" class=\"wp-caption alignnone\"><a href=\"http:\/\/www.masharif.com\/fr\/wp-content\/uploads\/2018\/01\/26229788_10211284022679583_1093614387271600992_n.jpg\"><img aria-describedby=\"caption-attachment-6676\" loading=\"lazy\" class=\"wp-image-6676 size-medium\" src=\"http:\/\/www.masharif.com\/fr\/wp-content\/uploads\/2018\/01\/26229788_10211284022679583_1093614387271600992_n-300x225.jpg\" alt=\"\" width=\"300\" height=\"225\" srcset=\"http:\/\/www.masharif.com\/fr\/wp-content\/uploads\/2018\/01\/26229788_10211284022679583_1093614387271600992_n-300x225.jpg 300w, http:\/\/www.masharif.com\/fr\/wp-content\/uploads\/2018\/01\/26229788_10211284022679583_1093614387271600992_n-768x576.jpg 768w, http:\/\/www.masharif.com\/fr\/wp-content\/uploads\/2018\/01\/26229788_10211284022679583_1093614387271600992_n.jpg 960w\" sizes=\"(max-width: 300px) 100vw, 300px\" \/><\/a><p id=\"caption-attachment-6676\" class=\"wp-caption-text\">l&#8217;H\u00f4tel Belv\u00e9d\u00e8re-Tunis s&#8217;embellit \u00e0 l&#8217;occasion du colloque sur feu Abdallah Malek Gasmi<\/p><\/div>\n<p>&nbsp;<\/p>\n<div id=\"attachment_6677\" style=\"width: 310px\" class=\"wp-caption alignnone\"><a href=\"http:\/\/www.masharif.com\/fr\/wp-content\/uploads\/2018\/01\/26814553_10211287460285521_8467073656475042323_n.jpg\"><img aria-describedby=\"caption-attachment-6677\" loading=\"lazy\" class=\"wp-image-6677 size-medium\" src=\"http:\/\/www.masharif.com\/fr\/wp-content\/uploads\/2018\/01\/26814553_10211287460285521_8467073656475042323_n-300x169.jpg\" alt=\"\" width=\"300\" height=\"169\" srcset=\"http:\/\/www.masharif.com\/fr\/wp-content\/uploads\/2018\/01\/26814553_10211287460285521_8467073656475042323_n-300x169.jpg 300w, http:\/\/www.masharif.com\/fr\/wp-content\/uploads\/2018\/01\/26814553_10211287460285521_8467073656475042323_n-768x432.jpg 768w, http:\/\/www.masharif.com\/fr\/wp-content\/uploads\/2018\/01\/26814553_10211287460285521_8467073656475042323_n.jpg 960w\" sizes=\"(max-width: 300px) 100vw, 300px\" \/><\/a><p id=\"caption-attachment-6677\" class=\"wp-caption-text\">Avant le d\u00e9marrage des travaux du colloque,le public fait son entr\u00e9e dans la salle<\/p><\/div>\n<div id=\"attachment_6675\" style=\"width: 310px\" class=\"wp-caption alignnone\"><a href=\"http:\/\/www.masharif.com\/fr\/wp-content\/uploads\/2018\/01\/20180113_144712.jpg\"><img aria-describedby=\"caption-attachment-6675\" loading=\"lazy\" class=\"wp-image-6675 size-medium\" src=\"http:\/\/www.masharif.com\/fr\/wp-content\/uploads\/2018\/01\/20180113_144712-300x169.jpg\" alt=\"\" width=\"300\" height=\"169\" srcset=\"http:\/\/www.masharif.com\/fr\/wp-content\/uploads\/2018\/01\/20180113_144712-300x169.jpg 300w, http:\/\/www.masharif.com\/fr\/wp-content\/uploads\/2018\/01\/20180113_144712.jpg 640w\" sizes=\"(max-width: 300px) 100vw, 300px\" \/><\/a><p id=\"caption-attachment-6675\" class=\"wp-caption-text\">La directrice d&#8217;Ichraq \u00e9ditions Mme Olfa ben Amor prononce le mot de bienvenue et d&#8217;ouverture (H\u00f4tel Belv\u00e9d\u00e8re -Tunis le 13\/1\/2018 \u00e0 14h30)<\/p><\/div>\n<div id=\"attachment_6678\" style=\"width: 310px\" class=\"wp-caption alignnone\"><a href=\"http:\/\/www.masharif.com\/fr\/wp-content\/uploads\/2018\/01\/26686023_10211282392358826_7782161904164955416_o.jpg\"><img aria-describedby=\"caption-attachment-6678\" loading=\"lazy\" class=\"wp-image-6678 size-medium\" src=\"http:\/\/www.masharif.com\/fr\/wp-content\/uploads\/2018\/01\/26686023_10211282392358826_7782161904164955416_o-300x169.jpg\" alt=\"\" width=\"300\" height=\"169\" srcset=\"http:\/\/www.masharif.com\/fr\/wp-content\/uploads\/2018\/01\/26686023_10211282392358826_7782161904164955416_o-300x169.jpg 300w, http:\/\/www.masharif.com\/fr\/wp-content\/uploads\/2018\/01\/26686023_10211282392358826_7782161904164955416_o-768x432.jpg 768w, http:\/\/www.masharif.com\/fr\/wp-content\/uploads\/2018\/01\/26686023_10211282392358826_7782161904164955416_o-1024x576.jpg 1024w, http:\/\/www.masharif.com\/fr\/wp-content\/uploads\/2018\/01\/26686023_10211282392358826_7782161904164955416_o.jpg 2048w\" sizes=\"(max-width: 300px) 100vw, 300px\" \/><\/a><p id=\"caption-attachment-6678\" class=\"wp-caption-text\">Avant le d\u00e9marrage des travaux du colloque sur le po\u00e8te feu Abdallah Malek Gasmi et dans l\u2019attente que les deux premiers conf\u00e9renciers rejoignent la tribune<\/p><\/div>\n<div id=\"attachment_6679\" style=\"width: 310px\" class=\"wp-caption alignnone\"><a href=\"http:\/\/www.masharif.com\/fr\/wp-content\/uploads\/2018\/01\/26229552_10211278426179674_913021408967695001_n.jpg\"><img aria-describedby=\"caption-attachment-6679\" loading=\"lazy\" class=\"wp-image-6679 size-medium\" src=\"http:\/\/www.masharif.com\/fr\/wp-content\/uploads\/2018\/01\/26229552_10211278426179674_913021408967695001_n-300x169.jpg\" alt=\"\" width=\"300\" height=\"169\" srcset=\"http:\/\/www.masharif.com\/fr\/wp-content\/uploads\/2018\/01\/26229552_10211278426179674_913021408967695001_n-300x169.jpg 300w, http:\/\/www.masharif.com\/fr\/wp-content\/uploads\/2018\/01\/26229552_10211278426179674_913021408967695001_n-768x432.jpg 768w, http:\/\/www.masharif.com\/fr\/wp-content\/uploads\/2018\/01\/26229552_10211278426179674_913021408967695001_n.jpg 960w\" sizes=\"(max-width: 300px) 100vw, 300px\" \/><\/a><p id=\"caption-attachment-6679\" class=\"wp-caption-text\">La po\u00e8te Najette Oueghi d\u00e9clame un choix de po\u00e8mes de feu Abdallah Malek Gasmi qu&#8217;elle a traduits en fran\u00e7ais<\/p><\/div>\n<div id=\"attachment_6681\" style=\"width: 310px\" class=\"wp-caption alignnone\"><a href=\"http:\/\/www.masharif.com\/fr\/wp-content\/uploads\/2018\/01\/26734024_10211278493581359_947296250089665196_n.jpg\"><img aria-describedby=\"caption-attachment-6681\" loading=\"lazy\" class=\"wp-image-6681 size-medium\" src=\"http:\/\/www.masharif.com\/fr\/wp-content\/uploads\/2018\/01\/26734024_10211278493581359_947296250089665196_n-300x169.jpg\" alt=\"\" width=\"300\" height=\"169\" srcset=\"http:\/\/www.masharif.com\/fr\/wp-content\/uploads\/2018\/01\/26734024_10211278493581359_947296250089665196_n-300x169.jpg 300w, http:\/\/www.masharif.com\/fr\/wp-content\/uploads\/2018\/01\/26734024_10211278493581359_947296250089665196_n-768x432.jpg 768w, http:\/\/www.masharif.com\/fr\/wp-content\/uploads\/2018\/01\/26734024_10211278493581359_947296250089665196_n.jpg 960w\" sizes=\"(max-width: 300px) 100vw, 300px\" \/><\/a><p id=\"caption-attachment-6681\" class=\"wp-caption-text\">Les interventions des deux critiques Othman Ben Taleb et Manoubia Ben Ghedahem<\/p><\/div>\n<div id=\"attachment_6682\" style=\"width: 310px\" class=\"wp-caption alignnone\"><a href=\"http:\/\/www.masharif.com\/fr\/wp-content\/uploads\/2018\/01\/26231250_10211278515101897_550384901259739886_n.jpg\"><img aria-describedby=\"caption-attachment-6682\" loading=\"lazy\" class=\"wp-image-6682 size-medium\" src=\"http:\/\/www.masharif.com\/fr\/wp-content\/uploads\/2018\/01\/26231250_10211278515101897_550384901259739886_n-300x169.jpg\" alt=\"\" width=\"300\" height=\"169\" srcset=\"http:\/\/www.masharif.com\/fr\/wp-content\/uploads\/2018\/01\/26231250_10211278515101897_550384901259739886_n-300x169.jpg 300w, http:\/\/www.masharif.com\/fr\/wp-content\/uploads\/2018\/01\/26231250_10211278515101897_550384901259739886_n-768x432.jpg 768w, http:\/\/www.masharif.com\/fr\/wp-content\/uploads\/2018\/01\/26231250_10211278515101897_550384901259739886_n.jpg 960w\" sizes=\"(max-width: 300px) 100vw, 300px\" \/><\/a><p id=\"caption-attachment-6682\" class=\"wp-caption-text\">Les interventions des deux critiques Amor Hfaiedh et Mustapha Kilani sous la pr\u00e9sidence du critique Othman Ben Taleb<\/p><\/div>\n<div id=\"attachment_6683\" style=\"width: 310px\" class=\"wp-caption alignnone\"><a href=\"http:\/\/www.masharif.com\/fr\/wp-content\/uploads\/2018\/01\/26239759_10211278601464056_9180361116086914923_n.jpg\"><img aria-describedby=\"caption-attachment-6683\" loading=\"lazy\" class=\"wp-image-6683 size-medium\" src=\"http:\/\/www.masharif.com\/fr\/wp-content\/uploads\/2018\/01\/26239759_10211278601464056_9180361116086914923_n-300x169.jpg\" alt=\"\" width=\"300\" height=\"169\" srcset=\"http:\/\/www.masharif.com\/fr\/wp-content\/uploads\/2018\/01\/26239759_10211278601464056_9180361116086914923_n-300x169.jpg 300w, http:\/\/www.masharif.com\/fr\/wp-content\/uploads\/2018\/01\/26239759_10211278601464056_9180361116086914923_n-768x432.jpg 768w, http:\/\/www.masharif.com\/fr\/wp-content\/uploads\/2018\/01\/26239759_10211278601464056_9180361116086914923_n.jpg 960w\" sizes=\"(max-width: 300px) 100vw, 300px\" \/><\/a><p id=\"caption-attachment-6683\" class=\"wp-caption-text\">Mme Rim Gasmi la fille du po\u00e8te feu Abdallah Malek Gasmi<\/p><\/div>\n<div id=\"attachment_6684\" style=\"width: 310px\" class=\"wp-caption alignnone\"><a href=\"http:\/\/www.masharif.com\/fr\/wp-content\/uploads\/2018\/01\/26758173_10211283464265623_9215802307245977967_o.jpg\"><img aria-describedby=\"caption-attachment-6684\" loading=\"lazy\" class=\"wp-image-6684 size-medium\" src=\"http:\/\/www.masharif.com\/fr\/wp-content\/uploads\/2018\/01\/26758173_10211283464265623_9215802307245977967_o-300x200.jpg\" alt=\"\" width=\"300\" height=\"200\" srcset=\"http:\/\/www.masharif.com\/fr\/wp-content\/uploads\/2018\/01\/26758173_10211283464265623_9215802307245977967_o-300x200.jpg 300w, http:\/\/www.masharif.com\/fr\/wp-content\/uploads\/2018\/01\/26758173_10211283464265623_9215802307245977967_o-768x512.jpg 768w, http:\/\/www.masharif.com\/fr\/wp-content\/uploads\/2018\/01\/26758173_10211283464265623_9215802307245977967_o-1024x683.jpg 1024w, http:\/\/www.masharif.com\/fr\/wp-content\/uploads\/2018\/01\/26758173_10211283464265623_9215802307245977967_o.jpg 1812w\" sizes=\"(max-width: 300px) 100vw, 300px\" \/><\/a><p id=\"caption-attachment-6684\" class=\"wp-caption-text\">Le chercheur et critique Mohamed El May \u00e9tait divis\u00e9 entre deux activit\u00e9s : la pr\u00e9sentation d\u2019une intervention sur le po\u00e8te feu Abdallah Malek Gasmi et la couverture du colloque dans sa revue \u00ab Al-Waqaii \u00bb(Les \u00c9v\u00e8nements ). Gr\u00e2ce \u00e0 sa vivacit\u00e9 il s\u2019en est tir\u00e9 merveilleusement !<\/p><\/div>\n<div id=\"attachment_6685\" style=\"width: 310px\" class=\"wp-caption alignnone\"><a href=\"http:\/\/www.masharif.com\/fr\/wp-content\/uploads\/2018\/01\/26231660_10211285564358124_1691836933605722001_n.jpg\"><img aria-describedby=\"caption-attachment-6685\" loading=\"lazy\" class=\"wp-image-6685 size-medium\" src=\"http:\/\/www.masharif.com\/fr\/wp-content\/uploads\/2018\/01\/26231660_10211285564358124_1691836933605722001_n-300x200.jpg\" alt=\"\" width=\"300\" height=\"200\" srcset=\"http:\/\/www.masharif.com\/fr\/wp-content\/uploads\/2018\/01\/26231660_10211285564358124_1691836933605722001_n-300x200.jpg 300w, http:\/\/www.masharif.com\/fr\/wp-content\/uploads\/2018\/01\/26231660_10211285564358124_1691836933605722001_n-768x512.jpg 768w, http:\/\/www.masharif.com\/fr\/wp-content\/uploads\/2018\/01\/26231660_10211285564358124_1691836933605722001_n.jpg 960w\" sizes=\"(max-width: 300px) 100vw, 300px\" \/><\/a><p id=\"caption-attachment-6685\" class=\"wp-caption-text\">Le critique Mustapha Kilani analyse les dimensions philosophiques de la po\u00e9sie de feu Abdallah Malek Gasmi<\/p><\/div>\n<p>&nbsp;<\/p>\n<p>Le public qui nous a honor\u00e9 de sa pr\u00e9sence \u00e9tait, pour la plupart, compos\u00e9 d&#8217;experts,de directeurs ,des \u00e9tudiants dans de hautes \u00e9coles et de hauts fonctionnaires dans le secteur priv\u00e9.Ce qui a permis \u00e0 la litt\u00e9rature d&#8217;atteindre des espaces plus vastes.Qu&#8217;ils soient tous remerci\u00e9s !<\/p>\n<p>&nbsp;<\/p>\n<p><a href=\"http:\/\/www.masharif.com\/fr\/wp-content\/uploads\/2018\/01\/26229903_10211280862400578_8994014096895072520_n.jpg\"><img loading=\"lazy\" class=\"alignnone size-medium wp-image-6686\" src=\"http:\/\/www.masharif.com\/fr\/wp-content\/uploads\/2018\/01\/26229903_10211280862400578_8994014096895072520_n-300x169.jpg\" alt=\"\" width=\"300\" height=\"169\" srcset=\"http:\/\/www.masharif.com\/fr\/wp-content\/uploads\/2018\/01\/26229903_10211280862400578_8994014096895072520_n-300x169.jpg 300w, http:\/\/www.masharif.com\/fr\/wp-content\/uploads\/2018\/01\/26229903_10211280862400578_8994014096895072520_n-768x432.jpg 768w, http:\/\/www.masharif.com\/fr\/wp-content\/uploads\/2018\/01\/26229903_10211280862400578_8994014096895072520_n.jpg 960w\" sizes=\"(max-width: 300px) 100vw, 300px\" \/><\/a> <a href=\"http:\/\/www.masharif.com\/fr\/wp-content\/uploads\/2018\/01\/26230572_10211278417859466_8270967615473308813_n.jpg\"><img loading=\"lazy\" class=\"alignnone size-medium wp-image-6688\" src=\"http:\/\/www.masharif.com\/fr\/wp-content\/uploads\/2018\/01\/26230572_10211278417859466_8270967615473308813_n-300x169.jpg\" alt=\"\" width=\"300\" height=\"169\" srcset=\"http:\/\/www.masharif.com\/fr\/wp-content\/uploads\/2018\/01\/26230572_10211278417859466_8270967615473308813_n-300x169.jpg 300w, http:\/\/www.masharif.com\/fr\/wp-content\/uploads\/2018\/01\/26230572_10211278417859466_8270967615473308813_n-768x432.jpg 768w, http:\/\/www.masharif.com\/fr\/wp-content\/uploads\/2018\/01\/26230572_10211278417859466_8270967615473308813_n.jpg 960w\" sizes=\"(max-width: 300px) 100vw, 300px\" \/><\/a><a href=\"http:\/\/www.masharif.com\/fr\/wp-content\/uploads\/2018\/01\/26239927_10211278403659111_1236875101208189457_n-1.jpg\"><img loading=\"lazy\" class=\"alignnone size-medium wp-image-6690\" src=\"http:\/\/www.masharif.com\/fr\/wp-content\/uploads\/2018\/01\/26239927_10211278403659111_1236875101208189457_n-1-300x169.jpg\" alt=\"\" width=\"300\" height=\"169\" srcset=\"http:\/\/www.masharif.com\/fr\/wp-content\/uploads\/2018\/01\/26239927_10211278403659111_1236875101208189457_n-1-300x169.jpg 300w, http:\/\/www.masharif.com\/fr\/wp-content\/uploads\/2018\/01\/26239927_10211278403659111_1236875101208189457_n-1-768x432.jpg 768w, http:\/\/www.masharif.com\/fr\/wp-content\/uploads\/2018\/01\/26239927_10211278403659111_1236875101208189457_n-1.jpg 960w\" sizes=\"(max-width: 300px) 100vw, 300px\" \/><\/a><a href=\"http:\/\/www.masharif.com\/fr\/wp-content\/uploads\/2018\/01\/26677808_10211284351607806_6065222309656198826_o.jpg\"><img loading=\"lazy\" class=\"alignnone size-medium wp-image-6691\" src=\"http:\/\/www.masharif.com\/fr\/wp-content\/uploads\/2018\/01\/26677808_10211284351607806_6065222309656198826_o-300x200.jpg\" alt=\"\" width=\"300\" height=\"200\" srcset=\"http:\/\/www.masharif.com\/fr\/wp-content\/uploads\/2018\/01\/26677808_10211284351607806_6065222309656198826_o-300x200.jpg 300w, http:\/\/www.masharif.com\/fr\/wp-content\/uploads\/2018\/01\/26677808_10211284351607806_6065222309656198826_o-768x512.jpg 768w, http:\/\/www.masharif.com\/fr\/wp-content\/uploads\/2018\/01\/26677808_10211284351607806_6065222309656198826_o-1024x683.jpg 1024w, http:\/\/www.masharif.com\/fr\/wp-content\/uploads\/2018\/01\/26677808_10211284351607806_6065222309656198826_o.jpg 1812w\" sizes=\"(max-width: 300px) 100vw, 300px\" \/><\/a><a href=\"http:\/\/www.masharif.com\/fr\/wp-content\/uploads\/2018\/01\/26910207_10211284356047917_990288030303352799_o.jpg\"><img loading=\"lazy\" class=\"alignnone size-medium wp-image-6693\" src=\"http:\/\/www.masharif.com\/fr\/wp-content\/uploads\/2018\/01\/26910207_10211284356047917_990288030303352799_o-300x200.jpg\" alt=\"\" width=\"300\" height=\"200\" srcset=\"http:\/\/www.masharif.com\/fr\/wp-content\/uploads\/2018\/01\/26910207_10211284356047917_990288030303352799_o-300x200.jpg 300w, http:\/\/www.masharif.com\/fr\/wp-content\/uploads\/2018\/01\/26910207_10211284356047917_990288030303352799_o-768x512.jpg 768w, http:\/\/www.masharif.com\/fr\/wp-content\/uploads\/2018\/01\/26910207_10211284356047917_990288030303352799_o-1024x683.jpg 1024w, http:\/\/www.masharif.com\/fr\/wp-content\/uploads\/2018\/01\/26910207_10211284356047917_990288030303352799_o.jpg 1812w\" sizes=\"(max-width: 300px) 100vw, 300px\" \/><\/a><a href=\"http:\/\/www.masharif.com\/fr\/wp-content\/uploads\/2018\/01\/26239927_10211278403659111_1236875101208189457_n-2.jpg\"><img loading=\"lazy\" class=\"alignnone size-medium wp-image-6694\" src=\"http:\/\/www.masharif.com\/fr\/wp-content\/uploads\/2018\/01\/26239927_10211278403659111_1236875101208189457_n-2-300x169.jpg\" alt=\"\" width=\"300\" height=\"169\" srcset=\"http:\/\/www.masharif.com\/fr\/wp-content\/uploads\/2018\/01\/26239927_10211278403659111_1236875101208189457_n-2-300x169.jpg 300w, http:\/\/www.masharif.com\/fr\/wp-content\/uploads\/2018\/01\/26239927_10211278403659111_1236875101208189457_n-2-768x432.jpg 768w, http:\/\/www.masharif.com\/fr\/wp-content\/uploads\/2018\/01\/26239927_10211278403659111_1236875101208189457_n-2.jpg 960w\" sizes=\"(max-width: 300px) 100vw, 300px\" \/><\/a><\/p>\n<p>Des figures culturelles connues:<\/p>\n<div id=\"attachment_6692\" style=\"width: 175px\" class=\"wp-caption alignnone\"><a href=\"http:\/\/www.masharif.com\/fr\/wp-content\/uploads\/2018\/01\/26731515_10211280873720861_3829543837170480602_n.jpg\"><img aria-describedby=\"caption-attachment-6692\" loading=\"lazy\" class=\"wp-image-6692 size-medium\" src=\"http:\/\/www.masharif.com\/fr\/wp-content\/uploads\/2018\/01\/26731515_10211280873720861_3829543837170480602_n-165x300.jpg\" alt=\"\" width=\"165\" height=\"300\" srcset=\"http:\/\/www.masharif.com\/fr\/wp-content\/uploads\/2018\/01\/26731515_10211280873720861_3829543837170480602_n-165x300.jpg 165w, http:\/\/www.masharif.com\/fr\/wp-content\/uploads\/2018\/01\/26731515_10211280873720861_3829543837170480602_n.jpg 528w\" sizes=\"(max-width: 165px) 100vw, 165px\" \/><\/a><p id=\"caption-attachment-6692\" class=\"wp-caption-text\">La professeure Habiba Ben Amor<\/p><\/div>\n<div id=\"attachment_6695\" style=\"width: 310px\" class=\"wp-caption alignnone\"><a href=\"http:\/\/www.masharif.com\/fr\/wp-content\/uploads\/2018\/01\/26238911_10211278786828690_1105108836587824508_n.jpg\"><img aria-describedby=\"caption-attachment-6695\" loading=\"lazy\" class=\"wp-image-6695 size-medium\" src=\"http:\/\/www.masharif.com\/fr\/wp-content\/uploads\/2018\/01\/26238911_10211278786828690_1105108836587824508_n-300x169.jpg\" alt=\"\" width=\"300\" height=\"169\" srcset=\"http:\/\/www.masharif.com\/fr\/wp-content\/uploads\/2018\/01\/26238911_10211278786828690_1105108836587824508_n-300x169.jpg 300w, http:\/\/www.masharif.com\/fr\/wp-content\/uploads\/2018\/01\/26238911_10211278786828690_1105108836587824508_n-768x432.jpg 768w, http:\/\/www.masharif.com\/fr\/wp-content\/uploads\/2018\/01\/26238911_10211278786828690_1105108836587824508_n.jpg 960w\" sizes=\"(max-width: 300px) 100vw, 300px\" \/><\/a><p id=\"caption-attachment-6695\" class=\"wp-caption-text\">Le po\u00e8te Khaled Derwich<\/p><\/div>\n<div id=\"attachment_6696\" style=\"width: 175px\" class=\"wp-caption alignnone\"><a href=\"http:\/\/www.masharif.com\/fr\/wp-content\/uploads\/2018\/01\/26731229_10211278714266876_7103303835349439996_n.jpg\"><img aria-describedby=\"caption-attachment-6696\" loading=\"lazy\" class=\"wp-image-6696 size-medium\" src=\"http:\/\/www.masharif.com\/fr\/wp-content\/uploads\/2018\/01\/26731229_10211278714266876_7103303835349439996_n-165x300.jpg\" alt=\"\" width=\"165\" height=\"300\" srcset=\"http:\/\/www.masharif.com\/fr\/wp-content\/uploads\/2018\/01\/26731229_10211278714266876_7103303835349439996_n-165x300.jpg 165w, http:\/\/www.masharif.com\/fr\/wp-content\/uploads\/2018\/01\/26731229_10211278714266876_7103303835349439996_n.jpg 528w\" sizes=\"(max-width: 165px) 100vw, 165px\" \/><\/a><p id=\"caption-attachment-6696\" class=\"wp-caption-text\">Le chercheur Chokri Bouziri \u00e0 qui notre Grand professeur feu Taoufiq Baccar a confi\u00e9 tous ses documents<\/p><\/div>\n<div id=\"attachment_6697\" style=\"width: 310px\" class=\"wp-caption alignnone\"><a href=\"http:\/\/www.masharif.com\/fr\/wp-content\/uploads\/2018\/01\/26731735_10211278412419330_327908094076737559_n.jpg\"><img aria-describedby=\"caption-attachment-6697\" loading=\"lazy\" class=\"wp-image-6697 size-medium\" src=\"http:\/\/www.masharif.com\/fr\/wp-content\/uploads\/2018\/01\/26731735_10211278412419330_327908094076737559_n-300x169.jpg\" alt=\"\" width=\"300\" height=\"169\" srcset=\"http:\/\/www.masharif.com\/fr\/wp-content\/uploads\/2018\/01\/26731735_10211278412419330_327908094076737559_n-300x169.jpg 300w, http:\/\/www.masharif.com\/fr\/wp-content\/uploads\/2018\/01\/26731735_10211278412419330_327908094076737559_n-768x432.jpg 768w, http:\/\/www.masharif.com\/fr\/wp-content\/uploads\/2018\/01\/26731735_10211278412419330_327908094076737559_n.jpg 960w\" sizes=\"(max-width: 300px) 100vw, 300px\" \/><\/a><p id=\"caption-attachment-6697\" class=\"wp-caption-text\">Le po\u00e8te et journaliste H\u00e9di Jaballah<\/p><\/div>\n<div id=\"attachment_6699\" style=\"width: 310px\" class=\"wp-caption alignnone\"><a href=\"http:\/\/www.masharif.com\/fr\/wp-content\/uploads\/2018\/01\/26757792_10211283699991516_6252813522495791021_o.jpg\"><img aria-describedby=\"caption-attachment-6699\" loading=\"lazy\" class=\"wp-image-6699 size-medium\" src=\"http:\/\/www.masharif.com\/fr\/wp-content\/uploads\/2018\/01\/26757792_10211283699991516_6252813522495791021_o-300x200.jpg\" alt=\"\" width=\"300\" height=\"200\" srcset=\"http:\/\/www.masharif.com\/fr\/wp-content\/uploads\/2018\/01\/26757792_10211283699991516_6252813522495791021_o-300x200.jpg 300w, http:\/\/www.masharif.com\/fr\/wp-content\/uploads\/2018\/01\/26757792_10211283699991516_6252813522495791021_o-768x512.jpg 768w, http:\/\/www.masharif.com\/fr\/wp-content\/uploads\/2018\/01\/26757792_10211283699991516_6252813522495791021_o-1024x683.jpg 1024w, http:\/\/www.masharif.com\/fr\/wp-content\/uploads\/2018\/01\/26757792_10211283699991516_6252813522495791021_o.jpg 1812w\" sizes=\"(max-width: 300px) 100vw, 300px\" \/><\/a><p id=\"caption-attachment-6699\" class=\"wp-caption-text\">L\u2019\u00e9quipe des participants et des participantes au colloque sur le po\u00e8te feu Abdallah Malek Gasmi<\/p><\/div>\n<div id=\"attachment_6698\" style=\"width: 310px\" class=\"wp-caption alignnone\"><a href=\"http:\/\/www.masharif.com\/fr\/wp-content\/uploads\/2018\/01\/26678335_10211282438559981_6039186350446961838_o.jpg\"><img aria-describedby=\"caption-attachment-6698\" loading=\"lazy\" class=\"wp-image-6698 size-medium\" src=\"http:\/\/www.masharif.com\/fr\/wp-content\/uploads\/2018\/01\/26678335_10211282438559981_6039186350446961838_o-300x169.jpg\" alt=\"\" width=\"300\" height=\"169\" srcset=\"http:\/\/www.masharif.com\/fr\/wp-content\/uploads\/2018\/01\/26678335_10211282438559981_6039186350446961838_o-300x169.jpg 300w, http:\/\/www.masharif.com\/fr\/wp-content\/uploads\/2018\/01\/26678335_10211282438559981_6039186350446961838_o-768x432.jpg 768w, http:\/\/www.masharif.com\/fr\/wp-content\/uploads\/2018\/01\/26678335_10211282438559981_6039186350446961838_o-1024x576.jpg 1024w, http:\/\/www.masharif.com\/fr\/wp-content\/uploads\/2018\/01\/26678335_10211282438559981_6039186350446961838_o.jpg 2048w\" sizes=\"(max-width: 300px) 100vw, 300px\" \/><\/a><p id=\"caption-attachment-6698\" class=\"wp-caption-text\">Une autre photo de l\u2019\u00e9quipe des participants et des participantes au colloque sur le po\u00e8te feu Abdallah Malek Gasmi<\/p><\/div>\n<div id=\"attachment_6700\" style=\"width: 310px\" class=\"wp-caption alignnone\"><a href=\"http:\/\/www.masharif.com\/fr\/wp-content\/uploads\/2018\/01\/26239151_10211283875035892_3500922167474181365_n.jpg\"><img aria-describedby=\"caption-attachment-6700\" loading=\"lazy\" class=\"wp-image-6700 size-medium\" src=\"http:\/\/www.masharif.com\/fr\/wp-content\/uploads\/2018\/01\/26239151_10211283875035892_3500922167474181365_n-300x169.jpg\" alt=\"\" width=\"300\" height=\"169\" srcset=\"http:\/\/www.masharif.com\/fr\/wp-content\/uploads\/2018\/01\/26239151_10211283875035892_3500922167474181365_n-300x169.jpg 300w, http:\/\/www.masharif.com\/fr\/wp-content\/uploads\/2018\/01\/26239151_10211283875035892_3500922167474181365_n-768x432.jpg 768w, http:\/\/www.masharif.com\/fr\/wp-content\/uploads\/2018\/01\/26239151_10211283875035892_3500922167474181365_n.jpg 960w\" sizes=\"(max-width: 300px) 100vw, 300px\" \/><\/a><p id=\"caption-attachment-6700\" class=\"wp-caption-text\">A la pause-caf\u00e9 la discussion continue \u00e0 propos de la po\u00e9sie de feu Abdallah Malek Gasmi continue(ici entre Mme Olfa la directrice de la maison Ichraq \u00e9ditions et la critique Manoubia Ben Ghedahem)<\/p><\/div>\n<div id=\"attachment_6701\" style=\"width: 310px\" class=\"wp-caption alignnone\"><a href=\"http:\/\/www.masharif.com\/fr\/wp-content\/uploads\/2018\/01\/26758184_10211283393703859_1661819934394817967_o.jpg\"><img aria-describedby=\"caption-attachment-6701\" loading=\"lazy\" class=\"wp-image-6701 size-medium\" src=\"http:\/\/www.masharif.com\/fr\/wp-content\/uploads\/2018\/01\/26758184_10211283393703859_1661819934394817967_o-300x200.jpg\" alt=\"\" width=\"300\" height=\"200\" srcset=\"http:\/\/www.masharif.com\/fr\/wp-content\/uploads\/2018\/01\/26758184_10211283393703859_1661819934394817967_o-300x200.jpg 300w, http:\/\/www.masharif.com\/fr\/wp-content\/uploads\/2018\/01\/26758184_10211283393703859_1661819934394817967_o-768x512.jpg 768w, http:\/\/www.masharif.com\/fr\/wp-content\/uploads\/2018\/01\/26758184_10211283393703859_1661819934394817967_o-1024x683.jpg 1024w, http:\/\/www.masharif.com\/fr\/wp-content\/uploads\/2018\/01\/26758184_10211283393703859_1661819934394817967_o.jpg 1812w\" sizes=\"(max-width: 300px) 100vw, 300px\" \/><\/a><p id=\"caption-attachment-6701\" class=\"wp-caption-text\">Apr\u00e8s la cl\u00f4ture du colloque, le d\u00e9bat sur la po\u00e9sie de feu Abdallah Malek Gasmi ne finira jamais (avec la critique Manoubia et les po\u00e9tesses Zouhour et Najette)<\/p><\/div>\n<div id=\"attachment_6702\" style=\"width: 310px\" class=\"wp-caption alignnone\"><a href=\"http:\/\/www.masharif.com\/fr\/wp-content\/uploads\/2018\/01\/26678104_10211283417824462_1508767216544560450_o.jpg\"><img aria-describedby=\"caption-attachment-6702\" loading=\"lazy\" class=\"wp-image-6702 size-medium\" src=\"http:\/\/www.masharif.com\/fr\/wp-content\/uploads\/2018\/01\/26678104_10211283417824462_1508767216544560450_o-300x200.jpg\" alt=\"\" width=\"300\" height=\"200\" srcset=\"http:\/\/www.masharif.com\/fr\/wp-content\/uploads\/2018\/01\/26678104_10211283417824462_1508767216544560450_o-300x200.jpg 300w, http:\/\/www.masharif.com\/fr\/wp-content\/uploads\/2018\/01\/26678104_10211283417824462_1508767216544560450_o-768x512.jpg 768w, http:\/\/www.masharif.com\/fr\/wp-content\/uploads\/2018\/01\/26678104_10211283417824462_1508767216544560450_o-1024x683.jpg 1024w, http:\/\/www.masharif.com\/fr\/wp-content\/uploads\/2018\/01\/26678104_10211283417824462_1508767216544560450_o.jpg 1812w\" sizes=\"(max-width: 300px) 100vw, 300px\" \/><\/a><p id=\"caption-attachment-6702\" class=\"wp-caption-text\">Apr\u00e8s la cl\u00f4ture du colloque, le d\u00e9bat sur la po\u00e9sie de feu Abdallah Malek Gasmi ne finira jamais (avec la critique Manoubia et la po\u00e9tesse Najette)<\/p><\/div>\n<p>r<\/p>\n","protected":false},"excerpt":{"rendered":"<p>Abdallah Malek Gasmi Abdallah Malek Gasmi est n\u00e9 \u00e0 Tunis le 23 Octobre 1950 et d\u00e9c\u00e9d\u00e9 le 15 d\u00e9cembre 2014 Il a fait ses \u00e9tudes aux lyc\u00e9es secondaires du Kef, de Maktar et de Khaznadar (Tunisie). Il a \u00e9t\u00e9 fonctionnaire au minist\u00e8re de l\u2019agriculture puis au minist\u00e8re de l\u2019int\u00e9rieur ensuite au minist\u00e8re de la culture. &#8230;<\/p>\n","protected":false},"author":2,"featured_media":6698,"comment_status":"open","ping_status":"open","sticky":false,"template":"","format":"standard","meta":[],"categories":[7],"tags":[],"yoast_head":"<!-- This site is optimized with the Yoast SEO plugin v19.3 - https:\/\/yoast.com\/wordpress\/plugins\/seo\/ -->\n<title>Le colloque d\u2019Ichraq \u00e9ditions et de \u00ab Culminances \u00bb sur le po\u00e8te feu Abdallah Malek Gasmi par les images - Culminances<\/title>\n<meta name=\"robots\" content=\"index, follow, max-snippet:-1, max-image-preview:large, max-video-preview:-1\" \/>\n<link rel=\"canonical\" href=\"http:\/\/www.masharif.com\/fr\/2018\/01\/15\/le-colloque-dichraq-editions-et-de-culminances-sur-le-poete-feu-abdallah-malek-gasmi-par-les-images\/\" \/>\n<meta property=\"og:locale\" content=\"fr_FR\" \/>\n<meta property=\"og:type\" content=\"article\" \/>\n<meta property=\"og:title\" content=\"Le colloque d\u2019Ichraq \u00e9ditions et de \u00ab Culminances \u00bb sur le po\u00e8te feu Abdallah Malek Gasmi par les images - Culminances\" \/>\n<meta property=\"og:description\" content=\"Abdallah Malek Gasmi Abdallah Malek Gasmi est n\u00e9 \u00e0 Tunis le 23 Octobre 1950 et d\u00e9c\u00e9d\u00e9 le 15 d\u00e9cembre 2014 Il a fait ses \u00e9tudes aux lyc\u00e9es secondaires du Kef, de Maktar et de Khaznadar (Tunisie). Il a \u00e9t\u00e9 fonctionnaire au minist\u00e8re de l\u2019agriculture puis au minist\u00e8re de l\u2019int\u00e9rieur ensuite au minist\u00e8re de la culture. ...\" \/>\n<meta property=\"og:url\" content=\"http:\/\/www.masharif.com\/fr\/2018\/01\/15\/le-colloque-dichraq-editions-et-de-culminances-sur-le-poete-feu-abdallah-malek-gasmi-par-les-images\/\" \/>\n<meta property=\"og:site_name\" content=\"Culminances\" \/>\n<meta property=\"article:published_time\" content=\"2018-01-15T07:27:54+00:00\" \/>\n<meta property=\"article:modified_time\" content=\"2018-01-15T07:40:13+00:00\" \/>\n<meta property=\"og:image\" content=\"http:\/\/www.masharif.com\/fr\/wp-content\/uploads\/2018\/01\/26678335_10211282438559981_6039186350446961838_o.jpg\" \/>\n\t<meta property=\"og:image:width\" content=\"2048\" \/>\n\t<meta property=\"og:image:height\" content=\"1152\" \/>\n\t<meta property=\"og:image:type\" content=\"image\/jpeg\" \/>\n<meta name=\"author\" content=\"Mohamed Salah Ben Amor\" \/>\n<meta name=\"twitter:card\" content=\"summary\" \/>\n<meta name=\"twitter:label1\" content=\"\u00c9crit par\" \/>\n\t<meta name=\"twitter:data1\" content=\"Mohamed Salah Ben Amor\" \/>\n\t<meta name=\"twitter:label2\" content=\"Dur\u00e9e de lecture estim\u00e9e\" \/>\n\t<meta name=\"twitter:data2\" content=\"5 minutes\" \/>\n<script type=\"application\/ld+json\" class=\"yoast-schema-graph\">{\"@context\":\"https:\/\/schema.org\",\"@graph\":[{\"@type\":\"WebSite\",\"@id\":\"https:\/\/www.masharif.com\/fr\/#website\",\"url\":\"https:\/\/www.masharif.com\/fr\/\",\"name\":\"Culminances\",\"description\":\"\",\"potentialAction\":[{\"@type\":\"SearchAction\",\"target\":{\"@type\":\"EntryPoint\",\"urlTemplate\":\"https:\/\/www.masharif.com\/fr\/?s={search_term_string}\"},\"query-input\":\"required name=search_term_string\"}],\"inLanguage\":\"fr-FR\"},{\"@type\":\"ImageObject\",\"inLanguage\":\"fr-FR\",\"@id\":\"http:\/\/www.masharif.com\/fr\/2018\/01\/15\/le-colloque-dichraq-editions-et-de-culminances-sur-le-poete-feu-abdallah-malek-gasmi-par-les-images\/#primaryimage\",\"url\":\"http:\/\/www.masharif.com\/fr\/wp-content\/uploads\/2018\/01\/26678335_10211282438559981_6039186350446961838_o.jpg\",\"contentUrl\":\"http:\/\/www.masharif.com\/fr\/wp-content\/uploads\/2018\/01\/26678335_10211282438559981_6039186350446961838_o.jpg\",\"width\":2048,\"height\":1152},{\"@type\":\"WebPage\",\"@id\":\"http:\/\/www.masharif.com\/fr\/2018\/01\/15\/le-colloque-dichraq-editions-et-de-culminances-sur-le-poete-feu-abdallah-malek-gasmi-par-les-images\/\",\"url\":\"http:\/\/www.masharif.com\/fr\/2018\/01\/15\/le-colloque-dichraq-editions-et-de-culminances-sur-le-poete-feu-abdallah-malek-gasmi-par-les-images\/\",\"name\":\"Le colloque d\u2019Ichraq \u00e9ditions et de \u00ab Culminances \u00bb sur le po\u00e8te feu Abdallah Malek Gasmi par les images - Culminances\",\"isPartOf\":{\"@id\":\"https:\/\/www.masharif.com\/fr\/#website\"},\"primaryImageOfPage\":{\"@id\":\"http:\/\/www.masharif.com\/fr\/2018\/01\/15\/le-colloque-dichraq-editions-et-de-culminances-sur-le-poete-feu-abdallah-malek-gasmi-par-les-images\/#primaryimage\"},\"datePublished\":\"2018-01-15T07:27:54+00:00\",\"dateModified\":\"2018-01-15T07:40:13+00:00\",\"author\":{\"@id\":\"https:\/\/www.masharif.com\/fr\/#\/schema\/person\/839a7026efe9fa825134097c1041e4a0\"},\"breadcrumb\":{\"@id\":\"http:\/\/www.masharif.com\/fr\/2018\/01\/15\/le-colloque-dichraq-editions-et-de-culminances-sur-le-poete-feu-abdallah-malek-gasmi-par-les-images\/#breadcrumb\"},\"inLanguage\":\"fr-FR\",\"potentialAction\":[{\"@type\":\"ReadAction\",\"target\":[\"http:\/\/www.masharif.com\/fr\/2018\/01\/15\/le-colloque-dichraq-editions-et-de-culminances-sur-le-poete-feu-abdallah-malek-gasmi-par-les-images\/\"]}]},{\"@type\":\"BreadcrumbList\",\"@id\":\"http:\/\/www.masharif.com\/fr\/2018\/01\/15\/le-colloque-dichraq-editions-et-de-culminances-sur-le-poete-feu-abdallah-malek-gasmi-par-les-images\/#breadcrumb\",\"itemListElement\":[{\"@type\":\"ListItem\",\"position\":1,\"name\":\"Home\",\"item\":\"https:\/\/www.masharif.com\/fr\/\"},{\"@type\":\"ListItem\",\"position\":2,\"name\":\"Le colloque d\u2019Ichraq \u00e9ditions et de \u00ab Culminances \u00bb sur le po\u00e8te feu Abdallah Malek Gasmi par les images\"}]},{\"@type\":\"Person\",\"@id\":\"https:\/\/www.masharif.com\/fr\/#\/schema\/person\/839a7026efe9fa825134097c1041e4a0\",\"name\":\"Mohamed Salah Ben Amor\",\"image\":{\"@type\":\"ImageObject\",\"inLanguage\":\"fr-FR\",\"@id\":\"https:\/\/www.masharif.com\/fr\/#\/schema\/person\/image\/\",\"url\":\"http:\/\/0.gravatar.com\/avatar\/f64806401ad5ed604ffec2272b19ef46?s=96&d=identicon&r=g\",\"contentUrl\":\"http:\/\/0.gravatar.com\/avatar\/f64806401ad5ed604ffec2272b19ef46?s=96&d=identicon&r=g\",\"caption\":\"Mohamed Salah Ben Amor\"},\"sameAs\":[\"http:\/\/ben-amor.info\"],\"url\":\"http:\/\/www.masharif.com\/fr\/author\/msba\/\"}]}<\/script>\n<!-- \/ Yoast SEO plugin. -->","yoast_head_json":{"title":"Le colloque d\u2019Ichraq \u00e9ditions et de \u00ab Culminances \u00bb sur le po\u00e8te feu Abdallah Malek Gasmi par les images - Culminances","robots":{"index":"index","follow":"follow","max-snippet":"max-snippet:-1","max-image-preview":"max-image-preview:large","max-video-preview":"max-video-preview:-1"},"canonical":"http:\/\/www.masharif.com\/fr\/2018\/01\/15\/le-colloque-dichraq-editions-et-de-culminances-sur-le-poete-feu-abdallah-malek-gasmi-par-les-images\/","og_locale":"fr_FR","og_type":"article","og_title":"Le colloque d\u2019Ichraq \u00e9ditions et de \u00ab Culminances \u00bb sur le po\u00e8te feu Abdallah Malek Gasmi par les images - Culminances","og_description":"Abdallah Malek Gasmi Abdallah Malek Gasmi est n\u00e9 \u00e0 Tunis le 23 Octobre 1950 et d\u00e9c\u00e9d\u00e9 le 15 d\u00e9cembre 2014 Il a fait ses \u00e9tudes aux lyc\u00e9es secondaires du Kef, de Maktar et de Khaznadar (Tunisie). Il a \u00e9t\u00e9 fonctionnaire au minist\u00e8re de l\u2019agriculture puis au minist\u00e8re de l\u2019int\u00e9rieur ensuite au minist\u00e8re de la culture. ...","og_url":"http:\/\/www.masharif.com\/fr\/2018\/01\/15\/le-colloque-dichraq-editions-et-de-culminances-sur-le-poete-feu-abdallah-malek-gasmi-par-les-images\/","og_site_name":"Culminances","article_published_time":"2018-01-15T07:27:54+00:00","article_modified_time":"2018-01-15T07:40:13+00:00","og_image":[{"width":2048,"height":1152,"url":"http:\/\/www.masharif.com\/fr\/wp-content\/uploads\/2018\/01\/26678335_10211282438559981_6039186350446961838_o.jpg","type":"image\/jpeg"}],"author":"Mohamed Salah Ben Amor","twitter_card":"summary","twitter_misc":{"\u00c9crit par":"Mohamed Salah Ben Amor","Dur\u00e9e de lecture estim\u00e9e":"5 minutes"},"schema":{"@context":"https:\/\/schema.org","@graph":[{"@type":"WebSite","@id":"https:\/\/www.masharif.com\/fr\/#website","url":"https:\/\/www.masharif.com\/fr\/","name":"Culminances","description":"","potentialAction":[{"@type":"SearchAction","target":{"@type":"EntryPoint","urlTemplate":"https:\/\/www.masharif.com\/fr\/?s={search_term_string}"},"query-input":"required name=search_term_string"}],"inLanguage":"fr-FR"},{"@type":"ImageObject","inLanguage":"fr-FR","@id":"http:\/\/www.masharif.com\/fr\/2018\/01\/15\/le-colloque-dichraq-editions-et-de-culminances-sur-le-poete-feu-abdallah-malek-gasmi-par-les-images\/#primaryimage","url":"http:\/\/www.masharif.com\/fr\/wp-content\/uploads\/2018\/01\/26678335_10211282438559981_6039186350446961838_o.jpg","contentUrl":"http:\/\/www.masharif.com\/fr\/wp-content\/uploads\/2018\/01\/26678335_10211282438559981_6039186350446961838_o.jpg","width":2048,"height":1152},{"@type":"WebPage","@id":"http:\/\/www.masharif.com\/fr\/2018\/01\/15\/le-colloque-dichraq-editions-et-de-culminances-sur-le-poete-feu-abdallah-malek-gasmi-par-les-images\/","url":"http:\/\/www.masharif.com\/fr\/2018\/01\/15\/le-colloque-dichraq-editions-et-de-culminances-sur-le-poete-feu-abdallah-malek-gasmi-par-les-images\/","name":"Le colloque d\u2019Ichraq \u00e9ditions et de \u00ab Culminances \u00bb sur le po\u00e8te feu Abdallah Malek Gasmi par les images - Culminances","isPartOf":{"@id":"https:\/\/www.masharif.com\/fr\/#website"},"primaryImageOfPage":{"@id":"http:\/\/www.masharif.com\/fr\/2018\/01\/15\/le-colloque-dichraq-editions-et-de-culminances-sur-le-poete-feu-abdallah-malek-gasmi-par-les-images\/#primaryimage"},"datePublished":"2018-01-15T07:27:54+00:00","dateModified":"2018-01-15T07:40:13+00:00","author":{"@id":"https:\/\/www.masharif.com\/fr\/#\/schema\/person\/839a7026efe9fa825134097c1041e4a0"},"breadcrumb":{"@id":"http:\/\/www.masharif.com\/fr\/2018\/01\/15\/le-colloque-dichraq-editions-et-de-culminances-sur-le-poete-feu-abdallah-malek-gasmi-par-les-images\/#breadcrumb"},"inLanguage":"fr-FR","potentialAction":[{"@type":"ReadAction","target":["http:\/\/www.masharif.com\/fr\/2018\/01\/15\/le-colloque-dichraq-editions-et-de-culminances-sur-le-poete-feu-abdallah-malek-gasmi-par-les-images\/"]}]},{"@type":"BreadcrumbList","@id":"http:\/\/www.masharif.com\/fr\/2018\/01\/15\/le-colloque-dichraq-editions-et-de-culminances-sur-le-poete-feu-abdallah-malek-gasmi-par-les-images\/#breadcrumb","itemListElement":[{"@type":"ListItem","position":1,"name":"Home","item":"https:\/\/www.masharif.com\/fr\/"},{"@type":"ListItem","position":2,"name":"Le colloque d\u2019Ichraq \u00e9ditions et de \u00ab Culminances \u00bb sur le po\u00e8te feu Abdallah Malek Gasmi par les images"}]},{"@type":"Person","@id":"https:\/\/www.masharif.com\/fr\/#\/schema\/person\/839a7026efe9fa825134097c1041e4a0","name":"Mohamed Salah Ben Amor","image":{"@type":"ImageObject","inLanguage":"fr-FR","@id":"https:\/\/www.masharif.com\/fr\/#\/schema\/person\/image\/","url":"http:\/\/0.gravatar.com\/avatar\/f64806401ad5ed604ffec2272b19ef46?s=96&d=identicon&r=g","contentUrl":"http:\/\/0.gravatar.com\/avatar\/f64806401ad5ed604ffec2272b19ef46?s=96&d=identicon&r=g","caption":"Mohamed Salah Ben Amor"},"sameAs":["http:\/\/ben-amor.info"],"url":"http:\/\/www.masharif.com\/fr\/author\/msba\/"}]}},"_links":{"self":[{"href":"http:\/\/www.masharif.com\/fr\/wp-json\/wp\/v2\/posts\/6674"}],"collection":[{"href":"http:\/\/www.masharif.com\/fr\/wp-json\/wp\/v2\/posts"}],"about":[{"href":"http:\/\/www.masharif.com\/fr\/wp-json\/wp\/v2\/types\/post"}],"author":[{"embeddable":true,"href":"http:\/\/www.masharif.com\/fr\/wp-json\/wp\/v2\/users\/2"}],"replies":[{"embeddable":true,"href":"http:\/\/www.masharif.com\/fr\/wp-json\/wp\/v2\/comments?post=6674"}],"version-history":[{"count":5,"href":"http:\/\/www.masharif.com\/fr\/wp-json\/wp\/v2\/posts\/6674\/revisions"}],"predecessor-version":[{"id":6708,"href":"http:\/\/www.masharif.com\/fr\/wp-json\/wp\/v2\/posts\/6674\/revisions\/6708"}],"wp:featuredmedia":[{"embeddable":true,"href":"http:\/\/www.masharif.com\/fr\/wp-json\/wp\/v2\/media\/6698"}],"wp:attachment":[{"href":"http:\/\/www.masharif.com\/fr\/wp-json\/wp\/v2\/media?parent=6674"}],"wp:term":[{"taxonomy":"category","embeddable":true,"href":"http:\/\/www.masharif.com\/fr\/wp-json\/wp\/v2\/categories?post=6674"},{"taxonomy":"post_tag","embeddable":true,"href":"http:\/\/www.masharif.com\/fr\/wp-json\/wp\/v2\/tags?post=6674"}],"curies":[{"name":"wp","href":"https:\/\/api.w.org\/{rel}","templated":true}]}}