{"id":6598,"date":"2018-01-04T14:48:56","date_gmt":"2018-01-04T13:48:56","guid":{"rendered":"http:\/\/www.masharif.com\/fr\/?p=6598"},"modified":"2018-01-04T14:48:56","modified_gmt":"2018-01-04T13:48:56","slug":"deux-nouveaux-poemes-de-maissa-boutiche-ain-benian-alger-algerie-3","status":"publish","type":"post","link":"http:\/\/www.masharif.com\/fr\/2018\/01\/04\/deux-nouveaux-poemes-de-maissa-boutiche-ain-benian-alger-algerie-3\/","title":{"rendered":"Deux nouveaux po\u00e8mes de Maissa Boutiche &#8211; Ain B\u00e9nian \u2013 Alger \u2013 Alg\u00e9rie"},"content":{"rendered":"<div id=\"attachment_4887\" style=\"width: 235px\" class=\"wp-caption alignnone\"><a href=\"http:\/\/www.masharif.com\/fr\/wp-content\/uploads\/2017\/04\/12313570_659252470883972_6129519879690416133_n.jpg\"><img aria-describedby=\"caption-attachment-4887\" loading=\"lazy\" class=\"wp-image-4887 size-medium\" src=\"http:\/\/www.masharif.com\/fr\/wp-content\/uploads\/2017\/04\/12313570_659252470883972_6129519879690416133_n-225x300.jpg\" alt=\"\" width=\"225\" height=\"300\" srcset=\"http:\/\/www.masharif.com\/fr\/wp-content\/uploads\/2017\/04\/12313570_659252470883972_6129519879690416133_n-225x300.jpg 225w, http:\/\/www.masharif.com\/fr\/wp-content\/uploads\/2017\/04\/12313570_659252470883972_6129519879690416133_n.jpg 720w\" sizes=\"(max-width: 225px) 100vw, 225px\" \/><\/a><p id=\"caption-attachment-4887\" class=\"wp-caption-text\">Maissa Boutiche<\/p><\/div>\n<p><a href=\"http:\/\/www.masharif.com\/fr\/wp-content\/uploads\/2018\/01\/mourning-1547633_960_720.jpg\"><img loading=\"lazy\" class=\"alignnone size-medium wp-image-6600\" src=\"http:\/\/www.masharif.com\/fr\/wp-content\/uploads\/2018\/01\/mourning-1547633_960_720-300x223.jpg\" alt=\"\" width=\"300\" height=\"223\" srcset=\"http:\/\/www.masharif.com\/fr\/wp-content\/uploads\/2018\/01\/mourning-1547633_960_720-300x223.jpg 300w, http:\/\/www.masharif.com\/fr\/wp-content\/uploads\/2018\/01\/mourning-1547633_960_720-768x570.jpg 768w, http:\/\/www.masharif.com\/fr\/wp-content\/uploads\/2018\/01\/mourning-1547633_960_720.jpg 960w\" sizes=\"(max-width: 300px) 100vw, 300px\" \/><\/a><\/p>\n<p><strong>Le silence qui d\u00e9chire<\/strong><\/p>\n<p>&nbsp;<\/p>\n<p><strong>Tous les silences ne font pas le m\u00eame bruit<\/strong><\/p>\n<p><strong>Lac\u00e9rant est ce silence qui d\u00e9chire<\/strong><\/p>\n<p><strong>Mon d\u00e9shabill\u00e9 quand s\u2019invite la nuit<\/strong><\/p>\n<p><strong>Mes r\u00eaves s\u2019allongent tout pr\u00e8s de moi<\/strong><\/p>\n<p><strong>Tissent tristes mes plaies et apaisent mes chagrins.<\/strong><\/p>\n<p><strong>Parfois, il est utile de tomber, de se relever<\/strong><\/p>\n<p><strong>De sentir son monde nu et d\u00e9peupl\u00e9.<\/strong><\/p>\n<p><strong>Mais reste toujours au loin, un parfum d\u2019une main<\/strong><\/p>\n<p><strong>Qui offre des roses et du jasmin\u2026<\/strong><\/p>\n<p><strong>Je me reproche ce chemin que j\u2019ai emprunt\u00e9<\/strong><\/p>\n<p><strong>O\u00f9 l\u2019amour douleur en moi, remue, en deux, me plie.<\/strong><\/p>\n<p><strong>Pourtant,<\/strong><\/p>\n<p><strong>Je ne fais que semer mes r\u00eaves en rose<\/strong><\/p>\n<p><strong>Et nul n\u2019entend mon \u00e2me pleurer.<\/strong><\/p>\n<p><strong>Rien que ce silence qui fredonne au son de mon cri\u2026<\/strong><\/p>\n<p><strong>Mais, je survivrai avec mes bleus<\/strong><\/p>\n<p><strong>Et ferai un pont de mes plaies.<\/strong><\/p>\n<p><strong>De mes chutes, je tresserai une passerelle<\/strong><\/p>\n<p><strong>Et de ma foi je broderai un arc en ciel, l\u2019amour amant<\/strong><\/p>\n<p><strong>Du verbe, aim\u00e9\u2026<\/strong><\/p>\n<p><strong>Je volerai sur les ailes de l\u2019hirondelle.<\/strong><\/p>\n<p><strong>Je chanterai d\u2019une voix suave, le silence en m\u00e9lodie.<\/strong><\/p>\n<p><strong>Mes mots valseront haute la t\u00eate,<\/strong><\/p>\n<p><strong>Briseront ce silence quand tombera la pluie\u2026<\/strong><\/p>\n<p><strong>Oh silence dans mon Royaume !<\/strong><\/p>\n<p><strong>Qui sur mes pages, mes lettres jubilent<\/strong><\/p>\n<p><strong>Et cet amour au del\u00e0 de mes peines<\/strong><\/p>\n<p><strong>Sur mes traits tatoue et \u00e9touffe mon cri \u2026<\/strong><\/p>\n<p><strong>Oh amour du beau et non du d\u00e9sespoir !<\/strong><\/p>\n<p><strong>Ravive mes r\u00eaves qui agonisent,<\/strong><\/p>\n<p><strong>Gomme mes chagrins et toutes mes peines,<\/strong><\/p>\n<p><strong>Brise ce silence et fais que l\u2019\u00e9cho de ma plainte<\/strong><\/p>\n<p><strong>Secouent, les c\u0153urs endurcis.<\/strong><\/p>\n<p>&nbsp;<\/p>\n<p><a href=\"http:\/\/www.masharif.com\/fr\/wp-content\/uploads\/2018\/01\/stock-photo-pensive-relaxed-girl-thinking-in-winter-looking-forward-at-sunset-344851742.jpg\"><img loading=\"lazy\" class=\"alignnone size-medium wp-image-6599\" src=\"http:\/\/www.masharif.com\/fr\/wp-content\/uploads\/2018\/01\/stock-photo-pensive-relaxed-girl-thinking-in-winter-looking-forward-at-sunset-344851742-300x213.jpg\" alt=\"\" width=\"300\" height=\"213\" srcset=\"http:\/\/www.masharif.com\/fr\/wp-content\/uploads\/2018\/01\/stock-photo-pensive-relaxed-girl-thinking-in-winter-looking-forward-at-sunset-344851742-300x213.jpg 300w, http:\/\/www.masharif.com\/fr\/wp-content\/uploads\/2018\/01\/stock-photo-pensive-relaxed-girl-thinking-in-winter-looking-forward-at-sunset-344851742-768x546.jpg 768w, http:\/\/www.masharif.com\/fr\/wp-content\/uploads\/2018\/01\/stock-photo-pensive-relaxed-girl-thinking-in-winter-looking-forward-at-sunset-344851742-1024x728.jpg 1024w, http:\/\/www.masharif.com\/fr\/wp-content\/uploads\/2018\/01\/stock-photo-pensive-relaxed-girl-thinking-in-winter-looking-forward-at-sunset-344851742.jpg 2025w\" sizes=\"(max-width: 300px) 100vw, 300px\" \/><\/a><\/p>\n<p><strong>Hant\u00e9e par ton souvenir<\/strong><\/p>\n<p>&nbsp;<\/p>\n<p><strong>Tu me verras<\/strong><\/p>\n<p><strong>Dans le rire du temps,<\/strong><\/p>\n<p><strong>Dans les rides qui tracent sans fatigue<\/strong><\/p>\n<p><strong>Sur tes traits des sillons\u2026<\/strong><\/p>\n<p>&nbsp;<\/p>\n<p><strong>Tu me verras<\/strong><\/p>\n<p><strong>Dans le poids des ans,<\/strong><\/p>\n<p><strong>Dans tes cheveux blancs,<\/strong><\/p>\n<p><strong>Dans ton printemps de jeunesse,\u00a0\u00a0\u00a0\u00a0\u00a0\u00a0\u00a0\u00a0\u00a0\u00a0\u00a0\u00a0\u00a0\u00a0\u00a0\u00a0\u00a0\u00a0\u00a0\u00a0\u00a0\u00a0\u00a0\u00a0\u00a0\u00a0\u00a0\u00a0\u00a0\u00a0\u00a0\u00a0\u00a0\u00a0\u00a0\u00a0\u00a0 \u00a0\u00a0\u00a0\u00a0\u00a0\u00a0\u00a0\u00a0\u00a0\u00a0\u00a0\u00a0\u00a0\u00a0\u00a0\u00a0\u00a0\u00a0\u00a0\u00a0\u00a0\u00a0\u00a0\u00a0\u00a0\u00a0\u00a0\u00a0\u00a0\u00a0\u00a0\u00a0\u00a0\u00a0\u00a0\u00a0\u00a0\u00a0\u00a0\u00a0\u00a0\u00a0\u00a0\u00a0\u00a0\u00a0\u00a0\u00a0\u00a0\u00a0\u00a0\u00a0\u00a0\u00a0\u00a0\u00a0\u00a0\u00a0\u00a0\u00a0\u00a0\u00a0\u00a0\u00a0\u00a0\u00a0\u00a0\u00a0\u00a0\u00a0\u00a0\u00a0\u00a0\u00a0\u00a0<\/strong><\/p>\n<p><strong>Dans ton pas us\u00e9, par la vieillesse,<\/strong><\/p>\n<p><strong>Je serai l\u2019ombre d\u2019un amour perdu<\/strong><\/p>\n<p><strong>Que tu n\u2019as pas attendu\u2026<\/strong><\/p>\n<p>&nbsp;<\/p>\n<p><strong>Tu me verras<\/strong><\/p>\n<p><strong>Dans tes r\u00eaves roses d\u2019antan,<\/strong><\/p>\n<p><strong>Dans ta solitude,<\/strong><\/p>\n<p><strong>Dans tes peines et tes inqui\u00e9tudes,<\/strong><\/p>\n<p><strong>Dans tes pri\u00e8res la nuit,<\/strong><\/p>\n<p><strong>Dans ses tresses de jais \u2026<\/strong><\/p>\n<p>&nbsp;<\/p>\n<p><strong>Tu me verras<\/strong><\/p>\n<p><strong>Dans les quartiers d\u2019hier,<\/strong><\/p>\n<p><strong>Dans les flocons de l\u2019hiver<\/strong><\/p>\n<p><strong>Et dans les yeux rieurs<\/strong><\/p>\n<p><strong>De l\u2019amour coll\u00e9gien\u2026<\/strong><\/p>\n<p>&nbsp;<\/p>\n<p><strong>Tu me verras sur le quai<\/strong><\/p>\n<p><strong>Du train \u00e0 t\u2019attendre en vain,<\/strong><\/p>\n<p><strong>Sur les bancs blancs<\/strong><\/p>\n<p><strong>O\u00f9 me giflait le vent\u2026<\/strong><\/p>\n<p>&nbsp;<\/p>\n<p><strong>Tu me verras\u00a0<\/strong><\/p>\n<p><strong>Dans les yeux que le sommeil a fugu\u00e9.<\/strong><\/p>\n<p><strong>Tu me verras dans le destin trompeur<\/strong><\/p>\n<p><strong>Et dans tous les recoins de ton c\u0153ur<\/strong><\/p>\n<p><strong>Tu me verras\u00a0!<\/strong><\/p>\n<p>&nbsp;<\/p>\n","protected":false},"excerpt":{"rendered":"<p>Le silence qui d\u00e9chire &nbsp; Tous les silences ne font pas le m\u00eame bruit Lac\u00e9rant est ce silence qui d\u00e9chire Mon d\u00e9shabill\u00e9 quand s\u2019invite la nuit Mes r\u00eaves s\u2019allongent tout pr\u00e8s de moi Tissent tristes mes plaies et apaisent mes chagrins. Parfois, il est utile de tomber, de se relever De sentir son monde nu &#8230;<\/p>\n","protected":false},"author":2,"featured_media":6599,"comment_status":"open","ping_status":"open","sticky":false,"template":"","format":"standard","meta":[],"categories":[4],"tags":[],"yoast_head":"<!-- This site is optimized with the Yoast SEO plugin v19.3 - https:\/\/yoast.com\/wordpress\/plugins\/seo\/ -->\n<title>Deux nouveaux po\u00e8mes de Maissa Boutiche - Ain B\u00e9nian \u2013 Alger \u2013 Alg\u00e9rie - Culminances<\/title>\n<meta name=\"robots\" content=\"index, follow, max-snippet:-1, max-image-preview:large, max-video-preview:-1\" \/>\n<link rel=\"canonical\" href=\"http:\/\/www.masharif.com\/fr\/2018\/01\/04\/deux-nouveaux-poemes-de-maissa-boutiche-ain-benian-alger-algerie-3\/\" \/>\n<meta property=\"og:locale\" content=\"fr_FR\" \/>\n<meta property=\"og:type\" content=\"article\" \/>\n<meta property=\"og:title\" content=\"Deux nouveaux po\u00e8mes de Maissa Boutiche - Ain B\u00e9nian \u2013 Alger \u2013 Alg\u00e9rie - Culminances\" \/>\n<meta property=\"og:description\" content=\"Le silence qui d\u00e9chire &nbsp; Tous les silences ne font pas le m\u00eame bruit Lac\u00e9rant est ce silence qui d\u00e9chire Mon d\u00e9shabill\u00e9 quand s\u2019invite la nuit Mes r\u00eaves s\u2019allongent tout pr\u00e8s de moi Tissent tristes mes plaies et apaisent mes chagrins. Parfois, il est utile de tomber, de se relever De sentir son monde nu ...\" \/>\n<meta property=\"og:url\" content=\"http:\/\/www.masharif.com\/fr\/2018\/01\/04\/deux-nouveaux-poemes-de-maissa-boutiche-ain-benian-alger-algerie-3\/\" \/>\n<meta property=\"og:site_name\" content=\"Culminances\" \/>\n<meta property=\"article:published_time\" content=\"2018-01-04T13:48:56+00:00\" \/>\n<meta property=\"og:image\" content=\"http:\/\/www.masharif.com\/fr\/wp-content\/uploads\/2018\/01\/stock-photo-pensive-relaxed-girl-thinking-in-winter-looking-forward-at-sunset-344851742.jpg\" \/>\n\t<meta property=\"og:image:width\" content=\"2025\" \/>\n\t<meta property=\"og:image:height\" content=\"1440\" \/>\n\t<meta property=\"og:image:type\" content=\"image\/jpeg\" \/>\n<meta name=\"author\" content=\"Mohamed Salah Ben Amor\" \/>\n<meta name=\"twitter:card\" content=\"summary\" \/>\n<meta name=\"twitter:label1\" content=\"\u00c9crit par\" \/>\n\t<meta name=\"twitter:data1\" content=\"Mohamed Salah Ben Amor\" \/>\n\t<meta name=\"twitter:label2\" content=\"Dur\u00e9e de lecture estim\u00e9e\" \/>\n\t<meta name=\"twitter:data2\" content=\"2 minutes\" \/>\n<script type=\"application\/ld+json\" class=\"yoast-schema-graph\">{\"@context\":\"https:\/\/schema.org\",\"@graph\":[{\"@type\":\"WebSite\",\"@id\":\"https:\/\/www.masharif.com\/fr\/#website\",\"url\":\"https:\/\/www.masharif.com\/fr\/\",\"name\":\"Culminances\",\"description\":\"\",\"potentialAction\":[{\"@type\":\"SearchAction\",\"target\":{\"@type\":\"EntryPoint\",\"urlTemplate\":\"https:\/\/www.masharif.com\/fr\/?s={search_term_string}\"},\"query-input\":\"required name=search_term_string\"}],\"inLanguage\":\"fr-FR\"},{\"@type\":\"ImageObject\",\"inLanguage\":\"fr-FR\",\"@id\":\"http:\/\/www.masharif.com\/fr\/2018\/01\/04\/deux-nouveaux-poemes-de-maissa-boutiche-ain-benian-alger-algerie-3\/#primaryimage\",\"url\":\"http:\/\/www.masharif.com\/fr\/wp-content\/uploads\/2018\/01\/stock-photo-pensive-relaxed-girl-thinking-in-winter-looking-forward-at-sunset-344851742.jpg\",\"contentUrl\":\"http:\/\/www.masharif.com\/fr\/wp-content\/uploads\/2018\/01\/stock-photo-pensive-relaxed-girl-thinking-in-winter-looking-forward-at-sunset-344851742.jpg\",\"width\":2025,\"height\":1440},{\"@type\":\"WebPage\",\"@id\":\"http:\/\/www.masharif.com\/fr\/2018\/01\/04\/deux-nouveaux-poemes-de-maissa-boutiche-ain-benian-alger-algerie-3\/\",\"url\":\"http:\/\/www.masharif.com\/fr\/2018\/01\/04\/deux-nouveaux-poemes-de-maissa-boutiche-ain-benian-alger-algerie-3\/\",\"name\":\"Deux nouveaux po\u00e8mes de Maissa Boutiche - Ain B\u00e9nian \u2013 Alger \u2013 Alg\u00e9rie - Culminances\",\"isPartOf\":{\"@id\":\"https:\/\/www.masharif.com\/fr\/#website\"},\"primaryImageOfPage\":{\"@id\":\"http:\/\/www.masharif.com\/fr\/2018\/01\/04\/deux-nouveaux-poemes-de-maissa-boutiche-ain-benian-alger-algerie-3\/#primaryimage\"},\"datePublished\":\"2018-01-04T13:48:56+00:00\",\"dateModified\":\"2018-01-04T13:48:56+00:00\",\"author\":{\"@id\":\"https:\/\/www.masharif.com\/fr\/#\/schema\/person\/839a7026efe9fa825134097c1041e4a0\"},\"breadcrumb\":{\"@id\":\"http:\/\/www.masharif.com\/fr\/2018\/01\/04\/deux-nouveaux-poemes-de-maissa-boutiche-ain-benian-alger-algerie-3\/#breadcrumb\"},\"inLanguage\":\"fr-FR\",\"potentialAction\":[{\"@type\":\"ReadAction\",\"target\":[\"http:\/\/www.masharif.com\/fr\/2018\/01\/04\/deux-nouveaux-poemes-de-maissa-boutiche-ain-benian-alger-algerie-3\/\"]}]},{\"@type\":\"BreadcrumbList\",\"@id\":\"http:\/\/www.masharif.com\/fr\/2018\/01\/04\/deux-nouveaux-poemes-de-maissa-boutiche-ain-benian-alger-algerie-3\/#breadcrumb\",\"itemListElement\":[{\"@type\":\"ListItem\",\"position\":1,\"name\":\"Home\",\"item\":\"https:\/\/www.masharif.com\/fr\/\"},{\"@type\":\"ListItem\",\"position\":2,\"name\":\"Deux nouveaux po\u00e8mes de Maissa Boutiche &#8211; Ain B\u00e9nian \u2013 Alger \u2013 Alg\u00e9rie\"}]},{\"@type\":\"Person\",\"@id\":\"https:\/\/www.masharif.com\/fr\/#\/schema\/person\/839a7026efe9fa825134097c1041e4a0\",\"name\":\"Mohamed Salah Ben Amor\",\"image\":{\"@type\":\"ImageObject\",\"inLanguage\":\"fr-FR\",\"@id\":\"https:\/\/www.masharif.com\/fr\/#\/schema\/person\/image\/\",\"url\":\"http:\/\/0.gravatar.com\/avatar\/f64806401ad5ed604ffec2272b19ef46?s=96&d=identicon&r=g\",\"contentUrl\":\"http:\/\/0.gravatar.com\/avatar\/f64806401ad5ed604ffec2272b19ef46?s=96&d=identicon&r=g\",\"caption\":\"Mohamed Salah Ben Amor\"},\"sameAs\":[\"http:\/\/ben-amor.info\"],\"url\":\"http:\/\/www.masharif.com\/fr\/author\/msba\/\"}]}<\/script>\n<!-- \/ Yoast SEO plugin. -->","yoast_head_json":{"title":"Deux nouveaux po\u00e8mes de Maissa Boutiche - Ain B\u00e9nian \u2013 Alger \u2013 Alg\u00e9rie - Culminances","robots":{"index":"index","follow":"follow","max-snippet":"max-snippet:-1","max-image-preview":"max-image-preview:large","max-video-preview":"max-video-preview:-1"},"canonical":"http:\/\/www.masharif.com\/fr\/2018\/01\/04\/deux-nouveaux-poemes-de-maissa-boutiche-ain-benian-alger-algerie-3\/","og_locale":"fr_FR","og_type":"article","og_title":"Deux nouveaux po\u00e8mes de Maissa Boutiche - Ain B\u00e9nian \u2013 Alger \u2013 Alg\u00e9rie - Culminances","og_description":"Le silence qui d\u00e9chire &nbsp; Tous les silences ne font pas le m\u00eame bruit Lac\u00e9rant est ce silence qui d\u00e9chire Mon d\u00e9shabill\u00e9 quand s\u2019invite la nuit Mes r\u00eaves s\u2019allongent tout pr\u00e8s de moi Tissent tristes mes plaies et apaisent mes chagrins. Parfois, il est utile de tomber, de se relever De sentir son monde nu ...","og_url":"http:\/\/www.masharif.com\/fr\/2018\/01\/04\/deux-nouveaux-poemes-de-maissa-boutiche-ain-benian-alger-algerie-3\/","og_site_name":"Culminances","article_published_time":"2018-01-04T13:48:56+00:00","og_image":[{"width":2025,"height":1440,"url":"http:\/\/www.masharif.com\/fr\/wp-content\/uploads\/2018\/01\/stock-photo-pensive-relaxed-girl-thinking-in-winter-looking-forward-at-sunset-344851742.jpg","type":"image\/jpeg"}],"author":"Mohamed Salah Ben Amor","twitter_card":"summary","twitter_misc":{"\u00c9crit par":"Mohamed Salah Ben Amor","Dur\u00e9e de lecture estim\u00e9e":"2 minutes"},"schema":{"@context":"https:\/\/schema.org","@graph":[{"@type":"WebSite","@id":"https:\/\/www.masharif.com\/fr\/#website","url":"https:\/\/www.masharif.com\/fr\/","name":"Culminances","description":"","potentialAction":[{"@type":"SearchAction","target":{"@type":"EntryPoint","urlTemplate":"https:\/\/www.masharif.com\/fr\/?s={search_term_string}"},"query-input":"required name=search_term_string"}],"inLanguage":"fr-FR"},{"@type":"ImageObject","inLanguage":"fr-FR","@id":"http:\/\/www.masharif.com\/fr\/2018\/01\/04\/deux-nouveaux-poemes-de-maissa-boutiche-ain-benian-alger-algerie-3\/#primaryimage","url":"http:\/\/www.masharif.com\/fr\/wp-content\/uploads\/2018\/01\/stock-photo-pensive-relaxed-girl-thinking-in-winter-looking-forward-at-sunset-344851742.jpg","contentUrl":"http:\/\/www.masharif.com\/fr\/wp-content\/uploads\/2018\/01\/stock-photo-pensive-relaxed-girl-thinking-in-winter-looking-forward-at-sunset-344851742.jpg","width":2025,"height":1440},{"@type":"WebPage","@id":"http:\/\/www.masharif.com\/fr\/2018\/01\/04\/deux-nouveaux-poemes-de-maissa-boutiche-ain-benian-alger-algerie-3\/","url":"http:\/\/www.masharif.com\/fr\/2018\/01\/04\/deux-nouveaux-poemes-de-maissa-boutiche-ain-benian-alger-algerie-3\/","name":"Deux nouveaux po\u00e8mes de Maissa Boutiche - Ain B\u00e9nian \u2013 Alger \u2013 Alg\u00e9rie - Culminances","isPartOf":{"@id":"https:\/\/www.masharif.com\/fr\/#website"},"primaryImageOfPage":{"@id":"http:\/\/www.masharif.com\/fr\/2018\/01\/04\/deux-nouveaux-poemes-de-maissa-boutiche-ain-benian-alger-algerie-3\/#primaryimage"},"datePublished":"2018-01-04T13:48:56+00:00","dateModified":"2018-01-04T13:48:56+00:00","author":{"@id":"https:\/\/www.masharif.com\/fr\/#\/schema\/person\/839a7026efe9fa825134097c1041e4a0"},"breadcrumb":{"@id":"http:\/\/www.masharif.com\/fr\/2018\/01\/04\/deux-nouveaux-poemes-de-maissa-boutiche-ain-benian-alger-algerie-3\/#breadcrumb"},"inLanguage":"fr-FR","potentialAction":[{"@type":"ReadAction","target":["http:\/\/www.masharif.com\/fr\/2018\/01\/04\/deux-nouveaux-poemes-de-maissa-boutiche-ain-benian-alger-algerie-3\/"]}]},{"@type":"BreadcrumbList","@id":"http:\/\/www.masharif.com\/fr\/2018\/01\/04\/deux-nouveaux-poemes-de-maissa-boutiche-ain-benian-alger-algerie-3\/#breadcrumb","itemListElement":[{"@type":"ListItem","position":1,"name":"Home","item":"https:\/\/www.masharif.com\/fr\/"},{"@type":"ListItem","position":2,"name":"Deux nouveaux po\u00e8mes de Maissa Boutiche &#8211; Ain B\u00e9nian \u2013 Alger \u2013 Alg\u00e9rie"}]},{"@type":"Person","@id":"https:\/\/www.masharif.com\/fr\/#\/schema\/person\/839a7026efe9fa825134097c1041e4a0","name":"Mohamed Salah Ben Amor","image":{"@type":"ImageObject","inLanguage":"fr-FR","@id":"https:\/\/www.masharif.com\/fr\/#\/schema\/person\/image\/","url":"http:\/\/0.gravatar.com\/avatar\/f64806401ad5ed604ffec2272b19ef46?s=96&d=identicon&r=g","contentUrl":"http:\/\/0.gravatar.com\/avatar\/f64806401ad5ed604ffec2272b19ef46?s=96&d=identicon&r=g","caption":"Mohamed Salah Ben Amor"},"sameAs":["http:\/\/ben-amor.info"],"url":"http:\/\/www.masharif.com\/fr\/author\/msba\/"}]}},"_links":{"self":[{"href":"http:\/\/www.masharif.com\/fr\/wp-json\/wp\/v2\/posts\/6598"}],"collection":[{"href":"http:\/\/www.masharif.com\/fr\/wp-json\/wp\/v2\/posts"}],"about":[{"href":"http:\/\/www.masharif.com\/fr\/wp-json\/wp\/v2\/types\/post"}],"author":[{"embeddable":true,"href":"http:\/\/www.masharif.com\/fr\/wp-json\/wp\/v2\/users\/2"}],"replies":[{"embeddable":true,"href":"http:\/\/www.masharif.com\/fr\/wp-json\/wp\/v2\/comments?post=6598"}],"version-history":[{"count":1,"href":"http:\/\/www.masharif.com\/fr\/wp-json\/wp\/v2\/posts\/6598\/revisions"}],"predecessor-version":[{"id":6602,"href":"http:\/\/www.masharif.com\/fr\/wp-json\/wp\/v2\/posts\/6598\/revisions\/6602"}],"wp:featuredmedia":[{"embeddable":true,"href":"http:\/\/www.masharif.com\/fr\/wp-json\/wp\/v2\/media\/6599"}],"wp:attachment":[{"href":"http:\/\/www.masharif.com\/fr\/wp-json\/wp\/v2\/media?parent=6598"}],"wp:term":[{"taxonomy":"category","embeddable":true,"href":"http:\/\/www.masharif.com\/fr\/wp-json\/wp\/v2\/categories?post=6598"},{"taxonomy":"post_tag","embeddable":true,"href":"http:\/\/www.masharif.com\/fr\/wp-json\/wp\/v2\/tags?post=6598"}],"curies":[{"name":"wp","href":"https:\/\/api.w.org\/{rel}","templated":true}]}}