{"id":6447,"date":"2017-12-16T13:10:45","date_gmt":"2017-12-16T12:10:45","guid":{"rendered":"http:\/\/www.masharif.com\/fr\/?p=6447"},"modified":"2017-12-16T13:15:32","modified_gmt":"2017-12-16T12:15:32","slug":"hedi-noaman-le-poete-genereux-par-mohamed-salah-ben-amor","status":"publish","type":"post","link":"http:\/\/www.masharif.com\/fr\/2017\/12\/16\/hedi-noaman-le-poete-genereux-par-mohamed-salah-ben-amor\/","title":{"rendered":"H\u00e9di Noaman le po\u00e8te g\u00e9n\u00e9reux par :Mohamed Salah Ben Amor"},"content":{"rendered":"<div id=\"attachment_6448\" style=\"width: 247px\" class=\"wp-caption alignnone\"><a href=\"http:\/\/www.masharif.com\/fr\/wp-content\/uploads\/2017\/12\/0256.jpg\"><img aria-describedby=\"caption-attachment-6448\" loading=\"lazy\" class=\"wp-image-6448 size-medium\" src=\"http:\/\/www.masharif.com\/fr\/wp-content\/uploads\/2017\/12\/0256-237x300.jpg\" alt=\"\" width=\"237\" height=\"300\" srcset=\"http:\/\/www.masharif.com\/fr\/wp-content\/uploads\/2017\/12\/0256-237x300.jpg 237w, http:\/\/www.masharif.com\/fr\/wp-content\/uploads\/2017\/12\/0256.jpg 470w\" sizes=\"(max-width: 237px) 100vw, 237px\" \/><\/a><p id=\"caption-attachment-6448\" class=\"wp-caption-text\">H\u00e9di Noaman<\/p><\/div>\n<p>&nbsp;<\/p>\n<p>Parmi les bons p\u00e8tes tunisiens oubli\u00e9s dans son propre pays feu H\u00e9di Noaman.Je l\u2019avais connu\u00a0 dans les ann\u00e9es soixante lorsque j\u2019\u00e9tais \u00e9l\u00e8ve au secondaire, \u00e0 travers les pages culturelles du journal\u00a0\u00ab\u00a0Al Amal\u00a0\u00bb(l\u2019action\u00a0\u00bb\u00a0 dont il \u00e9tait responsable et les po\u00e8mes qu\u2019il publiait dans la revue\u00a0\u00ab\u00a0Al fikr\u00a0\u00bb(La pens\u00e9e\u00a0) et les journaux. Je l\u2019avais rencontr\u00e9 en tout trois fois et l\u2019image qui m\u2019est rest\u00e9e de lui est celle d\u2019un homme\u00a0 d\u2019une g\u00e9n\u00e9rosit\u00e9 incroyable.<\/p>\n<p>La premi\u00e8re fois, c\u2019\u00e9tait en 1971 au \u00ab\u00a0Caf\u00e9 de la Belgique\u00a0\u00bb qui se trouvait \u00e0 l\u2019avenue de la libert\u00e9 \u00e0 la place de la mosqu\u00e9e El Fateh.J\u2019\u00e9tais assis avec les po\u00e8tes Mohamed Mamouli, Midani Ben Salah, Hamadi Touhami El Kar et le critique Hassine Loued lorsque H\u00e9di Noamane arriva et se joignit \u00e0 nous .Il nous a parl\u00e9 d\u2019un futur recueil qu\u2019il avait intitul\u00e9\u00a0\u00ab\u00a0Au fond des choses\u00a0\u00bbmais ce recueil ne verra jamais le jour .Lorsque nous nous lev\u00e2mes \u00a0pour quitter le caf\u00e9, il s\u2019empressa vers le gar\u00e7on et paya ce que nous avions consomm\u00e9.<\/p>\n<p>La deuxi\u00e8me fois, c\u2019\u00e9tait en 1972 lorsque j\u2019\u00e9tais professeur aux \u00eeles de Kerkennah (dans le sud-est du pays au large de la ville de Sfax).Et un jour pendant les vacances d\u2019hiver, j\u2019\u00e9tais \u00e0 Tunis en compagnie d\u2019un coll\u00e8gue qui enseignant dans le m\u00eame lyc\u00e9e que moi et nous \u00e9tions devant le guichet de la maison de la culture Ibn Rachiq pour nous procurer deux tickets afin de voir un film, lorsqu\u2019un monsieur qui faisait la queue devant nous nous les donna tout bonnement. C\u2019\u00e9tait H\u00e9di Noaman\u00a0 qui ne \u00a0m\u2019avait rencontr\u00e9 , comme je viens de le dire, qu\u2019une seule fois et qui ne connaissait nullement mon compagnon.<\/p>\n<p>La troisi\u00e8me fois ,enfin, c\u2019\u00e9tait en 1973 .A cette \u00e9poque-l\u00e0, j\u2019\u00e9tais professeur au lyc\u00e9e de jeunes filles de Sousse et comme j\u2019\u00e9tais c\u00e9libataire je mangeais dans les restaurants .Une fois, j\u2019\u00e9tais attabl\u00e9 dans un restaurant du centre ville, lorque H\u00e9di Noaman fit son entr\u00e9e portant un gros cartable car il enseignait dans un lyc\u00e9e de sa ville natale Monastir\u00a0 \u00e0 quelques kilom\u00e8tres de Sousse .Il se joignit \u00e0 moi et il m\u2019a dit ces paroles que je n\u2019ai jamais oubli\u00e9es\u00a0:\u00a0\u00ab\u00a0la Tunisie ne sait pas tirer profit des comp\u00e9tences de ses enfants .Un type comme toi devrait \u00eatre \u00e0 la t\u00eate d\u2019une grande revue litt\u00e9raire au lieu de gaspiller ses forces dans l\u2019enseignement, car\u00a0 il y a des centaines de personnes qui peuvent assumer la fonction d\u2019enseignant que tu assumes\u00a0\u00bb\u00a0.Et une nouvelle fois il m\u2019a devanc\u00e9 \u00e0 la caisse et a pay\u00e9 \u00e0 ma place.<\/p>\n<p>Plus tard, de nombreux po\u00e8tes et \u00e9crivains de sa g\u00e9n\u00e9ration m\u2019on confirm\u00e9 cette qualit\u00e9 rare dont il faisait preuve\u00a0et qui \u00e9tait inn\u00e9e en lui !<\/p>\n<p>Que Dieu couvre H\u00e9di Noaman de sa sainte mis\u00e9ricorde\u00a0!Amen\u00a0!<\/p>\n<p>&nbsp;<\/p>\n","protected":false},"excerpt":{"rendered":"<p>&nbsp; Parmi les bons p\u00e8tes tunisiens oubli\u00e9s dans son propre pays feu H\u00e9di Noaman.Je l\u2019avais connu\u00a0 dans les ann\u00e9es soixante lorsque j\u2019\u00e9tais \u00e9l\u00e8ve au secondaire, \u00e0 travers les pages culturelles du journal\u00a0\u00ab\u00a0Al Amal\u00a0\u00bb(l\u2019action\u00a0\u00bb\u00a0 dont il \u00e9tait responsable et les po\u00e8mes qu\u2019il publiait dans la revue\u00a0\u00ab\u00a0Al fikr\u00a0\u00bb(La pens\u00e9e\u00a0) et les journaux. Je l\u2019avais rencontr\u00e9 en tout &#8230;<\/p>\n","protected":false},"author":2,"featured_media":6448,"comment_status":"open","ping_status":"open","sticky":false,"template":"","format":"standard","meta":[],"categories":[36],"tags":[],"yoast_head":"<!-- This site is optimized with the Yoast SEO plugin v19.3 - https:\/\/yoast.com\/wordpress\/plugins\/seo\/ -->\n<title>H\u00e9di Noaman le po\u00e8te g\u00e9n\u00e9reux par :Mohamed Salah Ben Amor - Culminances<\/title>\n<meta name=\"robots\" content=\"index, follow, max-snippet:-1, max-image-preview:large, max-video-preview:-1\" \/>\n<link rel=\"canonical\" href=\"https:\/\/www.masharif.com\/fr\/2017\/12\/16\/hedi-noaman-le-poete-genereux-par-mohamed-salah-ben-amor\/\" \/>\n<meta property=\"og:locale\" content=\"fr_FR\" \/>\n<meta property=\"og:type\" content=\"article\" \/>\n<meta property=\"og:title\" content=\"H\u00e9di Noaman le po\u00e8te g\u00e9n\u00e9reux par :Mohamed Salah Ben Amor - Culminances\" \/>\n<meta property=\"og:description\" content=\"&nbsp; Parmi les bons p\u00e8tes tunisiens oubli\u00e9s dans son propre pays feu H\u00e9di Noaman.Je l\u2019avais connu\u00a0 dans les ann\u00e9es soixante lorsque j\u2019\u00e9tais \u00e9l\u00e8ve au secondaire, \u00e0 travers les pages culturelles du journal\u00a0\u00ab\u00a0Al Amal\u00a0\u00bb(l\u2019action\u00a0\u00bb\u00a0 dont il \u00e9tait responsable et les po\u00e8mes qu\u2019il publiait dans la revue\u00a0\u00ab\u00a0Al fikr\u00a0\u00bb(La pens\u00e9e\u00a0) et les journaux. Je l\u2019avais rencontr\u00e9 en tout ...\" \/>\n<meta property=\"og:url\" content=\"https:\/\/www.masharif.com\/fr\/2017\/12\/16\/hedi-noaman-le-poete-genereux-par-mohamed-salah-ben-amor\/\" \/>\n<meta property=\"og:site_name\" content=\"Culminances\" \/>\n<meta property=\"article:published_time\" content=\"2017-12-16T12:10:45+00:00\" \/>\n<meta property=\"article:modified_time\" content=\"2017-12-16T12:15:32+00:00\" \/>\n<meta property=\"og:image\" content=\"https:\/\/www.masharif.com\/fr\/wp-content\/uploads\/2017\/12\/0256.jpg\" \/>\n\t<meta property=\"og:image:width\" content=\"470\" \/>\n\t<meta property=\"og:image:height\" content=\"595\" \/>\n\t<meta property=\"og:image:type\" content=\"image\/jpeg\" \/>\n<meta name=\"author\" content=\"Mohamed Salah Ben Amor\" \/>\n<meta name=\"twitter:card\" content=\"summary\" \/>\n<meta name=\"twitter:label1\" content=\"\u00c9crit par\" \/>\n\t<meta name=\"twitter:data1\" content=\"Mohamed Salah Ben Amor\" \/>\n\t<meta name=\"twitter:label2\" content=\"Dur\u00e9e de lecture estim\u00e9e\" \/>\n\t<meta name=\"twitter:data2\" content=\"3 minutes\" \/>\n<script type=\"application\/ld+json\" class=\"yoast-schema-graph\">{\"@context\":\"https:\/\/schema.org\",\"@graph\":[{\"@type\":\"WebSite\",\"@id\":\"https:\/\/www.masharif.com\/fr\/#website\",\"url\":\"https:\/\/www.masharif.com\/fr\/\",\"name\":\"Culminances\",\"description\":\"\",\"potentialAction\":[{\"@type\":\"SearchAction\",\"target\":{\"@type\":\"EntryPoint\",\"urlTemplate\":\"https:\/\/www.masharif.com\/fr\/?s={search_term_string}\"},\"query-input\":\"required name=search_term_string\"}],\"inLanguage\":\"fr-FR\"},{\"@type\":\"ImageObject\",\"inLanguage\":\"fr-FR\",\"@id\":\"https:\/\/www.masharif.com\/fr\/2017\/12\/16\/hedi-noaman-le-poete-genereux-par-mohamed-salah-ben-amor\/#primaryimage\",\"url\":\"http:\/\/www.masharif.com\/fr\/wp-content\/uploads\/2017\/12\/0256.jpg\",\"contentUrl\":\"http:\/\/www.masharif.com\/fr\/wp-content\/uploads\/2017\/12\/0256.jpg\",\"width\":470,\"height\":595},{\"@type\":\"WebPage\",\"@id\":\"https:\/\/www.masharif.com\/fr\/2017\/12\/16\/hedi-noaman-le-poete-genereux-par-mohamed-salah-ben-amor\/\",\"url\":\"https:\/\/www.masharif.com\/fr\/2017\/12\/16\/hedi-noaman-le-poete-genereux-par-mohamed-salah-ben-amor\/\",\"name\":\"H\u00e9di Noaman le po\u00e8te g\u00e9n\u00e9reux par :Mohamed Salah Ben Amor - Culminances\",\"isPartOf\":{\"@id\":\"https:\/\/www.masharif.com\/fr\/#website\"},\"primaryImageOfPage\":{\"@id\":\"https:\/\/www.masharif.com\/fr\/2017\/12\/16\/hedi-noaman-le-poete-genereux-par-mohamed-salah-ben-amor\/#primaryimage\"},\"datePublished\":\"2017-12-16T12:10:45+00:00\",\"dateModified\":\"2017-12-16T12:15:32+00:00\",\"author\":{\"@id\":\"https:\/\/www.masharif.com\/fr\/#\/schema\/person\/839a7026efe9fa825134097c1041e4a0\"},\"breadcrumb\":{\"@id\":\"https:\/\/www.masharif.com\/fr\/2017\/12\/16\/hedi-noaman-le-poete-genereux-par-mohamed-salah-ben-amor\/#breadcrumb\"},\"inLanguage\":\"fr-FR\",\"potentialAction\":[{\"@type\":\"ReadAction\",\"target\":[\"https:\/\/www.masharif.com\/fr\/2017\/12\/16\/hedi-noaman-le-poete-genereux-par-mohamed-salah-ben-amor\/\"]}]},{\"@type\":\"BreadcrumbList\",\"@id\":\"https:\/\/www.masharif.com\/fr\/2017\/12\/16\/hedi-noaman-le-poete-genereux-par-mohamed-salah-ben-amor\/#breadcrumb\",\"itemListElement\":[{\"@type\":\"ListItem\",\"position\":1,\"name\":\"Home\",\"item\":\"https:\/\/www.masharif.com\/fr\/\"},{\"@type\":\"ListItem\",\"position\":2,\"name\":\"H\u00e9di Noaman le po\u00e8te g\u00e9n\u00e9reux par :Mohamed Salah Ben Amor\"}]},{\"@type\":\"Person\",\"@id\":\"https:\/\/www.masharif.com\/fr\/#\/schema\/person\/839a7026efe9fa825134097c1041e4a0\",\"name\":\"Mohamed Salah Ben Amor\",\"image\":{\"@type\":\"ImageObject\",\"inLanguage\":\"fr-FR\",\"@id\":\"https:\/\/www.masharif.com\/fr\/#\/schema\/person\/image\/\",\"url\":\"http:\/\/0.gravatar.com\/avatar\/f64806401ad5ed604ffec2272b19ef46?s=96&d=identicon&r=g\",\"contentUrl\":\"http:\/\/0.gravatar.com\/avatar\/f64806401ad5ed604ffec2272b19ef46?s=96&d=identicon&r=g\",\"caption\":\"Mohamed Salah Ben Amor\"},\"sameAs\":[\"http:\/\/ben-amor.info\"],\"url\":\"http:\/\/www.masharif.com\/fr\/author\/msba\/\"}]}<\/script>\n<!-- \/ Yoast SEO plugin. -->","yoast_head_json":{"title":"H\u00e9di Noaman le po\u00e8te g\u00e9n\u00e9reux par :Mohamed Salah Ben Amor - Culminances","robots":{"index":"index","follow":"follow","max-snippet":"max-snippet:-1","max-image-preview":"max-image-preview:large","max-video-preview":"max-video-preview:-1"},"canonical":"https:\/\/www.masharif.com\/fr\/2017\/12\/16\/hedi-noaman-le-poete-genereux-par-mohamed-salah-ben-amor\/","og_locale":"fr_FR","og_type":"article","og_title":"H\u00e9di Noaman le po\u00e8te g\u00e9n\u00e9reux par :Mohamed Salah Ben Amor - Culminances","og_description":"&nbsp; Parmi les bons p\u00e8tes tunisiens oubli\u00e9s dans son propre pays feu H\u00e9di Noaman.Je l\u2019avais connu\u00a0 dans les ann\u00e9es soixante lorsque j\u2019\u00e9tais \u00e9l\u00e8ve au secondaire, \u00e0 travers les pages culturelles du journal\u00a0\u00ab\u00a0Al Amal\u00a0\u00bb(l\u2019action\u00a0\u00bb\u00a0 dont il \u00e9tait responsable et les po\u00e8mes qu\u2019il publiait dans la revue\u00a0\u00ab\u00a0Al fikr\u00a0\u00bb(La pens\u00e9e\u00a0) et les journaux. Je l\u2019avais rencontr\u00e9 en tout ...","og_url":"https:\/\/www.masharif.com\/fr\/2017\/12\/16\/hedi-noaman-le-poete-genereux-par-mohamed-salah-ben-amor\/","og_site_name":"Culminances","article_published_time":"2017-12-16T12:10:45+00:00","article_modified_time":"2017-12-16T12:15:32+00:00","og_image":[{"width":470,"height":595,"url":"https:\/\/www.masharif.com\/fr\/wp-content\/uploads\/2017\/12\/0256.jpg","type":"image\/jpeg"}],"author":"Mohamed Salah Ben Amor","twitter_card":"summary","twitter_misc":{"\u00c9crit par":"Mohamed Salah Ben Amor","Dur\u00e9e de lecture estim\u00e9e":"3 minutes"},"schema":{"@context":"https:\/\/schema.org","@graph":[{"@type":"WebSite","@id":"https:\/\/www.masharif.com\/fr\/#website","url":"https:\/\/www.masharif.com\/fr\/","name":"Culminances","description":"","potentialAction":[{"@type":"SearchAction","target":{"@type":"EntryPoint","urlTemplate":"https:\/\/www.masharif.com\/fr\/?s={search_term_string}"},"query-input":"required name=search_term_string"}],"inLanguage":"fr-FR"},{"@type":"ImageObject","inLanguage":"fr-FR","@id":"https:\/\/www.masharif.com\/fr\/2017\/12\/16\/hedi-noaman-le-poete-genereux-par-mohamed-salah-ben-amor\/#primaryimage","url":"http:\/\/www.masharif.com\/fr\/wp-content\/uploads\/2017\/12\/0256.jpg","contentUrl":"http:\/\/www.masharif.com\/fr\/wp-content\/uploads\/2017\/12\/0256.jpg","width":470,"height":595},{"@type":"WebPage","@id":"https:\/\/www.masharif.com\/fr\/2017\/12\/16\/hedi-noaman-le-poete-genereux-par-mohamed-salah-ben-amor\/","url":"https:\/\/www.masharif.com\/fr\/2017\/12\/16\/hedi-noaman-le-poete-genereux-par-mohamed-salah-ben-amor\/","name":"H\u00e9di Noaman le po\u00e8te g\u00e9n\u00e9reux par :Mohamed Salah Ben Amor - Culminances","isPartOf":{"@id":"https:\/\/www.masharif.com\/fr\/#website"},"primaryImageOfPage":{"@id":"https:\/\/www.masharif.com\/fr\/2017\/12\/16\/hedi-noaman-le-poete-genereux-par-mohamed-salah-ben-amor\/#primaryimage"},"datePublished":"2017-12-16T12:10:45+00:00","dateModified":"2017-12-16T12:15:32+00:00","author":{"@id":"https:\/\/www.masharif.com\/fr\/#\/schema\/person\/839a7026efe9fa825134097c1041e4a0"},"breadcrumb":{"@id":"https:\/\/www.masharif.com\/fr\/2017\/12\/16\/hedi-noaman-le-poete-genereux-par-mohamed-salah-ben-amor\/#breadcrumb"},"inLanguage":"fr-FR","potentialAction":[{"@type":"ReadAction","target":["https:\/\/www.masharif.com\/fr\/2017\/12\/16\/hedi-noaman-le-poete-genereux-par-mohamed-salah-ben-amor\/"]}]},{"@type":"BreadcrumbList","@id":"https:\/\/www.masharif.com\/fr\/2017\/12\/16\/hedi-noaman-le-poete-genereux-par-mohamed-salah-ben-amor\/#breadcrumb","itemListElement":[{"@type":"ListItem","position":1,"name":"Home","item":"https:\/\/www.masharif.com\/fr\/"},{"@type":"ListItem","position":2,"name":"H\u00e9di Noaman le po\u00e8te g\u00e9n\u00e9reux par :Mohamed Salah Ben Amor"}]},{"@type":"Person","@id":"https:\/\/www.masharif.com\/fr\/#\/schema\/person\/839a7026efe9fa825134097c1041e4a0","name":"Mohamed Salah Ben Amor","image":{"@type":"ImageObject","inLanguage":"fr-FR","@id":"https:\/\/www.masharif.com\/fr\/#\/schema\/person\/image\/","url":"http:\/\/0.gravatar.com\/avatar\/f64806401ad5ed604ffec2272b19ef46?s=96&d=identicon&r=g","contentUrl":"http:\/\/0.gravatar.com\/avatar\/f64806401ad5ed604ffec2272b19ef46?s=96&d=identicon&r=g","caption":"Mohamed Salah Ben Amor"},"sameAs":["http:\/\/ben-amor.info"],"url":"http:\/\/www.masharif.com\/fr\/author\/msba\/"}]}},"_links":{"self":[{"href":"http:\/\/www.masharif.com\/fr\/wp-json\/wp\/v2\/posts\/6447"}],"collection":[{"href":"http:\/\/www.masharif.com\/fr\/wp-json\/wp\/v2\/posts"}],"about":[{"href":"http:\/\/www.masharif.com\/fr\/wp-json\/wp\/v2\/types\/post"}],"author":[{"embeddable":true,"href":"http:\/\/www.masharif.com\/fr\/wp-json\/wp\/v2\/users\/2"}],"replies":[{"embeddable":true,"href":"http:\/\/www.masharif.com\/fr\/wp-json\/wp\/v2\/comments?post=6447"}],"version-history":[{"count":3,"href":"http:\/\/www.masharif.com\/fr\/wp-json\/wp\/v2\/posts\/6447\/revisions"}],"predecessor-version":[{"id":6451,"href":"http:\/\/www.masharif.com\/fr\/wp-json\/wp\/v2\/posts\/6447\/revisions\/6451"}],"wp:featuredmedia":[{"embeddable":true,"href":"http:\/\/www.masharif.com\/fr\/wp-json\/wp\/v2\/media\/6448"}],"wp:attachment":[{"href":"http:\/\/www.masharif.com\/fr\/wp-json\/wp\/v2\/media?parent=6447"}],"wp:term":[{"taxonomy":"category","embeddable":true,"href":"http:\/\/www.masharif.com\/fr\/wp-json\/wp\/v2\/categories?post=6447"},{"taxonomy":"post_tag","embeddable":true,"href":"http:\/\/www.masharif.com\/fr\/wp-json\/wp\/v2\/tags?post=6447"}],"curies":[{"name":"wp","href":"https:\/\/api.w.org\/{rel}","templated":true}]}}