{"id":6431,"date":"2017-12-13T11:52:35","date_gmt":"2017-12-13T10:52:35","guid":{"rendered":"http:\/\/www.masharif.com\/fr\/?p=6431"},"modified":"2017-12-13T11:52:35","modified_gmt":"2017-12-13T10:52:35","slug":"arbres-bas-fatima-maaouia-poete-tuniso-algerienne-tunis","status":"publish","type":"post","link":"http:\/\/www.masharif.com\/fr\/2017\/12\/13\/arbres-bas-fatima-maaouia-poete-tuniso-algerienne-tunis\/","title":{"rendered":"Les arbres, l\u00e0-bas &#8230; par : Fatima Maaouia \u2013po\u00e8te tuniso \u2013alg\u00e9rienne \u2013Tunis"},"content":{"rendered":"<div id=\"attachment_6220\" style=\"width: 250px\" class=\"wp-caption alignnone\"><a href=\"http:\/\/www.masharif.com\/fr\/wp-content\/uploads\/2017\/11\/21370859_857107191132835_2989312668148610356_n.jpg\"><img aria-describedby=\"caption-attachment-6220\" loading=\"lazy\" class=\"wp-image-6220 size-full\" src=\"http:\/\/www.masharif.com\/fr\/wp-content\/uploads\/2017\/11\/21370859_857107191132835_2989312668148610356_n.jpg\" alt=\"\" width=\"240\" height=\"240\" srcset=\"http:\/\/www.masharif.com\/fr\/wp-content\/uploads\/2017\/11\/21370859_857107191132835_2989312668148610356_n.jpg 240w, http:\/\/www.masharif.com\/fr\/wp-content\/uploads\/2017\/11\/21370859_857107191132835_2989312668148610356_n-150x150.jpg 150w, http:\/\/www.masharif.com\/fr\/wp-content\/uploads\/2017\/11\/21370859_857107191132835_2989312668148610356_n-55x55.jpg 55w\" sizes=\"(max-width: 240px) 100vw, 240px\" \/><\/a><p id=\"caption-attachment-6220\" class=\"wp-caption-text\">Fatima Maaouia<\/p><\/div>\n<p><a href=\"http:\/\/www.masharif.com\/fr\/wp-content\/uploads\/2017\/12\/24993103_900109146832639_7385788587286123556_n.jpg\"><img loading=\"lazy\" class=\"alignnone size-medium wp-image-6432\" src=\"http:\/\/www.masharif.com\/fr\/wp-content\/uploads\/2017\/12\/24993103_900109146832639_7385788587286123556_n-300x200.jpg\" alt=\"\" width=\"300\" height=\"200\" srcset=\"http:\/\/www.masharif.com\/fr\/wp-content\/uploads\/2017\/12\/24993103_900109146832639_7385788587286123556_n-300x200.jpg 300w, http:\/\/www.masharif.com\/fr\/wp-content\/uploads\/2017\/12\/24993103_900109146832639_7385788587286123556_n-768x512.jpg 768w, http:\/\/www.masharif.com\/fr\/wp-content\/uploads\/2017\/12\/24993103_900109146832639_7385788587286123556_n.jpg 960w\" sizes=\"(max-width: 300px) 100vw, 300px\" \/><\/a><\/p>\n<p><strong>Les arbres l\u00e0-bas<\/strong><br \/>\n<strong> Comme une for\u00eat de bras\u00a0<\/strong><br \/>\n<strong> Saupoudr\u00e9s de sucre glace<\/strong><br \/>\n<strong> Feuillage pris au pi\u00e8ge<\/strong><br \/>\n<strong> De la neige<\/strong><br \/>\n<strong> Al\u00e9as, app\u00e2ts et guet-apens<\/strong><br \/>\n<strong> Du mauvais temps<\/strong><\/p>\n<p><strong>Les arbres en plein vent<\/strong><br \/>\n<strong> Tell et Atlas<\/strong><br \/>\n<strong> Moineaux<\/strong><br \/>\n<strong> Surpris sur place\u00a0<\/strong><br \/>\n<strong> Flancs nus<\/strong><br \/>\n<strong> Que carde et fige la glace\u00a0<\/strong><br \/>\n<strong> Qui vrille les doigts\u00a0<\/strong><br \/>\n<strong> O\u00f9 crevasses, glu<\/strong><br \/>\n<strong> Et poix<\/strong><br \/>\n<strong> S&#8217;entassent<\/strong><\/p>\n<p><strong>Les arbres l\u00e0-bas<\/strong><br \/>\n<strong> Ou s&#8217;\u00e9teint la voix<\/strong><br \/>\n<strong> S&#8217;efface le pas&#8230;<\/strong><\/p>\n<p><strong>Tant qu&#8217;\u00e0 faire\u00a0<\/strong><br \/>\n<strong> Quand doigts<\/strong><br \/>\n<strong> Crochus par le gel cruel<\/strong><br \/>\n<strong> Ont trop froid<\/strong><br \/>\n<strong> Et qu&#8217;on ne peut jeter le nez dehors&#8230;<\/strong><\/p>\n<p><strong>Quoi de mieux \u00e0 faire<\/strong><br \/>\n<strong> Pour proclamer sa foi\u00a0<\/strong><br \/>\n<strong> Quand on croit<\/strong><br \/>\n<strong> Dur comme fer &#8230;au Vert<\/strong><br \/>\n<strong> Qui cro\u00eet\u00a0<\/strong><br \/>\n<strong> Que de tricoter avec coeur\u00a0<\/strong><br \/>\n<strong> Des fruits et des fleurs\u00a0<\/strong><br \/>\n<strong> En plein hiver ?<\/strong><\/p>\n<p><strong>Les arbres l\u00e0- bas\u00a0<\/strong><br \/>\n<strong> Comme une haie d&#8217;honneur\u00a0<\/strong><br \/>\n<strong> Font front&#8230;<\/strong><br \/>\n<strong> Contre le bois mort<\/strong><\/p>\n<p><strong>Pas \u00e0 pas\u00a0<\/strong><br \/>\n<strong> Au tr\u00e9fonds<\/strong><br \/>\n<strong> Du fort int\u00e9rieur<\/strong><br \/>\n<strong> Du tronc\u00a0<\/strong><br \/>\n<strong> O\u00f9 l&#8217;\u00e9lan des sarments ferveur dort<\/strong><br \/>\n<strong> Captent l&#8217;or des aurores<\/strong><\/p>\n<p><strong>A feu doux ,\u00a0<\/strong><br \/>\n<strong> Abreuvent leurs genoux sous embargo<\/strong><br \/>\n<strong> De mots doux\u00a0<\/strong><br \/>\n<strong> D\u00e9font neiges et verglas<\/strong><br \/>\n<strong> Et dans la zazoua du temps<\/strong><br \/>\n<strong> Pr\u00e9parent d\u00e9j\u00e0<\/strong><br \/>\n<strong> La baraka du printemps. <\/strong><\/p>\n","protected":false},"excerpt":{"rendered":"<p>Les arbres l\u00e0-bas Comme une for\u00eat de bras\u00a0 Saupoudr\u00e9s de sucre glace Feuillage pris au pi\u00e8ge De la neige Al\u00e9as, app\u00e2ts et guet-apens Du mauvais temps Les arbres en plein vent Tell et Atlas Moineaux Surpris sur place\u00a0 Flancs nus Que carde et fige la glace\u00a0 Qui vrille les doigts\u00a0 O\u00f9 crevasses, glu Et poix &#8230;<\/p>\n","protected":false},"author":2,"featured_media":6432,"comment_status":"open","ping_status":"open","sticky":false,"template":"","format":"standard","meta":[],"categories":[4],"tags":[],"yoast_head":"<!-- This site is optimized with the Yoast SEO plugin v19.3 - https:\/\/yoast.com\/wordpress\/plugins\/seo\/ -->\n<title>Les arbres, l\u00e0-bas ... par : Fatima Maaouia \u2013po\u00e8te tuniso \u2013alg\u00e9rienne \u2013Tunis - Culminances<\/title>\n<meta name=\"robots\" content=\"index, follow, max-snippet:-1, max-image-preview:large, max-video-preview:-1\" \/>\n<link rel=\"canonical\" href=\"http:\/\/www.masharif.com\/fr\/2017\/12\/13\/arbres-bas-fatima-maaouia-poete-tuniso-algerienne-tunis\/\" \/>\n<meta property=\"og:locale\" content=\"fr_FR\" \/>\n<meta property=\"og:type\" content=\"article\" \/>\n<meta property=\"og:title\" content=\"Les arbres, l\u00e0-bas ... par : Fatima Maaouia \u2013po\u00e8te tuniso \u2013alg\u00e9rienne \u2013Tunis - Culminances\" \/>\n<meta property=\"og:description\" content=\"Les arbres l\u00e0-bas Comme une for\u00eat de bras\u00a0 Saupoudr\u00e9s de sucre glace Feuillage pris au pi\u00e8ge De la neige Al\u00e9as, app\u00e2ts et guet-apens Du mauvais temps Les arbres en plein vent Tell et Atlas Moineaux Surpris sur place\u00a0 Flancs nus Que carde et fige la glace\u00a0 Qui vrille les doigts\u00a0 O\u00f9 crevasses, glu Et poix ...\" \/>\n<meta property=\"og:url\" content=\"http:\/\/www.masharif.com\/fr\/2017\/12\/13\/arbres-bas-fatima-maaouia-poete-tuniso-algerienne-tunis\/\" \/>\n<meta property=\"og:site_name\" content=\"Culminances\" \/>\n<meta property=\"article:published_time\" content=\"2017-12-13T10:52:35+00:00\" \/>\n<meta property=\"og:image\" content=\"http:\/\/www.masharif.com\/fr\/wp-content\/uploads\/2017\/12\/24993103_900109146832639_7385788587286123556_n.jpg\" \/>\n\t<meta property=\"og:image:width\" content=\"960\" \/>\n\t<meta property=\"og:image:height\" content=\"640\" \/>\n\t<meta property=\"og:image:type\" content=\"image\/jpeg\" \/>\n<meta name=\"author\" content=\"Mohamed Salah Ben Amor\" \/>\n<meta name=\"twitter:card\" content=\"summary\" \/>\n<meta name=\"twitter:label1\" content=\"\u00c9crit par\" \/>\n\t<meta name=\"twitter:data1\" content=\"Mohamed Salah Ben Amor\" \/>\n\t<meta name=\"twitter:label2\" content=\"Dur\u00e9e de lecture estim\u00e9e\" \/>\n\t<meta name=\"twitter:data2\" content=\"1 minute\" \/>\n<script type=\"application\/ld+json\" class=\"yoast-schema-graph\">{\"@context\":\"https:\/\/schema.org\",\"@graph\":[{\"@type\":\"WebSite\",\"@id\":\"https:\/\/www.masharif.com\/fr\/#website\",\"url\":\"https:\/\/www.masharif.com\/fr\/\",\"name\":\"Culminances\",\"description\":\"\",\"potentialAction\":[{\"@type\":\"SearchAction\",\"target\":{\"@type\":\"EntryPoint\",\"urlTemplate\":\"https:\/\/www.masharif.com\/fr\/?s={search_term_string}\"},\"query-input\":\"required name=search_term_string\"}],\"inLanguage\":\"fr-FR\"},{\"@type\":\"ImageObject\",\"inLanguage\":\"fr-FR\",\"@id\":\"http:\/\/www.masharif.com\/fr\/2017\/12\/13\/arbres-bas-fatima-maaouia-poete-tuniso-algerienne-tunis\/#primaryimage\",\"url\":\"http:\/\/www.masharif.com\/fr\/wp-content\/uploads\/2017\/12\/24993103_900109146832639_7385788587286123556_n.jpg\",\"contentUrl\":\"http:\/\/www.masharif.com\/fr\/wp-content\/uploads\/2017\/12\/24993103_900109146832639_7385788587286123556_n.jpg\",\"width\":960,\"height\":640},{\"@type\":\"WebPage\",\"@id\":\"http:\/\/www.masharif.com\/fr\/2017\/12\/13\/arbres-bas-fatima-maaouia-poete-tuniso-algerienne-tunis\/\",\"url\":\"http:\/\/www.masharif.com\/fr\/2017\/12\/13\/arbres-bas-fatima-maaouia-poete-tuniso-algerienne-tunis\/\",\"name\":\"Les arbres, l\u00e0-bas ... par : Fatima Maaouia \u2013po\u00e8te tuniso \u2013alg\u00e9rienne \u2013Tunis - Culminances\",\"isPartOf\":{\"@id\":\"https:\/\/www.masharif.com\/fr\/#website\"},\"primaryImageOfPage\":{\"@id\":\"http:\/\/www.masharif.com\/fr\/2017\/12\/13\/arbres-bas-fatima-maaouia-poete-tuniso-algerienne-tunis\/#primaryimage\"},\"datePublished\":\"2017-12-13T10:52:35+00:00\",\"dateModified\":\"2017-12-13T10:52:35+00:00\",\"author\":{\"@id\":\"https:\/\/www.masharif.com\/fr\/#\/schema\/person\/839a7026efe9fa825134097c1041e4a0\"},\"breadcrumb\":{\"@id\":\"http:\/\/www.masharif.com\/fr\/2017\/12\/13\/arbres-bas-fatima-maaouia-poete-tuniso-algerienne-tunis\/#breadcrumb\"},\"inLanguage\":\"fr-FR\",\"potentialAction\":[{\"@type\":\"ReadAction\",\"target\":[\"http:\/\/www.masharif.com\/fr\/2017\/12\/13\/arbres-bas-fatima-maaouia-poete-tuniso-algerienne-tunis\/\"]}]},{\"@type\":\"BreadcrumbList\",\"@id\":\"http:\/\/www.masharif.com\/fr\/2017\/12\/13\/arbres-bas-fatima-maaouia-poete-tuniso-algerienne-tunis\/#breadcrumb\",\"itemListElement\":[{\"@type\":\"ListItem\",\"position\":1,\"name\":\"Home\",\"item\":\"https:\/\/www.masharif.com\/fr\/\"},{\"@type\":\"ListItem\",\"position\":2,\"name\":\"Les arbres, l\u00e0-bas &#8230; par : Fatima Maaouia \u2013po\u00e8te tuniso \u2013alg\u00e9rienne \u2013Tunis\"}]},{\"@type\":\"Person\",\"@id\":\"https:\/\/www.masharif.com\/fr\/#\/schema\/person\/839a7026efe9fa825134097c1041e4a0\",\"name\":\"Mohamed Salah Ben Amor\",\"image\":{\"@type\":\"ImageObject\",\"inLanguage\":\"fr-FR\",\"@id\":\"https:\/\/www.masharif.com\/fr\/#\/schema\/person\/image\/\",\"url\":\"http:\/\/0.gravatar.com\/avatar\/f64806401ad5ed604ffec2272b19ef46?s=96&d=identicon&r=g\",\"contentUrl\":\"http:\/\/0.gravatar.com\/avatar\/f64806401ad5ed604ffec2272b19ef46?s=96&d=identicon&r=g\",\"caption\":\"Mohamed Salah Ben Amor\"},\"sameAs\":[\"http:\/\/ben-amor.info\"],\"url\":\"http:\/\/www.masharif.com\/fr\/author\/msba\/\"}]}<\/script>\n<!-- \/ Yoast SEO plugin. -->","yoast_head_json":{"title":"Les arbres, l\u00e0-bas ... par : Fatima Maaouia \u2013po\u00e8te tuniso \u2013alg\u00e9rienne \u2013Tunis - Culminances","robots":{"index":"index","follow":"follow","max-snippet":"max-snippet:-1","max-image-preview":"max-image-preview:large","max-video-preview":"max-video-preview:-1"},"canonical":"http:\/\/www.masharif.com\/fr\/2017\/12\/13\/arbres-bas-fatima-maaouia-poete-tuniso-algerienne-tunis\/","og_locale":"fr_FR","og_type":"article","og_title":"Les arbres, l\u00e0-bas ... par : Fatima Maaouia \u2013po\u00e8te tuniso \u2013alg\u00e9rienne \u2013Tunis - Culminances","og_description":"Les arbres l\u00e0-bas Comme une for\u00eat de bras\u00a0 Saupoudr\u00e9s de sucre glace Feuillage pris au pi\u00e8ge De la neige Al\u00e9as, app\u00e2ts et guet-apens Du mauvais temps Les arbres en plein vent Tell et Atlas Moineaux Surpris sur place\u00a0 Flancs nus Que carde et fige la glace\u00a0 Qui vrille les doigts\u00a0 O\u00f9 crevasses, glu Et poix ...","og_url":"http:\/\/www.masharif.com\/fr\/2017\/12\/13\/arbres-bas-fatima-maaouia-poete-tuniso-algerienne-tunis\/","og_site_name":"Culminances","article_published_time":"2017-12-13T10:52:35+00:00","og_image":[{"width":960,"height":640,"url":"http:\/\/www.masharif.com\/fr\/wp-content\/uploads\/2017\/12\/24993103_900109146832639_7385788587286123556_n.jpg","type":"image\/jpeg"}],"author":"Mohamed Salah Ben Amor","twitter_card":"summary","twitter_misc":{"\u00c9crit par":"Mohamed Salah Ben Amor","Dur\u00e9e de lecture estim\u00e9e":"1 minute"},"schema":{"@context":"https:\/\/schema.org","@graph":[{"@type":"WebSite","@id":"https:\/\/www.masharif.com\/fr\/#website","url":"https:\/\/www.masharif.com\/fr\/","name":"Culminances","description":"","potentialAction":[{"@type":"SearchAction","target":{"@type":"EntryPoint","urlTemplate":"https:\/\/www.masharif.com\/fr\/?s={search_term_string}"},"query-input":"required name=search_term_string"}],"inLanguage":"fr-FR"},{"@type":"ImageObject","inLanguage":"fr-FR","@id":"http:\/\/www.masharif.com\/fr\/2017\/12\/13\/arbres-bas-fatima-maaouia-poete-tuniso-algerienne-tunis\/#primaryimage","url":"http:\/\/www.masharif.com\/fr\/wp-content\/uploads\/2017\/12\/24993103_900109146832639_7385788587286123556_n.jpg","contentUrl":"http:\/\/www.masharif.com\/fr\/wp-content\/uploads\/2017\/12\/24993103_900109146832639_7385788587286123556_n.jpg","width":960,"height":640},{"@type":"WebPage","@id":"http:\/\/www.masharif.com\/fr\/2017\/12\/13\/arbres-bas-fatima-maaouia-poete-tuniso-algerienne-tunis\/","url":"http:\/\/www.masharif.com\/fr\/2017\/12\/13\/arbres-bas-fatima-maaouia-poete-tuniso-algerienne-tunis\/","name":"Les arbres, l\u00e0-bas ... par : Fatima Maaouia \u2013po\u00e8te tuniso \u2013alg\u00e9rienne \u2013Tunis - Culminances","isPartOf":{"@id":"https:\/\/www.masharif.com\/fr\/#website"},"primaryImageOfPage":{"@id":"http:\/\/www.masharif.com\/fr\/2017\/12\/13\/arbres-bas-fatima-maaouia-poete-tuniso-algerienne-tunis\/#primaryimage"},"datePublished":"2017-12-13T10:52:35+00:00","dateModified":"2017-12-13T10:52:35+00:00","author":{"@id":"https:\/\/www.masharif.com\/fr\/#\/schema\/person\/839a7026efe9fa825134097c1041e4a0"},"breadcrumb":{"@id":"http:\/\/www.masharif.com\/fr\/2017\/12\/13\/arbres-bas-fatima-maaouia-poete-tuniso-algerienne-tunis\/#breadcrumb"},"inLanguage":"fr-FR","potentialAction":[{"@type":"ReadAction","target":["http:\/\/www.masharif.com\/fr\/2017\/12\/13\/arbres-bas-fatima-maaouia-poete-tuniso-algerienne-tunis\/"]}]},{"@type":"BreadcrumbList","@id":"http:\/\/www.masharif.com\/fr\/2017\/12\/13\/arbres-bas-fatima-maaouia-poete-tuniso-algerienne-tunis\/#breadcrumb","itemListElement":[{"@type":"ListItem","position":1,"name":"Home","item":"https:\/\/www.masharif.com\/fr\/"},{"@type":"ListItem","position":2,"name":"Les arbres, l\u00e0-bas &#8230; par : Fatima Maaouia \u2013po\u00e8te tuniso \u2013alg\u00e9rienne \u2013Tunis"}]},{"@type":"Person","@id":"https:\/\/www.masharif.com\/fr\/#\/schema\/person\/839a7026efe9fa825134097c1041e4a0","name":"Mohamed Salah Ben Amor","image":{"@type":"ImageObject","inLanguage":"fr-FR","@id":"https:\/\/www.masharif.com\/fr\/#\/schema\/person\/image\/","url":"http:\/\/0.gravatar.com\/avatar\/f64806401ad5ed604ffec2272b19ef46?s=96&d=identicon&r=g","contentUrl":"http:\/\/0.gravatar.com\/avatar\/f64806401ad5ed604ffec2272b19ef46?s=96&d=identicon&r=g","caption":"Mohamed Salah Ben Amor"},"sameAs":["http:\/\/ben-amor.info"],"url":"http:\/\/www.masharif.com\/fr\/author\/msba\/"}]}},"_links":{"self":[{"href":"http:\/\/www.masharif.com\/fr\/wp-json\/wp\/v2\/posts\/6431"}],"collection":[{"href":"http:\/\/www.masharif.com\/fr\/wp-json\/wp\/v2\/posts"}],"about":[{"href":"http:\/\/www.masharif.com\/fr\/wp-json\/wp\/v2\/types\/post"}],"author":[{"embeddable":true,"href":"http:\/\/www.masharif.com\/fr\/wp-json\/wp\/v2\/users\/2"}],"replies":[{"embeddable":true,"href":"http:\/\/www.masharif.com\/fr\/wp-json\/wp\/v2\/comments?post=6431"}],"version-history":[{"count":1,"href":"http:\/\/www.masharif.com\/fr\/wp-json\/wp\/v2\/posts\/6431\/revisions"}],"predecessor-version":[{"id":6433,"href":"http:\/\/www.masharif.com\/fr\/wp-json\/wp\/v2\/posts\/6431\/revisions\/6433"}],"wp:featuredmedia":[{"embeddable":true,"href":"http:\/\/www.masharif.com\/fr\/wp-json\/wp\/v2\/media\/6432"}],"wp:attachment":[{"href":"http:\/\/www.masharif.com\/fr\/wp-json\/wp\/v2\/media?parent=6431"}],"wp:term":[{"taxonomy":"category","embeddable":true,"href":"http:\/\/www.masharif.com\/fr\/wp-json\/wp\/v2\/categories?post=6431"},{"taxonomy":"post_tag","embeddable":true,"href":"http:\/\/www.masharif.com\/fr\/wp-json\/wp\/v2\/tags?post=6431"}],"curies":[{"name":"wp","href":"https:\/\/api.w.org\/{rel}","templated":true}]}}