{"id":6367,"date":"2017-12-04T17:52:33","date_gmt":"2017-12-04T16:52:33","guid":{"rendered":"http:\/\/www.masharif.com\/fr\/?p=6367"},"modified":"2017-12-04T17:52:33","modified_gmt":"2017-12-04T16:52:33","slug":"trois-nouveaux-poemes-de-fatima-maaouia-poete-tuniso-algerienne-tunis","status":"publish","type":"post","link":"http:\/\/www.masharif.com\/fr\/2017\/12\/04\/trois-nouveaux-poemes-de-fatima-maaouia-poete-tuniso-algerienne-tunis\/","title":{"rendered":"Trois nouveaux po\u00e8mes de Fatima Maaouia \u2013 po\u00e8te tuniso-alg\u00e9rienne \u2013 Tunis"},"content":{"rendered":"<div id=\"attachment_6220\" style=\"width: 250px\" class=\"wp-caption alignnone\"><a href=\"http:\/\/www.masharif.com\/fr\/wp-content\/uploads\/2017\/11\/21370859_857107191132835_2989312668148610356_n.jpg\"><img aria-describedby=\"caption-attachment-6220\" loading=\"lazy\" class=\"wp-image-6220 size-full\" src=\"http:\/\/www.masharif.com\/fr\/wp-content\/uploads\/2017\/11\/21370859_857107191132835_2989312668148610356_n.jpg\" alt=\"\" width=\"240\" height=\"240\" srcset=\"http:\/\/www.masharif.com\/fr\/wp-content\/uploads\/2017\/11\/21370859_857107191132835_2989312668148610356_n.jpg 240w, http:\/\/www.masharif.com\/fr\/wp-content\/uploads\/2017\/11\/21370859_857107191132835_2989312668148610356_n-150x150.jpg 150w, http:\/\/www.masharif.com\/fr\/wp-content\/uploads\/2017\/11\/21370859_857107191132835_2989312668148610356_n-55x55.jpg 55w\" sizes=\"(max-width: 240px) 100vw, 240px\" \/><\/a><p id=\"caption-attachment-6220\" class=\"wp-caption-text\">Fatima Maaouia<\/p><\/div>\n<p><a href=\"http:\/\/www.masharif.com\/fr\/wp-content\/uploads\/2017\/12\/assida1.jpg\"><img loading=\"lazy\" class=\"size-medium wp-image-6368 aligncenter\" src=\"http:\/\/www.masharif.com\/fr\/wp-content\/uploads\/2017\/12\/assida1-300x225.jpg\" alt=\"\" width=\"300\" height=\"225\" srcset=\"http:\/\/www.masharif.com\/fr\/wp-content\/uploads\/2017\/12\/assida1-300x225.jpg 300w, http:\/\/www.masharif.com\/fr\/wp-content\/uploads\/2017\/12\/assida1.jpg 650w\" sizes=\"(max-width: 300px) 100vw, 300px\" \/><\/a><\/p>\n<p style=\"text-align: center;\">Le\u00e7on d&#8217;histoire &#8230;<\/p>\n<p style=\"text-align: center;\">\n<p style=\"text-align: center;\">Il n&#8217;y a pas de guerres froides<br \/>\nSeuls les cadavres et le sang<br \/>\nLe sont&#8230;<br \/>\nFroids et roides&#8230;<\/p>\n<p style=\"text-align: center;\">On met juste sa neige et sa batterie<br \/>\nFer et vert de gris<br \/>\nD&#8217;aujourd&#8217;hui<br \/>\nJadis et nagu\u00e8re<br \/>\nSous verre<br \/>\nAu frigo<br \/>\nLe temps n\u00e9cessaire<br \/>\nQu&#8217;il faut<br \/>\nPour que le froid<br \/>\nDe sa fleur de malheur<br \/>\nPour laquelle le bras meurt<br \/>\nEt tr\u00e9passe<br \/>\nEt parfois d\u00e9croche<br \/>\nUne pauvre croix&#8230;<br \/>\nD&#8217;heure en heure<br \/>\nEn heurts<br \/>\nD\u00e9passe<br \/>\nTous les pals<br \/>\nEt fleurs du mal<br \/>\nAfin que sa poix,<br \/>\nSoit<br \/>\nToujours \u00e0 point<br \/>\nSur le pied de guerre<br \/>\nPour barioler la terre<br \/>\nDe coups de poings<br \/>\nDe sang et de col\u00e8re<\/p>\n<p style=\"text-align: center;\"><a href=\"http:\/\/www.masharif.com\/fr\/wp-content\/uploads\/2017\/12\/silhouette-2916492_960_720.jpg\"><img loading=\"lazy\" class=\"size-medium wp-image-6369 aligncenter\" src=\"http:\/\/www.masharif.com\/fr\/wp-content\/uploads\/2017\/12\/silhouette-2916492_960_720-300x153.jpg\" alt=\"\" width=\"300\" height=\"153\" srcset=\"http:\/\/www.masharif.com\/fr\/wp-content\/uploads\/2017\/12\/silhouette-2916492_960_720-300x153.jpg 300w, http:\/\/www.masharif.com\/fr\/wp-content\/uploads\/2017\/12\/silhouette-2916492_960_720-768x392.jpg 768w, http:\/\/www.masharif.com\/fr\/wp-content\/uploads\/2017\/12\/silhouette-2916492_960_720-1024x523.jpg 1024w, http:\/\/www.masharif.com\/fr\/wp-content\/uploads\/2017\/12\/silhouette-2916492_960_720.jpg 1920w\" sizes=\"(max-width: 300px) 100vw, 300px\" \/><\/a><\/p>\n<p style=\"text-align: center;\">La vie&#8230;<\/p>\n<p style=\"text-align: center;\">\n<p style=\"text-align: center;\">\n<p style=\"text-align: center;\">La vie,<\/p>\n<p style=\"text-align: center;\">Je tiens \u00e0 te dire<\/p>\n<p style=\"text-align: center;\">Que je tiens \u00e0 toi<\/p>\n<p style=\"text-align: center;\">Plus qu&#8217;\u00e0 n&#8217;importe qui&#8230;<\/p>\n<p style=\"text-align: center;\">Je pense souvent \u00e0\u00a0 toi<\/p>\n<p style=\"text-align: center;\">Surtout quand il fait froid<br \/>\nLa vie, toute la vie, rien que la vie&#8230;<\/p>\n<p style=\"text-align: center;\">T&#8217;as pas de prix<\/p>\n<p style=\"text-align: center;\">C&#8217;est peu dire<\/p>\n<p style=\"text-align: center;\">Si je te dis que pour moi<\/p>\n<p style=\"text-align: center;\">C&#8217;est pour la vie<br \/>\nMais, ma fille<\/p>\n<p style=\"text-align: center;\">Parfois<\/p>\n<p style=\"text-align: center;\">Si tu vois la t\u00eate que tu fais<\/p>\n<p style=\"text-align: center;\">Je me demande si c&#8217;est bien toi<\/p>\n<p style=\"text-align: center;\">Ma bonne f\u00e9e<br \/>\nDepuis qu&#8217;on se connait<\/p>\n<p style=\"text-align: center;\">C&#8217;est \u00e0 dire depuis que je suis n\u00e9e<\/p>\n<p style=\"text-align: center;\">Tu me manques toujours autant tu sais<br \/>\nSi j&#8217;ai mis du temps pour te le dire<\/p>\n<p style=\"text-align: center;\">C&#8217;est par manque de temps<\/p>\n<p style=\"text-align: center;\">Qui n&#8217;a pas permis au fond<\/p>\n<p style=\"text-align: center;\">Qu&#8217;on prenne un peu de temps pour rire<\/p>\n<p style=\"text-align: center;\">Et bien nous connaitre \u00e0 fond<br \/>\nQue de fois je me\u00a0 suis dis<\/p>\n<p style=\"text-align: center;\">Que \u00e7a\u00a0 aurait pu se passer mieux<\/p>\n<p style=\"text-align: center;\">On aurait pu faire plein de choses \u00e0 deux<\/p>\n<p style=\"text-align: center;\">Mais tu es toujours au volant<\/p>\n<p style=\"text-align: center;\">En mode :&#8221; Ne pas d\u00e9ranger !&#8221;<\/p>\n<p style=\"text-align: center;\">Ne pas d\u00e9ranger !&#8221;Feux!<\/p>\n<p style=\"text-align: center;\">Et moi, tout le temps et en permanence<\/p>\n<p style=\"text-align: center;\">En plein examens\u00a0 de la vie :<\/p>\n<p style=\"text-align: center;\">Urgence!Urgence!<\/p>\n<p style=\"text-align: center;\">Vite,\u00a0 vite !<\/p>\n<p style=\"text-align: center;\">Danger !Danger !<\/p>\n<p style=\"text-align: center;\">Projet en cours!<\/p>\n<p style=\"text-align: center;\">Et l&#8217;on s\u00e8che le cours<\/p>\n<p style=\"text-align: center;\">Et tu ass\u00e8ches le c\u0153ur!<br \/>\nOui, c&#8217;est vrai, j&#8217;ai chang\u00e9e,<\/p>\n<p style=\"text-align: center;\">Mes cheveux blancs<\/p>\n<p style=\"text-align: center;\">Et mon for int\u00e9rieur<\/p>\n<p style=\"text-align: center;\">Devenu autre&#8230; plus que l&#8217;ext\u00e9rieur&#8230;<\/p>\n<p style=\"text-align: center;\">Je te les dois<\/p>\n<p style=\"text-align: center;\">Tu y vas fort!<br \/>\nEn parlant de changement, tu sais<\/p>\n<p style=\"text-align: center;\">T&#8217;as pas mal chang\u00e9 aussi<\/p>\n<p style=\"text-align: center;\">Ces temps-ci..<\/p>\n<p style=\"text-align: center;\">En mieux s&#8217;entend&#8230;<br \/>\nJe mens!<br \/>\nHeureusement!<\/p>\n<p style=\"text-align: center;\">T&#8217;as pas chang\u00e9 pour un\u00a0 sou<\/p>\n<p style=\"text-align: center;\">T&#8217;as toujours ton sale caract\u00e8re et tout<br \/>\nEt en tout<\/p>\n<p style=\"text-align: center;\">Tiens\u00a0 toujours a avoir le dernier mot!<\/p>\n<p style=\"text-align: center;\"><a href=\"http:\/\/www.masharif.com\/fr\/wp-content\/uploads\/2017\/12\/24291622_895784263931794_5646016195765684510_o.jpg\"><img loading=\"lazy\" class=\"size-medium wp-image-6370 aligncenter\" src=\"http:\/\/www.masharif.com\/fr\/wp-content\/uploads\/2017\/12\/24291622_895784263931794_5646016195765684510_o-300x225.jpg\" alt=\"\" width=\"300\" height=\"225\" srcset=\"http:\/\/www.masharif.com\/fr\/wp-content\/uploads\/2017\/12\/24291622_895784263931794_5646016195765684510_o-300x225.jpg 300w, http:\/\/www.masharif.com\/fr\/wp-content\/uploads\/2017\/12\/24291622_895784263931794_5646016195765684510_o-768x576.jpg 768w, http:\/\/www.masharif.com\/fr\/wp-content\/uploads\/2017\/12\/24291622_895784263931794_5646016195765684510_o-1024x768.jpg 1024w, http:\/\/www.masharif.com\/fr\/wp-content\/uploads\/2017\/12\/24291622_895784263931794_5646016195765684510_o.jpg 1334w\" sizes=\"(max-width: 300px) 100vw, 300px\" \/><\/a><\/p>\n<p style=\"text-align: center;\">L&#8217;anneau &#8230;<\/p>\n<p style=\"text-align: center;\">\n<p style=\"text-align: center;\">\n<p style=\"text-align: center;\">Cinq c\u0153urs,<\/p>\n<p style=\"text-align: center;\">Fleurs enlac\u00e9es<br \/>\nPierres pr\u00e9cieuses du jour serties<br \/>\nPour dire \u00e0 l&#8217;hiver<br \/>\nEt au pain rassi<br \/>\nPlants de la mis\u00e8re<br \/>\nToujours assortis :<br \/>\nQui prosp\u00e8rent :<br \/>\n&#8220;Assis ! &#8220;<\/p>\n<p style=\"text-align: center;\">Et \u00e0 la vie,<br \/>\nDont on n&#8217;a jamais assez :<br \/>\n&#8220;Merci !&#8221;<\/p>\n<p style=\"text-align: center;\">C&#8217;est que c&#8217;est mon anniversaire aussi !<\/p>\n<p style=\"text-align: center;\">Je ne le f\u00eate pas toujours, aujourd&#8217;hui, si !<br \/>\n\u00c7a m&#8217;a m\u00eame pris<br \/>\nDe faire un g\u00e2teau&#8230;<\/p>\n<p style=\"text-align: center;\">Un p&#8217;tit bout ?<\/p>\n<p style=\"text-align: center;\">P\u00e9tri de bon matin<br \/>\nDe mes mains<br \/>\nY a de la magie<br \/>\nY a des noix<br \/>\nA gogo<br \/>\nPour repartir \u00e0 z\u00e9ro<\/p>\n<p style=\"text-align: center;\">Recette de l&#8217;espoir<br \/>\nPour tuer dans l&#8217;\u0153uf les id\u00e9es noires ?<\/p>\n<p style=\"text-align: center;\">J&#8217;ai fouett\u00e9 la neige des ann\u00e9es<br \/>\nD\u00e9fait tous les n\u0153uds du fan\u00e9<br \/>\nS\u00e9par\u00e9 le blanc des insomnies<br \/>\nLe jaune du rire<br \/>\nEt m\u00eame baratin\u00e9 \u00e0 genoux<br \/>\nLa farine<br \/>\nPour qu&#8217;elle mette en sourdine<br \/>\nSon imp\u00e9tueux d\u00e9sir<br \/>\nDe grumeaux<\/p>\n<p style=\"text-align: center;\">Y a de la joie dedans<br \/>\nEt sur les bords<br \/>\nL\u2019or<br \/>\nEt l&#8217;argent<br \/>\nExtraits de mes corridors<br \/>\nQue malgr\u00e9 tous ses efforts<br \/>\nLe froid qui mord<br \/>\nN&#8217;a pu mettre dehors!<\/p>\n<p style=\"text-align: center;\">Le levain<br \/>\nY fait la roue<\/p>\n<p style=\"text-align: center;\">Pour celui qui aime mes mots<br \/>\nEt le veut<br \/>\nMes v\u0153ux pour aller mieux &#8230;<\/p>\n<p style=\"text-align: center;\">Et cerise sur le g\u00e2teau<br \/>\nUn anneau surprise<br \/>\nAttends les plus preux<br \/>\nAmoureux du Beau<br \/>\nPour aller plus loin<br \/>\nEt plus haut.<\/p>\n","protected":false},"excerpt":{"rendered":"<p>Le\u00e7on d&#8217;histoire &#8230; Il n&#8217;y a pas de guerres froides Seuls les cadavres et le sang Le sont&#8230; Froids et roides&#8230; On met juste sa neige et sa batterie Fer et vert de gris D&#8217;aujourd&#8217;hui Jadis et nagu\u00e8re Sous verre Au frigo Le temps n\u00e9cessaire Qu&#8217;il faut Pour que le froid De sa fleur de &#8230;<\/p>\n","protected":false},"author":2,"featured_media":6369,"comment_status":"open","ping_status":"open","sticky":false,"template":"","format":"standard","meta":[],"categories":[4],"tags":[],"yoast_head":"<!-- This site is optimized with the Yoast SEO plugin v19.3 - https:\/\/yoast.com\/wordpress\/plugins\/seo\/ -->\n<title>Trois nouveaux po\u00e8mes de Fatima Maaouia \u2013 po\u00e8te tuniso-alg\u00e9rienne \u2013 Tunis - Culminances<\/title>\n<meta name=\"robots\" content=\"index, follow, max-snippet:-1, max-image-preview:large, max-video-preview:-1\" \/>\n<link rel=\"canonical\" href=\"http:\/\/www.masharif.com\/fr\/2017\/12\/04\/trois-nouveaux-poemes-de-fatima-maaouia-poete-tuniso-algerienne-tunis\/\" \/>\n<meta property=\"og:locale\" content=\"fr_FR\" \/>\n<meta property=\"og:type\" content=\"article\" \/>\n<meta property=\"og:title\" content=\"Trois nouveaux po\u00e8mes de Fatima Maaouia \u2013 po\u00e8te tuniso-alg\u00e9rienne \u2013 Tunis - Culminances\" \/>\n<meta property=\"og:description\" content=\"Le\u00e7on d&#8217;histoire &#8230; Il n&#8217;y a pas de guerres froides Seuls les cadavres et le sang Le sont&#8230; Froids et roides&#8230; On met juste sa neige et sa batterie Fer et vert de gris D&#8217;aujourd&#8217;hui Jadis et nagu\u00e8re Sous verre Au frigo Le temps n\u00e9cessaire Qu&#8217;il faut Pour que le froid De sa fleur de ...\" \/>\n<meta property=\"og:url\" content=\"http:\/\/www.masharif.com\/fr\/2017\/12\/04\/trois-nouveaux-poemes-de-fatima-maaouia-poete-tuniso-algerienne-tunis\/\" \/>\n<meta property=\"og:site_name\" content=\"Culminances\" \/>\n<meta property=\"article:published_time\" content=\"2017-12-04T16:52:33+00:00\" \/>\n<meta property=\"og:image\" content=\"http:\/\/www.masharif.com\/fr\/wp-content\/uploads\/2017\/12\/silhouette-2916492_960_720.jpg\" \/>\n\t<meta property=\"og:image:width\" content=\"1920\" \/>\n\t<meta property=\"og:image:height\" content=\"980\" \/>\n\t<meta property=\"og:image:type\" content=\"image\/jpeg\" \/>\n<meta name=\"author\" content=\"Mohamed Salah Ben Amor\" \/>\n<meta name=\"twitter:card\" content=\"summary\" \/>\n<meta name=\"twitter:label1\" content=\"\u00c9crit par\" \/>\n\t<meta name=\"twitter:data1\" content=\"Mohamed Salah Ben Amor\" \/>\n\t<meta name=\"twitter:label2\" content=\"Dur\u00e9e de lecture estim\u00e9e\" \/>\n\t<meta name=\"twitter:data2\" content=\"3 minutes\" \/>\n<script type=\"application\/ld+json\" class=\"yoast-schema-graph\">{\"@context\":\"https:\/\/schema.org\",\"@graph\":[{\"@type\":\"WebSite\",\"@id\":\"https:\/\/www.masharif.com\/fr\/#website\",\"url\":\"https:\/\/www.masharif.com\/fr\/\",\"name\":\"Culminances\",\"description\":\"\",\"potentialAction\":[{\"@type\":\"SearchAction\",\"target\":{\"@type\":\"EntryPoint\",\"urlTemplate\":\"https:\/\/www.masharif.com\/fr\/?s={search_term_string}\"},\"query-input\":\"required name=search_term_string\"}],\"inLanguage\":\"fr-FR\"},{\"@type\":\"ImageObject\",\"inLanguage\":\"fr-FR\",\"@id\":\"http:\/\/www.masharif.com\/fr\/2017\/12\/04\/trois-nouveaux-poemes-de-fatima-maaouia-poete-tuniso-algerienne-tunis\/#primaryimage\",\"url\":\"http:\/\/www.masharif.com\/fr\/wp-content\/uploads\/2017\/12\/silhouette-2916492_960_720.jpg\",\"contentUrl\":\"http:\/\/www.masharif.com\/fr\/wp-content\/uploads\/2017\/12\/silhouette-2916492_960_720.jpg\",\"width\":1920,\"height\":980},{\"@type\":\"WebPage\",\"@id\":\"http:\/\/www.masharif.com\/fr\/2017\/12\/04\/trois-nouveaux-poemes-de-fatima-maaouia-poete-tuniso-algerienne-tunis\/\",\"url\":\"http:\/\/www.masharif.com\/fr\/2017\/12\/04\/trois-nouveaux-poemes-de-fatima-maaouia-poete-tuniso-algerienne-tunis\/\",\"name\":\"Trois nouveaux po\u00e8mes de Fatima Maaouia \u2013 po\u00e8te tuniso-alg\u00e9rienne \u2013 Tunis - Culminances\",\"isPartOf\":{\"@id\":\"https:\/\/www.masharif.com\/fr\/#website\"},\"primaryImageOfPage\":{\"@id\":\"http:\/\/www.masharif.com\/fr\/2017\/12\/04\/trois-nouveaux-poemes-de-fatima-maaouia-poete-tuniso-algerienne-tunis\/#primaryimage\"},\"datePublished\":\"2017-12-04T16:52:33+00:00\",\"dateModified\":\"2017-12-04T16:52:33+00:00\",\"author\":{\"@id\":\"https:\/\/www.masharif.com\/fr\/#\/schema\/person\/839a7026efe9fa825134097c1041e4a0\"},\"breadcrumb\":{\"@id\":\"http:\/\/www.masharif.com\/fr\/2017\/12\/04\/trois-nouveaux-poemes-de-fatima-maaouia-poete-tuniso-algerienne-tunis\/#breadcrumb\"},\"inLanguage\":\"fr-FR\",\"potentialAction\":[{\"@type\":\"ReadAction\",\"target\":[\"http:\/\/www.masharif.com\/fr\/2017\/12\/04\/trois-nouveaux-poemes-de-fatima-maaouia-poete-tuniso-algerienne-tunis\/\"]}]},{\"@type\":\"BreadcrumbList\",\"@id\":\"http:\/\/www.masharif.com\/fr\/2017\/12\/04\/trois-nouveaux-poemes-de-fatima-maaouia-poete-tuniso-algerienne-tunis\/#breadcrumb\",\"itemListElement\":[{\"@type\":\"ListItem\",\"position\":1,\"name\":\"Home\",\"item\":\"https:\/\/www.masharif.com\/fr\/\"},{\"@type\":\"ListItem\",\"position\":2,\"name\":\"Trois nouveaux po\u00e8mes de Fatima Maaouia \u2013 po\u00e8te tuniso-alg\u00e9rienne \u2013 Tunis\"}]},{\"@type\":\"Person\",\"@id\":\"https:\/\/www.masharif.com\/fr\/#\/schema\/person\/839a7026efe9fa825134097c1041e4a0\",\"name\":\"Mohamed Salah Ben Amor\",\"image\":{\"@type\":\"ImageObject\",\"inLanguage\":\"fr-FR\",\"@id\":\"https:\/\/www.masharif.com\/fr\/#\/schema\/person\/image\/\",\"url\":\"http:\/\/0.gravatar.com\/avatar\/f64806401ad5ed604ffec2272b19ef46?s=96&d=identicon&r=g\",\"contentUrl\":\"http:\/\/0.gravatar.com\/avatar\/f64806401ad5ed604ffec2272b19ef46?s=96&d=identicon&r=g\",\"caption\":\"Mohamed Salah Ben Amor\"},\"sameAs\":[\"http:\/\/ben-amor.info\"],\"url\":\"http:\/\/www.masharif.com\/fr\/author\/msba\/\"}]}<\/script>\n<!-- \/ Yoast SEO plugin. -->","yoast_head_json":{"title":"Trois nouveaux po\u00e8mes de Fatima Maaouia \u2013 po\u00e8te tuniso-alg\u00e9rienne \u2013 Tunis - Culminances","robots":{"index":"index","follow":"follow","max-snippet":"max-snippet:-1","max-image-preview":"max-image-preview:large","max-video-preview":"max-video-preview:-1"},"canonical":"http:\/\/www.masharif.com\/fr\/2017\/12\/04\/trois-nouveaux-poemes-de-fatima-maaouia-poete-tuniso-algerienne-tunis\/","og_locale":"fr_FR","og_type":"article","og_title":"Trois nouveaux po\u00e8mes de Fatima Maaouia \u2013 po\u00e8te tuniso-alg\u00e9rienne \u2013 Tunis - Culminances","og_description":"Le\u00e7on d&#8217;histoire &#8230; Il n&#8217;y a pas de guerres froides Seuls les cadavres et le sang Le sont&#8230; Froids et roides&#8230; On met juste sa neige et sa batterie Fer et vert de gris D&#8217;aujourd&#8217;hui Jadis et nagu\u00e8re Sous verre Au frigo Le temps n\u00e9cessaire Qu&#8217;il faut Pour que le froid De sa fleur de ...","og_url":"http:\/\/www.masharif.com\/fr\/2017\/12\/04\/trois-nouveaux-poemes-de-fatima-maaouia-poete-tuniso-algerienne-tunis\/","og_site_name":"Culminances","article_published_time":"2017-12-04T16:52:33+00:00","og_image":[{"width":1920,"height":980,"url":"http:\/\/www.masharif.com\/fr\/wp-content\/uploads\/2017\/12\/silhouette-2916492_960_720.jpg","type":"image\/jpeg"}],"author":"Mohamed Salah Ben Amor","twitter_card":"summary","twitter_misc":{"\u00c9crit par":"Mohamed Salah Ben Amor","Dur\u00e9e de lecture estim\u00e9e":"3 minutes"},"schema":{"@context":"https:\/\/schema.org","@graph":[{"@type":"WebSite","@id":"https:\/\/www.masharif.com\/fr\/#website","url":"https:\/\/www.masharif.com\/fr\/","name":"Culminances","description":"","potentialAction":[{"@type":"SearchAction","target":{"@type":"EntryPoint","urlTemplate":"https:\/\/www.masharif.com\/fr\/?s={search_term_string}"},"query-input":"required name=search_term_string"}],"inLanguage":"fr-FR"},{"@type":"ImageObject","inLanguage":"fr-FR","@id":"http:\/\/www.masharif.com\/fr\/2017\/12\/04\/trois-nouveaux-poemes-de-fatima-maaouia-poete-tuniso-algerienne-tunis\/#primaryimage","url":"http:\/\/www.masharif.com\/fr\/wp-content\/uploads\/2017\/12\/silhouette-2916492_960_720.jpg","contentUrl":"http:\/\/www.masharif.com\/fr\/wp-content\/uploads\/2017\/12\/silhouette-2916492_960_720.jpg","width":1920,"height":980},{"@type":"WebPage","@id":"http:\/\/www.masharif.com\/fr\/2017\/12\/04\/trois-nouveaux-poemes-de-fatima-maaouia-poete-tuniso-algerienne-tunis\/","url":"http:\/\/www.masharif.com\/fr\/2017\/12\/04\/trois-nouveaux-poemes-de-fatima-maaouia-poete-tuniso-algerienne-tunis\/","name":"Trois nouveaux po\u00e8mes de Fatima Maaouia \u2013 po\u00e8te tuniso-alg\u00e9rienne \u2013 Tunis - Culminances","isPartOf":{"@id":"https:\/\/www.masharif.com\/fr\/#website"},"primaryImageOfPage":{"@id":"http:\/\/www.masharif.com\/fr\/2017\/12\/04\/trois-nouveaux-poemes-de-fatima-maaouia-poete-tuniso-algerienne-tunis\/#primaryimage"},"datePublished":"2017-12-04T16:52:33+00:00","dateModified":"2017-12-04T16:52:33+00:00","author":{"@id":"https:\/\/www.masharif.com\/fr\/#\/schema\/person\/839a7026efe9fa825134097c1041e4a0"},"breadcrumb":{"@id":"http:\/\/www.masharif.com\/fr\/2017\/12\/04\/trois-nouveaux-poemes-de-fatima-maaouia-poete-tuniso-algerienne-tunis\/#breadcrumb"},"inLanguage":"fr-FR","potentialAction":[{"@type":"ReadAction","target":["http:\/\/www.masharif.com\/fr\/2017\/12\/04\/trois-nouveaux-poemes-de-fatima-maaouia-poete-tuniso-algerienne-tunis\/"]}]},{"@type":"BreadcrumbList","@id":"http:\/\/www.masharif.com\/fr\/2017\/12\/04\/trois-nouveaux-poemes-de-fatima-maaouia-poete-tuniso-algerienne-tunis\/#breadcrumb","itemListElement":[{"@type":"ListItem","position":1,"name":"Home","item":"https:\/\/www.masharif.com\/fr\/"},{"@type":"ListItem","position":2,"name":"Trois nouveaux po\u00e8mes de Fatima Maaouia \u2013 po\u00e8te tuniso-alg\u00e9rienne \u2013 Tunis"}]},{"@type":"Person","@id":"https:\/\/www.masharif.com\/fr\/#\/schema\/person\/839a7026efe9fa825134097c1041e4a0","name":"Mohamed Salah Ben Amor","image":{"@type":"ImageObject","inLanguage":"fr-FR","@id":"https:\/\/www.masharif.com\/fr\/#\/schema\/person\/image\/","url":"http:\/\/0.gravatar.com\/avatar\/f64806401ad5ed604ffec2272b19ef46?s=96&d=identicon&r=g","contentUrl":"http:\/\/0.gravatar.com\/avatar\/f64806401ad5ed604ffec2272b19ef46?s=96&d=identicon&r=g","caption":"Mohamed Salah Ben Amor"},"sameAs":["http:\/\/ben-amor.info"],"url":"http:\/\/www.masharif.com\/fr\/author\/msba\/"}]}},"_links":{"self":[{"href":"http:\/\/www.masharif.com\/fr\/wp-json\/wp\/v2\/posts\/6367"}],"collection":[{"href":"http:\/\/www.masharif.com\/fr\/wp-json\/wp\/v2\/posts"}],"about":[{"href":"http:\/\/www.masharif.com\/fr\/wp-json\/wp\/v2\/types\/post"}],"author":[{"embeddable":true,"href":"http:\/\/www.masharif.com\/fr\/wp-json\/wp\/v2\/users\/2"}],"replies":[{"embeddable":true,"href":"http:\/\/www.masharif.com\/fr\/wp-json\/wp\/v2\/comments?post=6367"}],"version-history":[{"count":1,"href":"http:\/\/www.masharif.com\/fr\/wp-json\/wp\/v2\/posts\/6367\/revisions"}],"predecessor-version":[{"id":6371,"href":"http:\/\/www.masharif.com\/fr\/wp-json\/wp\/v2\/posts\/6367\/revisions\/6371"}],"wp:featuredmedia":[{"embeddable":true,"href":"http:\/\/www.masharif.com\/fr\/wp-json\/wp\/v2\/media\/6369"}],"wp:attachment":[{"href":"http:\/\/www.masharif.com\/fr\/wp-json\/wp\/v2\/media?parent=6367"}],"wp:term":[{"taxonomy":"category","embeddable":true,"href":"http:\/\/www.masharif.com\/fr\/wp-json\/wp\/v2\/categories?post=6367"},{"taxonomy":"post_tag","embeddable":true,"href":"http:\/\/www.masharif.com\/fr\/wp-json\/wp\/v2\/tags?post=6367"}],"curies":[{"name":"wp","href":"https:\/\/api.w.org\/{rel}","templated":true}]}}