{"id":6323,"date":"2017-11-27T14:19:45","date_gmt":"2017-11-27T13:19:45","guid":{"rendered":"http:\/\/www.masharif.com\/fr\/?p=6323"},"modified":"2017-11-27T14:19:45","modified_gmt":"2017-11-27T13:19:45","slug":"ne-suis-assez-doue-najd-al-qassir-al-salamiyya-syrie","status":"publish","type":"post","link":"http:\/\/www.masharif.com\/fr\/2017\/11\/27\/ne-suis-assez-doue-najd-al-qassir-al-salamiyya-syrie\/","title":{"rendered":"Je ne suis pas assez dou\u00e9 par :Najd Al-Qassir- Al-Salamiyya -Syrie"},"content":{"rendered":"<div id=\"attachment_6152\" style=\"width: 264px\" class=\"wp-caption alignnone\"><a href=\"http:\/\/www.masharif.com\/fr\/wp-content\/uploads\/2017\/10\/18952803_10209702010770274_7013330846083274476_n.jpg\"><img aria-describedby=\"caption-attachment-6152\" loading=\"lazy\" class=\"wp-image-6152 size-medium\" src=\"http:\/\/www.masharif.com\/fr\/wp-content\/uploads\/2017\/10\/18952803_10209702010770274_7013330846083274476_n-254x300.jpg\" alt=\"\" width=\"254\" height=\"300\" srcset=\"http:\/\/www.masharif.com\/fr\/wp-content\/uploads\/2017\/10\/18952803_10209702010770274_7013330846083274476_n-254x300.jpg 254w, http:\/\/www.masharif.com\/fr\/wp-content\/uploads\/2017\/10\/18952803_10209702010770274_7013330846083274476_n-768x907.jpg 768w, http:\/\/www.masharif.com\/fr\/wp-content\/uploads\/2017\/10\/18952803_10209702010770274_7013330846083274476_n.jpg 813w\" sizes=\"(max-width: 254px) 100vw, 254px\" \/><\/a><p id=\"caption-attachment-6152\" class=\"wp-caption-text\">Najd Al-Qassir<\/p><\/div>\n<p><a href=\"http:\/\/www.masharif.com\/fr\/wp-content\/uploads\/2017\/11\/man-2083817_960_720.jpg\"><img loading=\"lazy\" class=\"alignnone size-medium wp-image-6324\" src=\"http:\/\/www.masharif.com\/fr\/wp-content\/uploads\/2017\/11\/man-2083817_960_720-300x193.jpg\" alt=\"\" width=\"300\" height=\"193\" srcset=\"http:\/\/www.masharif.com\/fr\/wp-content\/uploads\/2017\/11\/man-2083817_960_720-300x193.jpg 300w, http:\/\/www.masharif.com\/fr\/wp-content\/uploads\/2017\/11\/man-2083817_960_720-768x494.jpg 768w, http:\/\/www.masharif.com\/fr\/wp-content\/uploads\/2017\/11\/man-2083817_960_720.jpg 960w\" sizes=\"(max-width: 300px) 100vw, 300px\" \/><\/a><\/p>\n<p>&nbsp;<\/p>\n<p><strong>Je ne suis pas assez dou\u00e9<\/strong><\/p>\n<p><strong>Pour voir mon nom<\/strong><\/p>\n<p><strong>Dans la page culturelle<\/strong><\/p>\n<p><strong>De n\u2019importe quel journal ou revue.<\/strong><\/p>\n<p><strong>Il me fallait d\u00e9velopper mes dons et les affermir<\/strong><\/p>\n<p><strong>En c\u00f4toyant les \u00e9crivains et les artistes<\/strong><\/p>\n<p><strong>Dans les centres culturels,<\/strong><\/p>\n<p><strong>Les caf\u00e9s<\/strong><\/p>\n<p><strong>Et les services\u00a0!<\/strong><\/p>\n<p>&nbsp;<\/p>\n<p style=\"text-align: right;\">\n<p style=\"text-align: right;\"><strong>\u0644\u0633\u062a\u064f \u0645\u0648\u0647\u0648\u0628\u064b\u0627 \u0628\u0645\u0627 \u064a\u0643\u0641\u064a : \u0634\u0639\u0631: \u0646\u062c\u062f \u0627\u0644\u0642\u0635\u064a\u0631 &#8211; \u0627\u0644\u0633\u0651\u0644\u0645\u064a\u0651\u0629 &#8211; \u0633\u0648\u0631\u064a\u0629<\/strong><\/p>\n<p style=\"text-align: right;\">\n<p style=\"text-align: right;\"><strong>\u0644\u0633\u062a\u064f \u0645\u0648\u0647\u0648\u0628\u064b\u0627 \u0628\u0645\u0627 \u064a\u0643\u0641\u064a<\/strong><\/p>\n<p style=\"text-align: right;\"><strong>\u0644\u0623\u0631\u0649 \u0627\u0633\u0645\u064a<\/strong><\/p>\n<p style=\"text-align: right;\"><strong>\u0641\u064a \u0627\u0644\u0635\u0651\u0641\u062d\u0629 \u0627\u0644\u062b\u0651\u0642\u0627\u0641\u064a\u0651\u0629<\/strong><\/p>\n<p style=\"text-align: right;\"><strong>\u0644\u0623\u064a\u0651 \u062c\u0631\u064a\u062f\u0629\u064d \u0623\u0648 \u0645\u062c\u0644\u0651\u0629<\/strong><\/p>\n<p style=\"text-align: right;\"><strong>\u0648\u0643\u0627\u0646\u064e \u0644\u0627 \u0628\u062f\u0651\u064e<\/strong><\/p>\n<p style=\"text-align: right;\"><strong>\u0645\u0646 \u062a\u0646\u0645\u064a\u0629\u0650 \u0645\u0648\u0627\u0647\u0628\u064a \u0648\u0635\u0642\u0644\u0650\u0647\u0627<\/strong><\/p>\n<p style=\"text-align: right;\"><strong>\u0628\u0627\u0644\u0627\u062d\u062a\u0643\u0627\u0643\u0650 \u0628\u0627\u0644\u0623\u062f\u0628\u0627\u0621\u0650 \u0648\u0627\u0644\u0641\u0646\u0651\u0627\u0646\u064a\u0646\u0650<\/strong><\/p>\n<p style=\"text-align: right;\"><strong>\u0641\u064a \u0627\u0644\u0645\u0631\u0627\u0643\u0632\u0650 \u0627\u0644\u062b\u0651\u0642\u0627\u0641\u064a\u0651\u0629\u0652<\/strong><\/p>\n<p style=\"text-align: right;\"><strong>\u0648\u0627\u0644\u0645\u0642\u0627\u0647\u064a<\/strong><\/p>\n<p style=\"text-align: right;\"><strong>\u0648\u0627\u0644\u0633\u0651\u0631\u0627\u0641\u064a\u0633\u0650<\/strong><\/p>\n<p>&nbsp;<\/p>\n","protected":false},"excerpt":{"rendered":"<p>&nbsp; Je ne suis pas assez dou\u00e9 Pour voir mon nom Dans la page culturelle De n\u2019importe quel journal ou revue. Il me fallait d\u00e9velopper mes dons et les affermir En c\u00f4toyant les \u00e9crivains et les artistes Dans les centres culturels, Les caf\u00e9s Et les services\u00a0! &nbsp; \u0644\u0633\u062a\u064f \u0645\u0648\u0647\u0648\u0628\u064b\u0627 \u0628\u0645\u0627 \u064a\u0643\u0641\u064a : \u0634\u0639\u0631: \u0646\u062c\u062f \u0627\u0644\u0642\u0635\u064a\u0631 &#8230;<\/p>\n","protected":false},"author":2,"featured_media":6152,"comment_status":"open","ping_status":"open","sticky":false,"template":"","format":"standard","meta":[],"categories":[6],"tags":[],"yoast_head":"<!-- This site is optimized with the Yoast SEO plugin v19.3 - https:\/\/yoast.com\/wordpress\/plugins\/seo\/ -->\n<title>Je ne suis pas assez dou\u00e9 par :Najd Al-Qassir- Al-Salamiyya -Syrie - Culminances<\/title>\n<meta name=\"robots\" content=\"index, follow, max-snippet:-1, max-image-preview:large, max-video-preview:-1\" \/>\n<link rel=\"canonical\" href=\"https:\/\/www.masharif.com\/fr\/2017\/11\/27\/ne-suis-assez-doue-najd-al-qassir-al-salamiyya-syrie\/\" \/>\n<meta property=\"og:locale\" content=\"fr_FR\" \/>\n<meta property=\"og:type\" content=\"article\" \/>\n<meta property=\"og:title\" content=\"Je ne suis pas assez dou\u00e9 par :Najd Al-Qassir- Al-Salamiyya -Syrie - Culminances\" \/>\n<meta property=\"og:description\" content=\"&nbsp; Je ne suis pas assez dou\u00e9 Pour voir mon nom Dans la page culturelle De n\u2019importe quel journal ou revue. Il me fallait d\u00e9velopper mes dons et les affermir En c\u00f4toyant les \u00e9crivains et les artistes Dans les centres culturels, Les caf\u00e9s Et les services\u00a0! &nbsp; \u0644\u0633\u062a\u064f \u0645\u0648\u0647\u0648\u0628\u064b\u0627 \u0628\u0645\u0627 \u064a\u0643\u0641\u064a : \u0634\u0639\u0631: \u0646\u062c\u062f \u0627\u0644\u0642\u0635\u064a\u0631 ...\" \/>\n<meta property=\"og:url\" content=\"https:\/\/www.masharif.com\/fr\/2017\/11\/27\/ne-suis-assez-doue-najd-al-qassir-al-salamiyya-syrie\/\" \/>\n<meta property=\"og:site_name\" content=\"Culminances\" \/>\n<meta property=\"article:published_time\" content=\"2017-11-27T13:19:45+00:00\" \/>\n<meta property=\"og:image\" content=\"https:\/\/www.masharif.com\/fr\/wp-content\/uploads\/2017\/10\/18952803_10209702010770274_7013330846083274476_n.jpg\" \/>\n\t<meta property=\"og:image:width\" content=\"813\" \/>\n\t<meta property=\"og:image:height\" content=\"960\" \/>\n\t<meta property=\"og:image:type\" content=\"image\/jpeg\" \/>\n<meta name=\"author\" content=\"Mohamed Salah Ben Amor\" \/>\n<meta name=\"twitter:card\" content=\"summary\" \/>\n<meta name=\"twitter:label1\" content=\"\u00c9crit par\" \/>\n\t<meta name=\"twitter:data1\" content=\"Mohamed Salah Ben Amor\" \/>\n<script type=\"application\/ld+json\" class=\"yoast-schema-graph\">{\"@context\":\"https:\/\/schema.org\",\"@graph\":[{\"@type\":\"WebSite\",\"@id\":\"https:\/\/www.masharif.com\/fr\/#website\",\"url\":\"https:\/\/www.masharif.com\/fr\/\",\"name\":\"Culminances\",\"description\":\"\",\"potentialAction\":[{\"@type\":\"SearchAction\",\"target\":{\"@type\":\"EntryPoint\",\"urlTemplate\":\"https:\/\/www.masharif.com\/fr\/?s={search_term_string}\"},\"query-input\":\"required name=search_term_string\"}],\"inLanguage\":\"fr-FR\"},{\"@type\":\"ImageObject\",\"inLanguage\":\"fr-FR\",\"@id\":\"https:\/\/www.masharif.com\/fr\/2017\/11\/27\/ne-suis-assez-doue-najd-al-qassir-al-salamiyya-syrie\/#primaryimage\",\"url\":\"http:\/\/www.masharif.com\/fr\/wp-content\/uploads\/2017\/10\/18952803_10209702010770274_7013330846083274476_n.jpg\",\"contentUrl\":\"http:\/\/www.masharif.com\/fr\/wp-content\/uploads\/2017\/10\/18952803_10209702010770274_7013330846083274476_n.jpg\",\"width\":813,\"height\":960},{\"@type\":\"WebPage\",\"@id\":\"https:\/\/www.masharif.com\/fr\/2017\/11\/27\/ne-suis-assez-doue-najd-al-qassir-al-salamiyya-syrie\/\",\"url\":\"https:\/\/www.masharif.com\/fr\/2017\/11\/27\/ne-suis-assez-doue-najd-al-qassir-al-salamiyya-syrie\/\",\"name\":\"Je ne suis pas assez dou\u00e9 par :Najd Al-Qassir- Al-Salamiyya -Syrie - Culminances\",\"isPartOf\":{\"@id\":\"https:\/\/www.masharif.com\/fr\/#website\"},\"primaryImageOfPage\":{\"@id\":\"https:\/\/www.masharif.com\/fr\/2017\/11\/27\/ne-suis-assez-doue-najd-al-qassir-al-salamiyya-syrie\/#primaryimage\"},\"datePublished\":\"2017-11-27T13:19:45+00:00\",\"dateModified\":\"2017-11-27T13:19:45+00:00\",\"author\":{\"@id\":\"https:\/\/www.masharif.com\/fr\/#\/schema\/person\/839a7026efe9fa825134097c1041e4a0\"},\"breadcrumb\":{\"@id\":\"https:\/\/www.masharif.com\/fr\/2017\/11\/27\/ne-suis-assez-doue-najd-al-qassir-al-salamiyya-syrie\/#breadcrumb\"},\"inLanguage\":\"fr-FR\",\"potentialAction\":[{\"@type\":\"ReadAction\",\"target\":[\"https:\/\/www.masharif.com\/fr\/2017\/11\/27\/ne-suis-assez-doue-najd-al-qassir-al-salamiyya-syrie\/\"]}]},{\"@type\":\"BreadcrumbList\",\"@id\":\"https:\/\/www.masharif.com\/fr\/2017\/11\/27\/ne-suis-assez-doue-najd-al-qassir-al-salamiyya-syrie\/#breadcrumb\",\"itemListElement\":[{\"@type\":\"ListItem\",\"position\":1,\"name\":\"Home\",\"item\":\"https:\/\/www.masharif.com\/fr\/\"},{\"@type\":\"ListItem\",\"position\":2,\"name\":\"Je ne suis pas assez dou\u00e9 par :Najd Al-Qassir- Al-Salamiyya -Syrie\"}]},{\"@type\":\"Person\",\"@id\":\"https:\/\/www.masharif.com\/fr\/#\/schema\/person\/839a7026efe9fa825134097c1041e4a0\",\"name\":\"Mohamed Salah Ben Amor\",\"image\":{\"@type\":\"ImageObject\",\"inLanguage\":\"fr-FR\",\"@id\":\"https:\/\/www.masharif.com\/fr\/#\/schema\/person\/image\/\",\"url\":\"http:\/\/0.gravatar.com\/avatar\/f64806401ad5ed604ffec2272b19ef46?s=96&d=identicon&r=g\",\"contentUrl\":\"http:\/\/0.gravatar.com\/avatar\/f64806401ad5ed604ffec2272b19ef46?s=96&d=identicon&r=g\",\"caption\":\"Mohamed Salah Ben Amor\"},\"sameAs\":[\"http:\/\/ben-amor.info\"],\"url\":\"http:\/\/www.masharif.com\/fr\/author\/msba\/\"}]}<\/script>\n<!-- \/ Yoast SEO plugin. -->","yoast_head_json":{"title":"Je ne suis pas assez dou\u00e9 par :Najd Al-Qassir- Al-Salamiyya -Syrie - Culminances","robots":{"index":"index","follow":"follow","max-snippet":"max-snippet:-1","max-image-preview":"max-image-preview:large","max-video-preview":"max-video-preview:-1"},"canonical":"https:\/\/www.masharif.com\/fr\/2017\/11\/27\/ne-suis-assez-doue-najd-al-qassir-al-salamiyya-syrie\/","og_locale":"fr_FR","og_type":"article","og_title":"Je ne suis pas assez dou\u00e9 par :Najd Al-Qassir- Al-Salamiyya -Syrie - Culminances","og_description":"&nbsp; Je ne suis pas assez dou\u00e9 Pour voir mon nom Dans la page culturelle De n\u2019importe quel journal ou revue. Il me fallait d\u00e9velopper mes dons et les affermir En c\u00f4toyant les \u00e9crivains et les artistes Dans les centres culturels, Les caf\u00e9s Et les services\u00a0! &nbsp; \u0644\u0633\u062a\u064f \u0645\u0648\u0647\u0648\u0628\u064b\u0627 \u0628\u0645\u0627 \u064a\u0643\u0641\u064a : \u0634\u0639\u0631: \u0646\u062c\u062f \u0627\u0644\u0642\u0635\u064a\u0631 ...","og_url":"https:\/\/www.masharif.com\/fr\/2017\/11\/27\/ne-suis-assez-doue-najd-al-qassir-al-salamiyya-syrie\/","og_site_name":"Culminances","article_published_time":"2017-11-27T13:19:45+00:00","og_image":[{"width":813,"height":960,"url":"https:\/\/www.masharif.com\/fr\/wp-content\/uploads\/2017\/10\/18952803_10209702010770274_7013330846083274476_n.jpg","type":"image\/jpeg"}],"author":"Mohamed Salah Ben Amor","twitter_card":"summary","twitter_misc":{"\u00c9crit par":"Mohamed Salah Ben Amor"},"schema":{"@context":"https:\/\/schema.org","@graph":[{"@type":"WebSite","@id":"https:\/\/www.masharif.com\/fr\/#website","url":"https:\/\/www.masharif.com\/fr\/","name":"Culminances","description":"","potentialAction":[{"@type":"SearchAction","target":{"@type":"EntryPoint","urlTemplate":"https:\/\/www.masharif.com\/fr\/?s={search_term_string}"},"query-input":"required name=search_term_string"}],"inLanguage":"fr-FR"},{"@type":"ImageObject","inLanguage":"fr-FR","@id":"https:\/\/www.masharif.com\/fr\/2017\/11\/27\/ne-suis-assez-doue-najd-al-qassir-al-salamiyya-syrie\/#primaryimage","url":"http:\/\/www.masharif.com\/fr\/wp-content\/uploads\/2017\/10\/18952803_10209702010770274_7013330846083274476_n.jpg","contentUrl":"http:\/\/www.masharif.com\/fr\/wp-content\/uploads\/2017\/10\/18952803_10209702010770274_7013330846083274476_n.jpg","width":813,"height":960},{"@type":"WebPage","@id":"https:\/\/www.masharif.com\/fr\/2017\/11\/27\/ne-suis-assez-doue-najd-al-qassir-al-salamiyya-syrie\/","url":"https:\/\/www.masharif.com\/fr\/2017\/11\/27\/ne-suis-assez-doue-najd-al-qassir-al-salamiyya-syrie\/","name":"Je ne suis pas assez dou\u00e9 par :Najd Al-Qassir- Al-Salamiyya -Syrie - Culminances","isPartOf":{"@id":"https:\/\/www.masharif.com\/fr\/#website"},"primaryImageOfPage":{"@id":"https:\/\/www.masharif.com\/fr\/2017\/11\/27\/ne-suis-assez-doue-najd-al-qassir-al-salamiyya-syrie\/#primaryimage"},"datePublished":"2017-11-27T13:19:45+00:00","dateModified":"2017-11-27T13:19:45+00:00","author":{"@id":"https:\/\/www.masharif.com\/fr\/#\/schema\/person\/839a7026efe9fa825134097c1041e4a0"},"breadcrumb":{"@id":"https:\/\/www.masharif.com\/fr\/2017\/11\/27\/ne-suis-assez-doue-najd-al-qassir-al-salamiyya-syrie\/#breadcrumb"},"inLanguage":"fr-FR","potentialAction":[{"@type":"ReadAction","target":["https:\/\/www.masharif.com\/fr\/2017\/11\/27\/ne-suis-assez-doue-najd-al-qassir-al-salamiyya-syrie\/"]}]},{"@type":"BreadcrumbList","@id":"https:\/\/www.masharif.com\/fr\/2017\/11\/27\/ne-suis-assez-doue-najd-al-qassir-al-salamiyya-syrie\/#breadcrumb","itemListElement":[{"@type":"ListItem","position":1,"name":"Home","item":"https:\/\/www.masharif.com\/fr\/"},{"@type":"ListItem","position":2,"name":"Je ne suis pas assez dou\u00e9 par :Najd Al-Qassir- Al-Salamiyya -Syrie"}]},{"@type":"Person","@id":"https:\/\/www.masharif.com\/fr\/#\/schema\/person\/839a7026efe9fa825134097c1041e4a0","name":"Mohamed Salah Ben Amor","image":{"@type":"ImageObject","inLanguage":"fr-FR","@id":"https:\/\/www.masharif.com\/fr\/#\/schema\/person\/image\/","url":"http:\/\/0.gravatar.com\/avatar\/f64806401ad5ed604ffec2272b19ef46?s=96&d=identicon&r=g","contentUrl":"http:\/\/0.gravatar.com\/avatar\/f64806401ad5ed604ffec2272b19ef46?s=96&d=identicon&r=g","caption":"Mohamed Salah Ben Amor"},"sameAs":["http:\/\/ben-amor.info"],"url":"http:\/\/www.masharif.com\/fr\/author\/msba\/"}]}},"_links":{"self":[{"href":"http:\/\/www.masharif.com\/fr\/wp-json\/wp\/v2\/posts\/6323"}],"collection":[{"href":"http:\/\/www.masharif.com\/fr\/wp-json\/wp\/v2\/posts"}],"about":[{"href":"http:\/\/www.masharif.com\/fr\/wp-json\/wp\/v2\/types\/post"}],"author":[{"embeddable":true,"href":"http:\/\/www.masharif.com\/fr\/wp-json\/wp\/v2\/users\/2"}],"replies":[{"embeddable":true,"href":"http:\/\/www.masharif.com\/fr\/wp-json\/wp\/v2\/comments?post=6323"}],"version-history":[{"count":1,"href":"http:\/\/www.masharif.com\/fr\/wp-json\/wp\/v2\/posts\/6323\/revisions"}],"predecessor-version":[{"id":6325,"href":"http:\/\/www.masharif.com\/fr\/wp-json\/wp\/v2\/posts\/6323\/revisions\/6325"}],"wp:featuredmedia":[{"embeddable":true,"href":"http:\/\/www.masharif.com\/fr\/wp-json\/wp\/v2\/media\/6152"}],"wp:attachment":[{"href":"http:\/\/www.masharif.com\/fr\/wp-json\/wp\/v2\/media?parent=6323"}],"wp:term":[{"taxonomy":"category","embeddable":true,"href":"http:\/\/www.masharif.com\/fr\/wp-json\/wp\/v2\/categories?post=6323"},{"taxonomy":"post_tag","embeddable":true,"href":"http:\/\/www.masharif.com\/fr\/wp-json\/wp\/v2\/tags?post=6323"}],"curies":[{"name":"wp","href":"https:\/\/api.w.org\/{rel}","templated":true}]}}