{"id":5883,"date":"2017-09-20T16:47:54","date_gmt":"2017-09-20T15:47:54","guid":{"rendered":"http:\/\/www.masharif.com\/fr\/?p=5883"},"modified":"2017-09-20T16:47:54","modified_gmt":"2017-09-20T15:47:54","slug":"vie-scolaire-grand-ecart-sadok-gaidi-fouchana-tunisie","status":"publish","type":"post","link":"http:\/\/www.masharif.com\/fr\/2017\/09\/20\/vie-scolaire-grand-ecart-sadok-gaidi-fouchana-tunisie\/","title":{"rendered":"Vie scolaire: le grand \u00e9cart  Par : Sadok Gaidi- Fouchana \u2013Tunisie"},"content":{"rendered":"<p><em>&#8220;L&#8217;\u00e9ducation est \u00e0 la vie sociale ce que la nutrition est \u00e0 l&#8217;organisme.&#8221;.<\/em><\/p>\n<div id=\"attachment_5884\" style=\"width: 310px\" class=\"wp-caption alignnone\"><a href=\"http:\/\/www.masharif.com\/fr\/wp-content\/uploads\/2017\/09\/16427269_592780254252331_8060065479829984076_n.jpg\"><img aria-describedby=\"caption-attachment-5884\" loading=\"lazy\" class=\"wp-image-5884 size-medium\" src=\"http:\/\/www.masharif.com\/fr\/wp-content\/uploads\/2017\/09\/16427269_592780254252331_8060065479829984076_n-300x225.jpg\" alt=\"\" width=\"300\" height=\"225\" srcset=\"http:\/\/www.masharif.com\/fr\/wp-content\/uploads\/2017\/09\/16427269_592780254252331_8060065479829984076_n-300x225.jpg 300w, http:\/\/www.masharif.com\/fr\/wp-content\/uploads\/2017\/09\/16427269_592780254252331_8060065479829984076_n-768x576.jpg 768w, http:\/\/www.masharif.com\/fr\/wp-content\/uploads\/2017\/09\/16427269_592780254252331_8060065479829984076_n.jpg 960w\" sizes=\"(max-width: 300px) 100vw, 300px\" \/><\/a><p id=\"caption-attachment-5884\" class=\"wp-caption-text\">Sadok Gaidi<\/p><\/div>\n<p><a href=\"http:\/\/www.masharif.com\/fr\/wp-content\/uploads\/2017\/09\/rentree-scolaire-03092012-1.jpg\"><img loading=\"lazy\" class=\"alignnone size-medium wp-image-5885\" src=\"http:\/\/www.masharif.com\/fr\/wp-content\/uploads\/2017\/09\/rentree-scolaire-03092012-1-300x120.jpg\" alt=\"\" width=\"300\" height=\"120\" srcset=\"http:\/\/www.masharif.com\/fr\/wp-content\/uploads\/2017\/09\/rentree-scolaire-03092012-1-300x120.jpg 300w, http:\/\/www.masharif.com\/fr\/wp-content\/uploads\/2017\/09\/rentree-scolaire-03092012-1-768x307.jpg 768w, http:\/\/www.masharif.com\/fr\/wp-content\/uploads\/2017\/09\/rentree-scolaire-03092012-1-1024x410.jpg 1024w, http:\/\/www.masharif.com\/fr\/wp-content\/uploads\/2017\/09\/rentree-scolaire-03092012-1.jpg 1500w\" sizes=\"(max-width: 300px) 100vw, 300px\" \/><\/a><br \/>\nNous sommes tous pass\u00e9s par l&#8217;\u00e9cole, du fait qu&#8217;elle est un besoin vital comme l&#8217;eau et l&#8217;air. Elle pr\u00e9pare les enfants et les adolescents \u00a0\u00e0 la vie d&#8217;adulte, celle de la responsabilit\u00e9 et \u00a0\u00e0 l&#8217;int\u00e9gration sociale sans heurts.<br \/>\nCependant, eu \u00e9gard \u00e0 la situation actuelle, les jeunes sont envahis par le flux des infos et images du net.<br \/>\nDans ce statu quo, certaines questions sautent \u00e0 nos yeux pour ne pas rester indiff\u00e9rents\u00a0 face \u00e0 ces interfaces.<\/p>\n<p>1- Est-il l\u00e9gitime de dire qu&#8217;on assiste aujourd&#8217;hui \u00e0 une fin imminente de l&#8217;\u00e9cole traditionnelle?<br \/>\n2- L&#8217;enseignement &#8220;Hors les murs&#8221; Out of Walls est-il le ma\u00eetre des c\u00e9ans ?<br \/>\n3- L&#8217;\u00e9cole telle qu&#8217;elle est con\u00e7ue a-t-elle\u00a0 le\u00a0 sens\u00a0 du prestige d&#8217;antan ou est-elle \u00e0 l&#8217;\u00e9cart de la vie active?<br \/>\n4- Assiste-t-on \u00e0 la \u00abbanqueroute&#8221; des th\u00e9ories p\u00e9dagogiques pr\u00f4nant des r\u00e9formes obsol\u00e8tes et \u00e9cul\u00e9es?<br \/>\nNous n&#8217;allons pas r\u00e9pondre \u00a0\u00e0 ces questions de fa\u00e7on lin\u00e9aire pour un sujet-bateau, vu que la vie n&#8217;est pas une somme de r\u00e9ponses ni d\u2019id\u00e9es pr\u00e9fabriqu\u00e9es destin\u00e9es \u00e0 la consommation. Nous nous contentons des grandes lignes interconnect\u00e9es pour tramer le texte.<\/p>\n<p>1- L&#8217;\u00c9ducation et\u00a0 perm\u00e9abilit\u00e9 de la crise par ricochet\u00a0:<br \/>\nLe milieu scolaire a atteint un degr\u00e9 tel qu&#8217;il devient une catastrophe\u00a0 hors contr\u00f4le ,faute d&#8217;infrastructure p\u00e9dagogique efficace.<br \/>\nLa crise \u00e9ducative a des r\u00e9percussions directes sur le social, l&#8217;\u00e9conomique, le psychologique selon le principe \u00ab\u00a0la crise appelle la crise\u00a0\u00bb. Luther King n&#8217;a-t-il pas dit &#8220;la violence appelle la violence&#8221; ?<br \/>\nDans les temps qui courent, nous remarquons que l&#8217;institution \u00e9ducative est \u00e0 l&#8217;\u00e9cart de la vie active, celle de l&#8217;enfant, par cons\u00e9quent, ignore ses besoins \u00e9l\u00e9mentaires moteurs de toute motivation. Si quelqu&#8217;un n&#8217;a pas int\u00e9r\u00eat \u00e0 faire un travail, il ne fournit pas le moindre essai.L&#8217;effort est le produit non de l&#8217;\u00e9nergie mais un produit de l&#8217;int\u00e9r\u00eat&#8221;( fin de citation). C\u2019est que l&#8217;\u00e9l\u00e8ve devrait occuper le centre du syst\u00e8me \u00e9ducatif.<br \/>\nL&#8217;\u00e9tablissement scolaire avec son architecture actuelle, sa cl\u00f4ture ainsi con\u00e7ue herm\u00e9tique ne r\u00e9pond plus aux impulsions et attentes de l&#8217;apprenant:des m\u00e9thodes plut\u00f4t autoritaires qui imposent des programmes abstraits, de l&#8217;ob\u00e9issance, une administration directive\u00a0 en\u00a0 l&#8217;absence d&#8217;animation culturelle et de biblioth\u00e8ques modernes o\u00f9 la lecture est bien lotie,celle\u00a0 qui stimule l&#8217;acte d&#8217;\u00e9crire\u00a0 et de bien lire et communiquer spontan\u00e9ment.<\/p>\n<p>2- \u00a0Battre les normes individualistes\u00a0:<br \/>\nLe but primordial de l&#8217;institution scolaire est de communiquer notre exp\u00e9rience aux autres pour devenir un bien commun partag\u00e9 des g\u00e9n\u00e9rations jeunes. Le travail de groupe est un atout pour favoriser le d\u00e9bat et \u00a0l&#8217;\u00e9motion devant les sujets choisis par les \u00e9l\u00e8ves. C&#8217;est le premier chemin de la libert\u00e9 et du vivre-ensemble, loin des comp\u00e9titions qui d\u00e9valorisent la personnalit\u00e9 de l&#8217;enfant.<br \/>\nLe travail communautaire et personnalis\u00e9 supprime les \u00e9mules et pr\u00e9parent \u00e0 la vie active et participative.<br \/>\nL&#8217;essentiel des devoirs se fait \u00e0 domicile en utilisant les technologies de pointe et TICE. La classe sera un chamos libre et mall\u00e9able pour la correction des exercices et la dramatisation de sc\u00e8nes et de textes.<\/p>\n<p>3- Le Culte du Beau:&#8221;l\u2019\u00e9cole ouverte&#8221; :<br \/>\nLa visite des mus\u00e9es, des parcs naturels, des salles d&#8217;expositions\u00a0 d&#8217;\u0153uvres d&#8217;art cultivent le sens du beau. Ces activit\u00e9s d&#8217;exploration du milieu permettent au public scolaire d&#8217;acqu\u00e9rir de l&#8217;exp\u00e9rience. Il aura un esprit large tourn\u00e9 vers l&#8217;humanit\u00e9 et les arts.Une visite guid\u00e9e par le ma\u00eetre ou un sp\u00e9cialiste rendra service \u00e0 l&#8217;\u00e9cole et facilitera la tache des enseignants. Une p\u00e9dagogie bas\u00e9e sur le d\u00e9bat et le travail d&#8217;\u00e9quipes.<br \/>\nLa passion pour les arts est une occasion de s&#8217;informer sur le patrimoine des devanciers leur contribution dans l&#8217;histoire humaine.<br \/>\nCela impacte les enfants, stimule la motivation et renforce la performance de\u00a0 l&#8217;\u00e9cole qui rompt ainsi avec le st\u00e9r\u00e9otype et le banal.<br \/>\nQuand la p\u00e9dagogie \u00e9pouse le culte de l&#8217;esth\u00e9tique, elle focalisera sur la disposition des tables en salles de classe, la forme de la salle, le nombre d&#8217;\u00e9l\u00e8ves, du fait que la beaut\u00e9 de l&#8217;espace est l\u2019une des conditions essentielles propices \u00e0 la cr\u00e9ation.<\/p>\n<p>&nbsp;<\/p>\n<p>&nbsp;<\/p>\n","protected":false},"excerpt":{"rendered":"<p>&#8220;L&#8217;\u00e9ducation est \u00e0 la vie sociale ce que la nutrition est \u00e0 l&#8217;organisme.&#8221;. Nous sommes tous pass\u00e9s par l&#8217;\u00e9cole, du fait qu&#8217;elle est un besoin vital comme l&#8217;eau et l&#8217;air. Elle pr\u00e9pare les enfants et les adolescents \u00a0\u00e0 la vie d&#8217;adulte, celle de la responsabilit\u00e9 et \u00a0\u00e0 l&#8217;int\u00e9gration sociale sans heurts. Cependant, eu \u00e9gard \u00e0 &#8230;<\/p>\n","protected":false},"author":2,"featured_media":5885,"comment_status":"open","ping_status":"open","sticky":false,"template":"","format":"standard","meta":[],"categories":[8],"tags":[],"yoast_head":"<!-- This site is optimized with the Yoast SEO plugin v19.3 - https:\/\/yoast.com\/wordpress\/plugins\/seo\/ -->\n<title>Vie scolaire: le grand \u00e9cart Par : Sadok Gaidi- Fouchana \u2013Tunisie - Culminances<\/title>\n<meta name=\"robots\" content=\"index, follow, max-snippet:-1, max-image-preview:large, max-video-preview:-1\" \/>\n<link rel=\"canonical\" href=\"https:\/\/www.masharif.com\/fr\/2017\/09\/20\/vie-scolaire-grand-ecart-sadok-gaidi-fouchana-tunisie\/\" \/>\n<meta property=\"og:locale\" content=\"fr_FR\" \/>\n<meta property=\"og:type\" content=\"article\" \/>\n<meta property=\"og:title\" content=\"Vie scolaire: le grand \u00e9cart Par : Sadok Gaidi- Fouchana \u2013Tunisie - Culminances\" \/>\n<meta property=\"og:description\" content=\"&#8220;L&#8217;\u00e9ducation est \u00e0 la vie sociale ce que la nutrition est \u00e0 l&#8217;organisme.&#8221;. Nous sommes tous pass\u00e9s par l&#8217;\u00e9cole, du fait qu&#8217;elle est un besoin vital comme l&#8217;eau et l&#8217;air. Elle pr\u00e9pare les enfants et les adolescents \u00a0\u00e0 la vie d&#8217;adulte, celle de la responsabilit\u00e9 et \u00a0\u00e0 l&#8217;int\u00e9gration sociale sans heurts. Cependant, eu \u00e9gard \u00e0 ...\" \/>\n<meta property=\"og:url\" content=\"https:\/\/www.masharif.com\/fr\/2017\/09\/20\/vie-scolaire-grand-ecart-sadok-gaidi-fouchana-tunisie\/\" \/>\n<meta property=\"og:site_name\" content=\"Culminances\" \/>\n<meta property=\"article:published_time\" content=\"2017-09-20T15:47:54+00:00\" \/>\n<meta property=\"og:image\" content=\"https:\/\/www.masharif.com\/fr\/wp-content\/uploads\/2017\/09\/rentree-scolaire-03092012-1.jpg\" \/>\n\t<meta property=\"og:image:width\" content=\"1500\" \/>\n\t<meta property=\"og:image:height\" content=\"600\" \/>\n\t<meta property=\"og:image:type\" content=\"image\/jpeg\" \/>\n<meta name=\"author\" content=\"Mohamed Salah Ben Amor\" \/>\n<meta name=\"twitter:card\" content=\"summary\" \/>\n<meta name=\"twitter:label1\" content=\"\u00c9crit par\" \/>\n\t<meta name=\"twitter:data1\" content=\"Mohamed Salah Ben Amor\" \/>\n\t<meta name=\"twitter:label2\" content=\"Dur\u00e9e de lecture estim\u00e9e\" \/>\n\t<meta name=\"twitter:data2\" content=\"4 minutes\" \/>\n<script type=\"application\/ld+json\" class=\"yoast-schema-graph\">{\"@context\":\"https:\/\/schema.org\",\"@graph\":[{\"@type\":\"WebSite\",\"@id\":\"https:\/\/www.masharif.com\/fr\/#website\",\"url\":\"https:\/\/www.masharif.com\/fr\/\",\"name\":\"Culminances\",\"description\":\"\",\"potentialAction\":[{\"@type\":\"SearchAction\",\"target\":{\"@type\":\"EntryPoint\",\"urlTemplate\":\"https:\/\/www.masharif.com\/fr\/?s={search_term_string}\"},\"query-input\":\"required name=search_term_string\"}],\"inLanguage\":\"fr-FR\"},{\"@type\":\"ImageObject\",\"inLanguage\":\"fr-FR\",\"@id\":\"https:\/\/www.masharif.com\/fr\/2017\/09\/20\/vie-scolaire-grand-ecart-sadok-gaidi-fouchana-tunisie\/#primaryimage\",\"url\":\"http:\/\/www.masharif.com\/fr\/wp-content\/uploads\/2017\/09\/rentree-scolaire-03092012-1.jpg\",\"contentUrl\":\"http:\/\/www.masharif.com\/fr\/wp-content\/uploads\/2017\/09\/rentree-scolaire-03092012-1.jpg\",\"width\":1500,\"height\":600},{\"@type\":\"WebPage\",\"@id\":\"https:\/\/www.masharif.com\/fr\/2017\/09\/20\/vie-scolaire-grand-ecart-sadok-gaidi-fouchana-tunisie\/\",\"url\":\"https:\/\/www.masharif.com\/fr\/2017\/09\/20\/vie-scolaire-grand-ecart-sadok-gaidi-fouchana-tunisie\/\",\"name\":\"Vie scolaire: le grand \u00e9cart Par : Sadok Gaidi- Fouchana \u2013Tunisie - Culminances\",\"isPartOf\":{\"@id\":\"https:\/\/www.masharif.com\/fr\/#website\"},\"primaryImageOfPage\":{\"@id\":\"https:\/\/www.masharif.com\/fr\/2017\/09\/20\/vie-scolaire-grand-ecart-sadok-gaidi-fouchana-tunisie\/#primaryimage\"},\"datePublished\":\"2017-09-20T15:47:54+00:00\",\"dateModified\":\"2017-09-20T15:47:54+00:00\",\"author\":{\"@id\":\"https:\/\/www.masharif.com\/fr\/#\/schema\/person\/839a7026efe9fa825134097c1041e4a0\"},\"breadcrumb\":{\"@id\":\"https:\/\/www.masharif.com\/fr\/2017\/09\/20\/vie-scolaire-grand-ecart-sadok-gaidi-fouchana-tunisie\/#breadcrumb\"},\"inLanguage\":\"fr-FR\",\"potentialAction\":[{\"@type\":\"ReadAction\",\"target\":[\"https:\/\/www.masharif.com\/fr\/2017\/09\/20\/vie-scolaire-grand-ecart-sadok-gaidi-fouchana-tunisie\/\"]}]},{\"@type\":\"BreadcrumbList\",\"@id\":\"https:\/\/www.masharif.com\/fr\/2017\/09\/20\/vie-scolaire-grand-ecart-sadok-gaidi-fouchana-tunisie\/#breadcrumb\",\"itemListElement\":[{\"@type\":\"ListItem\",\"position\":1,\"name\":\"Home\",\"item\":\"https:\/\/www.masharif.com\/fr\/\"},{\"@type\":\"ListItem\",\"position\":2,\"name\":\"Vie scolaire: le grand \u00e9cart Par : Sadok Gaidi- Fouchana \u2013Tunisie\"}]},{\"@type\":\"Person\",\"@id\":\"https:\/\/www.masharif.com\/fr\/#\/schema\/person\/839a7026efe9fa825134097c1041e4a0\",\"name\":\"Mohamed Salah Ben Amor\",\"image\":{\"@type\":\"ImageObject\",\"inLanguage\":\"fr-FR\",\"@id\":\"https:\/\/www.masharif.com\/fr\/#\/schema\/person\/image\/\",\"url\":\"http:\/\/0.gravatar.com\/avatar\/f64806401ad5ed604ffec2272b19ef46?s=96&d=identicon&r=g\",\"contentUrl\":\"http:\/\/0.gravatar.com\/avatar\/f64806401ad5ed604ffec2272b19ef46?s=96&d=identicon&r=g\",\"caption\":\"Mohamed Salah Ben Amor\"},\"sameAs\":[\"http:\/\/ben-amor.info\"],\"url\":\"http:\/\/www.masharif.com\/fr\/author\/msba\/\"}]}<\/script>\n<!-- \/ Yoast SEO plugin. -->","yoast_head_json":{"title":"Vie scolaire: le grand \u00e9cart Par : Sadok Gaidi- Fouchana \u2013Tunisie - Culminances","robots":{"index":"index","follow":"follow","max-snippet":"max-snippet:-1","max-image-preview":"max-image-preview:large","max-video-preview":"max-video-preview:-1"},"canonical":"https:\/\/www.masharif.com\/fr\/2017\/09\/20\/vie-scolaire-grand-ecart-sadok-gaidi-fouchana-tunisie\/","og_locale":"fr_FR","og_type":"article","og_title":"Vie scolaire: le grand \u00e9cart Par : Sadok Gaidi- Fouchana \u2013Tunisie - Culminances","og_description":"&#8220;L&#8217;\u00e9ducation est \u00e0 la vie sociale ce que la nutrition est \u00e0 l&#8217;organisme.&#8221;. Nous sommes tous pass\u00e9s par l&#8217;\u00e9cole, du fait qu&#8217;elle est un besoin vital comme l&#8217;eau et l&#8217;air. Elle pr\u00e9pare les enfants et les adolescents \u00a0\u00e0 la vie d&#8217;adulte, celle de la responsabilit\u00e9 et \u00a0\u00e0 l&#8217;int\u00e9gration sociale sans heurts. Cependant, eu \u00e9gard \u00e0 ...","og_url":"https:\/\/www.masharif.com\/fr\/2017\/09\/20\/vie-scolaire-grand-ecart-sadok-gaidi-fouchana-tunisie\/","og_site_name":"Culminances","article_published_time":"2017-09-20T15:47:54+00:00","og_image":[{"width":1500,"height":600,"url":"https:\/\/www.masharif.com\/fr\/wp-content\/uploads\/2017\/09\/rentree-scolaire-03092012-1.jpg","type":"image\/jpeg"}],"author":"Mohamed Salah Ben Amor","twitter_card":"summary","twitter_misc":{"\u00c9crit par":"Mohamed Salah Ben Amor","Dur\u00e9e de lecture estim\u00e9e":"4 minutes"},"schema":{"@context":"https:\/\/schema.org","@graph":[{"@type":"WebSite","@id":"https:\/\/www.masharif.com\/fr\/#website","url":"https:\/\/www.masharif.com\/fr\/","name":"Culminances","description":"","potentialAction":[{"@type":"SearchAction","target":{"@type":"EntryPoint","urlTemplate":"https:\/\/www.masharif.com\/fr\/?s={search_term_string}"},"query-input":"required name=search_term_string"}],"inLanguage":"fr-FR"},{"@type":"ImageObject","inLanguage":"fr-FR","@id":"https:\/\/www.masharif.com\/fr\/2017\/09\/20\/vie-scolaire-grand-ecart-sadok-gaidi-fouchana-tunisie\/#primaryimage","url":"http:\/\/www.masharif.com\/fr\/wp-content\/uploads\/2017\/09\/rentree-scolaire-03092012-1.jpg","contentUrl":"http:\/\/www.masharif.com\/fr\/wp-content\/uploads\/2017\/09\/rentree-scolaire-03092012-1.jpg","width":1500,"height":600},{"@type":"WebPage","@id":"https:\/\/www.masharif.com\/fr\/2017\/09\/20\/vie-scolaire-grand-ecart-sadok-gaidi-fouchana-tunisie\/","url":"https:\/\/www.masharif.com\/fr\/2017\/09\/20\/vie-scolaire-grand-ecart-sadok-gaidi-fouchana-tunisie\/","name":"Vie scolaire: le grand \u00e9cart Par : Sadok Gaidi- Fouchana \u2013Tunisie - Culminances","isPartOf":{"@id":"https:\/\/www.masharif.com\/fr\/#website"},"primaryImageOfPage":{"@id":"https:\/\/www.masharif.com\/fr\/2017\/09\/20\/vie-scolaire-grand-ecart-sadok-gaidi-fouchana-tunisie\/#primaryimage"},"datePublished":"2017-09-20T15:47:54+00:00","dateModified":"2017-09-20T15:47:54+00:00","author":{"@id":"https:\/\/www.masharif.com\/fr\/#\/schema\/person\/839a7026efe9fa825134097c1041e4a0"},"breadcrumb":{"@id":"https:\/\/www.masharif.com\/fr\/2017\/09\/20\/vie-scolaire-grand-ecart-sadok-gaidi-fouchana-tunisie\/#breadcrumb"},"inLanguage":"fr-FR","potentialAction":[{"@type":"ReadAction","target":["https:\/\/www.masharif.com\/fr\/2017\/09\/20\/vie-scolaire-grand-ecart-sadok-gaidi-fouchana-tunisie\/"]}]},{"@type":"BreadcrumbList","@id":"https:\/\/www.masharif.com\/fr\/2017\/09\/20\/vie-scolaire-grand-ecart-sadok-gaidi-fouchana-tunisie\/#breadcrumb","itemListElement":[{"@type":"ListItem","position":1,"name":"Home","item":"https:\/\/www.masharif.com\/fr\/"},{"@type":"ListItem","position":2,"name":"Vie scolaire: le grand \u00e9cart Par : Sadok Gaidi- Fouchana \u2013Tunisie"}]},{"@type":"Person","@id":"https:\/\/www.masharif.com\/fr\/#\/schema\/person\/839a7026efe9fa825134097c1041e4a0","name":"Mohamed Salah Ben Amor","image":{"@type":"ImageObject","inLanguage":"fr-FR","@id":"https:\/\/www.masharif.com\/fr\/#\/schema\/person\/image\/","url":"http:\/\/0.gravatar.com\/avatar\/f64806401ad5ed604ffec2272b19ef46?s=96&d=identicon&r=g","contentUrl":"http:\/\/0.gravatar.com\/avatar\/f64806401ad5ed604ffec2272b19ef46?s=96&d=identicon&r=g","caption":"Mohamed Salah Ben Amor"},"sameAs":["http:\/\/ben-amor.info"],"url":"http:\/\/www.masharif.com\/fr\/author\/msba\/"}]}},"_links":{"self":[{"href":"http:\/\/www.masharif.com\/fr\/wp-json\/wp\/v2\/posts\/5883"}],"collection":[{"href":"http:\/\/www.masharif.com\/fr\/wp-json\/wp\/v2\/posts"}],"about":[{"href":"http:\/\/www.masharif.com\/fr\/wp-json\/wp\/v2\/types\/post"}],"author":[{"embeddable":true,"href":"http:\/\/www.masharif.com\/fr\/wp-json\/wp\/v2\/users\/2"}],"replies":[{"embeddable":true,"href":"http:\/\/www.masharif.com\/fr\/wp-json\/wp\/v2\/comments?post=5883"}],"version-history":[{"count":1,"href":"http:\/\/www.masharif.com\/fr\/wp-json\/wp\/v2\/posts\/5883\/revisions"}],"predecessor-version":[{"id":5886,"href":"http:\/\/www.masharif.com\/fr\/wp-json\/wp\/v2\/posts\/5883\/revisions\/5886"}],"wp:featuredmedia":[{"embeddable":true,"href":"http:\/\/www.masharif.com\/fr\/wp-json\/wp\/v2\/media\/5885"}],"wp:attachment":[{"href":"http:\/\/www.masharif.com\/fr\/wp-json\/wp\/v2\/media?parent=5883"}],"wp:term":[{"taxonomy":"category","embeddable":true,"href":"http:\/\/www.masharif.com\/fr\/wp-json\/wp\/v2\/categories?post=5883"},{"taxonomy":"post_tag","embeddable":true,"href":"http:\/\/www.masharif.com\/fr\/wp-json\/wp\/v2\/tags?post=5883"}],"curies":[{"name":"wp","href":"https:\/\/api.w.org\/{rel}","templated":true}]}}