{"id":5621,"date":"2017-06-28T12:49:47","date_gmt":"2017-06-28T11:49:47","guid":{"rendered":"http:\/\/www.masharif.com\/fr\/?p=5621"},"modified":"2017-06-29T04:25:28","modified_gmt":"2017-06-29T03:25:28","slug":"laid-cest-moi-et-cest-moi-laid-par-mohamed-ben-rejeb-kelibia-tunis","status":"publish","type":"post","link":"http:\/\/www.masharif.com\/fr\/2017\/06\/28\/laid-cest-moi-et-cest-moi-laid-par-mohamed-ben-rejeb-kelibia-tunis\/","title":{"rendered":"L\u2019A\u00efd c\u2019est moi et c&#8217;est moi l\u2019A\u00efd ! par :Mohamed Ben Rejeb \u2013 k\u00e9libia \u2013Tunis"},"content":{"rendered":"<div id=\"attachment_5622\" style=\"width: 310px\" class=\"wp-caption alignnone\"><a href=\"http:\/\/www.masharif.com\/fr\/wp-content\/uploads\/2017\/06\/13260125_1291891290840821_8123547082622868802_n.jpg\"><img aria-describedby=\"caption-attachment-5622\" loading=\"lazy\" class=\"wp-image-5622 size-medium\" src=\"http:\/\/www.masharif.com\/fr\/wp-content\/uploads\/2017\/06\/13260125_1291891290840821_8123547082622868802_n-300x300.jpg\" alt=\"\" width=\"300\" height=\"300\" srcset=\"http:\/\/www.masharif.com\/fr\/wp-content\/uploads\/2017\/06\/13260125_1291891290840821_8123547082622868802_n-300x300.jpg 300w, http:\/\/www.masharif.com\/fr\/wp-content\/uploads\/2017\/06\/13260125_1291891290840821_8123547082622868802_n-150x150.jpg 150w, http:\/\/www.masharif.com\/fr\/wp-content\/uploads\/2017\/06\/13260125_1291891290840821_8123547082622868802_n-55x55.jpg 55w, http:\/\/www.masharif.com\/fr\/wp-content\/uploads\/2017\/06\/13260125_1291891290840821_8123547082622868802_n.jpg 720w\" sizes=\"(max-width: 300px) 100vw, 300px\" \/><\/a><p id=\"caption-attachment-5622\" class=\"wp-caption-text\">Mohamed Ben Rejeb et son \u00e9pouse la d\u00e9funte Noura<\/p><\/div>\n<p>&nbsp;<\/p>\n<p><strong>L\u2019A\u00efd m\u2019a dit\u00a0:<\/strong><\/p>\n<p><strong>&#8221; Je suis incapable de te r\u00e9jouir,<\/strong><\/p>\n<p><strong>Car ta tristesse est immense,<\/strong><\/p>\n<p><strong>Ton c\u0153ur est unique,<\/strong><\/p>\n<p><strong>Ta terre est muette et son chagrin est au comble<\/strong><\/p>\n<p><strong>Chaque jour elle porte un nouvel \u00e2ge<\/strong><\/p>\n<p><strong>Mais sans nouveaut\u00e9\u2026<\/strong><\/p>\n<p><strong>Pourquoi l\u2019horizon s\u2019est-il r\u00e9tr\u00e9ci devant toi\u00a0?<\/strong><\/p>\n<p><strong>Pourquoi le soleil au lieu de se lever pour toi dispara\u00eet ?<\/strong><\/p>\n<p><strong>Allez, l\u00e8ve le rideau de ton bas-monde\u00a0!<\/strong><\/p>\n<p><strong>Ecoute les chants de la vie\u00a0!<\/strong><\/p>\n<p><strong>Plie en toi ton g\u00e9ant bris\u00e9<\/strong><\/p>\n<p><strong>Et laisse-le se perdre dans le d\u00e9sert\u00a0!<\/strong><\/p>\n<p><strong>Illumine les fonds de ton souvenir<\/strong><\/p>\n<p><strong>Et fais en un jardin de saphir\u00a0!<\/strong><\/p>\n<p><strong>Ton c\u0153ur est \u00e9touff\u00e9 et muet,<\/strong><\/p>\n<p><strong>La beaut\u00e9 t\u2019accorde parcimonieusement l\u2019\u00e9clat,<\/strong><\/p>\n<p><strong>Et le passage vers ton ciel est p\u00e9nible\u2026<\/strong><\/p>\n<p><strong>Sors de ta tombe pour accueillir l\u2019a\u00efd<\/strong><\/p>\n<p><strong>Car ton cocon s\u2019est explos\u00e9 \u2026s\u2019est d\u00e9chir\u00e9\u2026a cri\u00e9,<\/strong><\/p>\n<p><strong>A tressailli pour un jour heureux\u00a0!<\/strong><\/p>\n<p><strong>Le voici qui d\u00e9colle\u2026qui traverse le souffle du vent,<\/strong><\/p>\n<p><strong>Qui dissipe avec le jasmin sa timidit\u00e9 incoercible,<\/strong><\/p>\n<p><strong>Te cherchant entre les plis de la tristesse<\/strong><\/p>\n<p><strong>Car il te d\u00e9sirait \u00f4 A\u00efd.<\/strong><\/p>\n<p><strong>Sors donc pour accueillir la joie\u00a0<\/strong><\/p>\n<p><strong>Avec f\u00e9licit\u00e9 \u2026ou avec une vive col\u00e8re\u00a0!<\/strong><\/p>\n<p><strong>Accueille-le donc \u2026,<\/strong><\/p>\n<p><strong>Souris au cr\u00e9puscule,<\/strong><\/p>\n<p><strong>Conclus avec lui une autre illumination<\/strong><\/p>\n<p><strong>Resplendissante de beaut\u00e9, de d\u00e9sir et de joie\u00a0!<\/strong><\/p>\n<p><strong>Sors de tes t\u00e9n\u00e8bres\u00a0!<\/strong><\/p>\n<p><strong>N\u2019\u00e9puise pas l\u2019envie ardente\u00a0!<\/strong><\/p>\n<p><strong>Prends un souffle profond<\/strong><\/p>\n<p><strong>Et laisse-le\u00a0 d\u00e9border de roses et de vie\u00a0! &#8220;.<\/strong><\/p>\n<p><strong>\u00a0******************<\/strong><\/p>\n<p><strong>\u00a0&#8221; Sois le bienvenu \u00f4 A\u00efd\u00a0\u00bb, lui dis-je<\/strong><\/p>\n<p><strong>Ne te soucis pas de mon ancien \u00e2ge\u00a0!<\/strong><\/p>\n<p><strong>Ce qui est pass\u00e9 \u2026est pass\u00e9 \u2026<\/strong><\/p>\n<p><strong>Et l\u2019\u00e2ge est sans entraves\u2026il vient toujours promptement.<\/strong><\/p>\n<p><strong>Non \u2026non \u2026ne t\u2019attriste-pas donc \u2026\u00a0!<\/strong><\/p>\n<p><strong>Je ne suis terrass\u00e9 ni par l\u2019amour ni par la mort<\/strong><\/p>\n<p><strong>Et ne dis pas que j\u2019ai perdu la raison\u00a0!<\/strong><\/p>\n<p><strong>Tu me traites avec \u00e9gard \u00f4 A\u00efd\u2026<\/strong><\/p>\n<p><strong>Alors que l\u2019A\u00efd c\u2019est moi<\/strong><\/p>\n<p><strong>Et \u00a0que c\u2019est moi l\u2019A\u00efd\u2026\u00a0!<\/strong><\/p>\n<p><strong>Je t\u2019accueille avec cordialit\u00e9 \u00f4 mon prochain cri<\/strong><\/p>\n<p><strong>Pour mon nouvel \u00e2ge\u00a0!<\/strong><\/p>\n<p><strong>Tu es mon destin \u00f4 A\u00efd\u00a0!<\/strong><\/p>\n<p><strong>L\u2019A\u00efd c\u2019est moi<\/strong><\/p>\n<p><strong>Et c&#8217;est moi l\u2019A\u00efd\u00a0! &#8221;<br \/>\n<\/strong><\/p>\n<p>&nbsp;<\/p>\n","protected":false},"excerpt":{"rendered":"<p>&nbsp; L\u2019A\u00efd m\u2019a dit\u00a0: &#8221; Je suis incapable de te r\u00e9jouir, Car ta tristesse est immense, Ton c\u0153ur est unique, Ta terre est muette et son chagrin est au comble Chaque jour elle porte un nouvel \u00e2ge Mais sans nouveaut\u00e9\u2026 Pourquoi l\u2019horizon s\u2019est-il r\u00e9tr\u00e9ci devant toi\u00a0? Pourquoi le soleil au lieu de se lever pour &#8230;<\/p>\n","protected":false},"author":2,"featured_media":5622,"comment_status":"open","ping_status":"open","sticky":false,"template":"","format":"standard","meta":[],"categories":[6],"tags":[],"yoast_head":"<!-- This site is optimized with the Yoast SEO plugin v19.3 - https:\/\/yoast.com\/wordpress\/plugins\/seo\/ -->\n<title>L\u2019A\u00efd c\u2019est moi et c&#039;est moi l\u2019A\u00efd ! par :Mohamed Ben Rejeb \u2013 k\u00e9libia \u2013Tunis - Culminances<\/title>\n<meta name=\"robots\" content=\"index, follow, max-snippet:-1, max-image-preview:large, max-video-preview:-1\" \/>\n<link rel=\"canonical\" href=\"http:\/\/www.masharif.com\/fr\/2017\/06\/28\/laid-cest-moi-et-cest-moi-laid-par-mohamed-ben-rejeb-kelibia-tunis\/\" \/>\n<meta property=\"og:locale\" content=\"fr_FR\" \/>\n<meta property=\"og:type\" content=\"article\" \/>\n<meta property=\"og:title\" content=\"L\u2019A\u00efd c\u2019est moi et c&#039;est moi l\u2019A\u00efd ! par :Mohamed Ben Rejeb \u2013 k\u00e9libia \u2013Tunis - Culminances\" \/>\n<meta property=\"og:description\" content=\"&nbsp; L\u2019A\u00efd m\u2019a dit\u00a0: &#8221; Je suis incapable de te r\u00e9jouir, Car ta tristesse est immense, Ton c\u0153ur est unique, Ta terre est muette et son chagrin est au comble Chaque jour elle porte un nouvel \u00e2ge Mais sans nouveaut\u00e9\u2026 Pourquoi l\u2019horizon s\u2019est-il r\u00e9tr\u00e9ci devant toi\u00a0? Pourquoi le soleil au lieu de se lever pour ...\" \/>\n<meta property=\"og:url\" content=\"http:\/\/www.masharif.com\/fr\/2017\/06\/28\/laid-cest-moi-et-cest-moi-laid-par-mohamed-ben-rejeb-kelibia-tunis\/\" \/>\n<meta property=\"og:site_name\" content=\"Culminances\" \/>\n<meta property=\"article:published_time\" content=\"2017-06-28T11:49:47+00:00\" \/>\n<meta property=\"article:modified_time\" content=\"2017-06-29T03:25:28+00:00\" \/>\n<meta property=\"og:image\" content=\"http:\/\/www.masharif.com\/fr\/wp-content\/uploads\/2017\/06\/13260125_1291891290840821_8123547082622868802_n.jpg\" \/>\n\t<meta property=\"og:image:width\" content=\"720\" \/>\n\t<meta property=\"og:image:height\" content=\"719\" \/>\n\t<meta property=\"og:image:type\" content=\"image\/jpeg\" \/>\n<meta name=\"author\" content=\"Mohamed Salah Ben Amor\" \/>\n<meta name=\"twitter:card\" content=\"summary\" \/>\n<meta name=\"twitter:label1\" content=\"\u00c9crit par\" \/>\n\t<meta name=\"twitter:data1\" content=\"Mohamed Salah Ben Amor\" \/>\n\t<meta name=\"twitter:label2\" content=\"Dur\u00e9e de lecture estim\u00e9e\" \/>\n\t<meta name=\"twitter:data2\" content=\"2 minutes\" \/>\n<script type=\"application\/ld+json\" class=\"yoast-schema-graph\">{\"@context\":\"https:\/\/schema.org\",\"@graph\":[{\"@type\":\"WebSite\",\"@id\":\"http:\/\/www.masharif.com\/fr\/#website\",\"url\":\"http:\/\/www.masharif.com\/fr\/\",\"name\":\"Culminances\",\"description\":\"\",\"potentialAction\":[{\"@type\":\"SearchAction\",\"target\":{\"@type\":\"EntryPoint\",\"urlTemplate\":\"http:\/\/www.masharif.com\/fr\/?s={search_term_string}\"},\"query-input\":\"required name=search_term_string\"}],\"inLanguage\":\"fr-FR\"},{\"@type\":\"ImageObject\",\"inLanguage\":\"fr-FR\",\"@id\":\"http:\/\/www.masharif.com\/fr\/2017\/06\/28\/laid-cest-moi-et-cest-moi-laid-par-mohamed-ben-rejeb-kelibia-tunis\/#primaryimage\",\"url\":\"http:\/\/www.masharif.com\/fr\/wp-content\/uploads\/2017\/06\/13260125_1291891290840821_8123547082622868802_n.jpg\",\"contentUrl\":\"http:\/\/www.masharif.com\/fr\/wp-content\/uploads\/2017\/06\/13260125_1291891290840821_8123547082622868802_n.jpg\",\"width\":720,\"height\":719},{\"@type\":\"WebPage\",\"@id\":\"http:\/\/www.masharif.com\/fr\/2017\/06\/28\/laid-cest-moi-et-cest-moi-laid-par-mohamed-ben-rejeb-kelibia-tunis\/\",\"url\":\"http:\/\/www.masharif.com\/fr\/2017\/06\/28\/laid-cest-moi-et-cest-moi-laid-par-mohamed-ben-rejeb-kelibia-tunis\/\",\"name\":\"L\u2019A\u00efd c\u2019est moi et c'est moi l\u2019A\u00efd ! par :Mohamed Ben Rejeb \u2013 k\u00e9libia \u2013Tunis - Culminances\",\"isPartOf\":{\"@id\":\"http:\/\/www.masharif.com\/fr\/#website\"},\"primaryImageOfPage\":{\"@id\":\"http:\/\/www.masharif.com\/fr\/2017\/06\/28\/laid-cest-moi-et-cest-moi-laid-par-mohamed-ben-rejeb-kelibia-tunis\/#primaryimage\"},\"datePublished\":\"2017-06-28T11:49:47+00:00\",\"dateModified\":\"2017-06-29T03:25:28+00:00\",\"author\":{\"@id\":\"http:\/\/www.masharif.com\/fr\/#\/schema\/person\/839a7026efe9fa825134097c1041e4a0\"},\"breadcrumb\":{\"@id\":\"http:\/\/www.masharif.com\/fr\/2017\/06\/28\/laid-cest-moi-et-cest-moi-laid-par-mohamed-ben-rejeb-kelibia-tunis\/#breadcrumb\"},\"inLanguage\":\"fr-FR\",\"potentialAction\":[{\"@type\":\"ReadAction\",\"target\":[\"http:\/\/www.masharif.com\/fr\/2017\/06\/28\/laid-cest-moi-et-cest-moi-laid-par-mohamed-ben-rejeb-kelibia-tunis\/\"]}]},{\"@type\":\"BreadcrumbList\",\"@id\":\"http:\/\/www.masharif.com\/fr\/2017\/06\/28\/laid-cest-moi-et-cest-moi-laid-par-mohamed-ben-rejeb-kelibia-tunis\/#breadcrumb\",\"itemListElement\":[{\"@type\":\"ListItem\",\"position\":1,\"name\":\"Home\",\"item\":\"http:\/\/www.masharif.com\/fr\/\"},{\"@type\":\"ListItem\",\"position\":2,\"name\":\"L\u2019A\u00efd c\u2019est moi et c&#8217;est moi l\u2019A\u00efd ! par :Mohamed Ben Rejeb \u2013 k\u00e9libia \u2013Tunis\"}]},{\"@type\":\"Person\",\"@id\":\"http:\/\/www.masharif.com\/fr\/#\/schema\/person\/839a7026efe9fa825134097c1041e4a0\",\"name\":\"Mohamed Salah Ben Amor\",\"image\":{\"@type\":\"ImageObject\",\"inLanguage\":\"fr-FR\",\"@id\":\"http:\/\/www.masharif.com\/fr\/#\/schema\/person\/image\/\",\"url\":\"http:\/\/0.gravatar.com\/avatar\/f64806401ad5ed604ffec2272b19ef46?s=96&d=identicon&r=g\",\"contentUrl\":\"http:\/\/0.gravatar.com\/avatar\/f64806401ad5ed604ffec2272b19ef46?s=96&d=identicon&r=g\",\"caption\":\"Mohamed Salah Ben Amor\"},\"sameAs\":[\"http:\/\/ben-amor.info\"],\"url\":\"http:\/\/www.masharif.com\/fr\/author\/msba\/\"}]}<\/script>\n<!-- \/ Yoast SEO plugin. -->","yoast_head_json":{"title":"L\u2019A\u00efd c\u2019est moi et c'est moi l\u2019A\u00efd ! par :Mohamed Ben Rejeb \u2013 k\u00e9libia \u2013Tunis - Culminances","robots":{"index":"index","follow":"follow","max-snippet":"max-snippet:-1","max-image-preview":"max-image-preview:large","max-video-preview":"max-video-preview:-1"},"canonical":"http:\/\/www.masharif.com\/fr\/2017\/06\/28\/laid-cest-moi-et-cest-moi-laid-par-mohamed-ben-rejeb-kelibia-tunis\/","og_locale":"fr_FR","og_type":"article","og_title":"L\u2019A\u00efd c\u2019est moi et c'est moi l\u2019A\u00efd ! par :Mohamed Ben Rejeb \u2013 k\u00e9libia \u2013Tunis - Culminances","og_description":"&nbsp; L\u2019A\u00efd m\u2019a dit\u00a0: &#8221; Je suis incapable de te r\u00e9jouir, Car ta tristesse est immense, Ton c\u0153ur est unique, Ta terre est muette et son chagrin est au comble Chaque jour elle porte un nouvel \u00e2ge Mais sans nouveaut\u00e9\u2026 Pourquoi l\u2019horizon s\u2019est-il r\u00e9tr\u00e9ci devant toi\u00a0? Pourquoi le soleil au lieu de se lever pour ...","og_url":"http:\/\/www.masharif.com\/fr\/2017\/06\/28\/laid-cest-moi-et-cest-moi-laid-par-mohamed-ben-rejeb-kelibia-tunis\/","og_site_name":"Culminances","article_published_time":"2017-06-28T11:49:47+00:00","article_modified_time":"2017-06-29T03:25:28+00:00","og_image":[{"width":720,"height":719,"url":"http:\/\/www.masharif.com\/fr\/wp-content\/uploads\/2017\/06\/13260125_1291891290840821_8123547082622868802_n.jpg","type":"image\/jpeg"}],"author":"Mohamed Salah Ben Amor","twitter_card":"summary","twitter_misc":{"\u00c9crit par":"Mohamed Salah Ben Amor","Dur\u00e9e de lecture estim\u00e9e":"2 minutes"},"schema":{"@context":"https:\/\/schema.org","@graph":[{"@type":"WebSite","@id":"http:\/\/www.masharif.com\/fr\/#website","url":"http:\/\/www.masharif.com\/fr\/","name":"Culminances","description":"","potentialAction":[{"@type":"SearchAction","target":{"@type":"EntryPoint","urlTemplate":"http:\/\/www.masharif.com\/fr\/?s={search_term_string}"},"query-input":"required name=search_term_string"}],"inLanguage":"fr-FR"},{"@type":"ImageObject","inLanguage":"fr-FR","@id":"http:\/\/www.masharif.com\/fr\/2017\/06\/28\/laid-cest-moi-et-cest-moi-laid-par-mohamed-ben-rejeb-kelibia-tunis\/#primaryimage","url":"http:\/\/www.masharif.com\/fr\/wp-content\/uploads\/2017\/06\/13260125_1291891290840821_8123547082622868802_n.jpg","contentUrl":"http:\/\/www.masharif.com\/fr\/wp-content\/uploads\/2017\/06\/13260125_1291891290840821_8123547082622868802_n.jpg","width":720,"height":719},{"@type":"WebPage","@id":"http:\/\/www.masharif.com\/fr\/2017\/06\/28\/laid-cest-moi-et-cest-moi-laid-par-mohamed-ben-rejeb-kelibia-tunis\/","url":"http:\/\/www.masharif.com\/fr\/2017\/06\/28\/laid-cest-moi-et-cest-moi-laid-par-mohamed-ben-rejeb-kelibia-tunis\/","name":"L\u2019A\u00efd c\u2019est moi et c'est moi l\u2019A\u00efd ! par :Mohamed Ben Rejeb \u2013 k\u00e9libia \u2013Tunis - Culminances","isPartOf":{"@id":"http:\/\/www.masharif.com\/fr\/#website"},"primaryImageOfPage":{"@id":"http:\/\/www.masharif.com\/fr\/2017\/06\/28\/laid-cest-moi-et-cest-moi-laid-par-mohamed-ben-rejeb-kelibia-tunis\/#primaryimage"},"datePublished":"2017-06-28T11:49:47+00:00","dateModified":"2017-06-29T03:25:28+00:00","author":{"@id":"http:\/\/www.masharif.com\/fr\/#\/schema\/person\/839a7026efe9fa825134097c1041e4a0"},"breadcrumb":{"@id":"http:\/\/www.masharif.com\/fr\/2017\/06\/28\/laid-cest-moi-et-cest-moi-laid-par-mohamed-ben-rejeb-kelibia-tunis\/#breadcrumb"},"inLanguage":"fr-FR","potentialAction":[{"@type":"ReadAction","target":["http:\/\/www.masharif.com\/fr\/2017\/06\/28\/laid-cest-moi-et-cest-moi-laid-par-mohamed-ben-rejeb-kelibia-tunis\/"]}]},{"@type":"BreadcrumbList","@id":"http:\/\/www.masharif.com\/fr\/2017\/06\/28\/laid-cest-moi-et-cest-moi-laid-par-mohamed-ben-rejeb-kelibia-tunis\/#breadcrumb","itemListElement":[{"@type":"ListItem","position":1,"name":"Home","item":"http:\/\/www.masharif.com\/fr\/"},{"@type":"ListItem","position":2,"name":"L\u2019A\u00efd c\u2019est moi et c&#8217;est moi l\u2019A\u00efd ! par :Mohamed Ben Rejeb \u2013 k\u00e9libia \u2013Tunis"}]},{"@type":"Person","@id":"http:\/\/www.masharif.com\/fr\/#\/schema\/person\/839a7026efe9fa825134097c1041e4a0","name":"Mohamed Salah Ben Amor","image":{"@type":"ImageObject","inLanguage":"fr-FR","@id":"http:\/\/www.masharif.com\/fr\/#\/schema\/person\/image\/","url":"http:\/\/0.gravatar.com\/avatar\/f64806401ad5ed604ffec2272b19ef46?s=96&d=identicon&r=g","contentUrl":"http:\/\/0.gravatar.com\/avatar\/f64806401ad5ed604ffec2272b19ef46?s=96&d=identicon&r=g","caption":"Mohamed Salah Ben Amor"},"sameAs":["http:\/\/ben-amor.info"],"url":"http:\/\/www.masharif.com\/fr\/author\/msba\/"}]}},"_links":{"self":[{"href":"http:\/\/www.masharif.com\/fr\/wp-json\/wp\/v2\/posts\/5621"}],"collection":[{"href":"http:\/\/www.masharif.com\/fr\/wp-json\/wp\/v2\/posts"}],"about":[{"href":"http:\/\/www.masharif.com\/fr\/wp-json\/wp\/v2\/types\/post"}],"author":[{"embeddable":true,"href":"http:\/\/www.masharif.com\/fr\/wp-json\/wp\/v2\/users\/2"}],"replies":[{"embeddable":true,"href":"http:\/\/www.masharif.com\/fr\/wp-json\/wp\/v2\/comments?post=5621"}],"version-history":[{"count":4,"href":"http:\/\/www.masharif.com\/fr\/wp-json\/wp\/v2\/posts\/5621\/revisions"}],"predecessor-version":[{"id":5626,"href":"http:\/\/www.masharif.com\/fr\/wp-json\/wp\/v2\/posts\/5621\/revisions\/5626"}],"wp:featuredmedia":[{"embeddable":true,"href":"http:\/\/www.masharif.com\/fr\/wp-json\/wp\/v2\/media\/5622"}],"wp:attachment":[{"href":"http:\/\/www.masharif.com\/fr\/wp-json\/wp\/v2\/media?parent=5621"}],"wp:term":[{"taxonomy":"category","embeddable":true,"href":"http:\/\/www.masharif.com\/fr\/wp-json\/wp\/v2\/categories?post=5621"},{"taxonomy":"post_tag","embeddable":true,"href":"http:\/\/www.masharif.com\/fr\/wp-json\/wp\/v2\/tags?post=5621"}],"curies":[{"name":"wp","href":"https:\/\/api.w.org\/{rel}","templated":true}]}}