{"id":5539,"date":"2017-06-21T19:26:15","date_gmt":"2017-06-21T18:26:15","guid":{"rendered":"http:\/\/www.masharif.com\/fr\/?p=5539"},"modified":"2017-06-21T19:26:15","modified_gmt":"2017-06-21T18:26:15","slug":"printemps-davril-mouina-el-achari-rabat-maroc","status":"publish","type":"post","link":"http:\/\/www.masharif.com\/fr\/2017\/06\/21\/printemps-davril-mouina-el-achari-rabat-maroc\/","title":{"rendered":"Printemps d\u2019Avril : Mouina El Achari \u2013Rabat \u2013Maroc"},"content":{"rendered":"<div id=\"attachment_5341\" style=\"width: 310px\" class=\"wp-caption alignnone\"><a href=\"http:\/\/www.masharif.com\/fr\/wp-content\/uploads\/2017\/05\/18699961_1164096607069276_9046429546563731722_n.jpg\"><img aria-describedby=\"caption-attachment-5341\" loading=\"lazy\" class=\"wp-image-5341 size-medium\" src=\"http:\/\/www.masharif.com\/fr\/wp-content\/uploads\/2017\/05\/18699961_1164096607069276_9046429546563731722_n-300x300.jpg\" alt=\"\" width=\"300\" height=\"300\" srcset=\"http:\/\/www.masharif.com\/fr\/wp-content\/uploads\/2017\/05\/18699961_1164096607069276_9046429546563731722_n-300x300.jpg 300w, http:\/\/www.masharif.com\/fr\/wp-content\/uploads\/2017\/05\/18699961_1164096607069276_9046429546563731722_n-150x150.jpg 150w, http:\/\/www.masharif.com\/fr\/wp-content\/uploads\/2017\/05\/18699961_1164096607069276_9046429546563731722_n-55x55.jpg 55w, http:\/\/www.masharif.com\/fr\/wp-content\/uploads\/2017\/05\/18699961_1164096607069276_9046429546563731722_n.jpg 634w\" sizes=\"(max-width: 300px) 100vw, 300px\" \/><\/a><p id=\"caption-attachment-5341\" class=\"wp-caption-text\">Mouina El Achari<\/p><\/div>\n<p><a href=\"http:\/\/www.masharif.com\/fr\/wp-content\/uploads\/2017\/06\/ignace_printemps_arabe_terrorisme_islamisme-tv_libertes.jpg\"><img loading=\"lazy\" class=\"alignnone size-medium wp-image-5540\" src=\"http:\/\/www.masharif.com\/fr\/wp-content\/uploads\/2017\/06\/ignace_printemps_arabe_terrorisme_islamisme-tv_libertes-300x217.jpg\" alt=\"\" width=\"300\" height=\"217\" srcset=\"http:\/\/www.masharif.com\/fr\/wp-content\/uploads\/2017\/06\/ignace_printemps_arabe_terrorisme_islamisme-tv_libertes-300x217.jpg 300w, http:\/\/www.masharif.com\/fr\/wp-content\/uploads\/2017\/06\/ignace_printemps_arabe_terrorisme_islamisme-tv_libertes-768x554.jpg 768w, http:\/\/www.masharif.com\/fr\/wp-content\/uploads\/2017\/06\/ignace_printemps_arabe_terrorisme_islamisme-tv_libertes.jpg 1000w\" sizes=\"(max-width: 300px) 100vw, 300px\" \/><\/a><\/p>\n<p>&nbsp;<\/p>\n<p><strong>Notre printemps \u00e9tait de courte dur\u00e9e.<\/strong><\/p>\n<p><strong>Non, c&#8217;\u00e9tait un r\u00eave de printemps<\/strong><\/p>\n<p><strong>Qui s&#8217;est av\u00e9r\u00e9 un gros poisson<\/strong><\/p>\n<p><strong>Venu un d\u00e9but d&#8217;hiver fort et affam\u00e9.<\/strong><\/p>\n<p>&nbsp;<\/p>\n<p><strong>Nous lui avons r\u00e9serv\u00e9 un accueil chaleureux.<\/strong><\/p>\n<p><strong>Bouscul\u00e9s , ensanglant\u00e9s, mais heureux<\/strong><\/p>\n<p><strong>D&#8217;\u00eatre consid\u00e9r\u00e9s comme de vrais citoyens<\/strong><\/p>\n<p><strong>Qui ont cri\u00e9 d\u00e9gage et leurs voix s&#8217;\u00e9coutaient enfin.<\/strong><\/p>\n<p>&nbsp;<\/p>\n<p><strong>Notre printemps \u00e9tait rouge mais beau,<\/strong><\/p>\n<p><strong>Parsem\u00e9 d&#8217;\u00e9pines mais l&#8217;espoir \u00e9tait gros.<\/strong><\/p>\n<p><strong>Des chants et des larmes ont \u00e9t\u00e9 vers\u00e9s<\/strong><\/p>\n<p><strong>De joie, malgr\u00e9 les \u00e2mes offertes \u00e0 la libert\u00e9.<\/strong><\/p>\n<p>&nbsp;<\/p>\n<p><strong>Notre printemps a d\u00e9tr\u00f4n\u00e9 des dictateurs<\/strong><\/p>\n<p><strong>Pour installer tout un syst\u00e8me de r\u00e9pression<\/strong><\/p>\n<p><strong>Fabriqu\u00e9 et mont\u00e9 par les g\u00e9nies cr\u00e9ateurs<\/strong><\/p>\n<p><strong>De ce r\u00eave &#8211; cauchemar nomm\u00e9 printemps.<\/strong><\/p>\n<p>&nbsp;<\/p>\n<p><strong>Notre printemps que nous avons voulu vert<\/strong><\/p>\n<p><strong>Pour couvrir de fleurs nos c\u0153urs et la terre<\/strong><\/p>\n<p><strong>N&#8217;a pas r\u00e9sist\u00e9 \u00e0 la chaleur d&#8217;un \u00e9trange enfer<\/strong><\/p>\n<p><strong>Qui a br\u00fbl\u00e9 nos espoirs fondus dans la gal\u00e8re.<\/strong><\/p>\n<p>&nbsp;<\/p>\n<p><strong>Notre printemps s&#8217;est v\u00eatu de rouge et noir.<\/strong><\/p>\n<p><strong>Il\u00a0 nous a plong\u00e9s dans un total d\u00e9sespoir<\/strong><\/p>\n<p><strong>Que nous avons abandonn\u00e9\u00a0 nos patries<\/strong><\/p>\n<p><strong>Vers l&#8217;inconnu petits et grands les c\u0153urs meurtris.<\/strong><\/p>\n<p>&nbsp;<\/p>\n<p><strong>Notre printemps nous a compl\u00e8tement divis\u00e9s<\/strong><\/p>\n<p><strong>En sectes qui s&#8217;entre-tuent tels des barbares<\/strong><\/p>\n<p><strong>Venus d&#8217;une autre plan\u00e8te aux id\u00e9es bizarres<\/strong><\/p>\n<p><strong>Pour semer en nous la terreur et nous d\u00e9chirer.<\/strong><\/p>\n<p>&nbsp;<\/p>\n<p><strong>Notre printemps s&#8217;est transform\u00e9 en balcon<\/strong><\/p>\n<p><strong>D&#8217;o\u00f9, en toute souffrance nous suivons<\/strong><\/p>\n<p><strong>Des familles \u00e9parpill\u00e9es \u00e0 la recherche d&#8217;un abri<\/strong><\/p>\n<p><strong>Telle celle du petit Aylan par la mer engloutie.<\/strong><\/p>\n<p>&nbsp;<\/p>\n<p><strong>O\u00f9 es- tu parti cher printemps\u00a0?<\/strong><\/p>\n<p><strong>As-tu oubli\u00e9 ton serment\u00a0?<\/strong><\/p>\n<p><strong>Nous t&#8217;avons offert notre sang,<\/strong><\/p>\n<p><strong>Nos \u00e2mes et notre argent.<\/strong><\/p>\n<p><strong>Quel avenir nous attend<\/strong><\/p>\n<p><strong>Apr\u00e8s avoir perdu la nation\u00a0?<\/strong><\/p>\n<p><strong>\u00d4 printemps aie piti\u00e9 des enfants\u00a0!<\/strong><\/p>\n<p><strong>Laisse-nous l&#8217;\u00e9t\u00e9 il est plus cl\u00e9ment<\/strong><\/p>\n<p><strong>Et d\u00e9gage, nous te ha\u00efssons&#8230;<\/strong><\/p>\n<p>&nbsp;<\/p>\n","protected":false},"excerpt":{"rendered":"<p>&nbsp; Notre printemps \u00e9tait de courte dur\u00e9e. Non, c&#8217;\u00e9tait un r\u00eave de printemps Qui s&#8217;est av\u00e9r\u00e9 un gros poisson Venu un d\u00e9but d&#8217;hiver fort et affam\u00e9. &nbsp; Nous lui avons r\u00e9serv\u00e9 un accueil chaleureux. Bouscul\u00e9s , ensanglant\u00e9s, mais heureux D&#8217;\u00eatre consid\u00e9r\u00e9s comme de vrais citoyens Qui ont cri\u00e9 d\u00e9gage et leurs voix s&#8217;\u00e9coutaient enfin. &nbsp; &#8230;<\/p>\n","protected":false},"author":2,"featured_media":5540,"comment_status":"open","ping_status":"open","sticky":false,"template":"","format":"standard","meta":[],"categories":[4],"tags":[],"yoast_head":"<!-- This site is optimized with the Yoast SEO plugin v19.3 - https:\/\/yoast.com\/wordpress\/plugins\/seo\/ -->\n<title>Printemps d\u2019Avril : Mouina El Achari \u2013Rabat \u2013Maroc - Culminances<\/title>\n<meta name=\"robots\" content=\"index, follow, max-snippet:-1, max-image-preview:large, max-video-preview:-1\" \/>\n<link rel=\"canonical\" href=\"https:\/\/www.masharif.com\/fr\/2017\/06\/21\/printemps-davril-mouina-el-achari-rabat-maroc\/\" \/>\n<meta property=\"og:locale\" content=\"fr_FR\" \/>\n<meta property=\"og:type\" content=\"article\" \/>\n<meta property=\"og:title\" content=\"Printemps d\u2019Avril : Mouina El Achari \u2013Rabat \u2013Maroc - Culminances\" \/>\n<meta property=\"og:description\" content=\"&nbsp; Notre printemps \u00e9tait de courte dur\u00e9e. Non, c&#8217;\u00e9tait un r\u00eave de printemps Qui s&#8217;est av\u00e9r\u00e9 un gros poisson Venu un d\u00e9but d&#8217;hiver fort et affam\u00e9. &nbsp; Nous lui avons r\u00e9serv\u00e9 un accueil chaleureux. Bouscul\u00e9s , ensanglant\u00e9s, mais heureux D&#8217;\u00eatre consid\u00e9r\u00e9s comme de vrais citoyens Qui ont cri\u00e9 d\u00e9gage et leurs voix s&#8217;\u00e9coutaient enfin. &nbsp; ...\" \/>\n<meta property=\"og:url\" content=\"https:\/\/www.masharif.com\/fr\/2017\/06\/21\/printemps-davril-mouina-el-achari-rabat-maroc\/\" \/>\n<meta property=\"og:site_name\" content=\"Culminances\" \/>\n<meta property=\"article:published_time\" content=\"2017-06-21T18:26:15+00:00\" \/>\n<meta property=\"og:image\" content=\"https:\/\/www.masharif.com\/fr\/wp-content\/uploads\/2017\/06\/ignace_printemps_arabe_terrorisme_islamisme-tv_libertes.jpg\" \/>\n\t<meta property=\"og:image:width\" content=\"1000\" \/>\n\t<meta property=\"og:image:height\" content=\"722\" \/>\n\t<meta property=\"og:image:type\" content=\"image\/jpeg\" \/>\n<meta name=\"author\" content=\"Mohamed Salah Ben Amor\" \/>\n<meta name=\"twitter:card\" content=\"summary\" \/>\n<meta name=\"twitter:label1\" content=\"\u00c9crit par\" \/>\n\t<meta name=\"twitter:data1\" content=\"Mohamed Salah Ben Amor\" \/>\n\t<meta name=\"twitter:label2\" content=\"Dur\u00e9e de lecture estim\u00e9e\" \/>\n\t<meta name=\"twitter:data2\" content=\"2 minutes\" \/>\n<script type=\"application\/ld+json\" class=\"yoast-schema-graph\">{\"@context\":\"https:\/\/schema.org\",\"@graph\":[{\"@type\":\"WebSite\",\"@id\":\"https:\/\/www.masharif.com\/fr\/#website\",\"url\":\"https:\/\/www.masharif.com\/fr\/\",\"name\":\"Culminances\",\"description\":\"\",\"potentialAction\":[{\"@type\":\"SearchAction\",\"target\":{\"@type\":\"EntryPoint\",\"urlTemplate\":\"https:\/\/www.masharif.com\/fr\/?s={search_term_string}\"},\"query-input\":\"required name=search_term_string\"}],\"inLanguage\":\"fr-FR\"},{\"@type\":\"ImageObject\",\"inLanguage\":\"fr-FR\",\"@id\":\"https:\/\/www.masharif.com\/fr\/2017\/06\/21\/printemps-davril-mouina-el-achari-rabat-maroc\/#primaryimage\",\"url\":\"http:\/\/www.masharif.com\/fr\/wp-content\/uploads\/2017\/06\/ignace_printemps_arabe_terrorisme_islamisme-tv_libertes.jpg\",\"contentUrl\":\"http:\/\/www.masharif.com\/fr\/wp-content\/uploads\/2017\/06\/ignace_printemps_arabe_terrorisme_islamisme-tv_libertes.jpg\",\"width\":1000,\"height\":722},{\"@type\":\"WebPage\",\"@id\":\"https:\/\/www.masharif.com\/fr\/2017\/06\/21\/printemps-davril-mouina-el-achari-rabat-maroc\/\",\"url\":\"https:\/\/www.masharif.com\/fr\/2017\/06\/21\/printemps-davril-mouina-el-achari-rabat-maroc\/\",\"name\":\"Printemps d\u2019Avril : Mouina El Achari \u2013Rabat \u2013Maroc - Culminances\",\"isPartOf\":{\"@id\":\"https:\/\/www.masharif.com\/fr\/#website\"},\"primaryImageOfPage\":{\"@id\":\"https:\/\/www.masharif.com\/fr\/2017\/06\/21\/printemps-davril-mouina-el-achari-rabat-maroc\/#primaryimage\"},\"datePublished\":\"2017-06-21T18:26:15+00:00\",\"dateModified\":\"2017-06-21T18:26:15+00:00\",\"author\":{\"@id\":\"https:\/\/www.masharif.com\/fr\/#\/schema\/person\/839a7026efe9fa825134097c1041e4a0\"},\"breadcrumb\":{\"@id\":\"https:\/\/www.masharif.com\/fr\/2017\/06\/21\/printemps-davril-mouina-el-achari-rabat-maroc\/#breadcrumb\"},\"inLanguage\":\"fr-FR\",\"potentialAction\":[{\"@type\":\"ReadAction\",\"target\":[\"https:\/\/www.masharif.com\/fr\/2017\/06\/21\/printemps-davril-mouina-el-achari-rabat-maroc\/\"]}]},{\"@type\":\"BreadcrumbList\",\"@id\":\"https:\/\/www.masharif.com\/fr\/2017\/06\/21\/printemps-davril-mouina-el-achari-rabat-maroc\/#breadcrumb\",\"itemListElement\":[{\"@type\":\"ListItem\",\"position\":1,\"name\":\"Home\",\"item\":\"https:\/\/www.masharif.com\/fr\/\"},{\"@type\":\"ListItem\",\"position\":2,\"name\":\"Printemps d\u2019Avril : Mouina El Achari \u2013Rabat \u2013Maroc\"}]},{\"@type\":\"Person\",\"@id\":\"https:\/\/www.masharif.com\/fr\/#\/schema\/person\/839a7026efe9fa825134097c1041e4a0\",\"name\":\"Mohamed Salah Ben Amor\",\"image\":{\"@type\":\"ImageObject\",\"inLanguage\":\"fr-FR\",\"@id\":\"https:\/\/www.masharif.com\/fr\/#\/schema\/person\/image\/\",\"url\":\"http:\/\/0.gravatar.com\/avatar\/f64806401ad5ed604ffec2272b19ef46?s=96&d=identicon&r=g\",\"contentUrl\":\"http:\/\/0.gravatar.com\/avatar\/f64806401ad5ed604ffec2272b19ef46?s=96&d=identicon&r=g\",\"caption\":\"Mohamed Salah Ben Amor\"},\"sameAs\":[\"http:\/\/ben-amor.info\"],\"url\":\"http:\/\/www.masharif.com\/fr\/author\/msba\/\"}]}<\/script>\n<!-- \/ Yoast SEO plugin. -->","yoast_head_json":{"title":"Printemps d\u2019Avril : Mouina El Achari \u2013Rabat \u2013Maroc - Culminances","robots":{"index":"index","follow":"follow","max-snippet":"max-snippet:-1","max-image-preview":"max-image-preview:large","max-video-preview":"max-video-preview:-1"},"canonical":"https:\/\/www.masharif.com\/fr\/2017\/06\/21\/printemps-davril-mouina-el-achari-rabat-maroc\/","og_locale":"fr_FR","og_type":"article","og_title":"Printemps d\u2019Avril : Mouina El Achari \u2013Rabat \u2013Maroc - Culminances","og_description":"&nbsp; Notre printemps \u00e9tait de courte dur\u00e9e. Non, c&#8217;\u00e9tait un r\u00eave de printemps Qui s&#8217;est av\u00e9r\u00e9 un gros poisson Venu un d\u00e9but d&#8217;hiver fort et affam\u00e9. &nbsp; Nous lui avons r\u00e9serv\u00e9 un accueil chaleureux. Bouscul\u00e9s , ensanglant\u00e9s, mais heureux D&#8217;\u00eatre consid\u00e9r\u00e9s comme de vrais citoyens Qui ont cri\u00e9 d\u00e9gage et leurs voix s&#8217;\u00e9coutaient enfin. &nbsp; ...","og_url":"https:\/\/www.masharif.com\/fr\/2017\/06\/21\/printemps-davril-mouina-el-achari-rabat-maroc\/","og_site_name":"Culminances","article_published_time":"2017-06-21T18:26:15+00:00","og_image":[{"width":1000,"height":722,"url":"https:\/\/www.masharif.com\/fr\/wp-content\/uploads\/2017\/06\/ignace_printemps_arabe_terrorisme_islamisme-tv_libertes.jpg","type":"image\/jpeg"}],"author":"Mohamed Salah Ben Amor","twitter_card":"summary","twitter_misc":{"\u00c9crit par":"Mohamed Salah Ben Amor","Dur\u00e9e de lecture estim\u00e9e":"2 minutes"},"schema":{"@context":"https:\/\/schema.org","@graph":[{"@type":"WebSite","@id":"https:\/\/www.masharif.com\/fr\/#website","url":"https:\/\/www.masharif.com\/fr\/","name":"Culminances","description":"","potentialAction":[{"@type":"SearchAction","target":{"@type":"EntryPoint","urlTemplate":"https:\/\/www.masharif.com\/fr\/?s={search_term_string}"},"query-input":"required name=search_term_string"}],"inLanguage":"fr-FR"},{"@type":"ImageObject","inLanguage":"fr-FR","@id":"https:\/\/www.masharif.com\/fr\/2017\/06\/21\/printemps-davril-mouina-el-achari-rabat-maroc\/#primaryimage","url":"http:\/\/www.masharif.com\/fr\/wp-content\/uploads\/2017\/06\/ignace_printemps_arabe_terrorisme_islamisme-tv_libertes.jpg","contentUrl":"http:\/\/www.masharif.com\/fr\/wp-content\/uploads\/2017\/06\/ignace_printemps_arabe_terrorisme_islamisme-tv_libertes.jpg","width":1000,"height":722},{"@type":"WebPage","@id":"https:\/\/www.masharif.com\/fr\/2017\/06\/21\/printemps-davril-mouina-el-achari-rabat-maroc\/","url":"https:\/\/www.masharif.com\/fr\/2017\/06\/21\/printemps-davril-mouina-el-achari-rabat-maroc\/","name":"Printemps d\u2019Avril : Mouina El Achari \u2013Rabat \u2013Maroc - Culminances","isPartOf":{"@id":"https:\/\/www.masharif.com\/fr\/#website"},"primaryImageOfPage":{"@id":"https:\/\/www.masharif.com\/fr\/2017\/06\/21\/printemps-davril-mouina-el-achari-rabat-maroc\/#primaryimage"},"datePublished":"2017-06-21T18:26:15+00:00","dateModified":"2017-06-21T18:26:15+00:00","author":{"@id":"https:\/\/www.masharif.com\/fr\/#\/schema\/person\/839a7026efe9fa825134097c1041e4a0"},"breadcrumb":{"@id":"https:\/\/www.masharif.com\/fr\/2017\/06\/21\/printemps-davril-mouina-el-achari-rabat-maroc\/#breadcrumb"},"inLanguage":"fr-FR","potentialAction":[{"@type":"ReadAction","target":["https:\/\/www.masharif.com\/fr\/2017\/06\/21\/printemps-davril-mouina-el-achari-rabat-maroc\/"]}]},{"@type":"BreadcrumbList","@id":"https:\/\/www.masharif.com\/fr\/2017\/06\/21\/printemps-davril-mouina-el-achari-rabat-maroc\/#breadcrumb","itemListElement":[{"@type":"ListItem","position":1,"name":"Home","item":"https:\/\/www.masharif.com\/fr\/"},{"@type":"ListItem","position":2,"name":"Printemps d\u2019Avril : Mouina El Achari \u2013Rabat \u2013Maroc"}]},{"@type":"Person","@id":"https:\/\/www.masharif.com\/fr\/#\/schema\/person\/839a7026efe9fa825134097c1041e4a0","name":"Mohamed Salah Ben Amor","image":{"@type":"ImageObject","inLanguage":"fr-FR","@id":"https:\/\/www.masharif.com\/fr\/#\/schema\/person\/image\/","url":"http:\/\/0.gravatar.com\/avatar\/f64806401ad5ed604ffec2272b19ef46?s=96&d=identicon&r=g","contentUrl":"http:\/\/0.gravatar.com\/avatar\/f64806401ad5ed604ffec2272b19ef46?s=96&d=identicon&r=g","caption":"Mohamed Salah Ben Amor"},"sameAs":["http:\/\/ben-amor.info"],"url":"http:\/\/www.masharif.com\/fr\/author\/msba\/"}]}},"_links":{"self":[{"href":"http:\/\/www.masharif.com\/fr\/wp-json\/wp\/v2\/posts\/5539"}],"collection":[{"href":"http:\/\/www.masharif.com\/fr\/wp-json\/wp\/v2\/posts"}],"about":[{"href":"http:\/\/www.masharif.com\/fr\/wp-json\/wp\/v2\/types\/post"}],"author":[{"embeddable":true,"href":"http:\/\/www.masharif.com\/fr\/wp-json\/wp\/v2\/users\/2"}],"replies":[{"embeddable":true,"href":"http:\/\/www.masharif.com\/fr\/wp-json\/wp\/v2\/comments?post=5539"}],"version-history":[{"count":1,"href":"http:\/\/www.masharif.com\/fr\/wp-json\/wp\/v2\/posts\/5539\/revisions"}],"predecessor-version":[{"id":5541,"href":"http:\/\/www.masharif.com\/fr\/wp-json\/wp\/v2\/posts\/5539\/revisions\/5541"}],"wp:featuredmedia":[{"embeddable":true,"href":"http:\/\/www.masharif.com\/fr\/wp-json\/wp\/v2\/media\/5540"}],"wp:attachment":[{"href":"http:\/\/www.masharif.com\/fr\/wp-json\/wp\/v2\/media?parent=5539"}],"wp:term":[{"taxonomy":"category","embeddable":true,"href":"http:\/\/www.masharif.com\/fr\/wp-json\/wp\/v2\/categories?post=5539"},{"taxonomy":"post_tag","embeddable":true,"href":"http:\/\/www.masharif.com\/fr\/wp-json\/wp\/v2\/tags?post=5539"}],"curies":[{"name":"wp","href":"https:\/\/api.w.org\/{rel}","templated":true}]}}