{"id":5334,"date":"2017-05-30T18:05:16","date_gmt":"2017-05-30T17:05:16","guid":{"rendered":"http:\/\/www.masharif.com\/fr\/?p=5334"},"modified":"2017-05-30T18:05:16","modified_gmt":"2017-05-30T17:05:16","slug":"ne-suis-louve-guerriere-farouche-maissa-boutiche-ain-benian-alger-algerie","status":"publish","type":"post","link":"http:\/\/www.masharif.com\/fr\/2017\/05\/30\/ne-suis-louve-guerriere-farouche-maissa-boutiche-ain-benian-alger-algerie\/","title":{"rendered":"Je ne suis ni louve ni guerri\u00e8re farouche par : Maissa Boutiche \u2013 Ain B\u00e9nian \u2013Alger \u2013 Alg\u00e9rie"},"content":{"rendered":"<div id=\"attachment_4887\" style=\"width: 235px\" class=\"wp-caption alignnone\"><a href=\"http:\/\/www.masharif.com\/fr\/wp-content\/uploads\/2017\/04\/12313570_659252470883972_6129519879690416133_n.jpg\"><img aria-describedby=\"caption-attachment-4887\" loading=\"lazy\" class=\"wp-image-4887 size-medium\" src=\"http:\/\/www.masharif.com\/fr\/wp-content\/uploads\/2017\/04\/12313570_659252470883972_6129519879690416133_n-225x300.jpg\" alt=\"\" width=\"225\" height=\"300\" srcset=\"http:\/\/www.masharif.com\/fr\/wp-content\/uploads\/2017\/04\/12313570_659252470883972_6129519879690416133_n-225x300.jpg 225w, http:\/\/www.masharif.com\/fr\/wp-content\/uploads\/2017\/04\/12313570_659252470883972_6129519879690416133_n.jpg 720w\" sizes=\"(max-width: 225px) 100vw, 225px\" \/><\/a><p id=\"caption-attachment-4887\" class=\"wp-caption-text\">Maissa Boutiche<\/p><\/div>\n<p><a href=\"http:\/\/www.masharif.com\/fr\/wp-content\/uploads\/2017\/05\/girl-1492380_960_720.jpg\"><img loading=\"lazy\" class=\"alignnone size-medium wp-image-5335\" src=\"http:\/\/www.masharif.com\/fr\/wp-content\/uploads\/2017\/05\/girl-1492380_960_720-300x200.jpg\" alt=\"\" width=\"300\" height=\"200\" srcset=\"http:\/\/www.masharif.com\/fr\/wp-content\/uploads\/2017\/05\/girl-1492380_960_720-300x200.jpg 300w, http:\/\/www.masharif.com\/fr\/wp-content\/uploads\/2017\/05\/girl-1492380_960_720-768x512.jpg 768w, http:\/\/www.masharif.com\/fr\/wp-content\/uploads\/2017\/05\/girl-1492380_960_720.jpg 960w\" sizes=\"(max-width: 300px) 100vw, 300px\" \/><\/a><\/p>\n<p><strong>Je ne suis ni louve\u00a0<\/strong><\/p>\n<p><strong>Ni guerri\u00e8re farouche.<\/strong><\/p>\n<p><strong>Je ne suis qu&#8217;un c\u0153ur\u00a0vivant<\/strong><\/p>\n<p><strong>Et une \u00e2me qui se fait une beaut\u00e9<\/strong><\/p>\n<p><strong>De ses beaux r\u00eaves.<\/strong><\/p>\n<p><strong>Mon \u00e2me est une rose de l&#8217;amour<\/strong><\/p>\n<p><strong>Qui se parfume de l&#8217;odeur de\u00a0 sa terre.<\/strong><\/p>\n<p><strong>Mes\u00a0pens\u00e9es voyageuses vagabondent\u00a0 dans mon home et ailleurs.<\/strong><\/p>\n<p>&nbsp;<\/p>\n<p><strong>Je suis ce cordon des us<\/strong><\/p>\n<p><strong>et leur dict\u00e9e que j&#8217;ai\u00a0 apprise par c\u0153ur.<\/strong><\/p>\n<p><strong>Je suis de l&#8217;argile de ces femmes<\/strong><\/p>\n<p><strong>Aux\u00a0 traits qui narrent<\/strong><\/p>\n<p><strong>Les contes de la vache des orphelins et de Hidwan<\/strong><\/p>\n<p><strong>De notre hiver l\u00e9gendaire.\u00a0<\/strong><\/p>\n<p>&nbsp;<\/p>\n<p><strong>Il para\u00eet que les ordonnances disent<\/strong><\/p>\n<p><strong>Que la place de la femme\u00a0est dans sa chaumi\u00e8re,<\/strong><\/p>\n<p><strong>\u00c9lever ses enfants,\u00a0<\/strong><\/p>\n<p><strong>Accepter son destin\u00a0;<\/strong><\/p>\n<p><strong>Ne pas entamer de guerre.<\/strong><\/p>\n<p>&nbsp;<\/p>\n<p><strong>Mais a lire mes odes et rimes<\/strong><\/p>\n<p><strong>Je constate avec une fiert\u00e9 et un grand honneur<\/strong><\/p>\n<p><strong>Que mes a\u00efeux sont n\u00e9s\u00a0 d\u00e9mocrates<\/strong><\/p>\n<p><strong>Depuis la nuit du temps et l&#8217;\u00e2ge de la pierre,\u00a0<\/strong><\/p>\n<p><strong>M&#8217;ont autoris\u00e9 a fr\u00e9quenter l&#8217;\u00e9cole coranique,<\/strong><\/p>\n<p><strong>A faire des \u00e9tudes, parler et \u00e9crire\u00a0<\/strong><\/p>\n<p><strong>Dans la langue de Voltaire.<\/strong><\/p>\n<p><strong>Qui dit le contraire?<\/strong><\/p>\n<p>&nbsp;<\/p>\n<p><strong>J&#8217;ai couru \u00e9tant enfant<\/strong><\/p>\n<p><strong>Libre comme le vent<\/strong><\/p>\n<p><strong>A travers les pr\u00e8s et les champs.<\/strong><\/p>\n<p><strong>J&#8217;ai eu\u00a0une enfance paisible et heureuse.<\/strong><\/p>\n<p><strong>J&#8217;ai \u00e9t\u00e9 hirondelle et un beau papillon<\/strong><\/p>\n<p><strong>Qui volait libre sans cha\u00eenes<\/strong><\/p>\n<p><strong>Sous un ciel o\u00f9 l&#8217;amour \u00e9tait azur\u00e9<\/strong><\/p>\n<p><strong>Et tol\u00e9rant<\/strong><\/p>\n<p><strong>Et je cueillais de ma petite main les roses\u00a0 de mes champs<\/strong><\/p>\n<p><strong>Que j&#8217;offrais avec plaisir heureuse \u00e0 maman&#8230;<\/strong><\/p>\n<p>&nbsp;<\/p>\n<p><strong>Le beau et l&#8217;amour ont grandi avec moi.<\/strong><\/p>\n<p><strong>Malgr\u00e9 mes rides et mes cheveux blancs,<\/strong><\/p>\n<p><strong>Je savoure\u00a0 le panorama extraordinaire\u00a0<\/strong><\/p>\n<p><strong>De ma terre qui m&#8217;enchante et m&#8217;envo\u00fbte \u00e0 chaque instant&#8230;<\/strong><\/p>\n<p>&nbsp;<\/p>\n<p><strong>Je ne suis pas louve et du tout une brebis.<\/strong><\/p>\n<p><strong>Je ne suis qu&#8217;une \u00e2me qui refleurie<\/strong><\/p>\n<p><strong>A la vue des prairies et le verdoiement de mes champs .<\/strong><\/p>\n<p>&nbsp;<\/p>\n","protected":false},"excerpt":{"rendered":"<p>Je ne suis ni louve\u00a0 Ni guerri\u00e8re farouche. Je ne suis qu&#8217;un c\u0153ur\u00a0vivant Et une \u00e2me qui se fait une beaut\u00e9 De ses beaux r\u00eaves. Mon \u00e2me est une rose de l&#8217;amour Qui se parfume de l&#8217;odeur de\u00a0 sa terre. Mes\u00a0pens\u00e9es voyageuses vagabondent\u00a0 dans mon home et ailleurs. &nbsp; Je suis ce cordon des us &#8230;<\/p>\n","protected":false},"author":2,"featured_media":5335,"comment_status":"open","ping_status":"open","sticky":false,"template":"","format":"standard","meta":[],"categories":[4],"tags":[],"yoast_head":"<!-- This site is optimized with the Yoast SEO plugin v19.3 - https:\/\/yoast.com\/wordpress\/plugins\/seo\/ -->\n<title>Je ne suis ni louve ni guerri\u00e8re farouche par : Maissa Boutiche \u2013 Ain B\u00e9nian \u2013Alger \u2013 Alg\u00e9rie - Culminances<\/title>\n<meta name=\"robots\" content=\"index, follow, max-snippet:-1, max-image-preview:large, max-video-preview:-1\" \/>\n<link rel=\"canonical\" href=\"http:\/\/www.masharif.com\/fr\/2017\/05\/30\/ne-suis-louve-guerriere-farouche-maissa-boutiche-ain-benian-alger-algerie\/\" \/>\n<meta property=\"og:locale\" content=\"fr_FR\" \/>\n<meta property=\"og:type\" content=\"article\" \/>\n<meta property=\"og:title\" content=\"Je ne suis ni louve ni guerri\u00e8re farouche par : Maissa Boutiche \u2013 Ain B\u00e9nian \u2013Alger \u2013 Alg\u00e9rie - Culminances\" \/>\n<meta property=\"og:description\" content=\"Je ne suis ni louve\u00a0 Ni guerri\u00e8re farouche. Je ne suis qu&#8217;un c\u0153ur\u00a0vivant Et une \u00e2me qui se fait une beaut\u00e9 De ses beaux r\u00eaves. Mon \u00e2me est une rose de l&#8217;amour Qui se parfume de l&#8217;odeur de\u00a0 sa terre. Mes\u00a0pens\u00e9es voyageuses vagabondent\u00a0 dans mon home et ailleurs. &nbsp; Je suis ce cordon des us ...\" \/>\n<meta property=\"og:url\" content=\"http:\/\/www.masharif.com\/fr\/2017\/05\/30\/ne-suis-louve-guerriere-farouche-maissa-boutiche-ain-benian-alger-algerie\/\" \/>\n<meta property=\"og:site_name\" content=\"Culminances\" \/>\n<meta property=\"article:published_time\" content=\"2017-05-30T17:05:16+00:00\" \/>\n<meta property=\"og:image\" content=\"http:\/\/www.masharif.com\/fr\/wp-content\/uploads\/2017\/05\/girl-1492380_960_720.jpg\" \/>\n\t<meta property=\"og:image:width\" content=\"960\" \/>\n\t<meta property=\"og:image:height\" content=\"640\" \/>\n\t<meta property=\"og:image:type\" content=\"image\/jpeg\" \/>\n<meta name=\"author\" content=\"Mohamed Salah Ben Amor\" \/>\n<meta name=\"twitter:card\" content=\"summary\" \/>\n<meta name=\"twitter:label1\" content=\"\u00c9crit par\" \/>\n\t<meta name=\"twitter:data1\" content=\"Mohamed Salah Ben Amor\" \/>\n\t<meta name=\"twitter:label2\" content=\"Dur\u00e9e de lecture estim\u00e9e\" \/>\n\t<meta name=\"twitter:data2\" content=\"2 minutes\" \/>\n<script type=\"application\/ld+json\" class=\"yoast-schema-graph\">{\"@context\":\"https:\/\/schema.org\",\"@graph\":[{\"@type\":\"WebSite\",\"@id\":\"http:\/\/www.masharif.com\/fr\/#website\",\"url\":\"http:\/\/www.masharif.com\/fr\/\",\"name\":\"Culminances\",\"description\":\"\",\"potentialAction\":[{\"@type\":\"SearchAction\",\"target\":{\"@type\":\"EntryPoint\",\"urlTemplate\":\"http:\/\/www.masharif.com\/fr\/?s={search_term_string}\"},\"query-input\":\"required name=search_term_string\"}],\"inLanguage\":\"fr-FR\"},{\"@type\":\"ImageObject\",\"inLanguage\":\"fr-FR\",\"@id\":\"http:\/\/www.masharif.com\/fr\/2017\/05\/30\/ne-suis-louve-guerriere-farouche-maissa-boutiche-ain-benian-alger-algerie\/#primaryimage\",\"url\":\"http:\/\/www.masharif.com\/fr\/wp-content\/uploads\/2017\/05\/girl-1492380_960_720.jpg\",\"contentUrl\":\"http:\/\/www.masharif.com\/fr\/wp-content\/uploads\/2017\/05\/girl-1492380_960_720.jpg\",\"width\":960,\"height\":640},{\"@type\":\"WebPage\",\"@id\":\"http:\/\/www.masharif.com\/fr\/2017\/05\/30\/ne-suis-louve-guerriere-farouche-maissa-boutiche-ain-benian-alger-algerie\/\",\"url\":\"http:\/\/www.masharif.com\/fr\/2017\/05\/30\/ne-suis-louve-guerriere-farouche-maissa-boutiche-ain-benian-alger-algerie\/\",\"name\":\"Je ne suis ni louve ni guerri\u00e8re farouche par : Maissa Boutiche \u2013 Ain B\u00e9nian \u2013Alger \u2013 Alg\u00e9rie - Culminances\",\"isPartOf\":{\"@id\":\"http:\/\/www.masharif.com\/fr\/#website\"},\"primaryImageOfPage\":{\"@id\":\"http:\/\/www.masharif.com\/fr\/2017\/05\/30\/ne-suis-louve-guerriere-farouche-maissa-boutiche-ain-benian-alger-algerie\/#primaryimage\"},\"datePublished\":\"2017-05-30T17:05:16+00:00\",\"dateModified\":\"2017-05-30T17:05:16+00:00\",\"author\":{\"@id\":\"http:\/\/www.masharif.com\/fr\/#\/schema\/person\/839a7026efe9fa825134097c1041e4a0\"},\"breadcrumb\":{\"@id\":\"http:\/\/www.masharif.com\/fr\/2017\/05\/30\/ne-suis-louve-guerriere-farouche-maissa-boutiche-ain-benian-alger-algerie\/#breadcrumb\"},\"inLanguage\":\"fr-FR\",\"potentialAction\":[{\"@type\":\"ReadAction\",\"target\":[\"http:\/\/www.masharif.com\/fr\/2017\/05\/30\/ne-suis-louve-guerriere-farouche-maissa-boutiche-ain-benian-alger-algerie\/\"]}]},{\"@type\":\"BreadcrumbList\",\"@id\":\"http:\/\/www.masharif.com\/fr\/2017\/05\/30\/ne-suis-louve-guerriere-farouche-maissa-boutiche-ain-benian-alger-algerie\/#breadcrumb\",\"itemListElement\":[{\"@type\":\"ListItem\",\"position\":1,\"name\":\"Home\",\"item\":\"http:\/\/www.masharif.com\/fr\/\"},{\"@type\":\"ListItem\",\"position\":2,\"name\":\"Je ne suis ni louve ni guerri\u00e8re farouche par : Maissa Boutiche \u2013 Ain B\u00e9nian \u2013Alger \u2013 Alg\u00e9rie\"}]},{\"@type\":\"Person\",\"@id\":\"http:\/\/www.masharif.com\/fr\/#\/schema\/person\/839a7026efe9fa825134097c1041e4a0\",\"name\":\"Mohamed Salah Ben Amor\",\"image\":{\"@type\":\"ImageObject\",\"inLanguage\":\"fr-FR\",\"@id\":\"http:\/\/www.masharif.com\/fr\/#\/schema\/person\/image\/\",\"url\":\"http:\/\/0.gravatar.com\/avatar\/f64806401ad5ed604ffec2272b19ef46?s=96&d=identicon&r=g\",\"contentUrl\":\"http:\/\/0.gravatar.com\/avatar\/f64806401ad5ed604ffec2272b19ef46?s=96&d=identicon&r=g\",\"caption\":\"Mohamed Salah Ben Amor\"},\"sameAs\":[\"http:\/\/ben-amor.info\"],\"url\":\"http:\/\/www.masharif.com\/fr\/author\/msba\/\"}]}<\/script>\n<!-- \/ Yoast SEO plugin. -->","yoast_head_json":{"title":"Je ne suis ni louve ni guerri\u00e8re farouche par : Maissa Boutiche \u2013 Ain B\u00e9nian \u2013Alger \u2013 Alg\u00e9rie - Culminances","robots":{"index":"index","follow":"follow","max-snippet":"max-snippet:-1","max-image-preview":"max-image-preview:large","max-video-preview":"max-video-preview:-1"},"canonical":"http:\/\/www.masharif.com\/fr\/2017\/05\/30\/ne-suis-louve-guerriere-farouche-maissa-boutiche-ain-benian-alger-algerie\/","og_locale":"fr_FR","og_type":"article","og_title":"Je ne suis ni louve ni guerri\u00e8re farouche par : Maissa Boutiche \u2013 Ain B\u00e9nian \u2013Alger \u2013 Alg\u00e9rie - Culminances","og_description":"Je ne suis ni louve\u00a0 Ni guerri\u00e8re farouche. Je ne suis qu&#8217;un c\u0153ur\u00a0vivant Et une \u00e2me qui se fait une beaut\u00e9 De ses beaux r\u00eaves. Mon \u00e2me est une rose de l&#8217;amour Qui se parfume de l&#8217;odeur de\u00a0 sa terre. Mes\u00a0pens\u00e9es voyageuses vagabondent\u00a0 dans mon home et ailleurs. &nbsp; Je suis ce cordon des us ...","og_url":"http:\/\/www.masharif.com\/fr\/2017\/05\/30\/ne-suis-louve-guerriere-farouche-maissa-boutiche-ain-benian-alger-algerie\/","og_site_name":"Culminances","article_published_time":"2017-05-30T17:05:16+00:00","og_image":[{"width":960,"height":640,"url":"http:\/\/www.masharif.com\/fr\/wp-content\/uploads\/2017\/05\/girl-1492380_960_720.jpg","type":"image\/jpeg"}],"author":"Mohamed Salah Ben Amor","twitter_card":"summary","twitter_misc":{"\u00c9crit par":"Mohamed Salah Ben Amor","Dur\u00e9e de lecture estim\u00e9e":"2 minutes"},"schema":{"@context":"https:\/\/schema.org","@graph":[{"@type":"WebSite","@id":"http:\/\/www.masharif.com\/fr\/#website","url":"http:\/\/www.masharif.com\/fr\/","name":"Culminances","description":"","potentialAction":[{"@type":"SearchAction","target":{"@type":"EntryPoint","urlTemplate":"http:\/\/www.masharif.com\/fr\/?s={search_term_string}"},"query-input":"required name=search_term_string"}],"inLanguage":"fr-FR"},{"@type":"ImageObject","inLanguage":"fr-FR","@id":"http:\/\/www.masharif.com\/fr\/2017\/05\/30\/ne-suis-louve-guerriere-farouche-maissa-boutiche-ain-benian-alger-algerie\/#primaryimage","url":"http:\/\/www.masharif.com\/fr\/wp-content\/uploads\/2017\/05\/girl-1492380_960_720.jpg","contentUrl":"http:\/\/www.masharif.com\/fr\/wp-content\/uploads\/2017\/05\/girl-1492380_960_720.jpg","width":960,"height":640},{"@type":"WebPage","@id":"http:\/\/www.masharif.com\/fr\/2017\/05\/30\/ne-suis-louve-guerriere-farouche-maissa-boutiche-ain-benian-alger-algerie\/","url":"http:\/\/www.masharif.com\/fr\/2017\/05\/30\/ne-suis-louve-guerriere-farouche-maissa-boutiche-ain-benian-alger-algerie\/","name":"Je ne suis ni louve ni guerri\u00e8re farouche par : Maissa Boutiche \u2013 Ain B\u00e9nian \u2013Alger \u2013 Alg\u00e9rie - Culminances","isPartOf":{"@id":"http:\/\/www.masharif.com\/fr\/#website"},"primaryImageOfPage":{"@id":"http:\/\/www.masharif.com\/fr\/2017\/05\/30\/ne-suis-louve-guerriere-farouche-maissa-boutiche-ain-benian-alger-algerie\/#primaryimage"},"datePublished":"2017-05-30T17:05:16+00:00","dateModified":"2017-05-30T17:05:16+00:00","author":{"@id":"http:\/\/www.masharif.com\/fr\/#\/schema\/person\/839a7026efe9fa825134097c1041e4a0"},"breadcrumb":{"@id":"http:\/\/www.masharif.com\/fr\/2017\/05\/30\/ne-suis-louve-guerriere-farouche-maissa-boutiche-ain-benian-alger-algerie\/#breadcrumb"},"inLanguage":"fr-FR","potentialAction":[{"@type":"ReadAction","target":["http:\/\/www.masharif.com\/fr\/2017\/05\/30\/ne-suis-louve-guerriere-farouche-maissa-boutiche-ain-benian-alger-algerie\/"]}]},{"@type":"BreadcrumbList","@id":"http:\/\/www.masharif.com\/fr\/2017\/05\/30\/ne-suis-louve-guerriere-farouche-maissa-boutiche-ain-benian-alger-algerie\/#breadcrumb","itemListElement":[{"@type":"ListItem","position":1,"name":"Home","item":"http:\/\/www.masharif.com\/fr\/"},{"@type":"ListItem","position":2,"name":"Je ne suis ni louve ni guerri\u00e8re farouche par : Maissa Boutiche \u2013 Ain B\u00e9nian \u2013Alger \u2013 Alg\u00e9rie"}]},{"@type":"Person","@id":"http:\/\/www.masharif.com\/fr\/#\/schema\/person\/839a7026efe9fa825134097c1041e4a0","name":"Mohamed Salah Ben Amor","image":{"@type":"ImageObject","inLanguage":"fr-FR","@id":"http:\/\/www.masharif.com\/fr\/#\/schema\/person\/image\/","url":"http:\/\/0.gravatar.com\/avatar\/f64806401ad5ed604ffec2272b19ef46?s=96&d=identicon&r=g","contentUrl":"http:\/\/0.gravatar.com\/avatar\/f64806401ad5ed604ffec2272b19ef46?s=96&d=identicon&r=g","caption":"Mohamed Salah Ben Amor"},"sameAs":["http:\/\/ben-amor.info"],"url":"http:\/\/www.masharif.com\/fr\/author\/msba\/"}]}},"_links":{"self":[{"href":"http:\/\/www.masharif.com\/fr\/wp-json\/wp\/v2\/posts\/5334"}],"collection":[{"href":"http:\/\/www.masharif.com\/fr\/wp-json\/wp\/v2\/posts"}],"about":[{"href":"http:\/\/www.masharif.com\/fr\/wp-json\/wp\/v2\/types\/post"}],"author":[{"embeddable":true,"href":"http:\/\/www.masharif.com\/fr\/wp-json\/wp\/v2\/users\/2"}],"replies":[{"embeddable":true,"href":"http:\/\/www.masharif.com\/fr\/wp-json\/wp\/v2\/comments?post=5334"}],"version-history":[{"count":1,"href":"http:\/\/www.masharif.com\/fr\/wp-json\/wp\/v2\/posts\/5334\/revisions"}],"predecessor-version":[{"id":5336,"href":"http:\/\/www.masharif.com\/fr\/wp-json\/wp\/v2\/posts\/5334\/revisions\/5336"}],"wp:featuredmedia":[{"embeddable":true,"href":"http:\/\/www.masharif.com\/fr\/wp-json\/wp\/v2\/media\/5335"}],"wp:attachment":[{"href":"http:\/\/www.masharif.com\/fr\/wp-json\/wp\/v2\/media?parent=5334"}],"wp:term":[{"taxonomy":"category","embeddable":true,"href":"http:\/\/www.masharif.com\/fr\/wp-json\/wp\/v2\/categories?post=5334"},{"taxonomy":"post_tag","embeddable":true,"href":"http:\/\/www.masharif.com\/fr\/wp-json\/wp\/v2\/tags?post=5334"}],"curies":[{"name":"wp","href":"https:\/\/api.w.org\/{rel}","templated":true}]}}