{"id":5150,"date":"2017-05-08T19:22:09","date_gmt":"2017-05-08T18:22:09","guid":{"rendered":"http:\/\/www.masharif.com\/fr\/?p=5150"},"modified":"2017-05-08T19:22:09","modified_gmt":"2017-05-08T18:22:09","slug":"impairs-contre-politique-hassan-oumouloud-agadir-maroc","status":"publish","type":"post","link":"http:\/\/www.masharif.com\/fr\/2017\/05\/08\/impairs-contre-politique-hassan-oumouloud-agadir-maroc\/","title":{"rendered":"Impairs contre la politique ! Par : Hassan Oumouloud \u2013 Agadir \u2013Maroc"},"content":{"rendered":"<div id=\"attachment_5015\" style=\"width: 210px\" class=\"wp-caption alignnone\"><a href=\"http:\/\/www.masharif.com\/fr\/wp-content\/uploads\/2017\/04\/17190885_1340507275972497_127357901197481861_n.jpg\"><img aria-describedby=\"caption-attachment-5015\" loading=\"lazy\" class=\"wp-image-5015 size-medium\" src=\"http:\/\/www.masharif.com\/fr\/wp-content\/uploads\/2017\/04\/17190885_1340507275972497_127357901197481861_n-200x300.jpg\" alt=\"\" width=\"200\" height=\"300\" srcset=\"http:\/\/www.masharif.com\/fr\/wp-content\/uploads\/2017\/04\/17190885_1340507275972497_127357901197481861_n-200x300.jpg 200w, http:\/\/www.masharif.com\/fr\/wp-content\/uploads\/2017\/04\/17190885_1340507275972497_127357901197481861_n.jpg 534w\" sizes=\"(max-width: 200px) 100vw, 200px\" \/><\/a><p id=\"caption-attachment-5015\" class=\"wp-caption-text\">Hassan Oumouloud<\/p><\/div>\n<p><a href=\"http:\/\/www.masharif.com\/fr\/wp-content\/uploads\/2017\/05\/mask-1249922_960_720.jpg\"><img loading=\"lazy\" class=\"alignnone size-medium wp-image-5151\" src=\"http:\/\/www.masharif.com\/fr\/wp-content\/uploads\/2017\/05\/mask-1249922_960_720-300x200.jpg\" alt=\"\" width=\"300\" height=\"200\" srcset=\"http:\/\/www.masharif.com\/fr\/wp-content\/uploads\/2017\/05\/mask-1249922_960_720-300x200.jpg 300w, http:\/\/www.masharif.com\/fr\/wp-content\/uploads\/2017\/05\/mask-1249922_960_720-768x512.jpg 768w, http:\/\/www.masharif.com\/fr\/wp-content\/uploads\/2017\/05\/mask-1249922_960_720.jpg 960w\" sizes=\"(max-width: 300px) 100vw, 300px\" \/><\/a><\/p>\n<p>&nbsp;<\/p>\n<p><strong>N&#8217;est-il pas temps de d\u00e9fier la mer\u00a0?\u00a0<\/strong><\/p>\n<p><strong>Pourquoi attendre que \u00e7a se taise\u00a0?\u00a0<\/strong><\/p>\n<p>&nbsp;<\/p>\n<p><strong>N&#8217;est-il pas bon de sonder le monde\u00a0?\u00a0<\/strong><\/p>\n<p><strong>Pourquoi avoir la t\u00eate niaise\u00a0?<\/strong><\/p>\n<p>&nbsp;<\/p>\n<p><strong>N&#8217;est- il pas s\u00fbr que nous sommes las\u00a0<\/strong><\/p>\n<p><strong>Des injustices et des foutaises\u00a0?\u00a0<\/strong><\/p>\n<p>&nbsp;<\/p>\n<p><strong>N&#8217;a-t-on pas dit que quand le chat dort\u00a0<\/strong><\/p>\n<p><strong>Les souris ravagent tout \u00e0 l&#8217;aise\u00a0?<\/strong><\/p>\n<p>&nbsp;<\/p>\n<p><strong>Des fleuves de sang coulent partout\u00a0<\/strong><\/p>\n<p><strong>L&#8217;on est, h\u00e9las, en deux-mille-seize !\u00a0<\/strong><\/p>\n<p>&nbsp;<\/p>\n<p><strong>Les peaux d&#8217;Orient se d\u00e9chirent encore,\u00a0<\/strong><\/p>\n<p><strong>Et le reste atteint \u00e0 Dieu ne plaise !\u00a0<\/strong><\/p>\n<p>&nbsp;<\/p>\n<p><strong>Mais tout ce mal n&#8217;a qu&#8217;une raison\u00a0<\/strong><\/p>\n<p><strong>L&#8217;hypocrisie des hommes de chaises !\u00a0<\/strong><\/p>\n<p>&nbsp;<\/p>\n<p><strong>Ils sont cupides et veulent encore\u00a0<\/strong><\/p>\n<p><strong>Avoir les comptes bien ob\u00e8ses !\u00a0<\/strong><\/p>\n<p>&nbsp;<\/p>\n<p><strong>Ils se d\u00e9tendent\u00a0 sur du velours\u00a0<\/strong><\/p>\n<p><strong>Et laissent les peuples sur des braises !\u00a0<\/strong><\/p>\n<p>&nbsp;<\/p>\n<p><strong>Ils oublient les tas des va-nu-pieds\u00a0<\/strong><\/p>\n<p><strong>Et cachent les leurs aux charentaises !\u00a0<\/strong><\/p>\n<p>&nbsp;<\/p>\n<p><strong>Huit cent millions d&#8217;affam\u00e9s au monde<\/strong><\/p>\n<p><strong>Et ils se jouent des tonnes de fraises\u00a0 !\u00a0\u00a0<\/strong><\/p>\n<p>&nbsp;<\/p>\n<p><strong>Et dans les assembl\u00e9es ils babillent\u00a0<\/strong><\/p>\n<p><strong>Que des mensonges et des fadaises !\u00a0<\/strong><\/p>\n<p>&nbsp;<\/p>\n<p><strong>Des millions de sans-abri errants<\/strong><\/p>\n<p><strong>Et mille palais sur les falaises !\u00a0<\/strong><\/p>\n<p>&nbsp;<\/p>\n<p><strong>On nous d\u00e9tourne des v\u00e9rit\u00e9s\u00a0<\/strong><\/p>\n<p><strong>Et l&#8217;on nous enroule d&#8217;hypoth\u00e8ses !\u00a0<\/strong><\/p>\n<p>&nbsp;<\/p>\n<p><strong>Les bonnes plumes partout traqu\u00e9es\u00a0<\/strong><\/p>\n<p><strong>Et \u00e9cras\u00e9es comme des punaises !\u00a0\u00a0<\/strong><\/p>\n<p>&nbsp;<\/p>\n<p><strong>Combien te faut-il ,Homme boiteux ,<\/strong><\/p>\n<p><strong>\u00c0 tra\u00eener tes plaies et ta proth\u00e8se !\u00a0<\/strong><\/p>\n<p>&nbsp;<\/p>\n<p><strong>N&#8217;est-il pas temps donc de te remettre<\/strong><\/p>\n<p><strong>Et d&#8217;essuyer\u00a0 ta face mauvaise !\u00a0<\/strong><\/p>\n<p>&nbsp;<\/p>\n<p><strong>De tirer bien de la Grande Histoire\u00a0<\/strong><\/p>\n<p><strong>Quelque certaine et bonne synth\u00e8se !<\/strong><\/p>\n<p>&nbsp;<\/p>\n<p><strong>Combien de bonnes vies innocentes\u00a0<\/strong><\/p>\n<p><strong>A co\u00fbt\u00e9 quelque fausse ex\u00e9g\u00e8se !\u00a0<\/strong><\/p>\n<p>&nbsp;<\/p>\n<p><strong>Tous les Livres Saints chantent la paix\u00a0\u00a0<\/strong><\/p>\n<p><strong>Et l&#8217;on n&#8217;\u00e9change que des malaises !\u00a0\u00a0<\/strong><\/p>\n<p>&nbsp;<\/p>\n<p><strong>De la Saint-Barth\u00e9lemy \u00e0 Homs\u00a0<\/strong><\/p>\n<p><strong>Que des mascarades qui d\u00e9plaisent !\u00a0<\/strong><\/p>\n<p>&nbsp;<\/p>\n<p><strong>Que la terre soit sainte ou promise\u00a0<\/strong><\/p>\n<p><strong>Ce n&#8217;est rien d&#8217;autre que de la glaise !\u00a0\u00a0<\/strong><\/p>\n<p>&nbsp;<\/p>\n<p><strong>Les criminels n&#8217;y trouveront que\u00a0<\/strong><\/p>\n<p><strong>Vers et supplices que rien n&#8217;apaise !\u00a0<\/strong><\/p>\n<p>&nbsp;<\/p>\n<p><strong>Toute peau y sera d\u00e9vor\u00e9e,\u00a0<\/strong><\/p>\n<p><strong>Blanche, jaune, brune ou togolaise !\u00a0<\/strong><\/p>\n<p>&nbsp;<\/p>\n<p><strong>N&#8217;est-il donc pas temps de condamner\u00a0<\/strong><\/p>\n<p><strong>Ces \u00e2mes cupides \u00e0 la fournaise !\u00a0<\/strong><\/p>\n<p>&nbsp;<\/p>\n<p><strong>Celles qui, dans ce chaos, rejettent\u00a0\u00a0<\/strong><\/p>\n<p><strong>Et la Balance et ce qu&#8217;elle p\u00e8se !<\/strong><\/p>\n<p>&nbsp;<\/p>\n<p><strong>Celles qui, dans ce cirque, se rient\u00a0<\/strong><\/p>\n<p><strong>Et des pauvres b\u00eates et des trap\u00e8zes !\u00a0\u00a0<\/strong><\/p>\n<p>&nbsp;<\/p>\n<p><strong>Si la pens\u00e9e nous est bien utile\u00a0<\/strong><\/p>\n<p><strong>Retra\u00e7ons donc une autre gen\u00e8se !\u00a0<\/strong><\/p>\n<p>&nbsp;<\/p>\n<p><strong>Tel est ce monde malmen\u00e9 par\u00a0<\/strong><\/p>\n<p><strong>Ce roseau pensant de Pascal Blaise !<\/strong><\/p>\n<p>&nbsp;<\/p>\n<p>&nbsp;<\/p>\n","protected":false},"excerpt":{"rendered":"<p>&nbsp; N&#8217;est-il pas temps de d\u00e9fier la mer\u00a0?\u00a0 Pourquoi attendre que \u00e7a se taise\u00a0?\u00a0 &nbsp; N&#8217;est-il pas bon de sonder le monde\u00a0?\u00a0 Pourquoi avoir la t\u00eate niaise\u00a0? &nbsp; N&#8217;est- il pas s\u00fbr que nous sommes las\u00a0 Des injustices et des foutaises\u00a0?\u00a0 &nbsp; N&#8217;a-t-on pas dit que quand le chat dort\u00a0 Les souris ravagent tout \u00e0 &#8230;<\/p>\n","protected":false},"author":2,"featured_media":5151,"comment_status":"open","ping_status":"open","sticky":false,"template":"","format":"standard","meta":[],"categories":[4],"tags":[],"yoast_head":"<!-- This site is optimized with the Yoast SEO plugin v19.3 - https:\/\/yoast.com\/wordpress\/plugins\/seo\/ -->\n<title>Impairs contre la politique ! Par : Hassan Oumouloud \u2013 Agadir \u2013Maroc - Culminances<\/title>\n<meta name=\"robots\" content=\"index, follow, max-snippet:-1, max-image-preview:large, max-video-preview:-1\" \/>\n<link rel=\"canonical\" href=\"http:\/\/www.masharif.com\/fr\/2017\/05\/08\/impairs-contre-politique-hassan-oumouloud-agadir-maroc\/\" \/>\n<meta property=\"og:locale\" content=\"fr_FR\" \/>\n<meta property=\"og:type\" content=\"article\" \/>\n<meta property=\"og:title\" content=\"Impairs contre la politique ! Par : Hassan Oumouloud \u2013 Agadir \u2013Maroc - Culminances\" \/>\n<meta property=\"og:description\" content=\"&nbsp; N&#8217;est-il pas temps de d\u00e9fier la mer\u00a0?\u00a0 Pourquoi attendre que \u00e7a se taise\u00a0?\u00a0 &nbsp; N&#8217;est-il pas bon de sonder le monde\u00a0?\u00a0 Pourquoi avoir la t\u00eate niaise\u00a0? &nbsp; N&#8217;est- il pas s\u00fbr que nous sommes las\u00a0 Des injustices et des foutaises\u00a0?\u00a0 &nbsp; N&#8217;a-t-on pas dit que quand le chat dort\u00a0 Les souris ravagent tout \u00e0 ...\" \/>\n<meta property=\"og:url\" content=\"http:\/\/www.masharif.com\/fr\/2017\/05\/08\/impairs-contre-politique-hassan-oumouloud-agadir-maroc\/\" \/>\n<meta property=\"og:site_name\" content=\"Culminances\" \/>\n<meta property=\"article:published_time\" content=\"2017-05-08T18:22:09+00:00\" \/>\n<meta property=\"og:image\" content=\"http:\/\/www.masharif.com\/fr\/wp-content\/uploads\/2017\/05\/mask-1249922_960_720.jpg\" \/>\n\t<meta property=\"og:image:width\" content=\"960\" \/>\n\t<meta property=\"og:image:height\" content=\"640\" \/>\n\t<meta property=\"og:image:type\" content=\"image\/jpeg\" \/>\n<meta name=\"author\" content=\"Mohamed Salah Ben Amor\" \/>\n<meta name=\"twitter:card\" content=\"summary\" \/>\n<meta name=\"twitter:label1\" content=\"\u00c9crit par\" \/>\n\t<meta name=\"twitter:data1\" content=\"Mohamed Salah Ben Amor\" \/>\n\t<meta name=\"twitter:label2\" content=\"Dur\u00e9e de lecture estim\u00e9e\" \/>\n\t<meta name=\"twitter:data2\" content=\"2 minutes\" \/>\n<script type=\"application\/ld+json\" class=\"yoast-schema-graph\">{\"@context\":\"https:\/\/schema.org\",\"@graph\":[{\"@type\":\"WebSite\",\"@id\":\"http:\/\/www.masharif.com\/fr\/#website\",\"url\":\"http:\/\/www.masharif.com\/fr\/\",\"name\":\"Culminances\",\"description\":\"\",\"potentialAction\":[{\"@type\":\"SearchAction\",\"target\":{\"@type\":\"EntryPoint\",\"urlTemplate\":\"http:\/\/www.masharif.com\/fr\/?s={search_term_string}\"},\"query-input\":\"required name=search_term_string\"}],\"inLanguage\":\"fr-FR\"},{\"@type\":\"ImageObject\",\"inLanguage\":\"fr-FR\",\"@id\":\"http:\/\/www.masharif.com\/fr\/2017\/05\/08\/impairs-contre-politique-hassan-oumouloud-agadir-maroc\/#primaryimage\",\"url\":\"http:\/\/www.masharif.com\/fr\/wp-content\/uploads\/2017\/05\/mask-1249922_960_720.jpg\",\"contentUrl\":\"http:\/\/www.masharif.com\/fr\/wp-content\/uploads\/2017\/05\/mask-1249922_960_720.jpg\",\"width\":960,\"height\":640},{\"@type\":\"WebPage\",\"@id\":\"http:\/\/www.masharif.com\/fr\/2017\/05\/08\/impairs-contre-politique-hassan-oumouloud-agadir-maroc\/\",\"url\":\"http:\/\/www.masharif.com\/fr\/2017\/05\/08\/impairs-contre-politique-hassan-oumouloud-agadir-maroc\/\",\"name\":\"Impairs contre la politique ! Par : Hassan Oumouloud \u2013 Agadir \u2013Maroc - Culminances\",\"isPartOf\":{\"@id\":\"http:\/\/www.masharif.com\/fr\/#website\"},\"primaryImageOfPage\":{\"@id\":\"http:\/\/www.masharif.com\/fr\/2017\/05\/08\/impairs-contre-politique-hassan-oumouloud-agadir-maroc\/#primaryimage\"},\"datePublished\":\"2017-05-08T18:22:09+00:00\",\"dateModified\":\"2017-05-08T18:22:09+00:00\",\"author\":{\"@id\":\"http:\/\/www.masharif.com\/fr\/#\/schema\/person\/839a7026efe9fa825134097c1041e4a0\"},\"breadcrumb\":{\"@id\":\"http:\/\/www.masharif.com\/fr\/2017\/05\/08\/impairs-contre-politique-hassan-oumouloud-agadir-maroc\/#breadcrumb\"},\"inLanguage\":\"fr-FR\",\"potentialAction\":[{\"@type\":\"ReadAction\",\"target\":[\"http:\/\/www.masharif.com\/fr\/2017\/05\/08\/impairs-contre-politique-hassan-oumouloud-agadir-maroc\/\"]}]},{\"@type\":\"BreadcrumbList\",\"@id\":\"http:\/\/www.masharif.com\/fr\/2017\/05\/08\/impairs-contre-politique-hassan-oumouloud-agadir-maroc\/#breadcrumb\",\"itemListElement\":[{\"@type\":\"ListItem\",\"position\":1,\"name\":\"Home\",\"item\":\"http:\/\/www.masharif.com\/fr\/\"},{\"@type\":\"ListItem\",\"position\":2,\"name\":\"Impairs contre la politique ! Par : Hassan Oumouloud \u2013 Agadir \u2013Maroc\"}]},{\"@type\":\"Person\",\"@id\":\"http:\/\/www.masharif.com\/fr\/#\/schema\/person\/839a7026efe9fa825134097c1041e4a0\",\"name\":\"Mohamed Salah Ben Amor\",\"image\":{\"@type\":\"ImageObject\",\"inLanguage\":\"fr-FR\",\"@id\":\"http:\/\/www.masharif.com\/fr\/#\/schema\/person\/image\/\",\"url\":\"http:\/\/0.gravatar.com\/avatar\/f64806401ad5ed604ffec2272b19ef46?s=96&d=identicon&r=g\",\"contentUrl\":\"http:\/\/0.gravatar.com\/avatar\/f64806401ad5ed604ffec2272b19ef46?s=96&d=identicon&r=g\",\"caption\":\"Mohamed Salah Ben Amor\"},\"sameAs\":[\"http:\/\/ben-amor.info\"],\"url\":\"http:\/\/www.masharif.com\/fr\/author\/msba\/\"}]}<\/script>\n<!-- \/ Yoast SEO plugin. -->","yoast_head_json":{"title":"Impairs contre la politique ! Par : Hassan Oumouloud \u2013 Agadir \u2013Maroc - Culminances","robots":{"index":"index","follow":"follow","max-snippet":"max-snippet:-1","max-image-preview":"max-image-preview:large","max-video-preview":"max-video-preview:-1"},"canonical":"http:\/\/www.masharif.com\/fr\/2017\/05\/08\/impairs-contre-politique-hassan-oumouloud-agadir-maroc\/","og_locale":"fr_FR","og_type":"article","og_title":"Impairs contre la politique ! Par : Hassan Oumouloud \u2013 Agadir \u2013Maroc - Culminances","og_description":"&nbsp; N&#8217;est-il pas temps de d\u00e9fier la mer\u00a0?\u00a0 Pourquoi attendre que \u00e7a se taise\u00a0?\u00a0 &nbsp; N&#8217;est-il pas bon de sonder le monde\u00a0?\u00a0 Pourquoi avoir la t\u00eate niaise\u00a0? &nbsp; N&#8217;est- il pas s\u00fbr que nous sommes las\u00a0 Des injustices et des foutaises\u00a0?\u00a0 &nbsp; N&#8217;a-t-on pas dit que quand le chat dort\u00a0 Les souris ravagent tout \u00e0 ...","og_url":"http:\/\/www.masharif.com\/fr\/2017\/05\/08\/impairs-contre-politique-hassan-oumouloud-agadir-maroc\/","og_site_name":"Culminances","article_published_time":"2017-05-08T18:22:09+00:00","og_image":[{"width":960,"height":640,"url":"http:\/\/www.masharif.com\/fr\/wp-content\/uploads\/2017\/05\/mask-1249922_960_720.jpg","type":"image\/jpeg"}],"author":"Mohamed Salah Ben Amor","twitter_card":"summary","twitter_misc":{"\u00c9crit par":"Mohamed Salah Ben Amor","Dur\u00e9e de lecture estim\u00e9e":"2 minutes"},"schema":{"@context":"https:\/\/schema.org","@graph":[{"@type":"WebSite","@id":"http:\/\/www.masharif.com\/fr\/#website","url":"http:\/\/www.masharif.com\/fr\/","name":"Culminances","description":"","potentialAction":[{"@type":"SearchAction","target":{"@type":"EntryPoint","urlTemplate":"http:\/\/www.masharif.com\/fr\/?s={search_term_string}"},"query-input":"required name=search_term_string"}],"inLanguage":"fr-FR"},{"@type":"ImageObject","inLanguage":"fr-FR","@id":"http:\/\/www.masharif.com\/fr\/2017\/05\/08\/impairs-contre-politique-hassan-oumouloud-agadir-maroc\/#primaryimage","url":"http:\/\/www.masharif.com\/fr\/wp-content\/uploads\/2017\/05\/mask-1249922_960_720.jpg","contentUrl":"http:\/\/www.masharif.com\/fr\/wp-content\/uploads\/2017\/05\/mask-1249922_960_720.jpg","width":960,"height":640},{"@type":"WebPage","@id":"http:\/\/www.masharif.com\/fr\/2017\/05\/08\/impairs-contre-politique-hassan-oumouloud-agadir-maroc\/","url":"http:\/\/www.masharif.com\/fr\/2017\/05\/08\/impairs-contre-politique-hassan-oumouloud-agadir-maroc\/","name":"Impairs contre la politique ! Par : Hassan Oumouloud \u2013 Agadir \u2013Maroc - Culminances","isPartOf":{"@id":"http:\/\/www.masharif.com\/fr\/#website"},"primaryImageOfPage":{"@id":"http:\/\/www.masharif.com\/fr\/2017\/05\/08\/impairs-contre-politique-hassan-oumouloud-agadir-maroc\/#primaryimage"},"datePublished":"2017-05-08T18:22:09+00:00","dateModified":"2017-05-08T18:22:09+00:00","author":{"@id":"http:\/\/www.masharif.com\/fr\/#\/schema\/person\/839a7026efe9fa825134097c1041e4a0"},"breadcrumb":{"@id":"http:\/\/www.masharif.com\/fr\/2017\/05\/08\/impairs-contre-politique-hassan-oumouloud-agadir-maroc\/#breadcrumb"},"inLanguage":"fr-FR","potentialAction":[{"@type":"ReadAction","target":["http:\/\/www.masharif.com\/fr\/2017\/05\/08\/impairs-contre-politique-hassan-oumouloud-agadir-maroc\/"]}]},{"@type":"BreadcrumbList","@id":"http:\/\/www.masharif.com\/fr\/2017\/05\/08\/impairs-contre-politique-hassan-oumouloud-agadir-maroc\/#breadcrumb","itemListElement":[{"@type":"ListItem","position":1,"name":"Home","item":"http:\/\/www.masharif.com\/fr\/"},{"@type":"ListItem","position":2,"name":"Impairs contre la politique ! Par : Hassan Oumouloud \u2013 Agadir \u2013Maroc"}]},{"@type":"Person","@id":"http:\/\/www.masharif.com\/fr\/#\/schema\/person\/839a7026efe9fa825134097c1041e4a0","name":"Mohamed Salah Ben Amor","image":{"@type":"ImageObject","inLanguage":"fr-FR","@id":"http:\/\/www.masharif.com\/fr\/#\/schema\/person\/image\/","url":"http:\/\/0.gravatar.com\/avatar\/f64806401ad5ed604ffec2272b19ef46?s=96&d=identicon&r=g","contentUrl":"http:\/\/0.gravatar.com\/avatar\/f64806401ad5ed604ffec2272b19ef46?s=96&d=identicon&r=g","caption":"Mohamed Salah Ben Amor"},"sameAs":["http:\/\/ben-amor.info"],"url":"http:\/\/www.masharif.com\/fr\/author\/msba\/"}]}},"_links":{"self":[{"href":"http:\/\/www.masharif.com\/fr\/wp-json\/wp\/v2\/posts\/5150"}],"collection":[{"href":"http:\/\/www.masharif.com\/fr\/wp-json\/wp\/v2\/posts"}],"about":[{"href":"http:\/\/www.masharif.com\/fr\/wp-json\/wp\/v2\/types\/post"}],"author":[{"embeddable":true,"href":"http:\/\/www.masharif.com\/fr\/wp-json\/wp\/v2\/users\/2"}],"replies":[{"embeddable":true,"href":"http:\/\/www.masharif.com\/fr\/wp-json\/wp\/v2\/comments?post=5150"}],"version-history":[{"count":1,"href":"http:\/\/www.masharif.com\/fr\/wp-json\/wp\/v2\/posts\/5150\/revisions"}],"predecessor-version":[{"id":5152,"href":"http:\/\/www.masharif.com\/fr\/wp-json\/wp\/v2\/posts\/5150\/revisions\/5152"}],"wp:featuredmedia":[{"embeddable":true,"href":"http:\/\/www.masharif.com\/fr\/wp-json\/wp\/v2\/media\/5151"}],"wp:attachment":[{"href":"http:\/\/www.masharif.com\/fr\/wp-json\/wp\/v2\/media?parent=5150"}],"wp:term":[{"taxonomy":"category","embeddable":true,"href":"http:\/\/www.masharif.com\/fr\/wp-json\/wp\/v2\/categories?post=5150"},{"taxonomy":"post_tag","embeddable":true,"href":"http:\/\/www.masharif.com\/fr\/wp-json\/wp\/v2\/tags?post=5150"}],"curies":[{"name":"wp","href":"https:\/\/api.w.org\/{rel}","templated":true}]}}