{"id":5138,"date":"2017-05-07T21:23:44","date_gmt":"2017-05-07T20:23:44","guid":{"rendered":"http:\/\/www.masharif.com\/fr\/?p=5138"},"modified":"2017-05-07T21:23:44","modified_gmt":"2017-05-07T20:23:44","slug":"de-cette-frange-silencieuse-maissa-boutiche-alger-algerie","status":"publish","type":"post","link":"http:\/\/www.masharif.com\/fr\/2017\/05\/07\/de-cette-frange-silencieuse-maissa-boutiche-alger-algerie\/","title":{"rendered":"Elle est de cette frange silencieuse par : Maissa Boutiche \u2013 Alger \u2013Alg\u00e9rie"},"content":{"rendered":"<div id=\"attachment_4887\" style=\"width: 235px\" class=\"wp-caption alignnone\"><a href=\"http:\/\/www.masharif.com\/fr\/wp-content\/uploads\/2017\/04\/12313570_659252470883972_6129519879690416133_n.jpg\"><img aria-describedby=\"caption-attachment-4887\" loading=\"lazy\" class=\"wp-image-4887 size-medium\" src=\"http:\/\/www.masharif.com\/fr\/wp-content\/uploads\/2017\/04\/12313570_659252470883972_6129519879690416133_n-225x300.jpg\" alt=\"\" width=\"225\" height=\"300\" srcset=\"http:\/\/www.masharif.com\/fr\/wp-content\/uploads\/2017\/04\/12313570_659252470883972_6129519879690416133_n-225x300.jpg 225w, http:\/\/www.masharif.com\/fr\/wp-content\/uploads\/2017\/04\/12313570_659252470883972_6129519879690416133_n.jpg 720w\" sizes=\"(max-width: 225px) 100vw, 225px\" \/><\/a><p id=\"caption-attachment-4887\" class=\"wp-caption-text\">Maissa Boutiche<\/p><\/div>\n<p><a href=\"http:\/\/www.masharif.com\/fr\/wp-content\/uploads\/2017\/05\/asia-886012_960_720.jpg\"><img loading=\"lazy\" class=\"alignnone size-medium wp-image-5139\" src=\"http:\/\/www.masharif.com\/fr\/wp-content\/uploads\/2017\/05\/asia-886012_960_720-201x300.jpg\" alt=\"\" width=\"201\" height=\"300\" srcset=\"http:\/\/www.masharif.com\/fr\/wp-content\/uploads\/2017\/05\/asia-886012_960_720-201x300.jpg 201w, http:\/\/www.masharif.com\/fr\/wp-content\/uploads\/2017\/05\/asia-886012_960_720.jpg 482w\" sizes=\"(max-width: 201px) 100vw, 201px\" \/><\/a><\/p>\n<p>&nbsp;<\/p>\n<p><strong>Elle est de cette frange silencieuse\u00a0<\/strong><\/p>\n<p><strong>Soumise \u00e0 de dures \u00e9preuves<\/strong><\/p>\n<p><strong>Consciente, elle \u0153uvre<\/strong><\/p>\n<p><strong>Pour rechercher son \u00ab\u00a0Je\u00a0\u00bb qui se perd.<\/strong><\/p>\n<p><strong>Elle ne sait plus o\u00f9 elle se trouve,<\/strong><\/p>\n<p><strong>Ni ou donner sa t\u00eate,<\/strong><\/p>\n<p><strong>Ni tracer sa voie.<\/strong><\/p>\n<p><strong>Dans un monde fou, elle est sans voix<\/strong><\/p>\n<p><strong>Et ne peut de sa f\u00e9minit\u00e9 fragilis\u00e9e affronter les lois\u2026<\/strong><\/p>\n<p><strong>L\u2019humanit\u00e9 n&#8217;est plus juste<\/strong><\/p>\n<p><strong>De ce qu\u2019elle \u00e9tait, autrefois.<\/strong><\/p>\n<p><strong>La conscience s&#8217;est d\u00e9grad\u00e9e, elle est au plus bas<\/strong><\/p>\n<p><strong>Souffrant sous le joug des us<\/strong><\/p>\n<p><strong>Qu\u2019elle affronte avec sagesse et\u00a0 Grandeur,\u00a0<\/strong><\/p>\n<p><strong>Tisse ses mots avec hardiesse,<\/strong><\/p>\n<p><strong>Vit, fig\u00e9e entre ciel et terre,<\/strong><\/p>\n<p><strong>se cogne sur un mur de verglas\u2026<\/strong><\/p>\n<p><strong>Elle se sent \u00e0 l\u2019\u00e9troit dans son monde<\/strong><\/p>\n<p><strong>Et dans sa vie, se bat.<\/strong><\/p>\n<p><strong>Elle est de la masse besogneuse,\u00a0<\/strong><\/p>\n<p><strong>Arrive \u00e0 l\u2019heure et toujours \u00e0 temps.<\/strong><\/p>\n<p><strong>Elle est de cette frange ouvri\u00e8re<\/strong><\/p>\n<p><strong>Qui a ses propres r\u00eaves<\/strong><\/p>\n<p><strong>De leur beaut\u00e9 se soule et rassasie, sa faim\u2026<\/strong><\/p>\n<p><strong>Elle est cette fille du peuple<\/strong><\/p>\n<p><strong>Ne r\u00eave ni de gloire ni de m\u00e9daillons<\/strong><\/p>\n<p><strong>Ni \u00eatre responsable d&#8217;une nation.\u00a0<\/strong><\/p>\n<p><strong>Elle ne marchande pas des r\u00eaves de pauvres\u00a0<\/strong><\/p>\n<p><strong>Elle craint Dieu, elle a foi,<\/strong><\/p>\n<p><strong>Ne faillit jamais \u00e0 ses serments \u2026<\/strong><\/p>\n<p><strong>Elle est de cette souche, fiert\u00e9 et Grandeur.\u00a0<\/strong><\/p>\n<p><strong>Sur ses traits l\u2019image d&#8217;une femme\u00a0<\/strong><\/p>\n<p><strong>Qui a combattu avec courage<\/strong><\/p>\n<p><strong>Les affres de la pauvret\u00e9 et de la guerre.\u00a0<\/strong><\/p>\n<p><strong>Elle est le parfum du pain d&#8217;orge\u00a0<\/strong><\/p>\n<p><strong>Et la musique du chant du coq, le matin \u2026<\/strong><\/p>\n<p><strong>Elle est ce germe que fait danser le vent.<\/strong><\/p>\n<p><strong>Elle est cette pens\u00e9e int\u00e8gre\u00a0<\/strong><\/p>\n<p><strong>Mais, modeste comme le soleil timide\u00a0<\/strong><\/p>\n<p><strong>Qui essaie de se lib\u00e9rer \u00e0 l&#8217;horizon\u2026<\/strong><\/p>\n<p>&nbsp;<\/p>\n<p>&nbsp;<\/p>\n","protected":false},"excerpt":{"rendered":"<p>&nbsp; Elle est de cette frange silencieuse\u00a0 Soumise \u00e0 de dures \u00e9preuves Consciente, elle \u0153uvre Pour rechercher son \u00ab\u00a0Je\u00a0\u00bb qui se perd. Elle ne sait plus o\u00f9 elle se trouve, Ni ou donner sa t\u00eate, Ni tracer sa voie. Dans un monde fou, elle est sans voix Et ne peut de sa f\u00e9minit\u00e9 fragilis\u00e9e affronter &#8230;<\/p>\n","protected":false},"author":2,"featured_media":5139,"comment_status":"open","ping_status":"open","sticky":false,"template":"","format":"standard","meta":[],"categories":[4],"tags":[],"yoast_head":"<!-- This site is optimized with the Yoast SEO plugin v19.3 - https:\/\/yoast.com\/wordpress\/plugins\/seo\/ -->\n<title>Elle est de cette frange silencieuse par : Maissa Boutiche \u2013 Alger \u2013Alg\u00e9rie - Culminances<\/title>\n<meta name=\"robots\" content=\"index, follow, max-snippet:-1, max-image-preview:large, max-video-preview:-1\" \/>\n<link rel=\"canonical\" href=\"http:\/\/www.masharif.com\/fr\/2017\/05\/07\/de-cette-frange-silencieuse-maissa-boutiche-alger-algerie\/\" \/>\n<meta property=\"og:locale\" content=\"fr_FR\" \/>\n<meta property=\"og:type\" content=\"article\" \/>\n<meta property=\"og:title\" content=\"Elle est de cette frange silencieuse par : Maissa Boutiche \u2013 Alger \u2013Alg\u00e9rie - Culminances\" \/>\n<meta property=\"og:description\" content=\"&nbsp; Elle est de cette frange silencieuse\u00a0 Soumise \u00e0 de dures \u00e9preuves Consciente, elle \u0153uvre Pour rechercher son \u00ab\u00a0Je\u00a0\u00bb qui se perd. Elle ne sait plus o\u00f9 elle se trouve, Ni ou donner sa t\u00eate, Ni tracer sa voie. Dans un monde fou, elle est sans voix Et ne peut de sa f\u00e9minit\u00e9 fragilis\u00e9e affronter ...\" \/>\n<meta property=\"og:url\" content=\"http:\/\/www.masharif.com\/fr\/2017\/05\/07\/de-cette-frange-silencieuse-maissa-boutiche-alger-algerie\/\" \/>\n<meta property=\"og:site_name\" content=\"Culminances\" \/>\n<meta property=\"article:published_time\" content=\"2017-05-07T20:23:44+00:00\" \/>\n<meta property=\"og:image\" content=\"http:\/\/www.masharif.com\/fr\/wp-content\/uploads\/2017\/05\/asia-886012_960_720.jpg\" \/>\n\t<meta property=\"og:image:width\" content=\"482\" \/>\n\t<meta property=\"og:image:height\" content=\"720\" \/>\n\t<meta property=\"og:image:type\" content=\"image\/jpeg\" \/>\n<meta name=\"author\" content=\"Mohamed Salah Ben Amor\" \/>\n<meta name=\"twitter:card\" content=\"summary\" \/>\n<meta name=\"twitter:label1\" content=\"\u00c9crit par\" \/>\n\t<meta name=\"twitter:data1\" content=\"Mohamed Salah Ben Amor\" \/>\n\t<meta name=\"twitter:label2\" content=\"Dur\u00e9e de lecture estim\u00e9e\" \/>\n\t<meta name=\"twitter:data2\" content=\"1 minute\" \/>\n<script type=\"application\/ld+json\" class=\"yoast-schema-graph\">{\"@context\":\"https:\/\/schema.org\",\"@graph\":[{\"@type\":\"WebSite\",\"@id\":\"https:\/\/www.masharif.com\/fr\/#website\",\"url\":\"https:\/\/www.masharif.com\/fr\/\",\"name\":\"Culminances\",\"description\":\"\",\"potentialAction\":[{\"@type\":\"SearchAction\",\"target\":{\"@type\":\"EntryPoint\",\"urlTemplate\":\"https:\/\/www.masharif.com\/fr\/?s={search_term_string}\"},\"query-input\":\"required name=search_term_string\"}],\"inLanguage\":\"fr-FR\"},{\"@type\":\"ImageObject\",\"inLanguage\":\"fr-FR\",\"@id\":\"http:\/\/www.masharif.com\/fr\/2017\/05\/07\/de-cette-frange-silencieuse-maissa-boutiche-alger-algerie\/#primaryimage\",\"url\":\"http:\/\/www.masharif.com\/fr\/wp-content\/uploads\/2017\/05\/asia-886012_960_720.jpg\",\"contentUrl\":\"http:\/\/www.masharif.com\/fr\/wp-content\/uploads\/2017\/05\/asia-886012_960_720.jpg\",\"width\":482,\"height\":720},{\"@type\":\"WebPage\",\"@id\":\"http:\/\/www.masharif.com\/fr\/2017\/05\/07\/de-cette-frange-silencieuse-maissa-boutiche-alger-algerie\/\",\"url\":\"http:\/\/www.masharif.com\/fr\/2017\/05\/07\/de-cette-frange-silencieuse-maissa-boutiche-alger-algerie\/\",\"name\":\"Elle est de cette frange silencieuse par : Maissa Boutiche \u2013 Alger \u2013Alg\u00e9rie - Culminances\",\"isPartOf\":{\"@id\":\"https:\/\/www.masharif.com\/fr\/#website\"},\"primaryImageOfPage\":{\"@id\":\"http:\/\/www.masharif.com\/fr\/2017\/05\/07\/de-cette-frange-silencieuse-maissa-boutiche-alger-algerie\/#primaryimage\"},\"datePublished\":\"2017-05-07T20:23:44+00:00\",\"dateModified\":\"2017-05-07T20:23:44+00:00\",\"author\":{\"@id\":\"https:\/\/www.masharif.com\/fr\/#\/schema\/person\/839a7026efe9fa825134097c1041e4a0\"},\"breadcrumb\":{\"@id\":\"http:\/\/www.masharif.com\/fr\/2017\/05\/07\/de-cette-frange-silencieuse-maissa-boutiche-alger-algerie\/#breadcrumb\"},\"inLanguage\":\"fr-FR\",\"potentialAction\":[{\"@type\":\"ReadAction\",\"target\":[\"http:\/\/www.masharif.com\/fr\/2017\/05\/07\/de-cette-frange-silencieuse-maissa-boutiche-alger-algerie\/\"]}]},{\"@type\":\"BreadcrumbList\",\"@id\":\"http:\/\/www.masharif.com\/fr\/2017\/05\/07\/de-cette-frange-silencieuse-maissa-boutiche-alger-algerie\/#breadcrumb\",\"itemListElement\":[{\"@type\":\"ListItem\",\"position\":1,\"name\":\"Home\",\"item\":\"https:\/\/www.masharif.com\/fr\/\"},{\"@type\":\"ListItem\",\"position\":2,\"name\":\"Elle est de cette frange silencieuse par : Maissa Boutiche \u2013 Alger \u2013Alg\u00e9rie\"}]},{\"@type\":\"Person\",\"@id\":\"https:\/\/www.masharif.com\/fr\/#\/schema\/person\/839a7026efe9fa825134097c1041e4a0\",\"name\":\"Mohamed Salah Ben Amor\",\"image\":{\"@type\":\"ImageObject\",\"inLanguage\":\"fr-FR\",\"@id\":\"https:\/\/www.masharif.com\/fr\/#\/schema\/person\/image\/\",\"url\":\"http:\/\/0.gravatar.com\/avatar\/f64806401ad5ed604ffec2272b19ef46?s=96&d=identicon&r=g\",\"contentUrl\":\"http:\/\/0.gravatar.com\/avatar\/f64806401ad5ed604ffec2272b19ef46?s=96&d=identicon&r=g\",\"caption\":\"Mohamed Salah Ben Amor\"},\"sameAs\":[\"http:\/\/ben-amor.info\"],\"url\":\"http:\/\/www.masharif.com\/fr\/author\/msba\/\"}]}<\/script>\n<!-- \/ Yoast SEO plugin. -->","yoast_head_json":{"title":"Elle est de cette frange silencieuse par : Maissa Boutiche \u2013 Alger \u2013Alg\u00e9rie - Culminances","robots":{"index":"index","follow":"follow","max-snippet":"max-snippet:-1","max-image-preview":"max-image-preview:large","max-video-preview":"max-video-preview:-1"},"canonical":"http:\/\/www.masharif.com\/fr\/2017\/05\/07\/de-cette-frange-silencieuse-maissa-boutiche-alger-algerie\/","og_locale":"fr_FR","og_type":"article","og_title":"Elle est de cette frange silencieuse par : Maissa Boutiche \u2013 Alger \u2013Alg\u00e9rie - Culminances","og_description":"&nbsp; Elle est de cette frange silencieuse\u00a0 Soumise \u00e0 de dures \u00e9preuves Consciente, elle \u0153uvre Pour rechercher son \u00ab\u00a0Je\u00a0\u00bb qui se perd. Elle ne sait plus o\u00f9 elle se trouve, Ni ou donner sa t\u00eate, Ni tracer sa voie. Dans un monde fou, elle est sans voix Et ne peut de sa f\u00e9minit\u00e9 fragilis\u00e9e affronter ...","og_url":"http:\/\/www.masharif.com\/fr\/2017\/05\/07\/de-cette-frange-silencieuse-maissa-boutiche-alger-algerie\/","og_site_name":"Culminances","article_published_time":"2017-05-07T20:23:44+00:00","og_image":[{"width":482,"height":720,"url":"http:\/\/www.masharif.com\/fr\/wp-content\/uploads\/2017\/05\/asia-886012_960_720.jpg","type":"image\/jpeg"}],"author":"Mohamed Salah Ben Amor","twitter_card":"summary","twitter_misc":{"\u00c9crit par":"Mohamed Salah Ben Amor","Dur\u00e9e de lecture estim\u00e9e":"1 minute"},"schema":{"@context":"https:\/\/schema.org","@graph":[{"@type":"WebSite","@id":"https:\/\/www.masharif.com\/fr\/#website","url":"https:\/\/www.masharif.com\/fr\/","name":"Culminances","description":"","potentialAction":[{"@type":"SearchAction","target":{"@type":"EntryPoint","urlTemplate":"https:\/\/www.masharif.com\/fr\/?s={search_term_string}"},"query-input":"required name=search_term_string"}],"inLanguage":"fr-FR"},{"@type":"ImageObject","inLanguage":"fr-FR","@id":"http:\/\/www.masharif.com\/fr\/2017\/05\/07\/de-cette-frange-silencieuse-maissa-boutiche-alger-algerie\/#primaryimage","url":"http:\/\/www.masharif.com\/fr\/wp-content\/uploads\/2017\/05\/asia-886012_960_720.jpg","contentUrl":"http:\/\/www.masharif.com\/fr\/wp-content\/uploads\/2017\/05\/asia-886012_960_720.jpg","width":482,"height":720},{"@type":"WebPage","@id":"http:\/\/www.masharif.com\/fr\/2017\/05\/07\/de-cette-frange-silencieuse-maissa-boutiche-alger-algerie\/","url":"http:\/\/www.masharif.com\/fr\/2017\/05\/07\/de-cette-frange-silencieuse-maissa-boutiche-alger-algerie\/","name":"Elle est de cette frange silencieuse par : Maissa Boutiche \u2013 Alger \u2013Alg\u00e9rie - Culminances","isPartOf":{"@id":"https:\/\/www.masharif.com\/fr\/#website"},"primaryImageOfPage":{"@id":"http:\/\/www.masharif.com\/fr\/2017\/05\/07\/de-cette-frange-silencieuse-maissa-boutiche-alger-algerie\/#primaryimage"},"datePublished":"2017-05-07T20:23:44+00:00","dateModified":"2017-05-07T20:23:44+00:00","author":{"@id":"https:\/\/www.masharif.com\/fr\/#\/schema\/person\/839a7026efe9fa825134097c1041e4a0"},"breadcrumb":{"@id":"http:\/\/www.masharif.com\/fr\/2017\/05\/07\/de-cette-frange-silencieuse-maissa-boutiche-alger-algerie\/#breadcrumb"},"inLanguage":"fr-FR","potentialAction":[{"@type":"ReadAction","target":["http:\/\/www.masharif.com\/fr\/2017\/05\/07\/de-cette-frange-silencieuse-maissa-boutiche-alger-algerie\/"]}]},{"@type":"BreadcrumbList","@id":"http:\/\/www.masharif.com\/fr\/2017\/05\/07\/de-cette-frange-silencieuse-maissa-boutiche-alger-algerie\/#breadcrumb","itemListElement":[{"@type":"ListItem","position":1,"name":"Home","item":"https:\/\/www.masharif.com\/fr\/"},{"@type":"ListItem","position":2,"name":"Elle est de cette frange silencieuse par : Maissa Boutiche \u2013 Alger \u2013Alg\u00e9rie"}]},{"@type":"Person","@id":"https:\/\/www.masharif.com\/fr\/#\/schema\/person\/839a7026efe9fa825134097c1041e4a0","name":"Mohamed Salah Ben Amor","image":{"@type":"ImageObject","inLanguage":"fr-FR","@id":"https:\/\/www.masharif.com\/fr\/#\/schema\/person\/image\/","url":"http:\/\/0.gravatar.com\/avatar\/f64806401ad5ed604ffec2272b19ef46?s=96&d=identicon&r=g","contentUrl":"http:\/\/0.gravatar.com\/avatar\/f64806401ad5ed604ffec2272b19ef46?s=96&d=identicon&r=g","caption":"Mohamed Salah Ben Amor"},"sameAs":["http:\/\/ben-amor.info"],"url":"http:\/\/www.masharif.com\/fr\/author\/msba\/"}]}},"_links":{"self":[{"href":"http:\/\/www.masharif.com\/fr\/wp-json\/wp\/v2\/posts\/5138"}],"collection":[{"href":"http:\/\/www.masharif.com\/fr\/wp-json\/wp\/v2\/posts"}],"about":[{"href":"http:\/\/www.masharif.com\/fr\/wp-json\/wp\/v2\/types\/post"}],"author":[{"embeddable":true,"href":"http:\/\/www.masharif.com\/fr\/wp-json\/wp\/v2\/users\/2"}],"replies":[{"embeddable":true,"href":"http:\/\/www.masharif.com\/fr\/wp-json\/wp\/v2\/comments?post=5138"}],"version-history":[{"count":1,"href":"http:\/\/www.masharif.com\/fr\/wp-json\/wp\/v2\/posts\/5138\/revisions"}],"predecessor-version":[{"id":5140,"href":"http:\/\/www.masharif.com\/fr\/wp-json\/wp\/v2\/posts\/5138\/revisions\/5140"}],"wp:featuredmedia":[{"embeddable":true,"href":"http:\/\/www.masharif.com\/fr\/wp-json\/wp\/v2\/media\/5139"}],"wp:attachment":[{"href":"http:\/\/www.masharif.com\/fr\/wp-json\/wp\/v2\/media?parent=5138"}],"wp:term":[{"taxonomy":"category","embeddable":true,"href":"http:\/\/www.masharif.com\/fr\/wp-json\/wp\/v2\/categories?post=5138"},{"taxonomy":"post_tag","embeddable":true,"href":"http:\/\/www.masharif.com\/fr\/wp-json\/wp\/v2\/tags?post=5138"}],"curies":[{"name":"wp","href":"https:\/\/api.w.org\/{rel}","templated":true}]}}