{"id":4369,"date":"2017-02-09T20:19:25","date_gmt":"2017-02-09T19:19:25","guid":{"rendered":"http:\/\/www.masharif.com\/fr\/?p=4369"},"modified":"2017-02-24T13:09:26","modified_gmt":"2017-02-24T12:09:26","slug":"abderrahman-el-fathi-poete-silence-de-labsence-outhman-boutisane","status":"publish","type":"post","link":"http:\/\/www.masharif.com\/fr\/2017\/02\/09\/abderrahman-el-fathi-poete-silence-de-labsence-outhman-boutisane\/","title":{"rendered":"Abderrahm\u00e1n El Fathi , po\u00e8te du silence et de l\u2019absence par : Outhman Boutisane &#8211; Maroc"},"content":{"rendered":"<div id=\"attachment_4370\" style=\"width: 265px\" class=\"wp-caption alignnone\"><a href=\"http:\/\/www.masharif.com\/fr\/wp-content\/uploads\/2017\/02\/Abderrahm\u00e1n_El_Fathi.jpg\"><img aria-describedby=\"caption-attachment-4370\" loading=\"lazy\" class=\"wp-image-4370 size-medium\" src=\"http:\/\/www.masharif.com\/fr\/wp-content\/uploads\/2017\/02\/Abderrahm\u00e1n_El_Fathi-255x300.jpg\" width=\"255\" height=\"300\" srcset=\"http:\/\/www.masharif.com\/fr\/wp-content\/uploads\/2017\/02\/Abderrahm\u00e1n_El_Fathi-255x300.jpg 255w, http:\/\/www.masharif.com\/fr\/wp-content\/uploads\/2017\/02\/Abderrahm\u00e1n_El_Fathi-768x902.jpg 768w, http:\/\/www.masharif.com\/fr\/wp-content\/uploads\/2017\/02\/Abderrahm\u00e1n_El_Fathi-872x1024.jpg 872w, http:\/\/www.masharif.com\/fr\/wp-content\/uploads\/2017\/02\/Abderrahm\u00e1n_El_Fathi.jpg 980w\" sizes=\"(max-width: 255px) 100vw, 255px\" \/><\/a><p id=\"caption-attachment-4370\" class=\"wp-caption-text\">Abderrahm\u00e1n El Fathi<\/p><\/div>\n<p><em><strong>Abderrahm\u00e1n El Fathi est l&#8217;auteur de nombreux livres partag\u00e9s entre po\u00e9sie, prose, th\u00e9\u00e2tre et critique litt\u00e9raire. \u00c9crivain prolifique, hommes de lettres et professeur chercheur de langue et litt\u00e9ratures espagnoles. Il est notamment l\u2019auteur de Primavera en Ramallah y Bagdad, \u00c1frica en versos mojados, El Cielo herido, Desde la Otra Orilla\u2026et d\u2019autres. Laur\u00e9at de plusieurs prix litt\u00e9raires : prix Rafael Alberti\u00a0 en po\u00e9sie, prix Ibn Al khatib en cr\u00e9ation litt\u00e9raire et prix la Barraca de la coop\u00e9ration internationale et de cr\u00e9ation litt\u00e9raire.\u00a0<\/strong><\/em><\/p>\n<p><a href=\"http:\/\/www.masharif.com\/fr\/wp-content\/uploads\/2017\/02\/el-cielo-herido-seleccion-de-poemas_portada.jpg\"><img loading=\"lazy\" class=\"alignnone size-medium wp-image-4371\" src=\"http:\/\/www.masharif.com\/fr\/wp-content\/uploads\/2017\/02\/el-cielo-herido-seleccion-de-poemas_portada-212x300.jpg\" alt=\"\" width=\"212\" height=\"300\" srcset=\"http:\/\/www.masharif.com\/fr\/wp-content\/uploads\/2017\/02\/el-cielo-herido-seleccion-de-poemas_portada-212x300.jpg 212w, http:\/\/www.masharif.com\/fr\/wp-content\/uploads\/2017\/02\/el-cielo-herido-seleccion-de-poemas_portada.jpg 595w\" sizes=\"(max-width: 212px) 100vw, 212px\" \/><\/a><\/p>\n<p><a href=\"http:\/\/www.masharif.com\/fr\/wp-content\/uploads\/2017\/02\/primavera-en-ramallah-y-bagdad-seleccion-de-poemas_portada.jpg\"><img loading=\"lazy\" class=\"alignnone size-medium wp-image-4373\" src=\"http:\/\/www.masharif.com\/fr\/wp-content\/uploads\/2017\/02\/primavera-en-ramallah-y-bagdad-seleccion-de-poemas_portada-212x300.jpg\" alt=\"\" width=\"212\" height=\"300\" srcset=\"http:\/\/www.masharif.com\/fr\/wp-content\/uploads\/2017\/02\/primavera-en-ramallah-y-bagdad-seleccion-de-poemas_portada-212x300.jpg 212w, http:\/\/www.masharif.com\/fr\/wp-content\/uploads\/2017\/02\/primavera-en-ramallah-y-bagdad-seleccion-de-poemas_portada.jpg 595w\" sizes=\"(max-width: 212px) 100vw, 212px\" \/><\/a><\/p>\n<p><a href=\"http:\/\/www.masharif.com\/fr\/wp-content\/uploads\/2017\/02\/hqdefault.jpg\"><img loading=\"lazy\" class=\"alignnone size-medium wp-image-4372\" src=\"http:\/\/www.masharif.com\/fr\/wp-content\/uploads\/2017\/02\/hqdefault-300x225.jpg\" alt=\"\" width=\"300\" height=\"225\" srcset=\"http:\/\/www.masharif.com\/fr\/wp-content\/uploads\/2017\/02\/hqdefault-300x225.jpg 300w, http:\/\/www.masharif.com\/fr\/wp-content\/uploads\/2017\/02\/hqdefault.jpg 480w\" sizes=\"(max-width: 300px) 100vw, 300px\" \/><\/a><\/p>\n<div id=\"attachment_4374\" style=\"width: 235px\" class=\"wp-caption alignnone\"><a href=\"http:\/\/www.masharif.com\/fr\/wp-content\/uploads\/2017\/02\/25447.jpg\"><img aria-describedby=\"caption-attachment-4374\" loading=\"lazy\" class=\"wp-image-4374 size-medium\" src=\"http:\/\/www.masharif.com\/fr\/wp-content\/uploads\/2017\/02\/25447-225x300.jpg\" width=\"225\" height=\"300\" srcset=\"http:\/\/www.masharif.com\/fr\/wp-content\/uploads\/2017\/02\/25447-225x300.jpg 225w, http:\/\/www.masharif.com\/fr\/wp-content\/uploads\/2017\/02\/25447.jpg 417w\" sizes=\"(max-width: 225px) 100vw, 225px\" \/><\/a><p id=\"caption-attachment-4374\" class=\"wp-caption-text\">Outhman Boutisane<\/p><\/div>\n<p>Le silence, c\u2019est quelque chose qui se vit, qui devient \u00e2me de l\u2019\u00e9criture chez A. El Fathi. Le po\u00e8te construit son univers en se cherchant dans le silence aveugle de l\u2019absence d\u00e9senchant\u00e9e. La po\u00e9sie est la voix du silence, un songe qui transforme son cr\u00e9ateur d\u2019un \u00e9tat de recherche de soi \u00e0 un \u00e9tat profond\u00e9ment chaotique. Fathi se voit comme le po\u00e8te qui traduit le sentiment de la perte dans un monde o\u00f9 la cicatrice existentielle occupe l\u2019esprit perdant dans les contours du silence.\u00a0 Le po\u00e8te est l\u2019amoureux de l\u2019hiver, de la nuit, du calme insens\u00e9 et miroir d\u2019une absence bris\u00e9e qui traverse le corps et le po\u00e8me.<br \/>\nLa po\u00e9sie est r\u00e9duite \u00e0 l&#8217;essentiel, l\u2019\u00e9tat d\u2019\u00e2me perturb\u00e9 dans le monde froid de la solitude. On voit tout au travers, les nuits insomniaques, la peau refl\u00e9t\u00e9e sur les murs et les placards, le froid des r\u00eaves confondus, les regards vides de couleurs sans doute aussi. Elle se tient aupr\u00e8s de ceux qui n&#8217;ont que le silence pour d\u00e9voiler le d\u00e9racinement de leurs c\u0153urs chagrin\u00e9s. Il y a une sorte de rage, un cri qui tente de sortir hors\u00a0 de ses textes. Un concassement des \u00e9motions et du langage. El Fathi parle depuis un r\u00eave fait d\u2019instants perdus :<br \/>\n\u00ab<em><strong> Je suis le silence de ton absence<\/strong><\/em><br \/>\n<em><strong> Je marche absent<\/strong><\/em><br \/>\n<em><strong> Dans chaque verset de ton regard.<\/strong><\/em> \u00bb<\/p>\n<p>Le po\u00e8te est solitaire dans son monde, sa po\u00e9sie n\u2019est pas silencieuse, mais elle est obs\u00e9d\u00e9e par le silence. Il est avant tout un artiste qui ne tient que les couleurs de la vie en forme de phrases br\u00e8ves o\u00f9 r\u00e9sonne la magie des mots. Il sait inventer les instants v\u00e9cus en images all\u00e9goriques, mais il ne pense dire vrai que dans la romance. Il donne \u00e0 toucher, il donne \u00e0 palper le tissu rugueux du monde. Il donne le droit au dehors d&#8217;entrer dans la po\u00e9sie. Il ouvre les fen\u00eatres \u00e0 l\u2019isolement. Des signes \u00e0 peine marqu\u00e9s sont les balises de l\u2019absence.<br \/>\n\u00c9crire: c\u2019est comme chercher le monde dans le silence. El Fathi ne cesse de retracer l\u2019absence de sa bien-aim\u00e9e, faire de sa nostalgie le souffle de tout le po\u00e8me. Il \u00e9crit non simplement parce qu\u2019il est en \u00e9tat de crise sentimentale, mais il veut insister sur l\u2019absence comme \u00e9l\u00e9ment fondamental dans la recherche de soi li\u00e9e intimement avec l\u2019existence de l\u2019autre (Bien-aim\u00e9e) :<br \/>\n\u00ab Aujourd&#8217;hui,<br \/>\n<em><strong>J&#8217;ai d\u00e9cid\u00e9 de m&#8217;absenter de tes baisers<\/strong><\/em><br \/>\n<em><strong> \u00a0Pour marcher de nouveau vers tes folies.<\/strong><\/em><br \/>\n<em><strong> \u00a0Aujourd&#8217;hui,\u00a0<\/strong><\/em><br \/>\n<em><strong> J&#8217;ai d\u00e9mont\u00e9 tes boucles, mes nostalgies,<\/strong><\/em><br \/>\n<em><strong> \u00a0Pour soumettre ma vanit\u00e9 \u00e0 tes envies<\/strong><\/em> \u00bb.<\/p>\n<p>Donc, l\u2019absence pour le po\u00e8te se voit comme une sorte de renaissance continue. Le po\u00e8te s\u2019\u00e9loigne du corps de sa bien-aim\u00e9e pour s\u2019incarner dans son imaginaire (Ses folies). Le passage du monde concret \u00e0 la repr\u00e9sentation abstraite des sentiments et des choses est un trait du symbolisme dominant le texte po\u00e9tique. Il n\u2019est plus question de m\u00e9tamorphose, mais plut\u00f4t une personnification du monde ext\u00e9rieur. El Fathi fait habiller ce monde, l\u2019empreinte de ses souvenirs et ses cicatrices amoureuses.<br \/>\nLe silence, il a su s\u2019en approcher \u00e0 travers une exigence de puret\u00e9, ce tamis constant des d\u00e9sarrois et du verbe pour ne rendre que l\u2019apparente surface du monde fut son asc\u00e8se po\u00e9tique. A la mani\u00e8re de Maurice Blanchard, El Fathi est un po\u00e8te qui cherche tout dans les langues du silence. Sa langue espagnole cr\u00e9e des rythmes\u00a0 int\u00e9rieurs o\u00f9 les \u00e9chos po\u00e9tiques ne cessent de se r\u00e9p\u00e9ter au fond et \u00e0 la fin de chaque vers du po\u00e8me. Le po\u00e8te travaille la musicalit\u00e9 de ses textes en cherchant des mots chantants pour faire chanter le silence.<br \/>\nNaufrag\u00e9 sur les rives d\u00e9sertes du po\u00e8me, El Fathi fait na\u00eetre l\u2019instant absent dans le parfum et les baisers de sa bien-aim\u00e9e :<br \/>\n\u00ab<em><strong> Naufrag\u00e9 dans le souvenir de tes baisers<\/strong><\/em><br \/>\n<em><strong> \u00a0 \u00a0 \u00a0 \u00a0 \u00a0 Dans la caresse de tes matins<\/strong><\/em><br \/>\n<em><strong> \u00a0 \u00a0 \u00a0 \u00a0 \u00a0 Je suis l\u00e0,<\/strong><\/em><br \/>\n<em><strong> J\u2019attends ton r\u00e9veil<\/strong><\/em> \u00bb.<\/p>\n<p>Le silence traverse l&#8217;\u0153uvre de El Fathi et devient rituel du po\u00e8me. Il prend un trait spirituel beaucoup plus profond, tout comme une blessure qui jaillit sur un corps immobile. Il est la langue d&#8217;une autre langue absente, parfois insens\u00e9e. La dualit\u00e9 du silence et de la langue s&#8217;efface en une \u00e9tincelle. Miroir en fum\u00e9e, le silence de Fathi entend refl\u00e9ter l&#8217;absence de l&#8217;autre.<\/p>\n<p>Le silence devient alors la langue de l&#8217;autre, o\u00f9 seules ses traces nous parlent de sa pr\u00e9sence. Le po\u00e8te se cherche dans les lieux invent\u00e9s, dans le vide, dans l&#8217;instant fig\u00e9. A mi-chemin de la nuit, le silence et l&#8217;absence resurgissent en \u00e9clats dans l&#8217;oeuvre du po\u00e8te. Il fume la nuit, le c\u0153ur en perp\u00e9tuel mouvement, les regards retracent l&#8217;horizon d&#8217;une longue attente. Le bruit d&#8217;un quotidien absurde est au c\u0153ur de ce silence bavard. L&#8217;aim\u00e9e est le seul miroir o\u00f9 se retrouve l&#8217;\u00e2me du po\u00e8te. La beaut\u00e9 de l&#8217;aim\u00e9e habite son imaginaire, grav\u00e9e en bleu dans ses po\u00e8mes.<\/p>\n<p>Par la beaut\u00e9 du po\u00e8me romantique, le po\u00e8te tente d\u2019\u00e9lucider des cicatrices de l\u2019absence. Une partie de ses livres est consacr\u00e9e \u00e0 l\u2019\u00e9loge de son amour. Loin de toute th\u00e9orie po\u00e9tique, El Fathi ne veut que comprendre l\u2019essence de son existence. Son \u00e9criture semble tr\u00e8s simple, claire m\u00eame. Mais elle rec\u00e8le la complexit\u00e9 de tout un imaginaire. Il fait de ses textes une sorte de tableau abstrait, une toile qui redit ce que le po\u00e8te dit en silence.<\/p>\n<p>&nbsp;<\/p>\n","protected":false},"excerpt":{"rendered":"<p>Abderrahm\u00e1n El Fathi est l&#8217;auteur de nombreux livres partag\u00e9s entre po\u00e9sie, prose, th\u00e9\u00e2tre et critique litt\u00e9raire. \u00c9crivain prolifique, hommes de lettres et professeur chercheur de langue et litt\u00e9ratures espagnoles. Il est notamment l\u2019auteur de Primavera en Ramallah y Bagdad, \u00c1frica en versos mojados, El Cielo herido, Desde la Otra Orilla\u2026et d\u2019autres. Laur\u00e9at de plusieurs prix &#8230;<\/p>\n","protected":false},"author":2,"featured_media":4370,"comment_status":"open","ping_status":"open","sticky":false,"template":"","format":"standard","meta":[],"categories":[8],"tags":[],"yoast_head":"<!-- This site is optimized with the Yoast SEO plugin v19.3 - https:\/\/yoast.com\/wordpress\/plugins\/seo\/ -->\n<title>Abderrahm\u00e1n El Fathi , po\u00e8te du silence et de l\u2019absence par : Outhman Boutisane - Maroc - Culminances<\/title>\n<meta name=\"robots\" content=\"index, follow, max-snippet:-1, max-image-preview:large, max-video-preview:-1\" \/>\n<link rel=\"canonical\" href=\"http:\/\/www.masharif.com\/fr\/2017\/02\/09\/abderrahman-el-fathi-poete-silence-de-labsence-outhman-boutisane\/\" \/>\n<meta property=\"og:locale\" content=\"fr_FR\" \/>\n<meta property=\"og:type\" content=\"article\" \/>\n<meta property=\"og:title\" content=\"Abderrahm\u00e1n El Fathi , po\u00e8te du silence et de l\u2019absence par : Outhman Boutisane - Maroc - Culminances\" \/>\n<meta property=\"og:description\" content=\"Abderrahm\u00e1n El Fathi est l&#8217;auteur de nombreux livres partag\u00e9s entre po\u00e9sie, prose, th\u00e9\u00e2tre et critique litt\u00e9raire. \u00c9crivain prolifique, hommes de lettres et professeur chercheur de langue et litt\u00e9ratures espagnoles. Il est notamment l\u2019auteur de Primavera en Ramallah y Bagdad, \u00c1frica en versos mojados, El Cielo herido, Desde la Otra Orilla\u2026et d\u2019autres. Laur\u00e9at de plusieurs prix ...\" \/>\n<meta property=\"og:url\" content=\"http:\/\/www.masharif.com\/fr\/2017\/02\/09\/abderrahman-el-fathi-poete-silence-de-labsence-outhman-boutisane\/\" \/>\n<meta property=\"og:site_name\" content=\"Culminances\" \/>\n<meta property=\"article:published_time\" content=\"2017-02-09T19:19:25+00:00\" \/>\n<meta property=\"article:modified_time\" content=\"2017-02-24T12:09:26+00:00\" \/>\n<meta property=\"og:image\" content=\"http:\/\/www.masharif.com\/fr\/wp-content\/uploads\/2017\/02\/Abderrahm\u00e1n_El_Fathi.jpg\" \/>\n\t<meta property=\"og:image:width\" content=\"980\" \/>\n\t<meta property=\"og:image:height\" content=\"1151\" \/>\n\t<meta property=\"og:image:type\" content=\"image\/jpeg\" \/>\n<meta name=\"author\" content=\"Mohamed Salah Ben Amor\" \/>\n<meta name=\"twitter:card\" content=\"summary\" \/>\n<meta name=\"twitter:label1\" content=\"\u00c9crit par\" \/>\n\t<meta name=\"twitter:data1\" content=\"Mohamed Salah Ben Amor\" \/>\n\t<meta name=\"twitter:label2\" content=\"Dur\u00e9e de lecture estim\u00e9e\" \/>\n\t<meta name=\"twitter:data2\" content=\"6 minutes\" \/>\n<script type=\"application\/ld+json\" class=\"yoast-schema-graph\">{\"@context\":\"https:\/\/schema.org\",\"@graph\":[{\"@type\":\"WebSite\",\"@id\":\"https:\/\/www.masharif.com\/fr\/#website\",\"url\":\"https:\/\/www.masharif.com\/fr\/\",\"name\":\"Culminances\",\"description\":\"\",\"potentialAction\":[{\"@type\":\"SearchAction\",\"target\":{\"@type\":\"EntryPoint\",\"urlTemplate\":\"https:\/\/www.masharif.com\/fr\/?s={search_term_string}\"},\"query-input\":\"required name=search_term_string\"}],\"inLanguage\":\"fr-FR\"},{\"@type\":\"ImageObject\",\"inLanguage\":\"fr-FR\",\"@id\":\"http:\/\/www.masharif.com\/fr\/2017\/02\/09\/abderrahman-el-fathi-poete-silence-de-labsence-outhman-boutisane\/#primaryimage\",\"url\":\"http:\/\/www.masharif.com\/fr\/wp-content\/uploads\/2017\/02\/Abderrahm\u00e1n_El_Fathi.jpg\",\"contentUrl\":\"http:\/\/www.masharif.com\/fr\/wp-content\/uploads\/2017\/02\/Abderrahm\u00e1n_El_Fathi.jpg\",\"width\":980,\"height\":1151},{\"@type\":\"WebPage\",\"@id\":\"http:\/\/www.masharif.com\/fr\/2017\/02\/09\/abderrahman-el-fathi-poete-silence-de-labsence-outhman-boutisane\/\",\"url\":\"http:\/\/www.masharif.com\/fr\/2017\/02\/09\/abderrahman-el-fathi-poete-silence-de-labsence-outhman-boutisane\/\",\"name\":\"Abderrahm\u00e1n El Fathi , po\u00e8te du silence et de l\u2019absence par : Outhman Boutisane - Maroc - Culminances\",\"isPartOf\":{\"@id\":\"https:\/\/www.masharif.com\/fr\/#website\"},\"primaryImageOfPage\":{\"@id\":\"http:\/\/www.masharif.com\/fr\/2017\/02\/09\/abderrahman-el-fathi-poete-silence-de-labsence-outhman-boutisane\/#primaryimage\"},\"datePublished\":\"2017-02-09T19:19:25+00:00\",\"dateModified\":\"2017-02-24T12:09:26+00:00\",\"author\":{\"@id\":\"https:\/\/www.masharif.com\/fr\/#\/schema\/person\/839a7026efe9fa825134097c1041e4a0\"},\"breadcrumb\":{\"@id\":\"http:\/\/www.masharif.com\/fr\/2017\/02\/09\/abderrahman-el-fathi-poete-silence-de-labsence-outhman-boutisane\/#breadcrumb\"},\"inLanguage\":\"fr-FR\",\"potentialAction\":[{\"@type\":\"ReadAction\",\"target\":[\"http:\/\/www.masharif.com\/fr\/2017\/02\/09\/abderrahman-el-fathi-poete-silence-de-labsence-outhman-boutisane\/\"]}]},{\"@type\":\"BreadcrumbList\",\"@id\":\"http:\/\/www.masharif.com\/fr\/2017\/02\/09\/abderrahman-el-fathi-poete-silence-de-labsence-outhman-boutisane\/#breadcrumb\",\"itemListElement\":[{\"@type\":\"ListItem\",\"position\":1,\"name\":\"Home\",\"item\":\"https:\/\/www.masharif.com\/fr\/\"},{\"@type\":\"ListItem\",\"position\":2,\"name\":\"Abderrahm\u00e1n El Fathi , po\u00e8te du silence et de l\u2019absence par : Outhman Boutisane &#8211; Maroc\"}]},{\"@type\":\"Person\",\"@id\":\"https:\/\/www.masharif.com\/fr\/#\/schema\/person\/839a7026efe9fa825134097c1041e4a0\",\"name\":\"Mohamed Salah Ben Amor\",\"image\":{\"@type\":\"ImageObject\",\"inLanguage\":\"fr-FR\",\"@id\":\"https:\/\/www.masharif.com\/fr\/#\/schema\/person\/image\/\",\"url\":\"http:\/\/0.gravatar.com\/avatar\/f64806401ad5ed604ffec2272b19ef46?s=96&d=identicon&r=g\",\"contentUrl\":\"http:\/\/0.gravatar.com\/avatar\/f64806401ad5ed604ffec2272b19ef46?s=96&d=identicon&r=g\",\"caption\":\"Mohamed Salah Ben Amor\"},\"sameAs\":[\"http:\/\/ben-amor.info\"],\"url\":\"http:\/\/www.masharif.com\/fr\/author\/msba\/\"}]}<\/script>\n<!-- \/ Yoast SEO plugin. -->","yoast_head_json":{"title":"Abderrahm\u00e1n El Fathi , po\u00e8te du silence et de l\u2019absence par : Outhman Boutisane - Maroc - Culminances","robots":{"index":"index","follow":"follow","max-snippet":"max-snippet:-1","max-image-preview":"max-image-preview:large","max-video-preview":"max-video-preview:-1"},"canonical":"http:\/\/www.masharif.com\/fr\/2017\/02\/09\/abderrahman-el-fathi-poete-silence-de-labsence-outhman-boutisane\/","og_locale":"fr_FR","og_type":"article","og_title":"Abderrahm\u00e1n El Fathi , po\u00e8te du silence et de l\u2019absence par : Outhman Boutisane - Maroc - Culminances","og_description":"Abderrahm\u00e1n El Fathi est l&#8217;auteur de nombreux livres partag\u00e9s entre po\u00e9sie, prose, th\u00e9\u00e2tre et critique litt\u00e9raire. \u00c9crivain prolifique, hommes de lettres et professeur chercheur de langue et litt\u00e9ratures espagnoles. Il est notamment l\u2019auteur de Primavera en Ramallah y Bagdad, \u00c1frica en versos mojados, El Cielo herido, Desde la Otra Orilla\u2026et d\u2019autres. Laur\u00e9at de plusieurs prix ...","og_url":"http:\/\/www.masharif.com\/fr\/2017\/02\/09\/abderrahman-el-fathi-poete-silence-de-labsence-outhman-boutisane\/","og_site_name":"Culminances","article_published_time":"2017-02-09T19:19:25+00:00","article_modified_time":"2017-02-24T12:09:26+00:00","og_image":[{"width":980,"height":1151,"url":"http:\/\/www.masharif.com\/fr\/wp-content\/uploads\/2017\/02\/Abderrahm\u00e1n_El_Fathi.jpg","type":"image\/jpeg"}],"author":"Mohamed Salah Ben Amor","twitter_card":"summary","twitter_misc":{"\u00c9crit par":"Mohamed Salah Ben Amor","Dur\u00e9e de lecture estim\u00e9e":"6 minutes"},"schema":{"@context":"https:\/\/schema.org","@graph":[{"@type":"WebSite","@id":"https:\/\/www.masharif.com\/fr\/#website","url":"https:\/\/www.masharif.com\/fr\/","name":"Culminances","description":"","potentialAction":[{"@type":"SearchAction","target":{"@type":"EntryPoint","urlTemplate":"https:\/\/www.masharif.com\/fr\/?s={search_term_string}"},"query-input":"required name=search_term_string"}],"inLanguage":"fr-FR"},{"@type":"ImageObject","inLanguage":"fr-FR","@id":"http:\/\/www.masharif.com\/fr\/2017\/02\/09\/abderrahman-el-fathi-poete-silence-de-labsence-outhman-boutisane\/#primaryimage","url":"http:\/\/www.masharif.com\/fr\/wp-content\/uploads\/2017\/02\/Abderrahm\u00e1n_El_Fathi.jpg","contentUrl":"http:\/\/www.masharif.com\/fr\/wp-content\/uploads\/2017\/02\/Abderrahm\u00e1n_El_Fathi.jpg","width":980,"height":1151},{"@type":"WebPage","@id":"http:\/\/www.masharif.com\/fr\/2017\/02\/09\/abderrahman-el-fathi-poete-silence-de-labsence-outhman-boutisane\/","url":"http:\/\/www.masharif.com\/fr\/2017\/02\/09\/abderrahman-el-fathi-poete-silence-de-labsence-outhman-boutisane\/","name":"Abderrahm\u00e1n El Fathi , po\u00e8te du silence et de l\u2019absence par : Outhman Boutisane - Maroc - Culminances","isPartOf":{"@id":"https:\/\/www.masharif.com\/fr\/#website"},"primaryImageOfPage":{"@id":"http:\/\/www.masharif.com\/fr\/2017\/02\/09\/abderrahman-el-fathi-poete-silence-de-labsence-outhman-boutisane\/#primaryimage"},"datePublished":"2017-02-09T19:19:25+00:00","dateModified":"2017-02-24T12:09:26+00:00","author":{"@id":"https:\/\/www.masharif.com\/fr\/#\/schema\/person\/839a7026efe9fa825134097c1041e4a0"},"breadcrumb":{"@id":"http:\/\/www.masharif.com\/fr\/2017\/02\/09\/abderrahman-el-fathi-poete-silence-de-labsence-outhman-boutisane\/#breadcrumb"},"inLanguage":"fr-FR","potentialAction":[{"@type":"ReadAction","target":["http:\/\/www.masharif.com\/fr\/2017\/02\/09\/abderrahman-el-fathi-poete-silence-de-labsence-outhman-boutisane\/"]}]},{"@type":"BreadcrumbList","@id":"http:\/\/www.masharif.com\/fr\/2017\/02\/09\/abderrahman-el-fathi-poete-silence-de-labsence-outhman-boutisane\/#breadcrumb","itemListElement":[{"@type":"ListItem","position":1,"name":"Home","item":"https:\/\/www.masharif.com\/fr\/"},{"@type":"ListItem","position":2,"name":"Abderrahm\u00e1n El Fathi , po\u00e8te du silence et de l\u2019absence par : Outhman Boutisane &#8211; Maroc"}]},{"@type":"Person","@id":"https:\/\/www.masharif.com\/fr\/#\/schema\/person\/839a7026efe9fa825134097c1041e4a0","name":"Mohamed Salah Ben Amor","image":{"@type":"ImageObject","inLanguage":"fr-FR","@id":"https:\/\/www.masharif.com\/fr\/#\/schema\/person\/image\/","url":"http:\/\/0.gravatar.com\/avatar\/f64806401ad5ed604ffec2272b19ef46?s=96&d=identicon&r=g","contentUrl":"http:\/\/0.gravatar.com\/avatar\/f64806401ad5ed604ffec2272b19ef46?s=96&d=identicon&r=g","caption":"Mohamed Salah Ben Amor"},"sameAs":["http:\/\/ben-amor.info"],"url":"http:\/\/www.masharif.com\/fr\/author\/msba\/"}]}},"_links":{"self":[{"href":"http:\/\/www.masharif.com\/fr\/wp-json\/wp\/v2\/posts\/4369"}],"collection":[{"href":"http:\/\/www.masharif.com\/fr\/wp-json\/wp\/v2\/posts"}],"about":[{"href":"http:\/\/www.masharif.com\/fr\/wp-json\/wp\/v2\/types\/post"}],"author":[{"embeddable":true,"href":"http:\/\/www.masharif.com\/fr\/wp-json\/wp\/v2\/users\/2"}],"replies":[{"embeddable":true,"href":"http:\/\/www.masharif.com\/fr\/wp-json\/wp\/v2\/comments?post=4369"}],"version-history":[{"count":3,"href":"http:\/\/www.masharif.com\/fr\/wp-json\/wp\/v2\/posts\/4369\/revisions"}],"predecessor-version":[{"id":4379,"href":"http:\/\/www.masharif.com\/fr\/wp-json\/wp\/v2\/posts\/4369\/revisions\/4379"}],"wp:featuredmedia":[{"embeddable":true,"href":"http:\/\/www.masharif.com\/fr\/wp-json\/wp\/v2\/media\/4370"}],"wp:attachment":[{"href":"http:\/\/www.masharif.com\/fr\/wp-json\/wp\/v2\/media?parent=4369"}],"wp:term":[{"taxonomy":"category","embeddable":true,"href":"http:\/\/www.masharif.com\/fr\/wp-json\/wp\/v2\/categories?post=4369"},{"taxonomy":"post_tag","embeddable":true,"href":"http:\/\/www.masharif.com\/fr\/wp-json\/wp\/v2\/tags?post=4369"}],"curies":[{"name":"wp","href":"https:\/\/api.w.org\/{rel}","templated":true}]}}