{"id":4310,"date":"2017-01-31T04:30:34","date_gmt":"2017-01-31T03:30:34","guid":{"rendered":"http:\/\/www.masharif.com\/fr\/?p=4310"},"modified":"2017-02-24T13:22:19","modified_gmt":"2017-02-24T12:22:19","slug":"spleen-hivernal-abdellatif-bhiri-safi-maroc","status":"publish","type":"post","link":"http:\/\/www.masharif.com\/fr\/2017\/01\/31\/spleen-hivernal-abdellatif-bhiri-safi-maroc\/","title":{"rendered":"Spleen hivernal par  : Abdellatif Bhiri  -Safi \u2013Maroc"},"content":{"rendered":"<div id=\"attachment_3736\" style=\"width: 310px\" class=\"wp-caption alignnone\"><a href=\"http:\/\/www.masharif.com\/fr\/wp-content\/uploads\/2016\/11\/12347957_10204985632782953_5341297725505671759_n.jpg\"><img aria-describedby=\"caption-attachment-3736\" loading=\"lazy\" class=\"wp-image-3736 size-medium\" src=\"http:\/\/www.masharif.com\/fr\/wp-content\/uploads\/2016\/11\/12347957_10204985632782953_5341297725505671759_n-300x300.jpg\" width=\"300\" height=\"300\" srcset=\"http:\/\/www.masharif.com\/fr\/wp-content\/uploads\/2016\/11\/12347957_10204985632782953_5341297725505671759_n-300x300.jpg 300w, http:\/\/www.masharif.com\/fr\/wp-content\/uploads\/2016\/11\/12347957_10204985632782953_5341297725505671759_n-150x150.jpg 150w, http:\/\/www.masharif.com\/fr\/wp-content\/uploads\/2016\/11\/12347957_10204985632782953_5341297725505671759_n-55x55.jpg 55w, http:\/\/www.masharif.com\/fr\/wp-content\/uploads\/2016\/11\/12347957_10204985632782953_5341297725505671759_n.jpg 479w\" sizes=\"(max-width: 300px) 100vw, 300px\" \/><\/a><p id=\"caption-attachment-3736\" class=\"wp-caption-text\">Abdellatif Bhiri<\/p><\/div>\n<p>&nbsp;<\/p>\n<p>&nbsp;<\/p>\n<p><strong>Un vent s\u00e9v\u00e8re et glacial cingle<\/strong><br \/>\n<strong> La face des songes d\u00e9teints\u00a0<\/strong><br \/>\n<strong> Les \u00eatres aux c\u0153urs froids et \u00e9teints<\/strong><br \/>\n<strong> Subissent, cois, et s\u2019\u00e9tranglent<\/strong><\/p>\n<p><strong> La flore est meurtrie par le givre<\/strong><br \/>\n<strong> Mon \u00e2me d\u2019une humeur noir\u00e2tre<\/strong><br \/>\n<strong> Se v\u00eatit d\u2019un linceul gris\u00e2tre\u00a0<\/strong><br \/>\n<strong> Scrutant l\u2019ange qui la d\u00e9livre<\/strong><\/p>\n<p><strong> Le soleil nagu\u00e8re souriant<\/strong><br \/>\n<strong> \u00c9met des rayons an\u00e9miques<\/strong><br \/>\n<strong> La douleur s\u2019installe, cynique<\/strong><br \/>\n<strong> \u00c9tanchant sa soif de N\u00e9ant<\/strong><\/p>\n<p><strong> Le ciel dense, si bas, si lourd<\/strong><br \/>\n<strong> \u00c9touffe le bel arc-en-ciel<\/strong><br \/>\n<strong> Ligote l\u2019essaim d\u2019hirondelles<\/strong><br \/>\n<strong> S\u2019enflant avec un air balourd<\/strong><\/p>\n<p><strong> Le po\u00e8te dans cette grisaille<\/strong><br \/>\n<strong> S\u2019attire des coups foudroyants<\/strong><br \/>\n<strong> Son esprit n\u2019est plus clairvoyant<\/strong><br \/>\n<strong> Il subit affres et repr\u00e9sailles<\/strong><\/p>\n<p>\u00a920\/12\/2013 Abdellatif BHIRI. Maroc.<\/p>\n","protected":false},"excerpt":{"rendered":"<p>&nbsp; &nbsp; Un vent s\u00e9v\u00e8re et glacial cingle La face des songes d\u00e9teints\u00a0 Les \u00eatres aux c\u0153urs froids et \u00e9teints Subissent, cois, et s\u2019\u00e9tranglent La flore est meurtrie par le givre Mon \u00e2me d\u2019une humeur noir\u00e2tre Se v\u00eatit d\u2019un linceul gris\u00e2tre\u00a0 Scrutant l\u2019ange qui la d\u00e9livre Le soleil nagu\u00e8re souriant \u00c9met des rayons an\u00e9miques La &#8230;<\/p>\n","protected":false},"author":2,"featured_media":3736,"comment_status":"open","ping_status":"open","sticky":false,"template":"","format":"standard","meta":[],"categories":[4],"tags":[],"yoast_head":"<!-- This site is optimized with the Yoast SEO plugin v19.3 - https:\/\/yoast.com\/wordpress\/plugins\/seo\/ -->\n<title>Spleen hivernal par : Abdellatif Bhiri -Safi \u2013Maroc - Culminances<\/title>\n<meta name=\"robots\" content=\"index, follow, max-snippet:-1, max-image-preview:large, max-video-preview:-1\" \/>\n<link rel=\"canonical\" href=\"https:\/\/www.masharif.com\/fr\/2017\/01\/31\/spleen-hivernal-abdellatif-bhiri-safi-maroc\/\" \/>\n<meta property=\"og:locale\" content=\"fr_FR\" \/>\n<meta property=\"og:type\" content=\"article\" \/>\n<meta property=\"og:title\" content=\"Spleen hivernal par : Abdellatif Bhiri -Safi \u2013Maroc - Culminances\" \/>\n<meta property=\"og:description\" content=\"&nbsp; &nbsp; Un vent s\u00e9v\u00e8re et glacial cingle La face des songes d\u00e9teints\u00a0 Les \u00eatres aux c\u0153urs froids et \u00e9teints Subissent, cois, et s\u2019\u00e9tranglent La flore est meurtrie par le givre Mon \u00e2me d\u2019une humeur noir\u00e2tre Se v\u00eatit d\u2019un linceul gris\u00e2tre\u00a0 Scrutant l\u2019ange qui la d\u00e9livre Le soleil nagu\u00e8re souriant \u00c9met des rayons an\u00e9miques La ...\" \/>\n<meta property=\"og:url\" content=\"https:\/\/www.masharif.com\/fr\/2017\/01\/31\/spleen-hivernal-abdellatif-bhiri-safi-maroc\/\" \/>\n<meta property=\"og:site_name\" content=\"Culminances\" \/>\n<meta property=\"article:published_time\" content=\"2017-01-31T03:30:34+00:00\" \/>\n<meta property=\"article:modified_time\" content=\"2017-02-24T12:22:19+00:00\" \/>\n<meta property=\"og:image\" content=\"https:\/\/www.masharif.com\/fr\/wp-content\/uploads\/2016\/11\/12347957_10204985632782953_5341297725505671759_n.jpg\" \/>\n\t<meta property=\"og:image:width\" content=\"479\" \/>\n\t<meta property=\"og:image:height\" content=\"479\" \/>\n\t<meta property=\"og:image:type\" content=\"image\/jpeg\" \/>\n<meta name=\"author\" content=\"Mohamed Salah Ben Amor\" \/>\n<meta name=\"twitter:card\" content=\"summary\" \/>\n<meta name=\"twitter:label1\" content=\"\u00c9crit par\" \/>\n\t<meta name=\"twitter:data1\" content=\"Mohamed Salah Ben Amor\" \/>\n\t<meta name=\"twitter:label2\" content=\"Dur\u00e9e de lecture estim\u00e9e\" \/>\n\t<meta name=\"twitter:data2\" content=\"1 minute\" \/>\n<script type=\"application\/ld+json\" class=\"yoast-schema-graph\">{\"@context\":\"https:\/\/schema.org\",\"@graph\":[{\"@type\":\"WebSite\",\"@id\":\"https:\/\/www.masharif.com\/fr\/#website\",\"url\":\"https:\/\/www.masharif.com\/fr\/\",\"name\":\"Culminances\",\"description\":\"\",\"potentialAction\":[{\"@type\":\"SearchAction\",\"target\":{\"@type\":\"EntryPoint\",\"urlTemplate\":\"https:\/\/www.masharif.com\/fr\/?s={search_term_string}\"},\"query-input\":\"required name=search_term_string\"}],\"inLanguage\":\"fr-FR\"},{\"@type\":\"ImageObject\",\"inLanguage\":\"fr-FR\",\"@id\":\"https:\/\/www.masharif.com\/fr\/2017\/01\/31\/spleen-hivernal-abdellatif-bhiri-safi-maroc\/#primaryimage\",\"url\":\"http:\/\/www.masharif.com\/fr\/wp-content\/uploads\/2016\/11\/12347957_10204985632782953_5341297725505671759_n.jpg\",\"contentUrl\":\"http:\/\/www.masharif.com\/fr\/wp-content\/uploads\/2016\/11\/12347957_10204985632782953_5341297725505671759_n.jpg\",\"width\":479,\"height\":479},{\"@type\":\"WebPage\",\"@id\":\"https:\/\/www.masharif.com\/fr\/2017\/01\/31\/spleen-hivernal-abdellatif-bhiri-safi-maroc\/\",\"url\":\"https:\/\/www.masharif.com\/fr\/2017\/01\/31\/spleen-hivernal-abdellatif-bhiri-safi-maroc\/\",\"name\":\"Spleen hivernal par : Abdellatif Bhiri -Safi \u2013Maroc - Culminances\",\"isPartOf\":{\"@id\":\"https:\/\/www.masharif.com\/fr\/#website\"},\"primaryImageOfPage\":{\"@id\":\"https:\/\/www.masharif.com\/fr\/2017\/01\/31\/spleen-hivernal-abdellatif-bhiri-safi-maroc\/#primaryimage\"},\"datePublished\":\"2017-01-31T03:30:34+00:00\",\"dateModified\":\"2017-02-24T12:22:19+00:00\",\"author\":{\"@id\":\"https:\/\/www.masharif.com\/fr\/#\/schema\/person\/839a7026efe9fa825134097c1041e4a0\"},\"breadcrumb\":{\"@id\":\"https:\/\/www.masharif.com\/fr\/2017\/01\/31\/spleen-hivernal-abdellatif-bhiri-safi-maroc\/#breadcrumb\"},\"inLanguage\":\"fr-FR\",\"potentialAction\":[{\"@type\":\"ReadAction\",\"target\":[\"https:\/\/www.masharif.com\/fr\/2017\/01\/31\/spleen-hivernal-abdellatif-bhiri-safi-maroc\/\"]}]},{\"@type\":\"BreadcrumbList\",\"@id\":\"https:\/\/www.masharif.com\/fr\/2017\/01\/31\/spleen-hivernal-abdellatif-bhiri-safi-maroc\/#breadcrumb\",\"itemListElement\":[{\"@type\":\"ListItem\",\"position\":1,\"name\":\"Home\",\"item\":\"https:\/\/www.masharif.com\/fr\/\"},{\"@type\":\"ListItem\",\"position\":2,\"name\":\"Spleen hivernal par : Abdellatif Bhiri -Safi \u2013Maroc\"}]},{\"@type\":\"Person\",\"@id\":\"https:\/\/www.masharif.com\/fr\/#\/schema\/person\/839a7026efe9fa825134097c1041e4a0\",\"name\":\"Mohamed Salah Ben Amor\",\"image\":{\"@type\":\"ImageObject\",\"inLanguage\":\"fr-FR\",\"@id\":\"https:\/\/www.masharif.com\/fr\/#\/schema\/person\/image\/\",\"url\":\"http:\/\/0.gravatar.com\/avatar\/f64806401ad5ed604ffec2272b19ef46?s=96&d=identicon&r=g\",\"contentUrl\":\"http:\/\/0.gravatar.com\/avatar\/f64806401ad5ed604ffec2272b19ef46?s=96&d=identicon&r=g\",\"caption\":\"Mohamed Salah Ben Amor\"},\"sameAs\":[\"http:\/\/ben-amor.info\"],\"url\":\"http:\/\/www.masharif.com\/fr\/author\/msba\/\"}]}<\/script>\n<!-- \/ Yoast SEO plugin. -->","yoast_head_json":{"title":"Spleen hivernal par : Abdellatif Bhiri -Safi \u2013Maroc - Culminances","robots":{"index":"index","follow":"follow","max-snippet":"max-snippet:-1","max-image-preview":"max-image-preview:large","max-video-preview":"max-video-preview:-1"},"canonical":"https:\/\/www.masharif.com\/fr\/2017\/01\/31\/spleen-hivernal-abdellatif-bhiri-safi-maroc\/","og_locale":"fr_FR","og_type":"article","og_title":"Spleen hivernal par : Abdellatif Bhiri -Safi \u2013Maroc - Culminances","og_description":"&nbsp; &nbsp; Un vent s\u00e9v\u00e8re et glacial cingle La face des songes d\u00e9teints\u00a0 Les \u00eatres aux c\u0153urs froids et \u00e9teints Subissent, cois, et s\u2019\u00e9tranglent La flore est meurtrie par le givre Mon \u00e2me d\u2019une humeur noir\u00e2tre Se v\u00eatit d\u2019un linceul gris\u00e2tre\u00a0 Scrutant l\u2019ange qui la d\u00e9livre Le soleil nagu\u00e8re souriant \u00c9met des rayons an\u00e9miques La ...","og_url":"https:\/\/www.masharif.com\/fr\/2017\/01\/31\/spleen-hivernal-abdellatif-bhiri-safi-maroc\/","og_site_name":"Culminances","article_published_time":"2017-01-31T03:30:34+00:00","article_modified_time":"2017-02-24T12:22:19+00:00","og_image":[{"width":479,"height":479,"url":"https:\/\/www.masharif.com\/fr\/wp-content\/uploads\/2016\/11\/12347957_10204985632782953_5341297725505671759_n.jpg","type":"image\/jpeg"}],"author":"Mohamed Salah Ben Amor","twitter_card":"summary","twitter_misc":{"\u00c9crit par":"Mohamed Salah Ben Amor","Dur\u00e9e de lecture estim\u00e9e":"1 minute"},"schema":{"@context":"https:\/\/schema.org","@graph":[{"@type":"WebSite","@id":"https:\/\/www.masharif.com\/fr\/#website","url":"https:\/\/www.masharif.com\/fr\/","name":"Culminances","description":"","potentialAction":[{"@type":"SearchAction","target":{"@type":"EntryPoint","urlTemplate":"https:\/\/www.masharif.com\/fr\/?s={search_term_string}"},"query-input":"required name=search_term_string"}],"inLanguage":"fr-FR"},{"@type":"ImageObject","inLanguage":"fr-FR","@id":"https:\/\/www.masharif.com\/fr\/2017\/01\/31\/spleen-hivernal-abdellatif-bhiri-safi-maroc\/#primaryimage","url":"http:\/\/www.masharif.com\/fr\/wp-content\/uploads\/2016\/11\/12347957_10204985632782953_5341297725505671759_n.jpg","contentUrl":"http:\/\/www.masharif.com\/fr\/wp-content\/uploads\/2016\/11\/12347957_10204985632782953_5341297725505671759_n.jpg","width":479,"height":479},{"@type":"WebPage","@id":"https:\/\/www.masharif.com\/fr\/2017\/01\/31\/spleen-hivernal-abdellatif-bhiri-safi-maroc\/","url":"https:\/\/www.masharif.com\/fr\/2017\/01\/31\/spleen-hivernal-abdellatif-bhiri-safi-maroc\/","name":"Spleen hivernal par : Abdellatif Bhiri -Safi \u2013Maroc - Culminances","isPartOf":{"@id":"https:\/\/www.masharif.com\/fr\/#website"},"primaryImageOfPage":{"@id":"https:\/\/www.masharif.com\/fr\/2017\/01\/31\/spleen-hivernal-abdellatif-bhiri-safi-maroc\/#primaryimage"},"datePublished":"2017-01-31T03:30:34+00:00","dateModified":"2017-02-24T12:22:19+00:00","author":{"@id":"https:\/\/www.masharif.com\/fr\/#\/schema\/person\/839a7026efe9fa825134097c1041e4a0"},"breadcrumb":{"@id":"https:\/\/www.masharif.com\/fr\/2017\/01\/31\/spleen-hivernal-abdellatif-bhiri-safi-maroc\/#breadcrumb"},"inLanguage":"fr-FR","potentialAction":[{"@type":"ReadAction","target":["https:\/\/www.masharif.com\/fr\/2017\/01\/31\/spleen-hivernal-abdellatif-bhiri-safi-maroc\/"]}]},{"@type":"BreadcrumbList","@id":"https:\/\/www.masharif.com\/fr\/2017\/01\/31\/spleen-hivernal-abdellatif-bhiri-safi-maroc\/#breadcrumb","itemListElement":[{"@type":"ListItem","position":1,"name":"Home","item":"https:\/\/www.masharif.com\/fr\/"},{"@type":"ListItem","position":2,"name":"Spleen hivernal par : Abdellatif Bhiri -Safi \u2013Maroc"}]},{"@type":"Person","@id":"https:\/\/www.masharif.com\/fr\/#\/schema\/person\/839a7026efe9fa825134097c1041e4a0","name":"Mohamed Salah Ben Amor","image":{"@type":"ImageObject","inLanguage":"fr-FR","@id":"https:\/\/www.masharif.com\/fr\/#\/schema\/person\/image\/","url":"http:\/\/0.gravatar.com\/avatar\/f64806401ad5ed604ffec2272b19ef46?s=96&d=identicon&r=g","contentUrl":"http:\/\/0.gravatar.com\/avatar\/f64806401ad5ed604ffec2272b19ef46?s=96&d=identicon&r=g","caption":"Mohamed Salah Ben Amor"},"sameAs":["http:\/\/ben-amor.info"],"url":"http:\/\/www.masharif.com\/fr\/author\/msba\/"}]}},"_links":{"self":[{"href":"http:\/\/www.masharif.com\/fr\/wp-json\/wp\/v2\/posts\/4310"}],"collection":[{"href":"http:\/\/www.masharif.com\/fr\/wp-json\/wp\/v2\/posts"}],"about":[{"href":"http:\/\/www.masharif.com\/fr\/wp-json\/wp\/v2\/types\/post"}],"author":[{"embeddable":true,"href":"http:\/\/www.masharif.com\/fr\/wp-json\/wp\/v2\/users\/2"}],"replies":[{"embeddable":true,"href":"http:\/\/www.masharif.com\/fr\/wp-json\/wp\/v2\/comments?post=4310"}],"version-history":[{"count":2,"href":"http:\/\/www.masharif.com\/fr\/wp-json\/wp\/v2\/posts\/4310\/revisions"}],"predecessor-version":[{"id":4507,"href":"http:\/\/www.masharif.com\/fr\/wp-json\/wp\/v2\/posts\/4310\/revisions\/4507"}],"wp:featuredmedia":[{"embeddable":true,"href":"http:\/\/www.masharif.com\/fr\/wp-json\/wp\/v2\/media\/3736"}],"wp:attachment":[{"href":"http:\/\/www.masharif.com\/fr\/wp-json\/wp\/v2\/media?parent=4310"}],"wp:term":[{"taxonomy":"category","embeddable":true,"href":"http:\/\/www.masharif.com\/fr\/wp-json\/wp\/v2\/categories?post=4310"},{"taxonomy":"post_tag","embeddable":true,"href":"http:\/\/www.masharif.com\/fr\/wp-json\/wp\/v2\/tags?post=4310"}],"curies":[{"name":"wp","href":"https:\/\/api.w.org\/{rel}","templated":true}]}}