{"id":4068,"date":"2017-01-14T04:40:30","date_gmt":"2017-01-14T03:40:30","guid":{"rendered":"http:\/\/www.masharif.com\/fr\/?p=4068"},"modified":"2017-01-14T04:40:30","modified_gmt":"2017-01-14T03:40:30","slug":"marche-solitaires-solidaires-remy-ducasse-dit-erde-bastia-france","status":"publish","type":"post","link":"http:\/\/www.masharif.com\/fr\/2017\/01\/14\/marche-solitaires-solidaires-remy-ducasse-dit-erde-bastia-france\/","title":{"rendered":"La marche en avant&#8230;Solitaires et Solidaires&#8230;par : R\u00e9my Ducass\u00e9 dit Erd\u00e9 -Bastia \u2013 France"},"content":{"rendered":"<p><strong>A ce h\u00e9ros de la vraie VIE, \u00e0 mon fr\u00e8re Jean D.<\/strong><\/p>\n<p>&nbsp;<\/p>\n<p>&nbsp;<\/p>\n<div id=\"attachment_3839\" style=\"width: 310px\" class=\"wp-caption alignnone\"><a href=\"http:\/\/www.masharif.com\/fr\/wp-content\/uploads\/2016\/12\/170x170-ct.jpg\"><img aria-describedby=\"caption-attachment-3839\" loading=\"lazy\" class=\"wp-image-3839 size-medium\" src=\"http:\/\/www.masharif.com\/fr\/wp-content\/uploads\/2016\/12\/170x170-ct-300x300.jpg\" alt=\"170x170-ct\" width=\"300\" height=\"300\" srcset=\"http:\/\/www.masharif.com\/fr\/wp-content\/uploads\/2016\/12\/170x170-ct-300x300.jpg 300w, http:\/\/www.masharif.com\/fr\/wp-content\/uploads\/2016\/12\/170x170-ct-150x150.jpg 150w, http:\/\/www.masharif.com\/fr\/wp-content\/uploads\/2016\/12\/170x170-ct-55x55.jpg 55w, http:\/\/www.masharif.com\/fr\/wp-content\/uploads\/2016\/12\/170x170-ct.jpg 425w\" sizes=\"(max-width: 300px) 100vw, 300px\" \/><\/a><p id=\"caption-attachment-3839\" class=\"wp-caption-text\">R\u00e9my Ducass\u00e9 dit Erd\u00e9<\/p><\/div>\n<p><strong> Je suis l\u00e0, tout \u00e0 la fois<\/strong><br \/>\n<strong> Solitaire et rempli de toutes ces vies,<\/strong><br \/>\n<strong> Assis sur mon canap\u00e9, \u2028<\/strong><br \/>\n<strong> Mes mains pos\u00e9es, paumes tourn\u00e9es<\/strong><br \/>\n<strong> \u2028Vers le haut, ouvertes, \u2028<\/strong><br \/>\n<strong> Et les mots fragiles, h\u00e9sitants,<\/strong><br \/>\n<strong> \u2028Les mots timides, ou bien ardents, \u2028<\/strong><br \/>\n<strong> Tels de p\u00e2les oiseaux, blancs ou\u2028<\/strong><br \/>\n<strong> Multicolores, capables de passer, \u2028<\/strong><br \/>\n<strong> Semblables \u00e0 de courageux passe-murailles, \u2028<\/strong><br \/>\n<strong> De mon esprit aventureux et ordinaire<\/strong><br \/>\n<strong> \u2028A vos c\u0153urs attentifs et silencieux.<\/strong><\/p>\n<p><strong> Un croyant et un ath\u00e9e,<\/strong><br \/>\n<strong> Ni Rimbaud, ni Verlaine,<\/strong><br \/>\n<strong> Tout juste et encore&#8230;<\/strong><br \/>\n<strong> Po\u00e8tes, militants,<\/strong><br \/>\n<strong> Dans des temps incertains<\/strong><br \/>\n<strong> En rime ou en vers libre<\/strong><br \/>\n<strong> L&#8217;un envers l&#8217;autre,<\/strong><br \/>\n<strong> Fid\u00e8les et tol\u00e9rants,<\/strong><br \/>\n<strong> A un lieu, un espace,<\/strong><br \/>\n<strong> Une devise, une petite mission,<\/strong><br \/>\n<strong> L&#8217;un envers l&#8217;autre,<\/strong><br \/>\n<strong> Exigeants, transcendant leurs divergences,<\/strong><br \/>\n<strong> Vers le haut, se tirant,<\/strong><br \/>\n<strong> Sans concession<\/strong><br \/>\n<strong> L&#8217;un envers l&#8217;autre<\/strong><br \/>\n<strong> Vers un m\u00eame id\u00e9al\u2026<\/strong><br \/>\n<strong> Quand sur ta route,<\/strong><br \/>\n<strong> Tu peines, tu pi\u00e9tines, tu tr\u00e9pignes,<\/strong><br \/>\n<strong> Presqu&#8217;impuissant ; dis-le moi.<\/strong><br \/>\n<strong> Sans aucun jugement, je t&#8217;attends.<\/strong><\/p>\n<p><strong> Car<\/strong><br \/>\n<strong> Je suis libre, si tu es libre,<\/strong><br \/>\n<strong> Je suis humain, si tu es humain,<\/strong><br \/>\n<strong> Je suis ton \u00e9gal, si tu es mon \u00e9gal,<\/strong><br \/>\n<strong> Je respecte ton Dieu,<\/strong><br \/>\n<strong> M\u00eame si je ne crois pas.<\/strong><br \/>\n<strong> Ni Rimbaud, ni Verlaine,<\/strong><br \/>\n<strong> Seulement tout juste<\/strong><br \/>\n<strong> Po\u00e8tes et militants.<\/strong><\/p>\n<p><strong> A travers l&#8217;espace et le temps,<\/strong><br \/>\n<strong> L&#8217;usage des mots, seulement,<\/strong><br \/>\n<strong> L&#8217;\u00e9coute et l&#8217;usage des mots,<\/strong><br \/>\n<strong> Je suis l\u00e0 tout \u00e0 la fois,<\/strong><br \/>\n<strong> Solitaire et rempli de toutes ces vies.<\/strong><\/p>\n<p><strong> Ma vie est faite d&#8217;un milliard de vies pass\u00e9es, avant la mienne.\u00a0<\/strong><br \/>\n<strong> Un milliard n&#8217;est qu&#8217;une fa\u00e7on toute restrictive de fixer l&#8217;immensit\u00e9 de l&#8217;\u0153uvre humaine sur notre plan\u00e8te.\u00a0<\/strong><\/p>\n<p><strong> Cette \u0153uvre peut \u00eatre laide, d\u00e9chirante, parfois m\u00eame sinistre, ou elle peut \u00eatre sublime, splendide, g\u00e9n\u00e9reuse, magnifique.\u00a0<\/strong><br \/>\n<strong> Toutes ces formes de vie, m&#8217;ont constitu\u00e9, une apr\u00e8s l&#8217;autre.\u00a0<\/strong><br \/>\n<strong> De chacune d&#8217;elles je peux tout conna\u00eetre ou tout ignorer, mais chacune \u00e0 leur mani\u00e8re de fa\u00e7on imperceptible ou dans une vision tangible, pr\u00e9cise et r\u00e9elle sont mon ferment, mon pass\u00e9, mon pr\u00e9sent, mon avenir.\u00a0<\/strong><\/p>\n<p><strong> Je serais apr\u00e8s elles, \u00e0 mon tour, le pass\u00e9, le pr\u00e9sent (m\u00eame une fois que j&#8217;aurai disparu) et l&#8217;avenir de mes descendants de sang &#8211; mais pas seulement ceux-l\u00e0. C&#8217;est ainsi que l&#8217;h\u00e9ritage Humain se constitue, tout \u00e0 la fois g\u00e9n\u00e9tiquement, et plus g\u00e9n\u00e9ralement par la succession des \u00e9changes de sentiments, de pens\u00e9es, par\u00a0les confrontations g\u00e9n\u00e9reuses ou frileuses.\u00a0<\/strong><br \/>\n<strong> Si telle id\u00e9e me para\u00eet restrictive, p\u00e9nalisante autant pour celui qui l&#8217;exprime, que pour celui qui l&#8217;entend, alors toute ma personne la repousse, la refuse, parfois m\u00eame presque sans que je m&#8217;en aper\u00e7oive imm\u00e9diatement.\u00a0<\/strong><\/p>\n<p><strong> Si l&#8217;on parvient \u00e0 accepter l&#8217;id\u00e9e que nous sommes bien petits par rapport \u00e0 l&#8217;immensit\u00e9 infinie de toutes ces vies qui ont s\u00e9diment\u00e9 avant nous, alors nous parviendrons \u00e0 aimer, plus facilement ce que nous sommes toutes et tous :\u00a0<\/strong><\/p>\n<p><strong> Diff\u00e9rents &#8211; dissemblables &#8211; connus ou inconnus &#8211; faibles ou forts &#8211; puissants ou insignifiants et mis\u00e9rables.<\/strong><\/p>\n<p><strong> Je ne d\u00e9tiens aucun pouvoir, puisque je ne suis que pour un bien court passage en ce monde.\u00a0<\/strong><br \/>\n<strong> Cela ne signifie pas pour autant que telle vie apr\u00e8s la mienne, ayant eu connaissance de ma trace imperceptible n&#8217;y puise pas une force plus importante que celle que j&#8217;ai moi-m\u00eame \u00e9prouv\u00e9 lors de mon passage, si discret, si humble, si modeste qu&#8217;il ait \u00e9t\u00e9.<\/strong><\/p>\n<p><strong> Toutes ces vies,<\/strong><br \/>\n<strong> Petites lumi\u00e8res soigneusement prot\u00e9g\u00e9es,<\/strong><br \/>\n<strong> Dans ma m\u00e9moire, ou de moi inconnues,<\/strong><br \/>\n<strong> Je suis l\u00e0, assis sur mon canap\u00e9,<\/strong><br \/>\n<strong> Mains pos\u00e9es \u00e0 plat,<\/strong><br \/>\n<strong> Paumes ouvertes vers le haut,<\/strong><br \/>\n<strong> Mes mots fragiles, h\u00e9sitants,<\/strong><br \/>\n<strong> Mots timides ou mots ardents<\/strong><br \/>\n<strong> Tels p\u00e2les oiseaux blancs,<\/strong><br \/>\n<strong> De ma plan\u00e8te \u00e0 vos continents,<\/strong><br \/>\n<strong> Ni Rimbaud, ni Verlaine,<\/strong><br \/>\n<strong> Tout juste po\u00e8tes militants<\/strong><br \/>\n<strong> Capables de passer,<\/strong><br \/>\n<strong> Courageux passe-murailles,<\/strong><br \/>\n<strong> De mon esprit aventureux et ordinaire,<\/strong><br \/>\n<strong> A vos raisons \u00e9quilibristes avec<\/strong><br \/>\n<strong> Vos c\u0153urs fragiles et incr\u00e9dules.<\/strong><\/p>\n<p><strong> C&#8217;est \u00ab l&#8217;Esp\u00e9rance retenue \u00bb de nos marches en avant\u2026\u00a0<\/strong><br \/>\n<strong> Solitaires et Solidaires.<\/strong><\/p>\n","protected":false},"excerpt":{"rendered":"<p>A ce h\u00e9ros de la vraie VIE, \u00e0 mon fr\u00e8re Jean D. &nbsp; &nbsp; Je suis l\u00e0, tout \u00e0 la fois Solitaire et rempli de toutes ces vies, Assis sur mon canap\u00e9, \u2028 Mes mains pos\u00e9es, paumes tourn\u00e9es \u2028Vers le haut, ouvertes, \u2028 Et les mots fragiles, h\u00e9sitants, \u2028Les mots timides, ou bien ardents, \u2028 &#8230;<\/p>\n","protected":false},"author":2,"featured_media":4069,"comment_status":"open","ping_status":"open","sticky":false,"template":"","format":"standard","meta":[],"categories":[2],"tags":[],"yoast_head":"<!-- This site is optimized with the Yoast SEO plugin v19.3 - https:\/\/yoast.com\/wordpress\/plugins\/seo\/ -->\n<title>La marche en avant...Solitaires et Solidaires...par : R\u00e9my Ducass\u00e9 dit Erd\u00e9 -Bastia \u2013 France - Culminances<\/title>\n<meta name=\"robots\" content=\"index, follow, max-snippet:-1, max-image-preview:large, max-video-preview:-1\" \/>\n<link rel=\"canonical\" href=\"http:\/\/www.masharif.com\/fr\/2017\/01\/14\/marche-solitaires-solidaires-remy-ducasse-dit-erde-bastia-france\/\" \/>\n<meta property=\"og:locale\" content=\"fr_FR\" \/>\n<meta property=\"og:type\" content=\"article\" \/>\n<meta property=\"og:title\" content=\"La marche en avant...Solitaires et Solidaires...par : R\u00e9my Ducass\u00e9 dit Erd\u00e9 -Bastia \u2013 France - Culminances\" \/>\n<meta property=\"og:description\" content=\"A ce h\u00e9ros de la vraie VIE, \u00e0 mon fr\u00e8re Jean D. &nbsp; &nbsp; Je suis l\u00e0, tout \u00e0 la fois Solitaire et rempli de toutes ces vies, Assis sur mon canap\u00e9, \u2028 Mes mains pos\u00e9es, paumes tourn\u00e9es \u2028Vers le haut, ouvertes, \u2028 Et les mots fragiles, h\u00e9sitants, \u2028Les mots timides, ou bien ardents, \u2028 ...\" \/>\n<meta property=\"og:url\" content=\"http:\/\/www.masharif.com\/fr\/2017\/01\/14\/marche-solitaires-solidaires-remy-ducasse-dit-erde-bastia-france\/\" \/>\n<meta property=\"og:site_name\" content=\"Culminances\" \/>\n<meta property=\"article:published_time\" content=\"2017-01-14T03:40:30+00:00\" \/>\n<meta property=\"og:image\" content=\"http:\/\/www.masharif.com\/fr\/wp-content\/uploads\/2017\/01\/images-1.jpg\" \/>\n\t<meta property=\"og:image:width\" content=\"275\" \/>\n\t<meta property=\"og:image:height\" content=\"184\" \/>\n\t<meta property=\"og:image:type\" content=\"image\/jpeg\" \/>\n<meta name=\"author\" content=\"Mohamed Salah Ben Amor\" \/>\n<meta name=\"twitter:card\" content=\"summary\" \/>\n<meta name=\"twitter:label1\" content=\"\u00c9crit par\" \/>\n\t<meta name=\"twitter:data1\" content=\"Mohamed Salah Ben Amor\" \/>\n\t<meta name=\"twitter:label2\" content=\"Dur\u00e9e de lecture estim\u00e9e\" \/>\n\t<meta name=\"twitter:data2\" content=\"3 minutes\" \/>\n<script type=\"application\/ld+json\" class=\"yoast-schema-graph\">{\"@context\":\"https:\/\/schema.org\",\"@graph\":[{\"@type\":\"WebSite\",\"@id\":\"https:\/\/www.masharif.com\/fr\/#website\",\"url\":\"https:\/\/www.masharif.com\/fr\/\",\"name\":\"Culminances\",\"description\":\"\",\"potentialAction\":[{\"@type\":\"SearchAction\",\"target\":{\"@type\":\"EntryPoint\",\"urlTemplate\":\"https:\/\/www.masharif.com\/fr\/?s={search_term_string}\"},\"query-input\":\"required name=search_term_string\"}],\"inLanguage\":\"fr-FR\"},{\"@type\":\"ImageObject\",\"inLanguage\":\"fr-FR\",\"@id\":\"http:\/\/www.masharif.com\/fr\/2017\/01\/14\/marche-solitaires-solidaires-remy-ducasse-dit-erde-bastia-france\/#primaryimage\",\"url\":\"http:\/\/www.masharif.com\/fr\/wp-content\/uploads\/2017\/01\/images-1.jpg\",\"contentUrl\":\"http:\/\/www.masharif.com\/fr\/wp-content\/uploads\/2017\/01\/images-1.jpg\",\"width\":275,\"height\":184},{\"@type\":\"WebPage\",\"@id\":\"http:\/\/www.masharif.com\/fr\/2017\/01\/14\/marche-solitaires-solidaires-remy-ducasse-dit-erde-bastia-france\/\",\"url\":\"http:\/\/www.masharif.com\/fr\/2017\/01\/14\/marche-solitaires-solidaires-remy-ducasse-dit-erde-bastia-france\/\",\"name\":\"La marche en avant...Solitaires et Solidaires...par : R\u00e9my Ducass\u00e9 dit Erd\u00e9 -Bastia \u2013 France - Culminances\",\"isPartOf\":{\"@id\":\"https:\/\/www.masharif.com\/fr\/#website\"},\"primaryImageOfPage\":{\"@id\":\"http:\/\/www.masharif.com\/fr\/2017\/01\/14\/marche-solitaires-solidaires-remy-ducasse-dit-erde-bastia-france\/#primaryimage\"},\"datePublished\":\"2017-01-14T03:40:30+00:00\",\"dateModified\":\"2017-01-14T03:40:30+00:00\",\"author\":{\"@id\":\"https:\/\/www.masharif.com\/fr\/#\/schema\/person\/839a7026efe9fa825134097c1041e4a0\"},\"breadcrumb\":{\"@id\":\"http:\/\/www.masharif.com\/fr\/2017\/01\/14\/marche-solitaires-solidaires-remy-ducasse-dit-erde-bastia-france\/#breadcrumb\"},\"inLanguage\":\"fr-FR\",\"potentialAction\":[{\"@type\":\"ReadAction\",\"target\":[\"http:\/\/www.masharif.com\/fr\/2017\/01\/14\/marche-solitaires-solidaires-remy-ducasse-dit-erde-bastia-france\/\"]}]},{\"@type\":\"BreadcrumbList\",\"@id\":\"http:\/\/www.masharif.com\/fr\/2017\/01\/14\/marche-solitaires-solidaires-remy-ducasse-dit-erde-bastia-france\/#breadcrumb\",\"itemListElement\":[{\"@type\":\"ListItem\",\"position\":1,\"name\":\"Home\",\"item\":\"https:\/\/www.masharif.com\/fr\/\"},{\"@type\":\"ListItem\",\"position\":2,\"name\":\"La marche en avant&#8230;Solitaires et Solidaires&#8230;par : R\u00e9my Ducass\u00e9 dit Erd\u00e9 -Bastia \u2013 France\"}]},{\"@type\":\"Person\",\"@id\":\"https:\/\/www.masharif.com\/fr\/#\/schema\/person\/839a7026efe9fa825134097c1041e4a0\",\"name\":\"Mohamed Salah Ben Amor\",\"image\":{\"@type\":\"ImageObject\",\"inLanguage\":\"fr-FR\",\"@id\":\"https:\/\/www.masharif.com\/fr\/#\/schema\/person\/image\/\",\"url\":\"http:\/\/0.gravatar.com\/avatar\/f64806401ad5ed604ffec2272b19ef46?s=96&d=identicon&r=g\",\"contentUrl\":\"http:\/\/0.gravatar.com\/avatar\/f64806401ad5ed604ffec2272b19ef46?s=96&d=identicon&r=g\",\"caption\":\"Mohamed Salah Ben Amor\"},\"sameAs\":[\"http:\/\/ben-amor.info\"],\"url\":\"http:\/\/www.masharif.com\/fr\/author\/msba\/\"}]}<\/script>\n<!-- \/ Yoast SEO plugin. -->","yoast_head_json":{"title":"La marche en avant...Solitaires et Solidaires...par : R\u00e9my Ducass\u00e9 dit Erd\u00e9 -Bastia \u2013 France - Culminances","robots":{"index":"index","follow":"follow","max-snippet":"max-snippet:-1","max-image-preview":"max-image-preview:large","max-video-preview":"max-video-preview:-1"},"canonical":"http:\/\/www.masharif.com\/fr\/2017\/01\/14\/marche-solitaires-solidaires-remy-ducasse-dit-erde-bastia-france\/","og_locale":"fr_FR","og_type":"article","og_title":"La marche en avant...Solitaires et Solidaires...par : R\u00e9my Ducass\u00e9 dit Erd\u00e9 -Bastia \u2013 France - Culminances","og_description":"A ce h\u00e9ros de la vraie VIE, \u00e0 mon fr\u00e8re Jean D. &nbsp; &nbsp; Je suis l\u00e0, tout \u00e0 la fois Solitaire et rempli de toutes ces vies, Assis sur mon canap\u00e9, \u2028 Mes mains pos\u00e9es, paumes tourn\u00e9es \u2028Vers le haut, ouvertes, \u2028 Et les mots fragiles, h\u00e9sitants, \u2028Les mots timides, ou bien ardents, \u2028 ...","og_url":"http:\/\/www.masharif.com\/fr\/2017\/01\/14\/marche-solitaires-solidaires-remy-ducasse-dit-erde-bastia-france\/","og_site_name":"Culminances","article_published_time":"2017-01-14T03:40:30+00:00","og_image":[{"width":275,"height":184,"url":"http:\/\/www.masharif.com\/fr\/wp-content\/uploads\/2017\/01\/images-1.jpg","type":"image\/jpeg"}],"author":"Mohamed Salah Ben Amor","twitter_card":"summary","twitter_misc":{"\u00c9crit par":"Mohamed Salah Ben Amor","Dur\u00e9e de lecture estim\u00e9e":"3 minutes"},"schema":{"@context":"https:\/\/schema.org","@graph":[{"@type":"WebSite","@id":"https:\/\/www.masharif.com\/fr\/#website","url":"https:\/\/www.masharif.com\/fr\/","name":"Culminances","description":"","potentialAction":[{"@type":"SearchAction","target":{"@type":"EntryPoint","urlTemplate":"https:\/\/www.masharif.com\/fr\/?s={search_term_string}"},"query-input":"required name=search_term_string"}],"inLanguage":"fr-FR"},{"@type":"ImageObject","inLanguage":"fr-FR","@id":"http:\/\/www.masharif.com\/fr\/2017\/01\/14\/marche-solitaires-solidaires-remy-ducasse-dit-erde-bastia-france\/#primaryimage","url":"http:\/\/www.masharif.com\/fr\/wp-content\/uploads\/2017\/01\/images-1.jpg","contentUrl":"http:\/\/www.masharif.com\/fr\/wp-content\/uploads\/2017\/01\/images-1.jpg","width":275,"height":184},{"@type":"WebPage","@id":"http:\/\/www.masharif.com\/fr\/2017\/01\/14\/marche-solitaires-solidaires-remy-ducasse-dit-erde-bastia-france\/","url":"http:\/\/www.masharif.com\/fr\/2017\/01\/14\/marche-solitaires-solidaires-remy-ducasse-dit-erde-bastia-france\/","name":"La marche en avant...Solitaires et Solidaires...par : R\u00e9my Ducass\u00e9 dit Erd\u00e9 -Bastia \u2013 France - Culminances","isPartOf":{"@id":"https:\/\/www.masharif.com\/fr\/#website"},"primaryImageOfPage":{"@id":"http:\/\/www.masharif.com\/fr\/2017\/01\/14\/marche-solitaires-solidaires-remy-ducasse-dit-erde-bastia-france\/#primaryimage"},"datePublished":"2017-01-14T03:40:30+00:00","dateModified":"2017-01-14T03:40:30+00:00","author":{"@id":"https:\/\/www.masharif.com\/fr\/#\/schema\/person\/839a7026efe9fa825134097c1041e4a0"},"breadcrumb":{"@id":"http:\/\/www.masharif.com\/fr\/2017\/01\/14\/marche-solitaires-solidaires-remy-ducasse-dit-erde-bastia-france\/#breadcrumb"},"inLanguage":"fr-FR","potentialAction":[{"@type":"ReadAction","target":["http:\/\/www.masharif.com\/fr\/2017\/01\/14\/marche-solitaires-solidaires-remy-ducasse-dit-erde-bastia-france\/"]}]},{"@type":"BreadcrumbList","@id":"http:\/\/www.masharif.com\/fr\/2017\/01\/14\/marche-solitaires-solidaires-remy-ducasse-dit-erde-bastia-france\/#breadcrumb","itemListElement":[{"@type":"ListItem","position":1,"name":"Home","item":"https:\/\/www.masharif.com\/fr\/"},{"@type":"ListItem","position":2,"name":"La marche en avant&#8230;Solitaires et Solidaires&#8230;par : R\u00e9my Ducass\u00e9 dit Erd\u00e9 -Bastia \u2013 France"}]},{"@type":"Person","@id":"https:\/\/www.masharif.com\/fr\/#\/schema\/person\/839a7026efe9fa825134097c1041e4a0","name":"Mohamed Salah Ben Amor","image":{"@type":"ImageObject","inLanguage":"fr-FR","@id":"https:\/\/www.masharif.com\/fr\/#\/schema\/person\/image\/","url":"http:\/\/0.gravatar.com\/avatar\/f64806401ad5ed604ffec2272b19ef46?s=96&d=identicon&r=g","contentUrl":"http:\/\/0.gravatar.com\/avatar\/f64806401ad5ed604ffec2272b19ef46?s=96&d=identicon&r=g","caption":"Mohamed Salah Ben Amor"},"sameAs":["http:\/\/ben-amor.info"],"url":"http:\/\/www.masharif.com\/fr\/author\/msba\/"}]}},"_links":{"self":[{"href":"http:\/\/www.masharif.com\/fr\/wp-json\/wp\/v2\/posts\/4068"}],"collection":[{"href":"http:\/\/www.masharif.com\/fr\/wp-json\/wp\/v2\/posts"}],"about":[{"href":"http:\/\/www.masharif.com\/fr\/wp-json\/wp\/v2\/types\/post"}],"author":[{"embeddable":true,"href":"http:\/\/www.masharif.com\/fr\/wp-json\/wp\/v2\/users\/2"}],"replies":[{"embeddable":true,"href":"http:\/\/www.masharif.com\/fr\/wp-json\/wp\/v2\/comments?post=4068"}],"version-history":[{"count":1,"href":"http:\/\/www.masharif.com\/fr\/wp-json\/wp\/v2\/posts\/4068\/revisions"}],"predecessor-version":[{"id":4070,"href":"http:\/\/www.masharif.com\/fr\/wp-json\/wp\/v2\/posts\/4068\/revisions\/4070"}],"wp:featuredmedia":[{"embeddable":true,"href":"http:\/\/www.masharif.com\/fr\/wp-json\/wp\/v2\/media\/4069"}],"wp:attachment":[{"href":"http:\/\/www.masharif.com\/fr\/wp-json\/wp\/v2\/media?parent=4068"}],"wp:term":[{"taxonomy":"category","embeddable":true,"href":"http:\/\/www.masharif.com\/fr\/wp-json\/wp\/v2\/categories?post=4068"},{"taxonomy":"post_tag","embeddable":true,"href":"http:\/\/www.masharif.com\/fr\/wp-json\/wp\/v2\/tags?post=4068"}],"curies":[{"name":"wp","href":"https:\/\/api.w.org\/{rel}","templated":true}]}}