{"id":4023,"date":"2017-01-04T14:16:00","date_gmt":"2017-01-04T13:16:00","guid":{"rendered":"http:\/\/www.masharif.com\/fr\/?p=4023"},"modified":"2017-01-04T15:47:04","modified_gmt":"2017-01-04T14:47:04","slug":"la-cueillette-est-le-desespoir-des-fruits-par-furat-esbir-poetesse-syrienne-residant-en-nouvelle-zelande","status":"publish","type":"post","link":"http:\/\/www.masharif.com\/fr\/2017\/01\/04\/la-cueillette-est-le-desespoir-des-fruits-par-furat-esbir-poetesse-syrienne-residant-en-nouvelle-zelande\/","title":{"rendered":"La cueillette est le d\u00e9sespoir des fruits par: Furat Esbir \u2013 po\u00e9tesse syrienne r\u00e9sidant en Nouvelle-Z\u00e9lande"},"content":{"rendered":"<p style=\"text-align: right;\"><strong>\u0627\u0644\u0642\u0650\u0637\u0627\u0641\u064f\u00a0 \u064a\u0623\u0633\u064f\u00a0 \u0627\u0644\u062b\u0651\u0645\u0627\u0631\u0650 : \u0634\u0639\u0631 : \u0641\u0631\u0627\u062a \u0625\u0633\u0628\u0631 \u2013 \u0634\u0627\u0639\u0631\u0629 \u0633\u0648\u0631\u064a\u0651\u0629\u00a0 \u0645\u0642\u064a\u0645\u0629 \u0628\u0632\u064a\u0644\u0627\u0646\u062f\u0627 \u0627\u0644\u062c\u062f\u064a\u062f\u0629<\/strong><\/p>\n<div id=\"attachment_3604\" style=\"width: 198px\" class=\"wp-caption alignnone\"><a href=\"http:\/\/www.masharif.com\/fr\/wp-content\/uploads\/2016\/10\/index.jpg\"><img aria-describedby=\"caption-attachment-3604\" loading=\"lazy\" class=\"wp-image-3604 size-full\" src=\"http:\/\/www.masharif.com\/fr\/wp-content\/uploads\/2016\/10\/index.jpg\" alt=\"index\" width=\"188\" height=\"268\" \/><\/a><p id=\"caption-attachment-3604\" class=\"wp-caption-text\">Furat Esbir<\/p><\/div>\n<p><a href=\"http:\/\/www.masharif.com\/fr\/wp-content\/uploads\/2017\/01\/05.Furat_.Esbir-1.png\"><img loading=\"lazy\" class=\"alignnone size-medium wp-image-4025\" src=\"http:\/\/www.masharif.com\/fr\/wp-content\/uploads\/2017\/01\/05.Furat_.Esbir-1-300x226.png\" alt=\"05-furat-esbir-1\" width=\"300\" height=\"226\" srcset=\"http:\/\/www.masharif.com\/fr\/wp-content\/uploads\/2017\/01\/05.Furat_.Esbir-1-300x226.png 300w, http:\/\/www.masharif.com\/fr\/wp-content\/uploads\/2017\/01\/05.Furat_.Esbir-1-768x578.png 768w, http:\/\/www.masharif.com\/fr\/wp-content\/uploads\/2017\/01\/05.Furat_.Esbir-1-1024x770.png 1024w\" sizes=\"(max-width: 300px) 100vw, 300px\" \/><\/a><\/p>\n<p><a href=\"http:\/\/www.masharif.com\/fr\/wp-content\/uploads\/2017\/01\/calame88l.jpg\"><img loading=\"lazy\" class=\"alignnone size-medium wp-image-4024\" src=\"http:\/\/www.masharif.com\/fr\/wp-content\/uploads\/2017\/01\/calame88l-300x216.jpg\" alt=\"calame88l\" width=\"300\" height=\"216\" srcset=\"http:\/\/www.masharif.com\/fr\/wp-content\/uploads\/2017\/01\/calame88l-300x216.jpg 300w, http:\/\/www.masharif.com\/fr\/wp-content\/uploads\/2017\/01\/calame88l-768x552.jpg 768w, http:\/\/www.masharif.com\/fr\/wp-content\/uploads\/2017\/01\/calame88l-1024x736.jpg 1024w, http:\/\/www.masharif.com\/fr\/wp-content\/uploads\/2017\/01\/calame88l.jpg 1560w\" sizes=\"(max-width: 300px) 100vw, 300px\" \/><\/a><\/p>\n<p>&nbsp;<\/p>\n<p><strong>Comme des arbres d\u00e9sesp\u00e9r\u00e9s par leur solitude, par une for\u00eat qui ne les conforte pas de sa pr\u00e9sence, un troupeau d\u2019incertitude inconnue \u00a0m\u2019encercle.<\/strong><\/p>\n<p><strong>Comme des fruits d\u00e9sesp\u00e9r\u00e9s d\u2019\u00eatre cueillis, je restaure mon ombre que j\u2019avais oubli\u00e9e sous les arbres de la vie.<\/strong><\/p>\n<p><strong>C\u2019est le soleil qui brille sur le corps et oublie l\u2019ombre, qui brille sur les morts et n\u00e9glige les vivants, qui nous efface et nous nous prot\u00e9geons\u00a0 sous son ombre, telle une partie dont nous n\u2019avons h\u00e9rit\u00e9 que le sang et la trag\u00e9die.<\/strong><\/p>\n<p><strong>Lorsque cessera la guerre, je ne reviendrai pas vainqueuse ni vaincue. Je serai comme si j\u2019\u00e9tais une femme de Dahis \u00a0et El Ghabra*, \u00e0 la recherche de mon amas\u00a0 dans les d\u00e9combres des tribus et je m\u2019imaginerai comme un ancien guerrier, traversant les rues en qu\u00eate des d\u00e9bris de mon corps sur ces murs que le sang \u00a0a fait fleurir.<\/strong><\/p>\n<p><strong>J\u2019entends les voix des femmes \u00e9trang\u00e8res, esseul\u00e9es et\u00a0 tristes du quartier. Et d\u2019une cendre \u00e0 l\u2019autre, je m\u2019\u00e9teins d\u2019envie ardente puis je meurs.<\/strong><\/p>\n<p>&nbsp;<\/p>\n<p>*La <b>guerre de Dahis et El Ghabra<\/b> est une guerre qui a dur\u00e9 de 608-610 \u00e0 650 environ, n\u00e9e d&#8217;un diff\u00e9rend entre deux hommes de tribus rivales d&#8217;<a title=\"Arabie\" href=\"https:\/\/fr.wikipedia.org\/wiki\/Arabie\">Arabie<\/a>. Elle est devenue une expression proverbiale d\u00e9signant tout conflit tr\u00e8s violent et interminable.<\/p>\n<p>&nbsp;<\/p>\n<p style=\"text-align: right;\"><strong>\u0627\u0644\u0642\u0650\u0637\u0627\u0641\u064f\u00a0 \u064a\u0623\u0633\u064f\u00a0 \u0627\u0644\u062b\u0651\u0645\u0627\u0631\u0650 : \u0634\u0639\u0631 : \u0641\u0631\u0627\u062a \u0625\u0633\u0628\u0631 \u2013 \u0634\u0627\u0639\u0631\u0629 \u0633\u0648\u0631\u064a\u0651\u0629\u00a0 \u0645\u0642\u064a\u0645\u0629 \u0628\u0632\u064a\u0644\u0627\u0646\u062f\u0627 \u0627\u0644\u062c\u062f\u064a\u062f\u0629<\/strong><\/p>\n<p style=\"text-align: right;\"><strong>\u0643\u0634\u062c\u0631\u064d \u064a\u0627\u0626\u0633\u064d\u00a0\u00a0 \u0645\u0646 \u0648\u062d\u062f\u062a\u0650\u0647\u0650 \u060c\u00a0 \u0645\u0646 \u063a\u0627\u0628\u0629\u064d\u00a0 \u0644\u0627 \u062a\u0624\u0646\u0633\u064f\u0647\u064f\u060c \u064a\u062d\u0627\u0635\u0631\u0646\u064a\u00a0 \u0642\u0637\u064a\u0639\u064c\u00a0 \u0645\u0646 \u0627\u0644\u062d\u064e\u064a\u0631\u0629\u0650 \u0627\u0644\u0645\u062c\u0647\u0648\u0644\u0629\u0650.<\/strong><\/p>\n<p style=\"text-align: right;\"><strong>\u0643\u062b\u0645\u0627\u0631\u064d \u064a\u0626\u0633\u062a\u0652 \u0645\u0646 \u0627\u0644\u0642\u0650\u0637\u0627\u0641\u0650 \u060c \u0623\u0631\u0645\u0651\u0645\u064f \u0638\u0644\u064a\u00a0 \u0627\u0644\u0630\u064a \u0646\u0633\u064a\u062a\u064f\u0647\u064f\u00a0 \u062a\u062d\u062a\u064e \u0634\u062c\u0631\u0650\u00a0 \u0627\u0644\u062d\u064a\u0627\u0629\u0650.<\/strong><\/p>\n<p style=\"text-align: right;\"><strong>\u0647\u064a \u0627\u0644\u0634\u0651\u0645\u0633\u064f \u062a\u0634\u0631\u0642 \u064f\u0639\u0644\u0649 \u0627\u0644\u062c\u0633\u062f\u0650 \u0650 \u0648\u062a\u0646\u0633\u0649 \u0627\u0644\u0638\u0651\u0644\u0651\u064e\u060c\u062a\u0634\u0631\u0642\u064f\u00a0 \u0639\u0644\u0649 \u0627\u0644\u0623\u0645\u0648\u0627\u062a\u0650 \u060c \u0648\u062a\u0646\u0633\u0649\u00a0 \u0627\u0644\u0623\u062d\u064a\u0627\u0621 \u064e\u060c \u062a\u0645\u062d\u0648\u0646\u0627 \u0648\u0646\u0633\u062a\u0638\u0644\u0651\u064f \u0628\u0647\u0627\u00a0 \u060c \u0645\u062b\u0644\u064e \u0648\u0637\u0646\u064d \u0644\u0645 \u0646\u0631\u062b\u0652 \u0645\u0646\u0647 \u063a\u064a\u0631\u064e\u00a0 \u0627\u0644\u062f\u0651\u0645\u0627\u0621\u0650 \u0648\u0627\u0644\u0641\u062c\u064a\u0639\u0629\u0650<\/strong><\/p>\n<p style=\"text-align: right;\"><strong>\u0639\u0646\u062f\u0645\u0627 \u062a\u0646\u062a\u0647\u064a \u0647\u0630\u0647 \u0627\u0644\u062d\u0631\u0628\u064f \u060c \u0644\u0646\u00a0 \u0623\u0639\u0648\u062f\u064e\u00a0 \u0645\u0646\u062a\u0635\u0631\u0629 \u064b \u0648\u0644\u0627 \u0645\u0647\u0632\u0648\u0645\u0629 \u064b \u060c \u0633\u0623\u0643\u0648\u0646\u064f \u0643\u0645\u0627\u00a0 \u0644\u0648 \u0643\u0646\u062a \u064f \u0645\u0646 \u0646\u0633\u0627\u0621\u0650 \u062f\u0627\u062d\u0633\u064e\u00a0 \u0648\u0627\u0644\u063a\u0628\u0631\u0627\u0621\u0650 \u060c\u0623\u0628\u062d\u062b\u064f \u0639\u0646 \u064f\u0631\u0643\u0627\u0645\u064a\u00a0 \u0628\u064a\u0646 \u0623\u0646\u0642\u0627\u0636\u0650 \u0627\u0644\u0642\u0628\u0627\u0626\u0644 \u0650 \u0648\u0623\u062a\u062e\u064a\u0651\u0644 \u064f \u0646\u0641\u0633\u064a\u00a0 \u0643\u0645\u062d\u0627\u0631\u0628\u064d\u00a0 \u0642\u062f\u064a\u0645 \u064d \u060c \u0623\u0642\u0637\u0639\u064f \u0627\u0644\u0634\u0651\u0648\u0627\u0631\u0639\u064e \u0628\u062d\u062b\u0627 \u064b\u00a0 \u0639\u0646 \u0634\u0638\u0627\u064a\u0627 \u062c\u0633\u062f\u064a \u0639\u0644\u0649 \u062a\u0644\u0643 \u0627\u0644\u062d\u064a\u0637\u0627\u0646\u0650 \u00a0\u0627\u0644\u062a\u064a\u00a0 \u0623\u0632\u0647\u0631\u062a \u0652\u00a0 \u0645\u0646 \u0627\u0644\u062f\u0651\u0645\u0650.<\/strong><\/p>\n<p style=\"text-align: right;\"><strong>\u0623\u0633\u0645\u0639 \u064f \u0623\u0635\u0648\u0627\u062a\u064e\u00a0 \u0646\u0633\u0627\u0621\u0650 \u0627\u0644\u062d\u0627\u0631\u0629\u00a0 \u0627\u0644\u063a\u0631\u064a\u0628\u0627\u062a\u0650 \u060c \u0627\u0644\u0648\u062d\u064a\u062f\u0627\u062a\u0650 \u060c \u0627\u0644\u062d\u0632\u064a\u0646\u0627\u062a\u0650 \u0648\u0645\u0646\u00a0 \u0631\u0645\u0627\u062f\u064d \u0625\u0644\u0649 \u0631\u0645\u0627 \u062f \u064d \u0623\u0646\u0637\u0641\u0626\u064f \u0634\u0648\u0642\u0627 \u064b \u062b\u0645\u0651\u00a0 \u0623\u0645\u0648\u062a\u064f.<\/strong><\/p>\n<p>&nbsp;<\/p>\n<p>&nbsp;<\/p>\n","protected":false},"excerpt":{"rendered":"<p>\u0627\u0644\u0642\u0650\u0637\u0627\u0641\u064f\u00a0 \u064a\u0623\u0633\u064f\u00a0 \u0627\u0644\u062b\u0651\u0645\u0627\u0631\u0650 : \u0634\u0639\u0631 : \u0641\u0631\u0627\u062a \u0625\u0633\u0628\u0631 \u2013 \u0634\u0627\u0639\u0631\u0629 \u0633\u0648\u0631\u064a\u0651\u0629\u00a0 \u0645\u0642\u064a\u0645\u0629 \u0628\u0632\u064a\u0644\u0627\u0646\u062f\u0627 \u0627\u0644\u062c\u062f\u064a\u062f\u0629 &nbsp; Comme des arbres d\u00e9sesp\u00e9r\u00e9s par leur solitude, par une for\u00eat qui ne les conforte pas de sa pr\u00e9sence, un troupeau d\u2019incertitude inconnue \u00a0m\u2019encercle. Comme des fruits d\u00e9sesp\u00e9r\u00e9s d\u2019\u00eatre cueillis, je restaure mon ombre que j\u2019avais oubli\u00e9e sous les arbres de &#8230;<\/p>\n","protected":false},"author":2,"featured_media":3604,"comment_status":"open","ping_status":"open","sticky":false,"template":"","format":"standard","meta":[],"categories":[6],"tags":[],"yoast_head":"<!-- This site is optimized with the Yoast SEO plugin v19.3 - https:\/\/yoast.com\/wordpress\/plugins\/seo\/ -->\n<title>La cueillette est le d\u00e9sespoir des fruits par: Furat Esbir \u2013 po\u00e9tesse syrienne r\u00e9sidant en Nouvelle-Z\u00e9lande - Culminances<\/title>\n<meta name=\"robots\" content=\"index, follow, max-snippet:-1, max-image-preview:large, max-video-preview:-1\" \/>\n<link rel=\"canonical\" href=\"http:\/\/www.masharif.com\/fr\/2017\/01\/04\/la-cueillette-est-le-desespoir-des-fruits-par-furat-esbir-poetesse-syrienne-residant-en-nouvelle-zelande\/\" \/>\n<meta property=\"og:locale\" content=\"fr_FR\" \/>\n<meta property=\"og:type\" content=\"article\" \/>\n<meta property=\"og:title\" content=\"La cueillette est le d\u00e9sespoir des fruits par: Furat Esbir \u2013 po\u00e9tesse syrienne r\u00e9sidant en Nouvelle-Z\u00e9lande - Culminances\" \/>\n<meta property=\"og:description\" content=\"\u0627\u0644\u0642\u0650\u0637\u0627\u0641\u064f\u00a0 \u064a\u0623\u0633\u064f\u00a0 \u0627\u0644\u062b\u0651\u0645\u0627\u0631\u0650 : \u0634\u0639\u0631 : \u0641\u0631\u0627\u062a \u0625\u0633\u0628\u0631 \u2013 \u0634\u0627\u0639\u0631\u0629 \u0633\u0648\u0631\u064a\u0651\u0629\u00a0 \u0645\u0642\u064a\u0645\u0629 \u0628\u0632\u064a\u0644\u0627\u0646\u062f\u0627 \u0627\u0644\u062c\u062f\u064a\u062f\u0629 &nbsp; Comme des arbres d\u00e9sesp\u00e9r\u00e9s par leur solitude, par une for\u00eat qui ne les conforte pas de sa pr\u00e9sence, un troupeau d\u2019incertitude inconnue \u00a0m\u2019encercle. Comme des fruits d\u00e9sesp\u00e9r\u00e9s d\u2019\u00eatre cueillis, je restaure mon ombre que j\u2019avais oubli\u00e9e sous les arbres de ...\" \/>\n<meta property=\"og:url\" content=\"http:\/\/www.masharif.com\/fr\/2017\/01\/04\/la-cueillette-est-le-desespoir-des-fruits-par-furat-esbir-poetesse-syrienne-residant-en-nouvelle-zelande\/\" \/>\n<meta property=\"og:site_name\" content=\"Culminances\" \/>\n<meta property=\"article:published_time\" content=\"2017-01-04T13:16:00+00:00\" \/>\n<meta property=\"article:modified_time\" content=\"2017-01-04T14:47:04+00:00\" \/>\n<meta property=\"og:image\" content=\"http:\/\/www.masharif.com\/fr\/wp-content\/uploads\/2016\/10\/index.jpg\" \/>\n\t<meta property=\"og:image:width\" content=\"188\" \/>\n\t<meta property=\"og:image:height\" content=\"268\" \/>\n\t<meta property=\"og:image:type\" content=\"image\/jpeg\" \/>\n<meta name=\"author\" content=\"Mohamed Salah Ben Amor\" \/>\n<meta name=\"twitter:card\" content=\"summary\" \/>\n<meta name=\"twitter:label1\" content=\"\u00c9crit par\" \/>\n\t<meta name=\"twitter:data1\" content=\"Mohamed Salah Ben Amor\" \/>\n\t<meta name=\"twitter:label2\" content=\"Dur\u00e9e de lecture estim\u00e9e\" \/>\n\t<meta name=\"twitter:data2\" content=\"1 minute\" \/>\n<script type=\"application\/ld+json\" class=\"yoast-schema-graph\">{\"@context\":\"https:\/\/schema.org\",\"@graph\":[{\"@type\":\"WebSite\",\"@id\":\"https:\/\/www.masharif.com\/fr\/#website\",\"url\":\"https:\/\/www.masharif.com\/fr\/\",\"name\":\"Culminances\",\"description\":\"\",\"potentialAction\":[{\"@type\":\"SearchAction\",\"target\":{\"@type\":\"EntryPoint\",\"urlTemplate\":\"https:\/\/www.masharif.com\/fr\/?s={search_term_string}\"},\"query-input\":\"required name=search_term_string\"}],\"inLanguage\":\"fr-FR\"},{\"@type\":\"ImageObject\",\"inLanguage\":\"fr-FR\",\"@id\":\"http:\/\/www.masharif.com\/fr\/2017\/01\/04\/la-cueillette-est-le-desespoir-des-fruits-par-furat-esbir-poetesse-syrienne-residant-en-nouvelle-zelande\/#primaryimage\",\"url\":\"http:\/\/www.masharif.com\/fr\/wp-content\/uploads\/2016\/10\/index.jpg\",\"contentUrl\":\"http:\/\/www.masharif.com\/fr\/wp-content\/uploads\/2016\/10\/index.jpg\",\"width\":188,\"height\":268},{\"@type\":\"WebPage\",\"@id\":\"http:\/\/www.masharif.com\/fr\/2017\/01\/04\/la-cueillette-est-le-desespoir-des-fruits-par-furat-esbir-poetesse-syrienne-residant-en-nouvelle-zelande\/\",\"url\":\"http:\/\/www.masharif.com\/fr\/2017\/01\/04\/la-cueillette-est-le-desespoir-des-fruits-par-furat-esbir-poetesse-syrienne-residant-en-nouvelle-zelande\/\",\"name\":\"La cueillette est le d\u00e9sespoir des fruits par: Furat Esbir \u2013 po\u00e9tesse syrienne r\u00e9sidant en Nouvelle-Z\u00e9lande - Culminances\",\"isPartOf\":{\"@id\":\"https:\/\/www.masharif.com\/fr\/#website\"},\"primaryImageOfPage\":{\"@id\":\"http:\/\/www.masharif.com\/fr\/2017\/01\/04\/la-cueillette-est-le-desespoir-des-fruits-par-furat-esbir-poetesse-syrienne-residant-en-nouvelle-zelande\/#primaryimage\"},\"datePublished\":\"2017-01-04T13:16:00+00:00\",\"dateModified\":\"2017-01-04T14:47:04+00:00\",\"author\":{\"@id\":\"https:\/\/www.masharif.com\/fr\/#\/schema\/person\/839a7026efe9fa825134097c1041e4a0\"},\"breadcrumb\":{\"@id\":\"http:\/\/www.masharif.com\/fr\/2017\/01\/04\/la-cueillette-est-le-desespoir-des-fruits-par-furat-esbir-poetesse-syrienne-residant-en-nouvelle-zelande\/#breadcrumb\"},\"inLanguage\":\"fr-FR\",\"potentialAction\":[{\"@type\":\"ReadAction\",\"target\":[\"http:\/\/www.masharif.com\/fr\/2017\/01\/04\/la-cueillette-est-le-desespoir-des-fruits-par-furat-esbir-poetesse-syrienne-residant-en-nouvelle-zelande\/\"]}]},{\"@type\":\"BreadcrumbList\",\"@id\":\"http:\/\/www.masharif.com\/fr\/2017\/01\/04\/la-cueillette-est-le-desespoir-des-fruits-par-furat-esbir-poetesse-syrienne-residant-en-nouvelle-zelande\/#breadcrumb\",\"itemListElement\":[{\"@type\":\"ListItem\",\"position\":1,\"name\":\"Home\",\"item\":\"https:\/\/www.masharif.com\/fr\/\"},{\"@type\":\"ListItem\",\"position\":2,\"name\":\"La cueillette est le d\u00e9sespoir des fruits par: Furat Esbir \u2013 po\u00e9tesse syrienne r\u00e9sidant en Nouvelle-Z\u00e9lande\"}]},{\"@type\":\"Person\",\"@id\":\"https:\/\/www.masharif.com\/fr\/#\/schema\/person\/839a7026efe9fa825134097c1041e4a0\",\"name\":\"Mohamed Salah Ben Amor\",\"image\":{\"@type\":\"ImageObject\",\"inLanguage\":\"fr-FR\",\"@id\":\"https:\/\/www.masharif.com\/fr\/#\/schema\/person\/image\/\",\"url\":\"http:\/\/0.gravatar.com\/avatar\/f64806401ad5ed604ffec2272b19ef46?s=96&d=identicon&r=g\",\"contentUrl\":\"http:\/\/0.gravatar.com\/avatar\/f64806401ad5ed604ffec2272b19ef46?s=96&d=identicon&r=g\",\"caption\":\"Mohamed Salah Ben Amor\"},\"sameAs\":[\"http:\/\/ben-amor.info\"],\"url\":\"http:\/\/www.masharif.com\/fr\/author\/msba\/\"}]}<\/script>\n<!-- \/ Yoast SEO plugin. -->","yoast_head_json":{"title":"La cueillette est le d\u00e9sespoir des fruits par: Furat Esbir \u2013 po\u00e9tesse syrienne r\u00e9sidant en Nouvelle-Z\u00e9lande - Culminances","robots":{"index":"index","follow":"follow","max-snippet":"max-snippet:-1","max-image-preview":"max-image-preview:large","max-video-preview":"max-video-preview:-1"},"canonical":"http:\/\/www.masharif.com\/fr\/2017\/01\/04\/la-cueillette-est-le-desespoir-des-fruits-par-furat-esbir-poetesse-syrienne-residant-en-nouvelle-zelande\/","og_locale":"fr_FR","og_type":"article","og_title":"La cueillette est le d\u00e9sespoir des fruits par: Furat Esbir \u2013 po\u00e9tesse syrienne r\u00e9sidant en Nouvelle-Z\u00e9lande - Culminances","og_description":"\u0627\u0644\u0642\u0650\u0637\u0627\u0641\u064f\u00a0 \u064a\u0623\u0633\u064f\u00a0 \u0627\u0644\u062b\u0651\u0645\u0627\u0631\u0650 : \u0634\u0639\u0631 : \u0641\u0631\u0627\u062a \u0625\u0633\u0628\u0631 \u2013 \u0634\u0627\u0639\u0631\u0629 \u0633\u0648\u0631\u064a\u0651\u0629\u00a0 \u0645\u0642\u064a\u0645\u0629 \u0628\u0632\u064a\u0644\u0627\u0646\u062f\u0627 \u0627\u0644\u062c\u062f\u064a\u062f\u0629 &nbsp; Comme des arbres d\u00e9sesp\u00e9r\u00e9s par leur solitude, par une for\u00eat qui ne les conforte pas de sa pr\u00e9sence, un troupeau d\u2019incertitude inconnue \u00a0m\u2019encercle. Comme des fruits d\u00e9sesp\u00e9r\u00e9s d\u2019\u00eatre cueillis, je restaure mon ombre que j\u2019avais oubli\u00e9e sous les arbres de ...","og_url":"http:\/\/www.masharif.com\/fr\/2017\/01\/04\/la-cueillette-est-le-desespoir-des-fruits-par-furat-esbir-poetesse-syrienne-residant-en-nouvelle-zelande\/","og_site_name":"Culminances","article_published_time":"2017-01-04T13:16:00+00:00","article_modified_time":"2017-01-04T14:47:04+00:00","og_image":[{"width":188,"height":268,"url":"http:\/\/www.masharif.com\/fr\/wp-content\/uploads\/2016\/10\/index.jpg","type":"image\/jpeg"}],"author":"Mohamed Salah Ben Amor","twitter_card":"summary","twitter_misc":{"\u00c9crit par":"Mohamed Salah Ben Amor","Dur\u00e9e de lecture estim\u00e9e":"1 minute"},"schema":{"@context":"https:\/\/schema.org","@graph":[{"@type":"WebSite","@id":"https:\/\/www.masharif.com\/fr\/#website","url":"https:\/\/www.masharif.com\/fr\/","name":"Culminances","description":"","potentialAction":[{"@type":"SearchAction","target":{"@type":"EntryPoint","urlTemplate":"https:\/\/www.masharif.com\/fr\/?s={search_term_string}"},"query-input":"required name=search_term_string"}],"inLanguage":"fr-FR"},{"@type":"ImageObject","inLanguage":"fr-FR","@id":"http:\/\/www.masharif.com\/fr\/2017\/01\/04\/la-cueillette-est-le-desespoir-des-fruits-par-furat-esbir-poetesse-syrienne-residant-en-nouvelle-zelande\/#primaryimage","url":"http:\/\/www.masharif.com\/fr\/wp-content\/uploads\/2016\/10\/index.jpg","contentUrl":"http:\/\/www.masharif.com\/fr\/wp-content\/uploads\/2016\/10\/index.jpg","width":188,"height":268},{"@type":"WebPage","@id":"http:\/\/www.masharif.com\/fr\/2017\/01\/04\/la-cueillette-est-le-desespoir-des-fruits-par-furat-esbir-poetesse-syrienne-residant-en-nouvelle-zelande\/","url":"http:\/\/www.masharif.com\/fr\/2017\/01\/04\/la-cueillette-est-le-desespoir-des-fruits-par-furat-esbir-poetesse-syrienne-residant-en-nouvelle-zelande\/","name":"La cueillette est le d\u00e9sespoir des fruits par: Furat Esbir \u2013 po\u00e9tesse syrienne r\u00e9sidant en Nouvelle-Z\u00e9lande - Culminances","isPartOf":{"@id":"https:\/\/www.masharif.com\/fr\/#website"},"primaryImageOfPage":{"@id":"http:\/\/www.masharif.com\/fr\/2017\/01\/04\/la-cueillette-est-le-desespoir-des-fruits-par-furat-esbir-poetesse-syrienne-residant-en-nouvelle-zelande\/#primaryimage"},"datePublished":"2017-01-04T13:16:00+00:00","dateModified":"2017-01-04T14:47:04+00:00","author":{"@id":"https:\/\/www.masharif.com\/fr\/#\/schema\/person\/839a7026efe9fa825134097c1041e4a0"},"breadcrumb":{"@id":"http:\/\/www.masharif.com\/fr\/2017\/01\/04\/la-cueillette-est-le-desespoir-des-fruits-par-furat-esbir-poetesse-syrienne-residant-en-nouvelle-zelande\/#breadcrumb"},"inLanguage":"fr-FR","potentialAction":[{"@type":"ReadAction","target":["http:\/\/www.masharif.com\/fr\/2017\/01\/04\/la-cueillette-est-le-desespoir-des-fruits-par-furat-esbir-poetesse-syrienne-residant-en-nouvelle-zelande\/"]}]},{"@type":"BreadcrumbList","@id":"http:\/\/www.masharif.com\/fr\/2017\/01\/04\/la-cueillette-est-le-desespoir-des-fruits-par-furat-esbir-poetesse-syrienne-residant-en-nouvelle-zelande\/#breadcrumb","itemListElement":[{"@type":"ListItem","position":1,"name":"Home","item":"https:\/\/www.masharif.com\/fr\/"},{"@type":"ListItem","position":2,"name":"La cueillette est le d\u00e9sespoir des fruits par: Furat Esbir \u2013 po\u00e9tesse syrienne r\u00e9sidant en Nouvelle-Z\u00e9lande"}]},{"@type":"Person","@id":"https:\/\/www.masharif.com\/fr\/#\/schema\/person\/839a7026efe9fa825134097c1041e4a0","name":"Mohamed Salah Ben Amor","image":{"@type":"ImageObject","inLanguage":"fr-FR","@id":"https:\/\/www.masharif.com\/fr\/#\/schema\/person\/image\/","url":"http:\/\/0.gravatar.com\/avatar\/f64806401ad5ed604ffec2272b19ef46?s=96&d=identicon&r=g","contentUrl":"http:\/\/0.gravatar.com\/avatar\/f64806401ad5ed604ffec2272b19ef46?s=96&d=identicon&r=g","caption":"Mohamed Salah Ben Amor"},"sameAs":["http:\/\/ben-amor.info"],"url":"http:\/\/www.masharif.com\/fr\/author\/msba\/"}]}},"_links":{"self":[{"href":"http:\/\/www.masharif.com\/fr\/wp-json\/wp\/v2\/posts\/4023"}],"collection":[{"href":"http:\/\/www.masharif.com\/fr\/wp-json\/wp\/v2\/posts"}],"about":[{"href":"http:\/\/www.masharif.com\/fr\/wp-json\/wp\/v2\/types\/post"}],"author":[{"embeddable":true,"href":"http:\/\/www.masharif.com\/fr\/wp-json\/wp\/v2\/users\/2"}],"replies":[{"embeddable":true,"href":"http:\/\/www.masharif.com\/fr\/wp-json\/wp\/v2\/comments?post=4023"}],"version-history":[{"count":3,"href":"http:\/\/www.masharif.com\/fr\/wp-json\/wp\/v2\/posts\/4023\/revisions"}],"predecessor-version":[{"id":4028,"href":"http:\/\/www.masharif.com\/fr\/wp-json\/wp\/v2\/posts\/4023\/revisions\/4028"}],"wp:featuredmedia":[{"embeddable":true,"href":"http:\/\/www.masharif.com\/fr\/wp-json\/wp\/v2\/media\/3604"}],"wp:attachment":[{"href":"http:\/\/www.masharif.com\/fr\/wp-json\/wp\/v2\/media?parent=4023"}],"wp:term":[{"taxonomy":"category","embeddable":true,"href":"http:\/\/www.masharif.com\/fr\/wp-json\/wp\/v2\/categories?post=4023"},{"taxonomy":"post_tag","embeddable":true,"href":"http:\/\/www.masharif.com\/fr\/wp-json\/wp\/v2\/tags?post=4023"}],"curies":[{"name":"wp","href":"https:\/\/api.w.org\/{rel}","templated":true}]}}