{"id":401,"date":"2015-07-20T12:47:33","date_gmt":"2015-07-20T11:47:33","guid":{"rendered":"http:\/\/www.masharif.com\/fr\/?p=401"},"modified":"2015-07-20T13:01:28","modified_gmt":"2015-07-20T12:01:28","slug":"les-radeaux-bleus-poeme-de-mokhtar-amraoui-poete-tunisien","status":"publish","type":"post","link":"http:\/\/www.masharif.com\/fr\/2015\/07\/20\/les-radeaux-bleus-poeme-de-mokhtar-amraoui-poete-tunisien\/","title":{"rendered":"Les radeaux bleus : un  po\u00e8me de Mokhtar El Amraoui &#8211; po\u00e8te tunisien"},"content":{"rendered":"<p>&nbsp;<\/p>\n<p><a href=\"http:\/\/www.masharif.com\/fr\/wp-content\/uploads\/2015\/07\/1017090_150200051839353_576283261_n.jpg\"><img loading=\"lazy\" class=\"alignnone size-medium wp-image-363\" src=\"http:\/\/www.masharif.com\/fr\/wp-content\/uploads\/2015\/07\/1017090_150200051839353_576283261_n-131x300.jpg\" alt=\"1017090_150200051839353_576283261_n\" width=\"131\" height=\"300\" srcset=\"http:\/\/www.masharif.com\/fr\/wp-content\/uploads\/2015\/07\/1017090_150200051839353_576283261_n-131x300.jpg 131w, http:\/\/www.masharif.com\/fr\/wp-content\/uploads\/2015\/07\/1017090_150200051839353_576283261_n.jpg 301w\" sizes=\"(max-width: 131px) 100vw, 131px\" \/><\/a><\/p>\n<p><strong>Mokhtar Amraoui &#8211; po\u00e8te tunisien -Bizerte\u00a0<\/strong><\/p>\n<p>&nbsp;<br \/>\n<strong> Il est des heures, Il est des cris,<\/strong><br \/>\n<strong> Il est des jours, Il est des nuits<\/strong><br \/>\n<strong> O\u00f9 le sang revient \u00e0 ses r\u00eaves de mer,<\/strong><br \/>\n<strong> A ses s\u00e8ves c\u00e9lestes enfouies,<\/strong><br \/>\n<strong> Pour nous offrir des parchemins<\/strong><br \/>\n<strong> Qui redonnent leurs couleurs<\/strong><br \/>\n<strong> A nos baisers, \u00e0 nos c\u0153urs, \u00e0 nos mains<\/strong><br \/>\n<strong> Et, \u00e0 nos caresses, leurs fruits<\/strong><br \/>\n<strong> De pinceaux en fleurs,<\/strong><br \/>\n<strong> En \u00e9chos d\u2019appels \u00e0 nos amours bleuies,<\/strong><br \/>\n<strong> En rouleaux d\u2019immenses cieux<\/strong><br \/>\n<strong> Tant\u00f4t joyeux, tant\u00f4t meurtris,<\/strong><br \/>\n<strong> Tant\u00f4t radieux, tant\u00f4t gris<\/strong><br \/>\n<strong> O\u00f9 se retrouvent les pleurs<\/strong><br \/>\n<strong> Et les rires de nos yeux,<\/strong><br \/>\n<strong> Entre enfer et paradis,<\/strong><br \/>\n<strong> Entre agonie et tableaux bleus,<\/strong><br \/>\n<strong> Radeaux de survie !<\/strong><br \/>\n<strong> Il est des heures, Il est des cris,<\/strong><br \/>\n<strong> Il est des jours, il est des nuits<\/strong><br \/>\n<strong> O\u00f9 le sang revient \u00e0 ses r\u00eaves de mer,<\/strong><br \/>\n<strong> A ses s\u00e8ves terrestres enfouies,<\/strong><br \/>\n<strong> O\u00f9 les couleurs, pour le grand bleu,<\/strong><br \/>\n<strong> De mille feux, rechantent la vie !<\/strong><\/p>\n<p><strong> \u00a9Mokhtar El Amraoui in &#8221; Le souffle des ress<\/strong><\/p>\n<p><a href=\"http:\/\/www.masharif.com\/fr\/wp-content\/uploads\/2015\/07\/transporter-sur-par-radeau-le-fleuve-de-montagne-12204620.jpg\"><img loading=\"lazy\" class=\"alignnone size-medium wp-image-402\" src=\"http:\/\/www.masharif.com\/fr\/wp-content\/uploads\/2015\/07\/transporter-sur-par-radeau-le-fleuve-de-montagne-12204620-300x200.jpg\" alt=\"transporter-sur-par-radeau-le-fleuve-de-montagne-12204620\" width=\"300\" height=\"200\" srcset=\"http:\/\/www.masharif.com\/fr\/wp-content\/uploads\/2015\/07\/transporter-sur-par-radeau-le-fleuve-de-montagne-12204620-300x200.jpg 300w, http:\/\/www.masharif.com\/fr\/wp-content\/uploads\/2015\/07\/transporter-sur-par-radeau-le-fleuve-de-montagne-12204620.jpg 400w\" sizes=\"(max-width: 300px) 100vw, 300px\" \/><\/a><\/p>\n","protected":false},"excerpt":{"rendered":"<p>&nbsp; Mokhtar Amraoui &#8211; po\u00e8te tunisien -Bizerte\u00a0 &nbsp; Il est des heures, Il est des cris, Il est des jours, Il est des nuits O\u00f9 le sang revient \u00e0 ses r\u00eaves de mer, A ses s\u00e8ves c\u00e9lestes enfouies, Pour nous offrir des parchemins Qui redonnent leurs couleurs A nos baisers, \u00e0 nos c\u0153urs, \u00e0 nos &#8230;<\/p>\n","protected":false},"author":2,"featured_media":363,"comment_status":"open","ping_status":"open","sticky":false,"template":"","format":"standard","meta":[],"categories":[4],"tags":[],"yoast_head":"<!-- This site is optimized with the Yoast SEO plugin v19.3 - https:\/\/yoast.com\/wordpress\/plugins\/seo\/ -->\n<title>Les radeaux bleus : un po\u00e8me de Mokhtar El Amraoui - po\u00e8te tunisien - Culminances<\/title>\n<meta name=\"robots\" content=\"index, follow, max-snippet:-1, max-image-preview:large, max-video-preview:-1\" \/>\n<link rel=\"canonical\" href=\"https:\/\/www.masharif.com\/fr\/2015\/07\/20\/les-radeaux-bleus-poeme-de-mokhtar-amraoui-poete-tunisien\/\" \/>\n<meta property=\"og:locale\" content=\"fr_FR\" \/>\n<meta property=\"og:type\" content=\"article\" \/>\n<meta property=\"og:title\" content=\"Les radeaux bleus : un po\u00e8me de Mokhtar El Amraoui - po\u00e8te tunisien - Culminances\" \/>\n<meta property=\"og:description\" content=\"&nbsp; Mokhtar Amraoui &#8211; po\u00e8te tunisien -Bizerte\u00a0 &nbsp; Il est des heures, Il est des cris, Il est des jours, Il est des nuits O\u00f9 le sang revient \u00e0 ses r\u00eaves de mer, A ses s\u00e8ves c\u00e9lestes enfouies, Pour nous offrir des parchemins Qui redonnent leurs couleurs A nos baisers, \u00e0 nos c\u0153urs, \u00e0 nos ...\" \/>\n<meta property=\"og:url\" content=\"https:\/\/www.masharif.com\/fr\/2015\/07\/20\/les-radeaux-bleus-poeme-de-mokhtar-amraoui-poete-tunisien\/\" \/>\n<meta property=\"og:site_name\" content=\"Culminances\" \/>\n<meta property=\"article:published_time\" content=\"2015-07-20T11:47:33+00:00\" \/>\n<meta property=\"article:modified_time\" content=\"2015-07-20T12:01:28+00:00\" \/>\n<meta property=\"og:image\" content=\"https:\/\/www.masharif.com\/fr\/wp-content\/uploads\/2015\/07\/1017090_150200051839353_576283261_n.jpg\" \/>\n\t<meta property=\"og:image:width\" content=\"301\" \/>\n\t<meta property=\"og:image:height\" content=\"688\" \/>\n\t<meta property=\"og:image:type\" content=\"image\/jpeg\" \/>\n<meta name=\"author\" content=\"Mohamed Salah Ben Amor\" \/>\n<meta name=\"twitter:card\" content=\"summary\" \/>\n<meta name=\"twitter:label1\" content=\"\u00c9crit par\" \/>\n\t<meta name=\"twitter:data1\" content=\"Mohamed Salah Ben Amor\" \/>\n\t<meta name=\"twitter:label2\" content=\"Dur\u00e9e de lecture estim\u00e9e\" \/>\n\t<meta name=\"twitter:data2\" content=\"1 minute\" \/>\n<script type=\"application\/ld+json\" class=\"yoast-schema-graph\">{\"@context\":\"https:\/\/schema.org\",\"@graph\":[{\"@type\":\"WebSite\",\"@id\":\"https:\/\/www.masharif.com\/fr\/#website\",\"url\":\"https:\/\/www.masharif.com\/fr\/\",\"name\":\"Culminances\",\"description\":\"\",\"potentialAction\":[{\"@type\":\"SearchAction\",\"target\":{\"@type\":\"EntryPoint\",\"urlTemplate\":\"https:\/\/www.masharif.com\/fr\/?s={search_term_string}\"},\"query-input\":\"required name=search_term_string\"}],\"inLanguage\":\"fr-FR\"},{\"@type\":\"ImageObject\",\"inLanguage\":\"fr-FR\",\"@id\":\"https:\/\/www.masharif.com\/fr\/2015\/07\/20\/les-radeaux-bleus-poeme-de-mokhtar-amraoui-poete-tunisien\/#primaryimage\",\"url\":\"http:\/\/www.masharif.com\/fr\/wp-content\/uploads\/2015\/07\/1017090_150200051839353_576283261_n.jpg\",\"contentUrl\":\"http:\/\/www.masharif.com\/fr\/wp-content\/uploads\/2015\/07\/1017090_150200051839353_576283261_n.jpg\",\"width\":301,\"height\":688},{\"@type\":\"WebPage\",\"@id\":\"https:\/\/www.masharif.com\/fr\/2015\/07\/20\/les-radeaux-bleus-poeme-de-mokhtar-amraoui-poete-tunisien\/\",\"url\":\"https:\/\/www.masharif.com\/fr\/2015\/07\/20\/les-radeaux-bleus-poeme-de-mokhtar-amraoui-poete-tunisien\/\",\"name\":\"Les radeaux bleus : un po\u00e8me de Mokhtar El Amraoui - po\u00e8te tunisien - Culminances\",\"isPartOf\":{\"@id\":\"https:\/\/www.masharif.com\/fr\/#website\"},\"primaryImageOfPage\":{\"@id\":\"https:\/\/www.masharif.com\/fr\/2015\/07\/20\/les-radeaux-bleus-poeme-de-mokhtar-amraoui-poete-tunisien\/#primaryimage\"},\"datePublished\":\"2015-07-20T11:47:33+00:00\",\"dateModified\":\"2015-07-20T12:01:28+00:00\",\"author\":{\"@id\":\"https:\/\/www.masharif.com\/fr\/#\/schema\/person\/839a7026efe9fa825134097c1041e4a0\"},\"breadcrumb\":{\"@id\":\"https:\/\/www.masharif.com\/fr\/2015\/07\/20\/les-radeaux-bleus-poeme-de-mokhtar-amraoui-poete-tunisien\/#breadcrumb\"},\"inLanguage\":\"fr-FR\",\"potentialAction\":[{\"@type\":\"ReadAction\",\"target\":[\"https:\/\/www.masharif.com\/fr\/2015\/07\/20\/les-radeaux-bleus-poeme-de-mokhtar-amraoui-poete-tunisien\/\"]}]},{\"@type\":\"BreadcrumbList\",\"@id\":\"https:\/\/www.masharif.com\/fr\/2015\/07\/20\/les-radeaux-bleus-poeme-de-mokhtar-amraoui-poete-tunisien\/#breadcrumb\",\"itemListElement\":[{\"@type\":\"ListItem\",\"position\":1,\"name\":\"Home\",\"item\":\"https:\/\/www.masharif.com\/fr\/\"},{\"@type\":\"ListItem\",\"position\":2,\"name\":\"Les radeaux bleus : un po\u00e8me de Mokhtar El Amraoui &#8211; po\u00e8te tunisien\"}]},{\"@type\":\"Person\",\"@id\":\"https:\/\/www.masharif.com\/fr\/#\/schema\/person\/839a7026efe9fa825134097c1041e4a0\",\"name\":\"Mohamed Salah Ben Amor\",\"image\":{\"@type\":\"ImageObject\",\"inLanguage\":\"fr-FR\",\"@id\":\"https:\/\/www.masharif.com\/fr\/#\/schema\/person\/image\/\",\"url\":\"http:\/\/0.gravatar.com\/avatar\/f64806401ad5ed604ffec2272b19ef46?s=96&d=identicon&r=g\",\"contentUrl\":\"http:\/\/0.gravatar.com\/avatar\/f64806401ad5ed604ffec2272b19ef46?s=96&d=identicon&r=g\",\"caption\":\"Mohamed Salah Ben Amor\"},\"sameAs\":[\"http:\/\/ben-amor.info\"],\"url\":\"http:\/\/www.masharif.com\/fr\/author\/msba\/\"}]}<\/script>\n<!-- \/ Yoast SEO plugin. -->","yoast_head_json":{"title":"Les radeaux bleus : un po\u00e8me de Mokhtar El Amraoui - po\u00e8te tunisien - Culminances","robots":{"index":"index","follow":"follow","max-snippet":"max-snippet:-1","max-image-preview":"max-image-preview:large","max-video-preview":"max-video-preview:-1"},"canonical":"https:\/\/www.masharif.com\/fr\/2015\/07\/20\/les-radeaux-bleus-poeme-de-mokhtar-amraoui-poete-tunisien\/","og_locale":"fr_FR","og_type":"article","og_title":"Les radeaux bleus : un po\u00e8me de Mokhtar El Amraoui - po\u00e8te tunisien - Culminances","og_description":"&nbsp; Mokhtar Amraoui &#8211; po\u00e8te tunisien -Bizerte\u00a0 &nbsp; Il est des heures, Il est des cris, Il est des jours, Il est des nuits O\u00f9 le sang revient \u00e0 ses r\u00eaves de mer, A ses s\u00e8ves c\u00e9lestes enfouies, Pour nous offrir des parchemins Qui redonnent leurs couleurs A nos baisers, \u00e0 nos c\u0153urs, \u00e0 nos ...","og_url":"https:\/\/www.masharif.com\/fr\/2015\/07\/20\/les-radeaux-bleus-poeme-de-mokhtar-amraoui-poete-tunisien\/","og_site_name":"Culminances","article_published_time":"2015-07-20T11:47:33+00:00","article_modified_time":"2015-07-20T12:01:28+00:00","og_image":[{"width":301,"height":688,"url":"https:\/\/www.masharif.com\/fr\/wp-content\/uploads\/2015\/07\/1017090_150200051839353_576283261_n.jpg","type":"image\/jpeg"}],"author":"Mohamed Salah Ben Amor","twitter_card":"summary","twitter_misc":{"\u00c9crit par":"Mohamed Salah Ben Amor","Dur\u00e9e de lecture estim\u00e9e":"1 minute"},"schema":{"@context":"https:\/\/schema.org","@graph":[{"@type":"WebSite","@id":"https:\/\/www.masharif.com\/fr\/#website","url":"https:\/\/www.masharif.com\/fr\/","name":"Culminances","description":"","potentialAction":[{"@type":"SearchAction","target":{"@type":"EntryPoint","urlTemplate":"https:\/\/www.masharif.com\/fr\/?s={search_term_string}"},"query-input":"required name=search_term_string"}],"inLanguage":"fr-FR"},{"@type":"ImageObject","inLanguage":"fr-FR","@id":"https:\/\/www.masharif.com\/fr\/2015\/07\/20\/les-radeaux-bleus-poeme-de-mokhtar-amraoui-poete-tunisien\/#primaryimage","url":"http:\/\/www.masharif.com\/fr\/wp-content\/uploads\/2015\/07\/1017090_150200051839353_576283261_n.jpg","contentUrl":"http:\/\/www.masharif.com\/fr\/wp-content\/uploads\/2015\/07\/1017090_150200051839353_576283261_n.jpg","width":301,"height":688},{"@type":"WebPage","@id":"https:\/\/www.masharif.com\/fr\/2015\/07\/20\/les-radeaux-bleus-poeme-de-mokhtar-amraoui-poete-tunisien\/","url":"https:\/\/www.masharif.com\/fr\/2015\/07\/20\/les-radeaux-bleus-poeme-de-mokhtar-amraoui-poete-tunisien\/","name":"Les radeaux bleus : un po\u00e8me de Mokhtar El Amraoui - po\u00e8te tunisien - Culminances","isPartOf":{"@id":"https:\/\/www.masharif.com\/fr\/#website"},"primaryImageOfPage":{"@id":"https:\/\/www.masharif.com\/fr\/2015\/07\/20\/les-radeaux-bleus-poeme-de-mokhtar-amraoui-poete-tunisien\/#primaryimage"},"datePublished":"2015-07-20T11:47:33+00:00","dateModified":"2015-07-20T12:01:28+00:00","author":{"@id":"https:\/\/www.masharif.com\/fr\/#\/schema\/person\/839a7026efe9fa825134097c1041e4a0"},"breadcrumb":{"@id":"https:\/\/www.masharif.com\/fr\/2015\/07\/20\/les-radeaux-bleus-poeme-de-mokhtar-amraoui-poete-tunisien\/#breadcrumb"},"inLanguage":"fr-FR","potentialAction":[{"@type":"ReadAction","target":["https:\/\/www.masharif.com\/fr\/2015\/07\/20\/les-radeaux-bleus-poeme-de-mokhtar-amraoui-poete-tunisien\/"]}]},{"@type":"BreadcrumbList","@id":"https:\/\/www.masharif.com\/fr\/2015\/07\/20\/les-radeaux-bleus-poeme-de-mokhtar-amraoui-poete-tunisien\/#breadcrumb","itemListElement":[{"@type":"ListItem","position":1,"name":"Home","item":"https:\/\/www.masharif.com\/fr\/"},{"@type":"ListItem","position":2,"name":"Les radeaux bleus : un po\u00e8me de Mokhtar El Amraoui &#8211; po\u00e8te tunisien"}]},{"@type":"Person","@id":"https:\/\/www.masharif.com\/fr\/#\/schema\/person\/839a7026efe9fa825134097c1041e4a0","name":"Mohamed Salah Ben Amor","image":{"@type":"ImageObject","inLanguage":"fr-FR","@id":"https:\/\/www.masharif.com\/fr\/#\/schema\/person\/image\/","url":"http:\/\/0.gravatar.com\/avatar\/f64806401ad5ed604ffec2272b19ef46?s=96&d=identicon&r=g","contentUrl":"http:\/\/0.gravatar.com\/avatar\/f64806401ad5ed604ffec2272b19ef46?s=96&d=identicon&r=g","caption":"Mohamed Salah Ben Amor"},"sameAs":["http:\/\/ben-amor.info"],"url":"http:\/\/www.masharif.com\/fr\/author\/msba\/"}]}},"_links":{"self":[{"href":"http:\/\/www.masharif.com\/fr\/wp-json\/wp\/v2\/posts\/401"}],"collection":[{"href":"http:\/\/www.masharif.com\/fr\/wp-json\/wp\/v2\/posts"}],"about":[{"href":"http:\/\/www.masharif.com\/fr\/wp-json\/wp\/v2\/types\/post"}],"author":[{"embeddable":true,"href":"http:\/\/www.masharif.com\/fr\/wp-json\/wp\/v2\/users\/2"}],"replies":[{"embeddable":true,"href":"http:\/\/www.masharif.com\/fr\/wp-json\/wp\/v2\/comments?post=401"}],"version-history":[{"count":3,"href":"http:\/\/www.masharif.com\/fr\/wp-json\/wp\/v2\/posts\/401\/revisions"}],"predecessor-version":[{"id":409,"href":"http:\/\/www.masharif.com\/fr\/wp-json\/wp\/v2\/posts\/401\/revisions\/409"}],"wp:featuredmedia":[{"embeddable":true,"href":"http:\/\/www.masharif.com\/fr\/wp-json\/wp\/v2\/media\/363"}],"wp:attachment":[{"href":"http:\/\/www.masharif.com\/fr\/wp-json\/wp\/v2\/media?parent=401"}],"wp:term":[{"taxonomy":"category","embeddable":true,"href":"http:\/\/www.masharif.com\/fr\/wp-json\/wp\/v2\/categories?post=401"},{"taxonomy":"post_tag","embeddable":true,"href":"http:\/\/www.masharif.com\/fr\/wp-json\/wp\/v2\/tags?post=401"}],"curies":[{"name":"wp","href":"https:\/\/api.w.org\/{rel}","templated":true}]}}