{"id":4003,"date":"2017-01-02T13:58:50","date_gmt":"2017-01-02T12:58:50","guid":{"rendered":"http:\/\/www.masharif.com\/fr\/?p=4003"},"modified":"2017-01-03T20:19:34","modified_gmt":"2017-01-03T19:19:34","slug":"memoire-mohamed-ben-rejeb-kelibia-tunisie","status":"publish","type":"post","link":"http:\/\/www.masharif.com\/fr\/2017\/01\/02\/memoire-mohamed-ben-rejeb-kelibia-tunisie\/","title":{"rendered":"En son m\u00e9moire   par  : Mohamed Ben Rejeb \u2013 K\u00e9libia \u2013Tunisie"},"content":{"rendered":"<div id=\"attachment_3951\" style=\"width: 310px\" class=\"wp-caption alignnone\"><a href=\"http:\/\/www.masharif.com\/fr\/wp-content\/uploads\/2016\/12\/13227559_10210405612843596_1931719172800435352_o.jpg\"><img aria-describedby=\"caption-attachment-3951\" loading=\"lazy\" class=\"wp-image-3951 size-medium\" src=\"http:\/\/www.masharif.com\/fr\/wp-content\/uploads\/2016\/12\/13227559_10210405612843596_1931719172800435352_o-300x200.jpg\" alt=\"13227559_10210405612843596_1931719172800435352_o\" width=\"300\" height=\"200\" srcset=\"http:\/\/www.masharif.com\/fr\/wp-content\/uploads\/2016\/12\/13227559_10210405612843596_1931719172800435352_o-300x200.jpg 300w, http:\/\/www.masharif.com\/fr\/wp-content\/uploads\/2016\/12\/13227559_10210405612843596_1931719172800435352_o-768x511.jpg 768w, http:\/\/www.masharif.com\/fr\/wp-content\/uploads\/2016\/12\/13227559_10210405612843596_1931719172800435352_o-1024x682.jpg 1024w, http:\/\/www.masharif.com\/fr\/wp-content\/uploads\/2016\/12\/13227559_10210405612843596_1931719172800435352_o.jpg 2048w\" sizes=\"(max-width: 300px) 100vw, 300px\" \/><\/a><p id=\"caption-attachment-3951\" class=\"wp-caption-text\">Mohamed Ben Rejeb<\/p><\/div>\n<p><a href=\"http:\/\/www.masharif.com\/fr\/wp-content\/uploads\/2017\/01\/white-dove-in-flight-976408.jpg\"><img loading=\"lazy\" class=\"alignnone size-medium wp-image-4004\" src=\"http:\/\/www.masharif.com\/fr\/wp-content\/uploads\/2017\/01\/white-dove-in-flight-976408-300x221.jpg\" alt=\"white-dove-in-flight-976408\" width=\"300\" height=\"221\" srcset=\"http:\/\/www.masharif.com\/fr\/wp-content\/uploads\/2017\/01\/white-dove-in-flight-976408-300x221.jpg 300w, http:\/\/www.masharif.com\/fr\/wp-content\/uploads\/2017\/01\/white-dove-in-flight-976408-768x567.jpg 768w, http:\/\/www.masharif.com\/fr\/wp-content\/uploads\/2017\/01\/white-dove-in-flight-976408-1024x756.jpg 1024w, http:\/\/www.masharif.com\/fr\/wp-content\/uploads\/2017\/01\/white-dove-in-flight-976408.jpg 1146w\" sizes=\"(max-width: 300px) 100vw, 300px\" \/><\/a><\/p>\n<p>&nbsp;<\/p>\n<p><strong>Il me demande\u00a0:<\/strong><\/p>\n<p><strong>\u00ab\u00a0Pourquoi le giroflier part-il de ton\u00a0 jardin<\/strong><\/p>\n<p><strong>Ainsi que les fleurs<\/strong><\/p>\n<p><strong>Tandis que toi tu ne pars pas ?<\/strong><\/p>\n<p><strong>Comment les oiseaux\u00a0 d\u00e9sertent-ils ta maison pr\u00e9cipitamment\u00a0<\/strong><\/p>\n<p><strong>Tandis que toi tu n\u2019es pas encore parti\u00a0?<\/strong><\/p>\n<p><strong>Puis accoutr\u00e9 dans son habit large, il ajoute\u00a0:<\/strong><\/p>\n<p><strong>\u00ab\u00a0Si tu ne meurs pas maintenant<\/strong><\/p>\n<p><strong>Pour rejoindre \u00a0cet ange au ciel,<\/strong><\/p>\n<p><strong>Meurs de la mani\u00e8re que tu veux<\/strong><\/p>\n<p><strong>Et ne t\u2019attriste pas trop<\/strong><\/p>\n<p><strong>Car personne ne te perdra.<\/strong><\/p>\n<p><strong>Du courage\u00a0! Fonce\u00a0!<\/strong><\/p>\n<p><strong>Fais un peu la connaissance de la mort\u00a0!<\/strong><\/p>\n<p><strong>Meurs avec orgueil\u00a0!<\/strong><\/p>\n<p><strong>Personne n\u2019en sera triste.<\/strong><\/p>\n<p><strong>Go\u00fbte un peu ou trop l\u2019amertume de ton absence!<\/strong><\/p>\n<p><strong>Ne te retourne pas en arri\u00e8re\u2026<\/strong><\/p>\n<p><strong>Car personne ne te pleurera\u2026 personne\u2026\u00a0!<\/strong><\/p>\n<p><strong>Ne la crois pas, la vie\u00a0!<\/strong><\/p>\n<p><strong>Sois \u00e0 l\u2019int\u00e9rieur ou au dehors du temps\u00a0!<\/strong><\/p>\n<p><strong>Ton amour est le plus grand,<\/strong><\/p>\n<p><strong>Le plus pur.<\/strong><\/p>\n<p><strong>L&#8217;ange de la mort\u00a0 \u00e9tait en col\u00e8re<\/strong><\/p>\n<p><strong>Ou comme s\u2019il \u00e9tait en col\u00e8re.<\/strong><\/p>\n<p><strong>Il dessinait une colombe blanche\u2026<\/strong><\/p>\n<p><strong>Elle \u00e9tait aussi belle que Noura<\/strong><\/p>\n<p><strong>Pourquoi refuses-tu de partir\u00a0?<\/strong><\/p>\n<p><strong>Pourquoi la terre ne tremble-t-elle pas sous tes pieds<\/strong><\/p>\n<p><strong>Jusqu\u2019\u00e0 ce que tu deviennes fou\u00a0?<\/strong><\/p>\n<p><strong>Pourquoi ne sors-tu pas de la blancheur \u00e0 la blancheur<\/strong><\/p>\n<p><strong>Comme cette colombe blanche\u00a0?<\/strong><\/p>\n<p><strong>Elle est semblable \u00e0 l\u2019ange<\/strong><\/p>\n<p><strong>Ou c\u2019est bien elle l\u2019ange\u00a0!<\/strong><\/p>\n<p><strong>\u00a0<\/strong><\/p>\n","protected":false},"excerpt":{"rendered":"<p>&nbsp; Il me demande\u00a0: \u00ab\u00a0Pourquoi le giroflier part-il de ton\u00a0 jardin Ainsi que les fleurs Tandis que toi tu ne pars pas ? Comment les oiseaux\u00a0 d\u00e9sertent-ils ta maison pr\u00e9cipitamment\u00a0 Tandis que toi tu n\u2019es pas encore parti\u00a0? Puis accoutr\u00e9 dans son habit large, il ajoute\u00a0: \u00ab\u00a0Si tu ne meurs pas maintenant Pour rejoindre \u00a0cet &#8230;<\/p>\n","protected":false},"author":2,"featured_media":3951,"comment_status":"open","ping_status":"open","sticky":false,"template":"","format":"standard","meta":[],"categories":[6],"tags":[],"yoast_head":"<!-- This site is optimized with the Yoast SEO plugin v19.3 - https:\/\/yoast.com\/wordpress\/plugins\/seo\/ -->\n<title>En son m\u00e9moire  par : Mohamed Ben Rejeb \u2013 K\u00e9libia \u2013Tunisie - Culminances<\/title>\n<meta name=\"robots\" content=\"index, follow, max-snippet:-1, max-image-preview:large, max-video-preview:-1\" \/>\n<link rel=\"canonical\" href=\"http:\/\/www.masharif.com\/fr\/2017\/01\/02\/memoire-mohamed-ben-rejeb-kelibia-tunisie\/\" \/>\n<meta property=\"og:locale\" content=\"fr_FR\" \/>\n<meta property=\"og:type\" content=\"article\" \/>\n<meta property=\"og:title\" content=\"En son m\u00e9moire  par : Mohamed Ben Rejeb \u2013 K\u00e9libia \u2013Tunisie - Culminances\" \/>\n<meta property=\"og:description\" content=\"&nbsp; Il me demande\u00a0: \u00ab\u00a0Pourquoi le giroflier part-il de ton\u00a0 jardin Ainsi que les fleurs Tandis que toi tu ne pars pas ? Comment les oiseaux\u00a0 d\u00e9sertent-ils ta maison pr\u00e9cipitamment\u00a0 Tandis que toi tu n\u2019es pas encore parti\u00a0? Puis accoutr\u00e9 dans son habit large, il ajoute\u00a0: \u00ab\u00a0Si tu ne meurs pas maintenant Pour rejoindre \u00a0cet ...\" \/>\n<meta property=\"og:url\" content=\"http:\/\/www.masharif.com\/fr\/2017\/01\/02\/memoire-mohamed-ben-rejeb-kelibia-tunisie\/\" \/>\n<meta property=\"og:site_name\" content=\"Culminances\" \/>\n<meta property=\"article:published_time\" content=\"2017-01-02T12:58:50+00:00\" \/>\n<meta property=\"article:modified_time\" content=\"2017-01-03T19:19:34+00:00\" \/>\n<meta property=\"og:image\" content=\"http:\/\/www.masharif.com\/fr\/wp-content\/uploads\/2016\/12\/13227559_10210405612843596_1931719172800435352_o.jpg\" \/>\n\t<meta property=\"og:image:width\" content=\"2048\" \/>\n\t<meta property=\"og:image:height\" content=\"1363\" \/>\n\t<meta property=\"og:image:type\" content=\"image\/jpeg\" \/>\n<meta name=\"author\" content=\"Mohamed Salah Ben Amor\" \/>\n<meta name=\"twitter:card\" content=\"summary\" \/>\n<meta name=\"twitter:label1\" content=\"\u00c9crit par\" \/>\n\t<meta name=\"twitter:data1\" content=\"Mohamed Salah Ben Amor\" \/>\n\t<meta name=\"twitter:label2\" content=\"Dur\u00e9e de lecture estim\u00e9e\" \/>\n\t<meta name=\"twitter:data2\" content=\"1 minute\" \/>\n<script type=\"application\/ld+json\" class=\"yoast-schema-graph\">{\"@context\":\"https:\/\/schema.org\",\"@graph\":[{\"@type\":\"WebSite\",\"@id\":\"https:\/\/www.masharif.com\/fr\/#website\",\"url\":\"https:\/\/www.masharif.com\/fr\/\",\"name\":\"Culminances\",\"description\":\"\",\"potentialAction\":[{\"@type\":\"SearchAction\",\"target\":{\"@type\":\"EntryPoint\",\"urlTemplate\":\"https:\/\/www.masharif.com\/fr\/?s={search_term_string}\"},\"query-input\":\"required name=search_term_string\"}],\"inLanguage\":\"fr-FR\"},{\"@type\":\"ImageObject\",\"inLanguage\":\"fr-FR\",\"@id\":\"http:\/\/www.masharif.com\/fr\/2017\/01\/02\/memoire-mohamed-ben-rejeb-kelibia-tunisie\/#primaryimage\",\"url\":\"http:\/\/www.masharif.com\/fr\/wp-content\/uploads\/2016\/12\/13227559_10210405612843596_1931719172800435352_o.jpg\",\"contentUrl\":\"http:\/\/www.masharif.com\/fr\/wp-content\/uploads\/2016\/12\/13227559_10210405612843596_1931719172800435352_o.jpg\",\"width\":2048,\"height\":1363},{\"@type\":\"WebPage\",\"@id\":\"http:\/\/www.masharif.com\/fr\/2017\/01\/02\/memoire-mohamed-ben-rejeb-kelibia-tunisie\/\",\"url\":\"http:\/\/www.masharif.com\/fr\/2017\/01\/02\/memoire-mohamed-ben-rejeb-kelibia-tunisie\/\",\"name\":\"En son m\u00e9moire par : Mohamed Ben Rejeb \u2013 K\u00e9libia \u2013Tunisie - Culminances\",\"isPartOf\":{\"@id\":\"https:\/\/www.masharif.com\/fr\/#website\"},\"primaryImageOfPage\":{\"@id\":\"http:\/\/www.masharif.com\/fr\/2017\/01\/02\/memoire-mohamed-ben-rejeb-kelibia-tunisie\/#primaryimage\"},\"datePublished\":\"2017-01-02T12:58:50+00:00\",\"dateModified\":\"2017-01-03T19:19:34+00:00\",\"author\":{\"@id\":\"https:\/\/www.masharif.com\/fr\/#\/schema\/person\/839a7026efe9fa825134097c1041e4a0\"},\"breadcrumb\":{\"@id\":\"http:\/\/www.masharif.com\/fr\/2017\/01\/02\/memoire-mohamed-ben-rejeb-kelibia-tunisie\/#breadcrumb\"},\"inLanguage\":\"fr-FR\",\"potentialAction\":[{\"@type\":\"ReadAction\",\"target\":[\"http:\/\/www.masharif.com\/fr\/2017\/01\/02\/memoire-mohamed-ben-rejeb-kelibia-tunisie\/\"]}]},{\"@type\":\"BreadcrumbList\",\"@id\":\"http:\/\/www.masharif.com\/fr\/2017\/01\/02\/memoire-mohamed-ben-rejeb-kelibia-tunisie\/#breadcrumb\",\"itemListElement\":[{\"@type\":\"ListItem\",\"position\":1,\"name\":\"Home\",\"item\":\"https:\/\/www.masharif.com\/fr\/\"},{\"@type\":\"ListItem\",\"position\":2,\"name\":\"En son m\u00e9moire par : Mohamed Ben Rejeb \u2013 K\u00e9libia \u2013Tunisie\"}]},{\"@type\":\"Person\",\"@id\":\"https:\/\/www.masharif.com\/fr\/#\/schema\/person\/839a7026efe9fa825134097c1041e4a0\",\"name\":\"Mohamed Salah Ben Amor\",\"image\":{\"@type\":\"ImageObject\",\"inLanguage\":\"fr-FR\",\"@id\":\"https:\/\/www.masharif.com\/fr\/#\/schema\/person\/image\/\",\"url\":\"http:\/\/0.gravatar.com\/avatar\/f64806401ad5ed604ffec2272b19ef46?s=96&d=identicon&r=g\",\"contentUrl\":\"http:\/\/0.gravatar.com\/avatar\/f64806401ad5ed604ffec2272b19ef46?s=96&d=identicon&r=g\",\"caption\":\"Mohamed Salah Ben Amor\"},\"sameAs\":[\"http:\/\/ben-amor.info\"],\"url\":\"http:\/\/www.masharif.com\/fr\/author\/msba\/\"}]}<\/script>\n<!-- \/ Yoast SEO plugin. -->","yoast_head_json":{"title":"En son m\u00e9moire  par : Mohamed Ben Rejeb \u2013 K\u00e9libia \u2013Tunisie - Culminances","robots":{"index":"index","follow":"follow","max-snippet":"max-snippet:-1","max-image-preview":"max-image-preview:large","max-video-preview":"max-video-preview:-1"},"canonical":"http:\/\/www.masharif.com\/fr\/2017\/01\/02\/memoire-mohamed-ben-rejeb-kelibia-tunisie\/","og_locale":"fr_FR","og_type":"article","og_title":"En son m\u00e9moire  par : Mohamed Ben Rejeb \u2013 K\u00e9libia \u2013Tunisie - Culminances","og_description":"&nbsp; Il me demande\u00a0: \u00ab\u00a0Pourquoi le giroflier part-il de ton\u00a0 jardin Ainsi que les fleurs Tandis que toi tu ne pars pas ? Comment les oiseaux\u00a0 d\u00e9sertent-ils ta maison pr\u00e9cipitamment\u00a0 Tandis que toi tu n\u2019es pas encore parti\u00a0? Puis accoutr\u00e9 dans son habit large, il ajoute\u00a0: \u00ab\u00a0Si tu ne meurs pas maintenant Pour rejoindre \u00a0cet ...","og_url":"http:\/\/www.masharif.com\/fr\/2017\/01\/02\/memoire-mohamed-ben-rejeb-kelibia-tunisie\/","og_site_name":"Culminances","article_published_time":"2017-01-02T12:58:50+00:00","article_modified_time":"2017-01-03T19:19:34+00:00","og_image":[{"width":2048,"height":1363,"url":"http:\/\/www.masharif.com\/fr\/wp-content\/uploads\/2016\/12\/13227559_10210405612843596_1931719172800435352_o.jpg","type":"image\/jpeg"}],"author":"Mohamed Salah Ben Amor","twitter_card":"summary","twitter_misc":{"\u00c9crit par":"Mohamed Salah Ben Amor","Dur\u00e9e de lecture estim\u00e9e":"1 minute"},"schema":{"@context":"https:\/\/schema.org","@graph":[{"@type":"WebSite","@id":"https:\/\/www.masharif.com\/fr\/#website","url":"https:\/\/www.masharif.com\/fr\/","name":"Culminances","description":"","potentialAction":[{"@type":"SearchAction","target":{"@type":"EntryPoint","urlTemplate":"https:\/\/www.masharif.com\/fr\/?s={search_term_string}"},"query-input":"required name=search_term_string"}],"inLanguage":"fr-FR"},{"@type":"ImageObject","inLanguage":"fr-FR","@id":"http:\/\/www.masharif.com\/fr\/2017\/01\/02\/memoire-mohamed-ben-rejeb-kelibia-tunisie\/#primaryimage","url":"http:\/\/www.masharif.com\/fr\/wp-content\/uploads\/2016\/12\/13227559_10210405612843596_1931719172800435352_o.jpg","contentUrl":"http:\/\/www.masharif.com\/fr\/wp-content\/uploads\/2016\/12\/13227559_10210405612843596_1931719172800435352_o.jpg","width":2048,"height":1363},{"@type":"WebPage","@id":"http:\/\/www.masharif.com\/fr\/2017\/01\/02\/memoire-mohamed-ben-rejeb-kelibia-tunisie\/","url":"http:\/\/www.masharif.com\/fr\/2017\/01\/02\/memoire-mohamed-ben-rejeb-kelibia-tunisie\/","name":"En son m\u00e9moire par : Mohamed Ben Rejeb \u2013 K\u00e9libia \u2013Tunisie - Culminances","isPartOf":{"@id":"https:\/\/www.masharif.com\/fr\/#website"},"primaryImageOfPage":{"@id":"http:\/\/www.masharif.com\/fr\/2017\/01\/02\/memoire-mohamed-ben-rejeb-kelibia-tunisie\/#primaryimage"},"datePublished":"2017-01-02T12:58:50+00:00","dateModified":"2017-01-03T19:19:34+00:00","author":{"@id":"https:\/\/www.masharif.com\/fr\/#\/schema\/person\/839a7026efe9fa825134097c1041e4a0"},"breadcrumb":{"@id":"http:\/\/www.masharif.com\/fr\/2017\/01\/02\/memoire-mohamed-ben-rejeb-kelibia-tunisie\/#breadcrumb"},"inLanguage":"fr-FR","potentialAction":[{"@type":"ReadAction","target":["http:\/\/www.masharif.com\/fr\/2017\/01\/02\/memoire-mohamed-ben-rejeb-kelibia-tunisie\/"]}]},{"@type":"BreadcrumbList","@id":"http:\/\/www.masharif.com\/fr\/2017\/01\/02\/memoire-mohamed-ben-rejeb-kelibia-tunisie\/#breadcrumb","itemListElement":[{"@type":"ListItem","position":1,"name":"Home","item":"https:\/\/www.masharif.com\/fr\/"},{"@type":"ListItem","position":2,"name":"En son m\u00e9moire par : Mohamed Ben Rejeb \u2013 K\u00e9libia \u2013Tunisie"}]},{"@type":"Person","@id":"https:\/\/www.masharif.com\/fr\/#\/schema\/person\/839a7026efe9fa825134097c1041e4a0","name":"Mohamed Salah Ben Amor","image":{"@type":"ImageObject","inLanguage":"fr-FR","@id":"https:\/\/www.masharif.com\/fr\/#\/schema\/person\/image\/","url":"http:\/\/0.gravatar.com\/avatar\/f64806401ad5ed604ffec2272b19ef46?s=96&d=identicon&r=g","contentUrl":"http:\/\/0.gravatar.com\/avatar\/f64806401ad5ed604ffec2272b19ef46?s=96&d=identicon&r=g","caption":"Mohamed Salah Ben Amor"},"sameAs":["http:\/\/ben-amor.info"],"url":"http:\/\/www.masharif.com\/fr\/author\/msba\/"}]}},"_links":{"self":[{"href":"http:\/\/www.masharif.com\/fr\/wp-json\/wp\/v2\/posts\/4003"}],"collection":[{"href":"http:\/\/www.masharif.com\/fr\/wp-json\/wp\/v2\/posts"}],"about":[{"href":"http:\/\/www.masharif.com\/fr\/wp-json\/wp\/v2\/types\/post"}],"author":[{"embeddable":true,"href":"http:\/\/www.masharif.com\/fr\/wp-json\/wp\/v2\/users\/2"}],"replies":[{"embeddable":true,"href":"http:\/\/www.masharif.com\/fr\/wp-json\/wp\/v2\/comments?post=4003"}],"version-history":[{"count":4,"href":"http:\/\/www.masharif.com\/fr\/wp-json\/wp\/v2\/posts\/4003\/revisions"}],"predecessor-version":[{"id":4012,"href":"http:\/\/www.masharif.com\/fr\/wp-json\/wp\/v2\/posts\/4003\/revisions\/4012"}],"wp:featuredmedia":[{"embeddable":true,"href":"http:\/\/www.masharif.com\/fr\/wp-json\/wp\/v2\/media\/3951"}],"wp:attachment":[{"href":"http:\/\/www.masharif.com\/fr\/wp-json\/wp\/v2\/media?parent=4003"}],"wp:term":[{"taxonomy":"category","embeddable":true,"href":"http:\/\/www.masharif.com\/fr\/wp-json\/wp\/v2\/categories?post=4003"},{"taxonomy":"post_tag","embeddable":true,"href":"http:\/\/www.masharif.com\/fr\/wp-json\/wp\/v2\/tags?post=4003"}],"curies":[{"name":"wp","href":"https:\/\/api.w.org\/{rel}","templated":true}]}}