{"id":3817,"date":"2016-12-06T05:49:30","date_gmt":"2016-12-06T04:49:30","guid":{"rendered":"http:\/\/www.masharif.com\/fr\/?p=3817"},"modified":"2016-12-06T05:49:30","modified_gmt":"2016-12-06T04:49:30","slug":"rebelle-souad-loulidi-larache-maroc","status":"publish","type":"post","link":"http:\/\/www.masharif.com\/fr\/2016\/12\/06\/rebelle-souad-loulidi-larache-maroc\/","title":{"rendered":"Rebelle par :Souad Loulidi \u2013Larache \u2013Maroc"},"content":{"rendered":"<p><a href=\"http:\/\/www.masharif.com\/fr\/wp-content\/uploads\/2016\/12\/15181194_1817249451891127_4825356127627502562_n.jpg\"><img loading=\"lazy\" class=\"wp-image-3796 size-medium\" src=\"http:\/\/www.masharif.com\/fr\/wp-content\/uploads\/2016\/12\/15181194_1817249451891127_4825356127627502562_n-300x198.jpg\" alt=\"15181194_1817249451891127_4825356127627502562_n\" width=\"300\" height=\"198\" srcset=\"http:\/\/www.masharif.com\/fr\/wp-content\/uploads\/2016\/12\/15181194_1817249451891127_4825356127627502562_n-300x198.jpg 300w, http:\/\/www.masharif.com\/fr\/wp-content\/uploads\/2016\/12\/15181194_1817249451891127_4825356127627502562_n.jpg 312w\" sizes=\"(max-width: 300px) 100vw, 300px\" \/><\/a><br \/>\n<strong>Rebelle ?<\/strong><br \/>\n<strong> Oui je le suis<\/strong><br \/>\n<strong> Contre ce temps\u00a0<\/strong><br \/>\n<strong> Qui fuit,<\/strong><br \/>\n<strong> Contre la froideur\u00a0<\/strong><br \/>\n<strong> De ces nuits,<\/strong><br \/>\n<strong> Contre ces r\u00eaves<\/strong><br \/>\n<strong> Qui vieillissent,<\/strong><br \/>\n<strong> Contre ce silence<\/strong><br \/>\n<strong> Qui terrifie<\/strong><br \/>\n<strong> Et ces cercueils<\/strong><br \/>\n<strong> Qui passent en rafale<\/strong><br \/>\n<strong> Sous des regards aveugles<\/strong><br \/>\n<strong> Et veules,<\/strong><br \/>\n<strong> Contre ce vide ,<\/strong><br \/>\n<strong> Ce silence,<\/strong><br \/>\n<strong> Qui moisit les id\u00e9es<\/strong><br \/>\n<strong> Avant d&#8217;\u00eatre n\u00e9es.<\/strong><\/p>\n<p><strong> Rebelle !\u00a0<\/strong><br \/>\n<strong> Pour ma m\u00e8re,<\/strong><br \/>\n<strong> Qui dans le chaos<\/strong><br \/>\n<strong> Des m\u0153urs,<\/strong><br \/>\n<strong> Meurt<\/strong><br \/>\n<strong> Sans dire un mot.<\/strong><\/p>\n","protected":false},"excerpt":{"rendered":"<p>Rebelle ? Oui je le suis Contre ce temps\u00a0 Qui fuit, Contre la froideur\u00a0 De ces nuits, Contre ces r\u00eaves Qui vieillissent, Contre ce silence Qui terrifie Et ces cercueils Qui passent en rafale Sous des regards aveugles Et veules, Contre ce vide , Ce silence, Qui moisit les id\u00e9es Avant d&#8217;\u00eatre n\u00e9es. Rebelle !\u00a0 &#8230;<\/p>\n","protected":false},"author":2,"featured_media":3796,"comment_status":"open","ping_status":"open","sticky":false,"template":"","format":"standard","meta":[],"categories":[4],"tags":[],"yoast_head":"<!-- This site is optimized with the Yoast SEO plugin v19.3 - https:\/\/yoast.com\/wordpress\/plugins\/seo\/ -->\n<title>Rebelle par :Souad Loulidi \u2013Larache \u2013Maroc - Culminances<\/title>\n<meta name=\"robots\" content=\"index, follow, max-snippet:-1, max-image-preview:large, max-video-preview:-1\" \/>\n<link rel=\"canonical\" href=\"http:\/\/www.masharif.com\/fr\/2016\/12\/06\/rebelle-souad-loulidi-larache-maroc\/\" \/>\n<meta property=\"og:locale\" content=\"fr_FR\" \/>\n<meta property=\"og:type\" content=\"article\" \/>\n<meta property=\"og:title\" content=\"Rebelle par :Souad Loulidi \u2013Larache \u2013Maroc - Culminances\" \/>\n<meta property=\"og:description\" content=\"Rebelle ? Oui je le suis Contre ce temps\u00a0 Qui fuit, Contre la froideur\u00a0 De ces nuits, Contre ces r\u00eaves Qui vieillissent, Contre ce silence Qui terrifie Et ces cercueils Qui passent en rafale Sous des regards aveugles Et veules, Contre ce vide , Ce silence, Qui moisit les id\u00e9es Avant d&#8217;\u00eatre n\u00e9es. Rebelle !\u00a0 ...\" \/>\n<meta property=\"og:url\" content=\"http:\/\/www.masharif.com\/fr\/2016\/12\/06\/rebelle-souad-loulidi-larache-maroc\/\" \/>\n<meta property=\"og:site_name\" content=\"Culminances\" \/>\n<meta property=\"article:published_time\" content=\"2016-12-06T04:49:30+00:00\" \/>\n<meta property=\"og:image\" content=\"http:\/\/www.masharif.com\/fr\/wp-content\/uploads\/2016\/12\/15181194_1817249451891127_4825356127627502562_n.jpg\" \/>\n\t<meta property=\"og:image:width\" content=\"312\" \/>\n\t<meta property=\"og:image:height\" content=\"206\" \/>\n\t<meta property=\"og:image:type\" content=\"image\/jpeg\" \/>\n<meta name=\"author\" content=\"Mohamed Salah Ben Amor\" \/>\n<meta name=\"twitter:card\" content=\"summary\" \/>\n<meta name=\"twitter:label1\" content=\"\u00c9crit par\" \/>\n\t<meta name=\"twitter:data1\" content=\"Mohamed Salah Ben Amor\" \/>\n<script type=\"application\/ld+json\" class=\"yoast-schema-graph\">{\"@context\":\"https:\/\/schema.org\",\"@graph\":[{\"@type\":\"WebSite\",\"@id\":\"https:\/\/www.masharif.com\/fr\/#website\",\"url\":\"https:\/\/www.masharif.com\/fr\/\",\"name\":\"Culminances\",\"description\":\"\",\"potentialAction\":[{\"@type\":\"SearchAction\",\"target\":{\"@type\":\"EntryPoint\",\"urlTemplate\":\"https:\/\/www.masharif.com\/fr\/?s={search_term_string}\"},\"query-input\":\"required name=search_term_string\"}],\"inLanguage\":\"fr-FR\"},{\"@type\":\"ImageObject\",\"inLanguage\":\"fr-FR\",\"@id\":\"http:\/\/www.masharif.com\/fr\/2016\/12\/06\/rebelle-souad-loulidi-larache-maroc\/#primaryimage\",\"url\":\"http:\/\/www.masharif.com\/fr\/wp-content\/uploads\/2016\/12\/15181194_1817249451891127_4825356127627502562_n.jpg\",\"contentUrl\":\"http:\/\/www.masharif.com\/fr\/wp-content\/uploads\/2016\/12\/15181194_1817249451891127_4825356127627502562_n.jpg\",\"width\":312,\"height\":206},{\"@type\":\"WebPage\",\"@id\":\"http:\/\/www.masharif.com\/fr\/2016\/12\/06\/rebelle-souad-loulidi-larache-maroc\/\",\"url\":\"http:\/\/www.masharif.com\/fr\/2016\/12\/06\/rebelle-souad-loulidi-larache-maroc\/\",\"name\":\"Rebelle par :Souad Loulidi \u2013Larache \u2013Maroc - Culminances\",\"isPartOf\":{\"@id\":\"https:\/\/www.masharif.com\/fr\/#website\"},\"primaryImageOfPage\":{\"@id\":\"http:\/\/www.masharif.com\/fr\/2016\/12\/06\/rebelle-souad-loulidi-larache-maroc\/#primaryimage\"},\"datePublished\":\"2016-12-06T04:49:30+00:00\",\"dateModified\":\"2016-12-06T04:49:30+00:00\",\"author\":{\"@id\":\"https:\/\/www.masharif.com\/fr\/#\/schema\/person\/839a7026efe9fa825134097c1041e4a0\"},\"breadcrumb\":{\"@id\":\"http:\/\/www.masharif.com\/fr\/2016\/12\/06\/rebelle-souad-loulidi-larache-maroc\/#breadcrumb\"},\"inLanguage\":\"fr-FR\",\"potentialAction\":[{\"@type\":\"ReadAction\",\"target\":[\"http:\/\/www.masharif.com\/fr\/2016\/12\/06\/rebelle-souad-loulidi-larache-maroc\/\"]}]},{\"@type\":\"BreadcrumbList\",\"@id\":\"http:\/\/www.masharif.com\/fr\/2016\/12\/06\/rebelle-souad-loulidi-larache-maroc\/#breadcrumb\",\"itemListElement\":[{\"@type\":\"ListItem\",\"position\":1,\"name\":\"Home\",\"item\":\"https:\/\/www.masharif.com\/fr\/\"},{\"@type\":\"ListItem\",\"position\":2,\"name\":\"Rebelle par :Souad Loulidi \u2013Larache \u2013Maroc\"}]},{\"@type\":\"Person\",\"@id\":\"https:\/\/www.masharif.com\/fr\/#\/schema\/person\/839a7026efe9fa825134097c1041e4a0\",\"name\":\"Mohamed Salah Ben Amor\",\"image\":{\"@type\":\"ImageObject\",\"inLanguage\":\"fr-FR\",\"@id\":\"https:\/\/www.masharif.com\/fr\/#\/schema\/person\/image\/\",\"url\":\"http:\/\/0.gravatar.com\/avatar\/f64806401ad5ed604ffec2272b19ef46?s=96&d=identicon&r=g\",\"contentUrl\":\"http:\/\/0.gravatar.com\/avatar\/f64806401ad5ed604ffec2272b19ef46?s=96&d=identicon&r=g\",\"caption\":\"Mohamed Salah Ben Amor\"},\"sameAs\":[\"http:\/\/ben-amor.info\"],\"url\":\"http:\/\/www.masharif.com\/fr\/author\/msba\/\"}]}<\/script>\n<!-- \/ Yoast SEO plugin. -->","yoast_head_json":{"title":"Rebelle par :Souad Loulidi \u2013Larache \u2013Maroc - Culminances","robots":{"index":"index","follow":"follow","max-snippet":"max-snippet:-1","max-image-preview":"max-image-preview:large","max-video-preview":"max-video-preview:-1"},"canonical":"http:\/\/www.masharif.com\/fr\/2016\/12\/06\/rebelle-souad-loulidi-larache-maroc\/","og_locale":"fr_FR","og_type":"article","og_title":"Rebelle par :Souad Loulidi \u2013Larache \u2013Maroc - Culminances","og_description":"Rebelle ? Oui je le suis Contre ce temps\u00a0 Qui fuit, Contre la froideur\u00a0 De ces nuits, Contre ces r\u00eaves Qui vieillissent, Contre ce silence Qui terrifie Et ces cercueils Qui passent en rafale Sous des regards aveugles Et veules, Contre ce vide , Ce silence, Qui moisit les id\u00e9es Avant d&#8217;\u00eatre n\u00e9es. Rebelle !\u00a0 ...","og_url":"http:\/\/www.masharif.com\/fr\/2016\/12\/06\/rebelle-souad-loulidi-larache-maroc\/","og_site_name":"Culminances","article_published_time":"2016-12-06T04:49:30+00:00","og_image":[{"width":312,"height":206,"url":"http:\/\/www.masharif.com\/fr\/wp-content\/uploads\/2016\/12\/15181194_1817249451891127_4825356127627502562_n.jpg","type":"image\/jpeg"}],"author":"Mohamed Salah Ben Amor","twitter_card":"summary","twitter_misc":{"\u00c9crit par":"Mohamed Salah Ben Amor"},"schema":{"@context":"https:\/\/schema.org","@graph":[{"@type":"WebSite","@id":"https:\/\/www.masharif.com\/fr\/#website","url":"https:\/\/www.masharif.com\/fr\/","name":"Culminances","description":"","potentialAction":[{"@type":"SearchAction","target":{"@type":"EntryPoint","urlTemplate":"https:\/\/www.masharif.com\/fr\/?s={search_term_string}"},"query-input":"required name=search_term_string"}],"inLanguage":"fr-FR"},{"@type":"ImageObject","inLanguage":"fr-FR","@id":"http:\/\/www.masharif.com\/fr\/2016\/12\/06\/rebelle-souad-loulidi-larache-maroc\/#primaryimage","url":"http:\/\/www.masharif.com\/fr\/wp-content\/uploads\/2016\/12\/15181194_1817249451891127_4825356127627502562_n.jpg","contentUrl":"http:\/\/www.masharif.com\/fr\/wp-content\/uploads\/2016\/12\/15181194_1817249451891127_4825356127627502562_n.jpg","width":312,"height":206},{"@type":"WebPage","@id":"http:\/\/www.masharif.com\/fr\/2016\/12\/06\/rebelle-souad-loulidi-larache-maroc\/","url":"http:\/\/www.masharif.com\/fr\/2016\/12\/06\/rebelle-souad-loulidi-larache-maroc\/","name":"Rebelle par :Souad Loulidi \u2013Larache \u2013Maroc - Culminances","isPartOf":{"@id":"https:\/\/www.masharif.com\/fr\/#website"},"primaryImageOfPage":{"@id":"http:\/\/www.masharif.com\/fr\/2016\/12\/06\/rebelle-souad-loulidi-larache-maroc\/#primaryimage"},"datePublished":"2016-12-06T04:49:30+00:00","dateModified":"2016-12-06T04:49:30+00:00","author":{"@id":"https:\/\/www.masharif.com\/fr\/#\/schema\/person\/839a7026efe9fa825134097c1041e4a0"},"breadcrumb":{"@id":"http:\/\/www.masharif.com\/fr\/2016\/12\/06\/rebelle-souad-loulidi-larache-maroc\/#breadcrumb"},"inLanguage":"fr-FR","potentialAction":[{"@type":"ReadAction","target":["http:\/\/www.masharif.com\/fr\/2016\/12\/06\/rebelle-souad-loulidi-larache-maroc\/"]}]},{"@type":"BreadcrumbList","@id":"http:\/\/www.masharif.com\/fr\/2016\/12\/06\/rebelle-souad-loulidi-larache-maroc\/#breadcrumb","itemListElement":[{"@type":"ListItem","position":1,"name":"Home","item":"https:\/\/www.masharif.com\/fr\/"},{"@type":"ListItem","position":2,"name":"Rebelle par :Souad Loulidi \u2013Larache \u2013Maroc"}]},{"@type":"Person","@id":"https:\/\/www.masharif.com\/fr\/#\/schema\/person\/839a7026efe9fa825134097c1041e4a0","name":"Mohamed Salah Ben Amor","image":{"@type":"ImageObject","inLanguage":"fr-FR","@id":"https:\/\/www.masharif.com\/fr\/#\/schema\/person\/image\/","url":"http:\/\/0.gravatar.com\/avatar\/f64806401ad5ed604ffec2272b19ef46?s=96&d=identicon&r=g","contentUrl":"http:\/\/0.gravatar.com\/avatar\/f64806401ad5ed604ffec2272b19ef46?s=96&d=identicon&r=g","caption":"Mohamed Salah Ben Amor"},"sameAs":["http:\/\/ben-amor.info"],"url":"http:\/\/www.masharif.com\/fr\/author\/msba\/"}]}},"_links":{"self":[{"href":"http:\/\/www.masharif.com\/fr\/wp-json\/wp\/v2\/posts\/3817"}],"collection":[{"href":"http:\/\/www.masharif.com\/fr\/wp-json\/wp\/v2\/posts"}],"about":[{"href":"http:\/\/www.masharif.com\/fr\/wp-json\/wp\/v2\/types\/post"}],"author":[{"embeddable":true,"href":"http:\/\/www.masharif.com\/fr\/wp-json\/wp\/v2\/users\/2"}],"replies":[{"embeddable":true,"href":"http:\/\/www.masharif.com\/fr\/wp-json\/wp\/v2\/comments?post=3817"}],"version-history":[{"count":1,"href":"http:\/\/www.masharif.com\/fr\/wp-json\/wp\/v2\/posts\/3817\/revisions"}],"predecessor-version":[{"id":3818,"href":"http:\/\/www.masharif.com\/fr\/wp-json\/wp\/v2\/posts\/3817\/revisions\/3818"}],"wp:featuredmedia":[{"embeddable":true,"href":"http:\/\/www.masharif.com\/fr\/wp-json\/wp\/v2\/media\/3796"}],"wp:attachment":[{"href":"http:\/\/www.masharif.com\/fr\/wp-json\/wp\/v2\/media?parent=3817"}],"wp:term":[{"taxonomy":"category","embeddable":true,"href":"http:\/\/www.masharif.com\/fr\/wp-json\/wp\/v2\/categories?post=3817"},{"taxonomy":"post_tag","embeddable":true,"href":"http:\/\/www.masharif.com\/fr\/wp-json\/wp\/v2\/tags?post=3817"}],"curies":[{"name":"wp","href":"https:\/\/api.w.org\/{rel}","templated":true}]}}