{"id":3675,"date":"2016-11-09T07:31:40","date_gmt":"2016-11-09T06:31:40","guid":{"rendered":"http:\/\/www.masharif.com\/fr\/?p=3675"},"modified":"2016-11-09T07:31:40","modified_gmt":"2016-11-09T06:31:40","slug":"liberte-dexpression-abdelghani-rahmani-alger-algerie","status":"publish","type":"post","link":"http:\/\/www.masharif.com\/fr\/2016\/11\/09\/liberte-dexpression-abdelghani-rahmani-alger-algerie\/","title":{"rendered":"Libert\u00e9 d\u2019expression par : Abdelghani  Rahmani \u2013 Alger-Alg\u00e9rie"},"content":{"rendered":"<div id=\"attachment_3637\" style=\"width: 235px\" class=\"wp-caption alignnone\"><a href=\"http:\/\/www.masharif.com\/fr\/wp-content\/uploads\/2016\/10\/12662479_10205950134095702_5055756455132065553_n-225x300.jpg\"><img aria-describedby=\"caption-attachment-3637\" loading=\"lazy\" class=\"wp-image-3637 size-medium\" src=\"http:\/\/www.masharif.com\/fr\/wp-content\/uploads\/2016\/10\/12662479_10205950134095702_5055756455132065553_n-225x300-225x300.jpg\" alt=\"12662479_10205950134095702_5055756455132065553_n-225x300\" width=\"225\" height=\"300\" \/><\/a><p id=\"caption-attachment-3637\" class=\"wp-caption-text\">Abdelghani Rahmani<\/p><\/div>\n<p><strong><a href=\"http:\/\/www.masharif.com\/fr\/wp-content\/uploads\/2016\/11\/200px-Libertedexpression.jpg\"><img loading=\"lazy\" class=\"alignnone size-medium wp-image-3676\" src=\"http:\/\/www.masharif.com\/fr\/wp-content\/uploads\/2016\/11\/200px-Libertedexpression-300x300.jpg\" alt=\"200px-libertedexpression\" width=\"300\" height=\"300\" srcset=\"http:\/\/www.masharif.com\/fr\/wp-content\/uploads\/2016\/11\/200px-Libertedexpression-300x300.jpg 300w, http:\/\/www.masharif.com\/fr\/wp-content\/uploads\/2016\/11\/200px-Libertedexpression-150x150.jpg 150w, http:\/\/www.masharif.com\/fr\/wp-content\/uploads\/2016\/11\/200px-Libertedexpression-768x768.jpg 768w, http:\/\/www.masharif.com\/fr\/wp-content\/uploads\/2016\/11\/200px-Libertedexpression-55x55.jpg 55w, http:\/\/www.masharif.com\/fr\/wp-content\/uploads\/2016\/11\/200px-Libertedexpression.jpg 800w\" sizes=\"(max-width: 300px) 100vw, 300px\" \/><\/a><\/strong><br \/>\n<strong> Ton destin fort agit\u00e9<\/strong><br \/>\n<strong> Rend illusoire ta r\u00e9alit\u00e9<\/strong><br \/>\n<strong> Libert\u00e9 comment t&#8217;accoler<\/strong><br \/>\n<strong> Que dois-je leur parler<\/strong><br \/>\n<strong> De l&#8217;id\u00e9e orient\u00e9e<\/strong><br \/>\n<strong> De la parole \u00f4t\u00e9e<\/strong><br \/>\n<strong> De la calomnie malsaine<\/strong><br \/>\n<strong> De l&#8217;indigence intellectuelle<\/strong><br \/>\n<strong> De l&#8217;insensibilit\u00e9 usuelle<\/strong><br \/>\n<strong> Et contre tout le tort<\/strong><br \/>\n<strong> L&#8217;injustice devenant braise<\/strong><br \/>\n<strong> N&#8217;acceptera aucun report<\/strong><br \/>\n<strong> Son \u00e9tincelle sera fournaise<\/strong><\/p>\n","protected":false},"excerpt":{"rendered":"<p>Ton destin fort agit\u00e9 Rend illusoire ta r\u00e9alit\u00e9 Libert\u00e9 comment t&#8217;accoler Que dois-je leur parler De l&#8217;id\u00e9e orient\u00e9e De la parole \u00f4t\u00e9e De la calomnie malsaine De l&#8217;indigence intellectuelle De l&#8217;insensibilit\u00e9 usuelle Et contre tout le tort L&#8217;injustice devenant braise N&#8217;acceptera aucun report Son \u00e9tincelle sera fournaise<\/p>\n","protected":false},"author":2,"featured_media":3637,"comment_status":"open","ping_status":"open","sticky":false,"template":"","format":"standard","meta":[],"categories":[4],"tags":[],"yoast_head":"<!-- This site is optimized with the Yoast SEO plugin v19.3 - https:\/\/yoast.com\/wordpress\/plugins\/seo\/ -->\n<title>Libert\u00e9 d\u2019expression par : Abdelghani Rahmani \u2013 Alger-Alg\u00e9rie - Culminances<\/title>\n<meta name=\"robots\" content=\"index, follow, max-snippet:-1, max-image-preview:large, max-video-preview:-1\" \/>\n<link rel=\"canonical\" href=\"http:\/\/www.masharif.com\/fr\/2016\/11\/09\/liberte-dexpression-abdelghani-rahmani-alger-algerie\/\" \/>\n<meta property=\"og:locale\" content=\"fr_FR\" \/>\n<meta property=\"og:type\" content=\"article\" \/>\n<meta property=\"og:title\" content=\"Libert\u00e9 d\u2019expression par : Abdelghani Rahmani \u2013 Alger-Alg\u00e9rie - Culminances\" \/>\n<meta property=\"og:description\" content=\"Ton destin fort agit\u00e9 Rend illusoire ta r\u00e9alit\u00e9 Libert\u00e9 comment t&#8217;accoler Que dois-je leur parler De l&#8217;id\u00e9e orient\u00e9e De la parole \u00f4t\u00e9e De la calomnie malsaine De l&#8217;indigence intellectuelle De l&#8217;insensibilit\u00e9 usuelle Et contre tout le tort L&#8217;injustice devenant braise N&#8217;acceptera aucun report Son \u00e9tincelle sera fournaise\" \/>\n<meta property=\"og:url\" content=\"http:\/\/www.masharif.com\/fr\/2016\/11\/09\/liberte-dexpression-abdelghani-rahmani-alger-algerie\/\" \/>\n<meta property=\"og:site_name\" content=\"Culminances\" \/>\n<meta property=\"article:published_time\" content=\"2016-11-09T06:31:40+00:00\" \/>\n<meta property=\"og:image\" content=\"http:\/\/www.masharif.com\/fr\/wp-content\/uploads\/2016\/10\/12662479_10205950134095702_5055756455132065553_n-225x300.jpg\" \/>\n\t<meta property=\"og:image:width\" content=\"225\" \/>\n\t<meta property=\"og:image:height\" content=\"300\" \/>\n\t<meta property=\"og:image:type\" content=\"image\/jpeg\" \/>\n<meta name=\"author\" content=\"Mohamed Salah Ben Amor\" \/>\n<meta name=\"twitter:card\" content=\"summary\" \/>\n<meta name=\"twitter:label1\" content=\"\u00c9crit par\" \/>\n\t<meta name=\"twitter:data1\" content=\"Mohamed Salah Ben Amor\" \/>\n<script type=\"application\/ld+json\" class=\"yoast-schema-graph\">{\"@context\":\"https:\/\/schema.org\",\"@graph\":[{\"@type\":\"WebSite\",\"@id\":\"https:\/\/www.masharif.com\/fr\/#website\",\"url\":\"https:\/\/www.masharif.com\/fr\/\",\"name\":\"Culminances\",\"description\":\"\",\"potentialAction\":[{\"@type\":\"SearchAction\",\"target\":{\"@type\":\"EntryPoint\",\"urlTemplate\":\"https:\/\/www.masharif.com\/fr\/?s={search_term_string}\"},\"query-input\":\"required name=search_term_string\"}],\"inLanguage\":\"fr-FR\"},{\"@type\":\"ImageObject\",\"inLanguage\":\"fr-FR\",\"@id\":\"http:\/\/www.masharif.com\/fr\/2016\/11\/09\/liberte-dexpression-abdelghani-rahmani-alger-algerie\/#primaryimage\",\"url\":\"http:\/\/www.masharif.com\/fr\/wp-content\/uploads\/2016\/10\/12662479_10205950134095702_5055756455132065553_n-225x300.jpg\",\"contentUrl\":\"http:\/\/www.masharif.com\/fr\/wp-content\/uploads\/2016\/10\/12662479_10205950134095702_5055756455132065553_n-225x300.jpg\",\"width\":225,\"height\":300},{\"@type\":\"WebPage\",\"@id\":\"http:\/\/www.masharif.com\/fr\/2016\/11\/09\/liberte-dexpression-abdelghani-rahmani-alger-algerie\/\",\"url\":\"http:\/\/www.masharif.com\/fr\/2016\/11\/09\/liberte-dexpression-abdelghani-rahmani-alger-algerie\/\",\"name\":\"Libert\u00e9 d\u2019expression par : Abdelghani Rahmani \u2013 Alger-Alg\u00e9rie - Culminances\",\"isPartOf\":{\"@id\":\"https:\/\/www.masharif.com\/fr\/#website\"},\"primaryImageOfPage\":{\"@id\":\"http:\/\/www.masharif.com\/fr\/2016\/11\/09\/liberte-dexpression-abdelghani-rahmani-alger-algerie\/#primaryimage\"},\"datePublished\":\"2016-11-09T06:31:40+00:00\",\"dateModified\":\"2016-11-09T06:31:40+00:00\",\"author\":{\"@id\":\"https:\/\/www.masharif.com\/fr\/#\/schema\/person\/839a7026efe9fa825134097c1041e4a0\"},\"breadcrumb\":{\"@id\":\"http:\/\/www.masharif.com\/fr\/2016\/11\/09\/liberte-dexpression-abdelghani-rahmani-alger-algerie\/#breadcrumb\"},\"inLanguage\":\"fr-FR\",\"potentialAction\":[{\"@type\":\"ReadAction\",\"target\":[\"http:\/\/www.masharif.com\/fr\/2016\/11\/09\/liberte-dexpression-abdelghani-rahmani-alger-algerie\/\"]}]},{\"@type\":\"BreadcrumbList\",\"@id\":\"http:\/\/www.masharif.com\/fr\/2016\/11\/09\/liberte-dexpression-abdelghani-rahmani-alger-algerie\/#breadcrumb\",\"itemListElement\":[{\"@type\":\"ListItem\",\"position\":1,\"name\":\"Home\",\"item\":\"https:\/\/www.masharif.com\/fr\/\"},{\"@type\":\"ListItem\",\"position\":2,\"name\":\"Libert\u00e9 d\u2019expression par : Abdelghani Rahmani \u2013 Alger-Alg\u00e9rie\"}]},{\"@type\":\"Person\",\"@id\":\"https:\/\/www.masharif.com\/fr\/#\/schema\/person\/839a7026efe9fa825134097c1041e4a0\",\"name\":\"Mohamed Salah Ben Amor\",\"image\":{\"@type\":\"ImageObject\",\"inLanguage\":\"fr-FR\",\"@id\":\"https:\/\/www.masharif.com\/fr\/#\/schema\/person\/image\/\",\"url\":\"http:\/\/0.gravatar.com\/avatar\/f64806401ad5ed604ffec2272b19ef46?s=96&d=identicon&r=g\",\"contentUrl\":\"http:\/\/0.gravatar.com\/avatar\/f64806401ad5ed604ffec2272b19ef46?s=96&d=identicon&r=g\",\"caption\":\"Mohamed Salah Ben Amor\"},\"sameAs\":[\"http:\/\/ben-amor.info\"],\"url\":\"http:\/\/www.masharif.com\/fr\/author\/msba\/\"}]}<\/script>\n<!-- \/ Yoast SEO plugin. -->","yoast_head_json":{"title":"Libert\u00e9 d\u2019expression par : Abdelghani Rahmani \u2013 Alger-Alg\u00e9rie - Culminances","robots":{"index":"index","follow":"follow","max-snippet":"max-snippet:-1","max-image-preview":"max-image-preview:large","max-video-preview":"max-video-preview:-1"},"canonical":"http:\/\/www.masharif.com\/fr\/2016\/11\/09\/liberte-dexpression-abdelghani-rahmani-alger-algerie\/","og_locale":"fr_FR","og_type":"article","og_title":"Libert\u00e9 d\u2019expression par : Abdelghani Rahmani \u2013 Alger-Alg\u00e9rie - Culminances","og_description":"Ton destin fort agit\u00e9 Rend illusoire ta r\u00e9alit\u00e9 Libert\u00e9 comment t&#8217;accoler Que dois-je leur parler De l&#8217;id\u00e9e orient\u00e9e De la parole \u00f4t\u00e9e De la calomnie malsaine De l&#8217;indigence intellectuelle De l&#8217;insensibilit\u00e9 usuelle Et contre tout le tort L&#8217;injustice devenant braise N&#8217;acceptera aucun report Son \u00e9tincelle sera fournaise","og_url":"http:\/\/www.masharif.com\/fr\/2016\/11\/09\/liberte-dexpression-abdelghani-rahmani-alger-algerie\/","og_site_name":"Culminances","article_published_time":"2016-11-09T06:31:40+00:00","og_image":[{"width":225,"height":300,"url":"http:\/\/www.masharif.com\/fr\/wp-content\/uploads\/2016\/10\/12662479_10205950134095702_5055756455132065553_n-225x300.jpg","type":"image\/jpeg"}],"author":"Mohamed Salah Ben Amor","twitter_card":"summary","twitter_misc":{"\u00c9crit par":"Mohamed Salah Ben Amor"},"schema":{"@context":"https:\/\/schema.org","@graph":[{"@type":"WebSite","@id":"https:\/\/www.masharif.com\/fr\/#website","url":"https:\/\/www.masharif.com\/fr\/","name":"Culminances","description":"","potentialAction":[{"@type":"SearchAction","target":{"@type":"EntryPoint","urlTemplate":"https:\/\/www.masharif.com\/fr\/?s={search_term_string}"},"query-input":"required name=search_term_string"}],"inLanguage":"fr-FR"},{"@type":"ImageObject","inLanguage":"fr-FR","@id":"http:\/\/www.masharif.com\/fr\/2016\/11\/09\/liberte-dexpression-abdelghani-rahmani-alger-algerie\/#primaryimage","url":"http:\/\/www.masharif.com\/fr\/wp-content\/uploads\/2016\/10\/12662479_10205950134095702_5055756455132065553_n-225x300.jpg","contentUrl":"http:\/\/www.masharif.com\/fr\/wp-content\/uploads\/2016\/10\/12662479_10205950134095702_5055756455132065553_n-225x300.jpg","width":225,"height":300},{"@type":"WebPage","@id":"http:\/\/www.masharif.com\/fr\/2016\/11\/09\/liberte-dexpression-abdelghani-rahmani-alger-algerie\/","url":"http:\/\/www.masharif.com\/fr\/2016\/11\/09\/liberte-dexpression-abdelghani-rahmani-alger-algerie\/","name":"Libert\u00e9 d\u2019expression par : Abdelghani Rahmani \u2013 Alger-Alg\u00e9rie - Culminances","isPartOf":{"@id":"https:\/\/www.masharif.com\/fr\/#website"},"primaryImageOfPage":{"@id":"http:\/\/www.masharif.com\/fr\/2016\/11\/09\/liberte-dexpression-abdelghani-rahmani-alger-algerie\/#primaryimage"},"datePublished":"2016-11-09T06:31:40+00:00","dateModified":"2016-11-09T06:31:40+00:00","author":{"@id":"https:\/\/www.masharif.com\/fr\/#\/schema\/person\/839a7026efe9fa825134097c1041e4a0"},"breadcrumb":{"@id":"http:\/\/www.masharif.com\/fr\/2016\/11\/09\/liberte-dexpression-abdelghani-rahmani-alger-algerie\/#breadcrumb"},"inLanguage":"fr-FR","potentialAction":[{"@type":"ReadAction","target":["http:\/\/www.masharif.com\/fr\/2016\/11\/09\/liberte-dexpression-abdelghani-rahmani-alger-algerie\/"]}]},{"@type":"BreadcrumbList","@id":"http:\/\/www.masharif.com\/fr\/2016\/11\/09\/liberte-dexpression-abdelghani-rahmani-alger-algerie\/#breadcrumb","itemListElement":[{"@type":"ListItem","position":1,"name":"Home","item":"https:\/\/www.masharif.com\/fr\/"},{"@type":"ListItem","position":2,"name":"Libert\u00e9 d\u2019expression par : Abdelghani Rahmani \u2013 Alger-Alg\u00e9rie"}]},{"@type":"Person","@id":"https:\/\/www.masharif.com\/fr\/#\/schema\/person\/839a7026efe9fa825134097c1041e4a0","name":"Mohamed Salah Ben Amor","image":{"@type":"ImageObject","inLanguage":"fr-FR","@id":"https:\/\/www.masharif.com\/fr\/#\/schema\/person\/image\/","url":"http:\/\/0.gravatar.com\/avatar\/f64806401ad5ed604ffec2272b19ef46?s=96&d=identicon&r=g","contentUrl":"http:\/\/0.gravatar.com\/avatar\/f64806401ad5ed604ffec2272b19ef46?s=96&d=identicon&r=g","caption":"Mohamed Salah Ben Amor"},"sameAs":["http:\/\/ben-amor.info"],"url":"http:\/\/www.masharif.com\/fr\/author\/msba\/"}]}},"_links":{"self":[{"href":"http:\/\/www.masharif.com\/fr\/wp-json\/wp\/v2\/posts\/3675"}],"collection":[{"href":"http:\/\/www.masharif.com\/fr\/wp-json\/wp\/v2\/posts"}],"about":[{"href":"http:\/\/www.masharif.com\/fr\/wp-json\/wp\/v2\/types\/post"}],"author":[{"embeddable":true,"href":"http:\/\/www.masharif.com\/fr\/wp-json\/wp\/v2\/users\/2"}],"replies":[{"embeddable":true,"href":"http:\/\/www.masharif.com\/fr\/wp-json\/wp\/v2\/comments?post=3675"}],"version-history":[{"count":1,"href":"http:\/\/www.masharif.com\/fr\/wp-json\/wp\/v2\/posts\/3675\/revisions"}],"predecessor-version":[{"id":3677,"href":"http:\/\/www.masharif.com\/fr\/wp-json\/wp\/v2\/posts\/3675\/revisions\/3677"}],"wp:featuredmedia":[{"embeddable":true,"href":"http:\/\/www.masharif.com\/fr\/wp-json\/wp\/v2\/media\/3637"}],"wp:attachment":[{"href":"http:\/\/www.masharif.com\/fr\/wp-json\/wp\/v2\/media?parent=3675"}],"wp:term":[{"taxonomy":"category","embeddable":true,"href":"http:\/\/www.masharif.com\/fr\/wp-json\/wp\/v2\/categories?post=3675"},{"taxonomy":"post_tag","embeddable":true,"href":"http:\/\/www.masharif.com\/fr\/wp-json\/wp\/v2\/tags?post=3675"}],"curies":[{"name":"wp","href":"https:\/\/api.w.org\/{rel}","templated":true}]}}