{"id":3392,"date":"2016-09-23T07:25:09","date_gmt":"2016-09-23T06:25:09","guid":{"rendered":"http:\/\/www.masharif.com\/fr\/?p=3392"},"modified":"2016-10-18T18:21:29","modified_gmt":"2016-10-18T17:21:29","slug":"poeme-jour-radeau-tremblant-abdelmalek-rochdi-poete-marocain","status":"publish","type":"post","link":"http:\/\/www.masharif.com\/fr\/2016\/09\/23\/poeme-jour-radeau-tremblant-abdelmalek-rochdi-poete-marocain\/","title":{"rendered":"Po\u00e8me du jour : Le radeau tremblant  par : Abdelmalek Rochdi- po\u00e8te marocain"},"content":{"rendered":"<div id=\"attachment_3385\" style=\"width: 235px\" class=\"wp-caption alignnone\"><a href=\"http:\/\/www.masharif.com\/fr\/wp-content\/uploads\/2016\/09\/10632849_543238235806090_5096759155910907426_n.jpg\"><img aria-describedby=\"caption-attachment-3385\" loading=\"lazy\" class=\"wp-image-3385 size-medium\" src=\"http:\/\/www.masharif.com\/fr\/wp-content\/uploads\/2016\/09\/10632849_543238235806090_5096759155910907426_n-225x300.jpg\" alt=\"10632849_543238235806090_5096759155910907426_n\" width=\"225\" height=\"300\" srcset=\"http:\/\/www.masharif.com\/fr\/wp-content\/uploads\/2016\/09\/10632849_543238235806090_5096759155910907426_n-225x300.jpg 225w, http:\/\/www.masharif.com\/fr\/wp-content\/uploads\/2016\/09\/10632849_543238235806090_5096759155910907426_n.jpg 296w\" sizes=\"(max-width: 225px) 100vw, 225px\" \/><\/a><p id=\"caption-attachment-3385\" class=\"wp-caption-text\">Abdelmalek Rochdi<\/p><\/div>\n<p><a href=\"http:\/\/www.masharif.com\/fr\/wp-content\/uploads\/2016\/09\/le-poete-errent1.jpg\"><img loading=\"lazy\" class=\"alignnone size-medium wp-image-3386\" src=\"http:\/\/www.masharif.com\/fr\/wp-content\/uploads\/2016\/09\/le-poete-errent1-300x185.jpg\" alt=\"le-poete-errent1\" width=\"300\" height=\"185\" srcset=\"http:\/\/www.masharif.com\/fr\/wp-content\/uploads\/2016\/09\/le-poete-errent1-300x185.jpg 300w, http:\/\/www.masharif.com\/fr\/wp-content\/uploads\/2016\/09\/le-poete-errent1.jpg 601w\" sizes=\"(max-width: 300px) 100vw, 300px\" \/><\/a><\/p>\n<p>&nbsp;<\/p>\n<p><strong>Qui es-tu, promeneur solitaire ?<\/strong><br \/>\n<strong> Image \u00e9ph\u00e9m\u00e8re, <\/strong><br \/>\n<strong> Passager sans gite dans la nuit tentaculaire, <\/strong><br \/>\n<strong> Maitre domestique du mot&#8230;<\/strong><br \/>\n<strong>\u00a0 \u00c9trangecavalier,<\/strong><br \/>\n<strong> Ne te retourne pas !<\/strong><br \/>\n<strong> Dans ta Sodome et ta Gomorrhe ,<\/strong><br \/>\n<strong> l&#8217;Histoire rampe lapid\u00e9e&#8230;<\/strong><br \/>\n<strong> Enl\u00e8ve le mors saignant de ton cheval,<\/strong><br \/>\n<strong> Efface les orni\u00e8res ombilicales de ta cal\u00e8che ,<\/strong><br \/>\n<strong> Etouffe le silence qui leste ta peine &#8230;<\/strong><br \/>\n<strong> Et du haut de la colline ,<\/strong><br \/>\n<strong> Appelle ,<\/strong><br \/>\n<strong> Magicien de notre temps ,<\/strong><br \/>\n<strong> Change le monde !<\/strong><br \/>\n<strong> Ils le veulent polymorphe&#8230;<\/strong><br \/>\n<strong> Appelle,\u00a0<\/strong><br \/>\n<strong> Appelle,<\/strong><br \/>\n<strong> Et ne r\u00e9pond pas ,\u00a0<\/strong><br \/>\n<strong> Le d\u00e9luge te r\u00e9pondra !<\/strong><br \/>\n<strong> Qui est tu, <\/strong><br \/>\n<strong> Silhouette \u00e9perdue\u00a0<\/strong><br \/>\n<strong> Sur ton radeau tremblant ?<\/strong><\/p>\n<p><strong>\u00a0<\/strong><\/p>\n<p><strong>Commentaire de Mohamed Salah Ben Amor\u00a0:<\/strong><\/p>\n<p><strong>Le Moi qui se refl\u00e8te \u00e0 travers les po\u00e8mes de cet auteur nous surprend toujours par un aspect nouveau insoup\u00e7onn\u00e9 qui le fait sortir des mod\u00e8les psycho-comportementaux habituels .En effet, \u00e0 c\u00f4t\u00e9 de l\u2019image du po\u00e8te engag\u00e9 que nous avions quelque fois de lui, ou celle du po\u00e8te philosophe qui porte un regard interrogatif sur le monde et l\u2018Homme, il se pr\u00e9sente cette fois sous les traits d\u2019un po\u00e8te proph\u00e8te \u00e0 la Gibran Khalil Gibran ou Aboulkacem Chebbi en rupture totale avec la fa\u00e7on de penser de son peuple , ce qui a pour effet de le d\u00e9marquer du troupeau et l\u2019engager dans la voie de l\u2019errance, en qu\u00eate de puret\u00e9 et d\u2019\u00e9l\u00e9vation spirituelle .<\/strong><\/p>\n<p><strong>De ce fait, le po\u00e8me-ci-haut a \u00e9t\u00e9 ax\u00e9 sur deux objectifs principaux :la mise en \u00e9vidence de l\u2019\u00e9tat d\u2019\u00e2me et d\u2019esprit du po\u00e8te et le r\u00f4le qu\u2019il est appel\u00e9 \u00e0 jouer dans son milieu. Concernant le premier \u00e9l\u00e9ment constitutif du th\u00e8me trait\u00e9, le po\u00e8te nous appara\u00eet profond\u00e9ment pr\u00e9occup\u00e9 et souffrant moralement (le silence qui leste ta peine \u2013 mors saignant de ton cheval) devant la d\u00e9gradation des valeurs dans ce milieu o\u00f9 le destin l\u2019a plac\u00e9 (Sodome et ta Gomorrhe ) et aussi cons\u00e9quemment \u00e0 l\u2019auto-exclusion qu\u2019il s\u2019est choisie\u00a0 pour \u00e9viter d\u2019\u00eatre \u00a0souill\u00e9 .Quant au second \u00e9l\u00e9ment ,il consiste en deux actions positives li\u00e9es par le lien cause \u00e0 effet qu\u2019il doit accomplir :se changer et changer la monde Ce double changement doit commencer par se tirer de son \u00e9tat d\u2019accablement (enl\u00e8ve le mors saignant de ton cheval, \/efface les orni\u00e8res ombilicales de ta cal\u00e8che , \/\u00e9touffe le silence qui leste ta peine ) avant d\u2019aller \u00e0 l\u2019avant (ne te retourne pas ) et s\u2019attaquer aux sources du mal (appelle , appelle, appelle \u2013 change le monde ).Et ici, le po\u00e8te proph\u00e8te id\u00e9aliste se transforme en un po\u00e8te engag\u00e9 r\u00e9aliste .<\/strong><\/p>\n<p><strong>Quant au style , il est conforme aux caract\u00e9ristiques de l\u2019\u00e9criture de ce po\u00e8te et en premier lieu l\u2019ambiance \u00e9nigmatique dans laquelle il fait baigner ses textes \u00e0 partir d\u2019une image m\u00e9taphorique \u00a0centrale comme celle du radeau tremblant ici qui \u00e9voque la pr\u00e9carit\u00e9 du devenir et sa mutabilit\u00e9 . Mais le po\u00e8te, gr\u00e2ce \u00e0 sa patience et sa t\u00e9nacit\u00e9 fait face \u00e0 toutes les temp\u00eates\u00a0 jusqu\u2019\u00e0 ce que son radeau \u00a0atteigne la rive du salut et mouille en toute s\u00e9curit\u00e9, ce qui a contribu\u00e9 \u00e0 cr\u00e9er une ambiance de suspense et d\u2019ambig\u00fcit\u00e9 .<\/strong><\/p>\n<p>&nbsp;<\/p>\n<p>&nbsp;<\/p>\n<p>&nbsp;<\/p>\n<p>&nbsp;<\/p>\n","protected":false},"excerpt":{"rendered":"<p>&nbsp; Qui es-tu, promeneur solitaire ? Image \u00e9ph\u00e9m\u00e8re, Passager sans gite dans la nuit tentaculaire, Maitre domestique du mot&#8230; \u00a0 \u00c9trangecavalier, Ne te retourne pas ! Dans ta Sodome et ta Gomorrhe , l&#8217;Histoire rampe lapid\u00e9e&#8230; Enl\u00e8ve le mors saignant de ton cheval, Efface les orni\u00e8res ombilicales de ta cal\u00e8che , Etouffe le silence qui &#8230;<\/p>\n","protected":false},"author":2,"featured_media":3385,"comment_status":"open","ping_status":"open","sticky":false,"template":"","format":"standard","meta":[],"categories":[8],"tags":[],"yoast_head":"<!-- This site is optimized with the Yoast SEO plugin v19.3 - https:\/\/yoast.com\/wordpress\/plugins\/seo\/ -->\n<title>Po\u00e8me du jour : Le radeau tremblant par : Abdelmalek Rochdi- po\u00e8te marocain - Culminances<\/title>\n<meta name=\"robots\" content=\"index, follow, max-snippet:-1, max-image-preview:large, max-video-preview:-1\" \/>\n<link rel=\"canonical\" href=\"https:\/\/www.masharif.com\/fr\/2016\/09\/23\/poeme-jour-radeau-tremblant-abdelmalek-rochdi-poete-marocain\/\" \/>\n<meta property=\"og:locale\" content=\"fr_FR\" \/>\n<meta property=\"og:type\" content=\"article\" \/>\n<meta property=\"og:title\" content=\"Po\u00e8me du jour : Le radeau tremblant par : Abdelmalek Rochdi- po\u00e8te marocain - Culminances\" \/>\n<meta property=\"og:description\" content=\"&nbsp; Qui es-tu, promeneur solitaire ? Image \u00e9ph\u00e9m\u00e8re, Passager sans gite dans la nuit tentaculaire, Maitre domestique du mot&#8230; \u00a0 \u00c9trangecavalier, Ne te retourne pas ! Dans ta Sodome et ta Gomorrhe , l&#8217;Histoire rampe lapid\u00e9e&#8230; Enl\u00e8ve le mors saignant de ton cheval, Efface les orni\u00e8res ombilicales de ta cal\u00e8che , Etouffe le silence qui ...\" \/>\n<meta property=\"og:url\" content=\"https:\/\/www.masharif.com\/fr\/2016\/09\/23\/poeme-jour-radeau-tremblant-abdelmalek-rochdi-poete-marocain\/\" \/>\n<meta property=\"og:site_name\" content=\"Culminances\" \/>\n<meta property=\"article:published_time\" content=\"2016-09-23T06:25:09+00:00\" \/>\n<meta property=\"article:modified_time\" content=\"2016-10-18T17:21:29+00:00\" \/>\n<meta property=\"og:image\" content=\"https:\/\/www.masharif.com\/fr\/wp-content\/uploads\/2016\/09\/10632849_543238235806090_5096759155910907426_n.jpg\" \/>\n\t<meta property=\"og:image:width\" content=\"296\" \/>\n\t<meta property=\"og:image:height\" content=\"394\" \/>\n\t<meta property=\"og:image:type\" content=\"image\/jpeg\" \/>\n<meta name=\"author\" content=\"Mohamed Salah Ben Amor\" \/>\n<meta name=\"twitter:card\" content=\"summary\" \/>\n<meta name=\"twitter:label1\" content=\"\u00c9crit par\" \/>\n\t<meta name=\"twitter:data1\" content=\"Mohamed Salah Ben Amor\" \/>\n\t<meta name=\"twitter:label2\" content=\"Dur\u00e9e de lecture estim\u00e9e\" \/>\n\t<meta name=\"twitter:data2\" content=\"3 minutes\" \/>\n<script type=\"application\/ld+json\" class=\"yoast-schema-graph\">{\"@context\":\"https:\/\/schema.org\",\"@graph\":[{\"@type\":\"WebSite\",\"@id\":\"https:\/\/www.masharif.com\/fr\/#website\",\"url\":\"https:\/\/www.masharif.com\/fr\/\",\"name\":\"Culminances\",\"description\":\"\",\"potentialAction\":[{\"@type\":\"SearchAction\",\"target\":{\"@type\":\"EntryPoint\",\"urlTemplate\":\"https:\/\/www.masharif.com\/fr\/?s={search_term_string}\"},\"query-input\":\"required name=search_term_string\"}],\"inLanguage\":\"fr-FR\"},{\"@type\":\"ImageObject\",\"inLanguage\":\"fr-FR\",\"@id\":\"https:\/\/www.masharif.com\/fr\/2016\/09\/23\/poeme-jour-radeau-tremblant-abdelmalek-rochdi-poete-marocain\/#primaryimage\",\"url\":\"http:\/\/www.masharif.com\/fr\/wp-content\/uploads\/2016\/09\/10632849_543238235806090_5096759155910907426_n.jpg\",\"contentUrl\":\"http:\/\/www.masharif.com\/fr\/wp-content\/uploads\/2016\/09\/10632849_543238235806090_5096759155910907426_n.jpg\",\"width\":296,\"height\":394},{\"@type\":\"WebPage\",\"@id\":\"https:\/\/www.masharif.com\/fr\/2016\/09\/23\/poeme-jour-radeau-tremblant-abdelmalek-rochdi-poete-marocain\/\",\"url\":\"https:\/\/www.masharif.com\/fr\/2016\/09\/23\/poeme-jour-radeau-tremblant-abdelmalek-rochdi-poete-marocain\/\",\"name\":\"Po\u00e8me du jour : Le radeau tremblant par : Abdelmalek Rochdi- po\u00e8te marocain - Culminances\",\"isPartOf\":{\"@id\":\"https:\/\/www.masharif.com\/fr\/#website\"},\"primaryImageOfPage\":{\"@id\":\"https:\/\/www.masharif.com\/fr\/2016\/09\/23\/poeme-jour-radeau-tremblant-abdelmalek-rochdi-poete-marocain\/#primaryimage\"},\"datePublished\":\"2016-09-23T06:25:09+00:00\",\"dateModified\":\"2016-10-18T17:21:29+00:00\",\"author\":{\"@id\":\"https:\/\/www.masharif.com\/fr\/#\/schema\/person\/839a7026efe9fa825134097c1041e4a0\"},\"breadcrumb\":{\"@id\":\"https:\/\/www.masharif.com\/fr\/2016\/09\/23\/poeme-jour-radeau-tremblant-abdelmalek-rochdi-poete-marocain\/#breadcrumb\"},\"inLanguage\":\"fr-FR\",\"potentialAction\":[{\"@type\":\"ReadAction\",\"target\":[\"https:\/\/www.masharif.com\/fr\/2016\/09\/23\/poeme-jour-radeau-tremblant-abdelmalek-rochdi-poete-marocain\/\"]}]},{\"@type\":\"BreadcrumbList\",\"@id\":\"https:\/\/www.masharif.com\/fr\/2016\/09\/23\/poeme-jour-radeau-tremblant-abdelmalek-rochdi-poete-marocain\/#breadcrumb\",\"itemListElement\":[{\"@type\":\"ListItem\",\"position\":1,\"name\":\"Home\",\"item\":\"https:\/\/www.masharif.com\/fr\/\"},{\"@type\":\"ListItem\",\"position\":2,\"name\":\"Po\u00e8me du jour : Le radeau tremblant par : Abdelmalek Rochdi- po\u00e8te marocain\"}]},{\"@type\":\"Person\",\"@id\":\"https:\/\/www.masharif.com\/fr\/#\/schema\/person\/839a7026efe9fa825134097c1041e4a0\",\"name\":\"Mohamed Salah Ben Amor\",\"image\":{\"@type\":\"ImageObject\",\"inLanguage\":\"fr-FR\",\"@id\":\"https:\/\/www.masharif.com\/fr\/#\/schema\/person\/image\/\",\"url\":\"http:\/\/0.gravatar.com\/avatar\/f64806401ad5ed604ffec2272b19ef46?s=96&d=identicon&r=g\",\"contentUrl\":\"http:\/\/0.gravatar.com\/avatar\/f64806401ad5ed604ffec2272b19ef46?s=96&d=identicon&r=g\",\"caption\":\"Mohamed Salah Ben Amor\"},\"sameAs\":[\"http:\/\/ben-amor.info\"],\"url\":\"http:\/\/www.masharif.com\/fr\/author\/msba\/\"}]}<\/script>\n<!-- \/ Yoast SEO plugin. -->","yoast_head_json":{"title":"Po\u00e8me du jour : Le radeau tremblant par : Abdelmalek Rochdi- po\u00e8te marocain - Culminances","robots":{"index":"index","follow":"follow","max-snippet":"max-snippet:-1","max-image-preview":"max-image-preview:large","max-video-preview":"max-video-preview:-1"},"canonical":"https:\/\/www.masharif.com\/fr\/2016\/09\/23\/poeme-jour-radeau-tremblant-abdelmalek-rochdi-poete-marocain\/","og_locale":"fr_FR","og_type":"article","og_title":"Po\u00e8me du jour : Le radeau tremblant par : Abdelmalek Rochdi- po\u00e8te marocain - Culminances","og_description":"&nbsp; Qui es-tu, promeneur solitaire ? Image \u00e9ph\u00e9m\u00e8re, Passager sans gite dans la nuit tentaculaire, Maitre domestique du mot&#8230; \u00a0 \u00c9trangecavalier, Ne te retourne pas ! Dans ta Sodome et ta Gomorrhe , l&#8217;Histoire rampe lapid\u00e9e&#8230; Enl\u00e8ve le mors saignant de ton cheval, Efface les orni\u00e8res ombilicales de ta cal\u00e8che , Etouffe le silence qui ...","og_url":"https:\/\/www.masharif.com\/fr\/2016\/09\/23\/poeme-jour-radeau-tremblant-abdelmalek-rochdi-poete-marocain\/","og_site_name":"Culminances","article_published_time":"2016-09-23T06:25:09+00:00","article_modified_time":"2016-10-18T17:21:29+00:00","og_image":[{"width":296,"height":394,"url":"https:\/\/www.masharif.com\/fr\/wp-content\/uploads\/2016\/09\/10632849_543238235806090_5096759155910907426_n.jpg","type":"image\/jpeg"}],"author":"Mohamed Salah Ben Amor","twitter_card":"summary","twitter_misc":{"\u00c9crit par":"Mohamed Salah Ben Amor","Dur\u00e9e de lecture estim\u00e9e":"3 minutes"},"schema":{"@context":"https:\/\/schema.org","@graph":[{"@type":"WebSite","@id":"https:\/\/www.masharif.com\/fr\/#website","url":"https:\/\/www.masharif.com\/fr\/","name":"Culminances","description":"","potentialAction":[{"@type":"SearchAction","target":{"@type":"EntryPoint","urlTemplate":"https:\/\/www.masharif.com\/fr\/?s={search_term_string}"},"query-input":"required name=search_term_string"}],"inLanguage":"fr-FR"},{"@type":"ImageObject","inLanguage":"fr-FR","@id":"https:\/\/www.masharif.com\/fr\/2016\/09\/23\/poeme-jour-radeau-tremblant-abdelmalek-rochdi-poete-marocain\/#primaryimage","url":"http:\/\/www.masharif.com\/fr\/wp-content\/uploads\/2016\/09\/10632849_543238235806090_5096759155910907426_n.jpg","contentUrl":"http:\/\/www.masharif.com\/fr\/wp-content\/uploads\/2016\/09\/10632849_543238235806090_5096759155910907426_n.jpg","width":296,"height":394},{"@type":"WebPage","@id":"https:\/\/www.masharif.com\/fr\/2016\/09\/23\/poeme-jour-radeau-tremblant-abdelmalek-rochdi-poete-marocain\/","url":"https:\/\/www.masharif.com\/fr\/2016\/09\/23\/poeme-jour-radeau-tremblant-abdelmalek-rochdi-poete-marocain\/","name":"Po\u00e8me du jour : Le radeau tremblant par : Abdelmalek Rochdi- po\u00e8te marocain - Culminances","isPartOf":{"@id":"https:\/\/www.masharif.com\/fr\/#website"},"primaryImageOfPage":{"@id":"https:\/\/www.masharif.com\/fr\/2016\/09\/23\/poeme-jour-radeau-tremblant-abdelmalek-rochdi-poete-marocain\/#primaryimage"},"datePublished":"2016-09-23T06:25:09+00:00","dateModified":"2016-10-18T17:21:29+00:00","author":{"@id":"https:\/\/www.masharif.com\/fr\/#\/schema\/person\/839a7026efe9fa825134097c1041e4a0"},"breadcrumb":{"@id":"https:\/\/www.masharif.com\/fr\/2016\/09\/23\/poeme-jour-radeau-tremblant-abdelmalek-rochdi-poete-marocain\/#breadcrumb"},"inLanguage":"fr-FR","potentialAction":[{"@type":"ReadAction","target":["https:\/\/www.masharif.com\/fr\/2016\/09\/23\/poeme-jour-radeau-tremblant-abdelmalek-rochdi-poete-marocain\/"]}]},{"@type":"BreadcrumbList","@id":"https:\/\/www.masharif.com\/fr\/2016\/09\/23\/poeme-jour-radeau-tremblant-abdelmalek-rochdi-poete-marocain\/#breadcrumb","itemListElement":[{"@type":"ListItem","position":1,"name":"Home","item":"https:\/\/www.masharif.com\/fr\/"},{"@type":"ListItem","position":2,"name":"Po\u00e8me du jour : Le radeau tremblant par : Abdelmalek Rochdi- po\u00e8te marocain"}]},{"@type":"Person","@id":"https:\/\/www.masharif.com\/fr\/#\/schema\/person\/839a7026efe9fa825134097c1041e4a0","name":"Mohamed Salah Ben Amor","image":{"@type":"ImageObject","inLanguage":"fr-FR","@id":"https:\/\/www.masharif.com\/fr\/#\/schema\/person\/image\/","url":"http:\/\/0.gravatar.com\/avatar\/f64806401ad5ed604ffec2272b19ef46?s=96&d=identicon&r=g","contentUrl":"http:\/\/0.gravatar.com\/avatar\/f64806401ad5ed604ffec2272b19ef46?s=96&d=identicon&r=g","caption":"Mohamed Salah Ben Amor"},"sameAs":["http:\/\/ben-amor.info"],"url":"http:\/\/www.masharif.com\/fr\/author\/msba\/"}]}},"_links":{"self":[{"href":"http:\/\/www.masharif.com\/fr\/wp-json\/wp\/v2\/posts\/3392"}],"collection":[{"href":"http:\/\/www.masharif.com\/fr\/wp-json\/wp\/v2\/posts"}],"about":[{"href":"http:\/\/www.masharif.com\/fr\/wp-json\/wp\/v2\/types\/post"}],"author":[{"embeddable":true,"href":"http:\/\/www.masharif.com\/fr\/wp-json\/wp\/v2\/users\/2"}],"replies":[{"embeddable":true,"href":"http:\/\/www.masharif.com\/fr\/wp-json\/wp\/v2\/comments?post=3392"}],"version-history":[{"count":4,"href":"http:\/\/www.masharif.com\/fr\/wp-json\/wp\/v2\/posts\/3392\/revisions"}],"predecessor-version":[{"id":3589,"href":"http:\/\/www.masharif.com\/fr\/wp-json\/wp\/v2\/posts\/3392\/revisions\/3589"}],"wp:featuredmedia":[{"embeddable":true,"href":"http:\/\/www.masharif.com\/fr\/wp-json\/wp\/v2\/media\/3385"}],"wp:attachment":[{"href":"http:\/\/www.masharif.com\/fr\/wp-json\/wp\/v2\/media?parent=3392"}],"wp:term":[{"taxonomy":"category","embeddable":true,"href":"http:\/\/www.masharif.com\/fr\/wp-json\/wp\/v2\/categories?post=3392"},{"taxonomy":"post_tag","embeddable":true,"href":"http:\/\/www.masharif.com\/fr\/wp-json\/wp\/v2\/tags?post=3392"}],"curies":[{"name":"wp","href":"https:\/\/api.w.org\/{rel}","templated":true}]}}