{"id":3275,"date":"2016-09-10T11:23:51","date_gmt":"2016-09-10T10:23:51","guid":{"rendered":"http:\/\/www.masharif.com\/fr\/?p=3275"},"modified":"2017-07-10T06:36:19","modified_gmt":"2017-07-10T05:36:19","slug":"cest-tremble-laura-mucelli-klemm-poetesse-italienne-france","status":"publish","type":"post","link":"http:\/\/www.masharif.com\/fr\/2016\/09\/10\/cest-tremble-laura-mucelli-klemm-poetesse-italienne-france\/","title":{"rendered":"C\u2019est encore elle qui tremble par :Laura Mucelli Klemm  &#8211; po\u00e9tesse italienne &#8211; France"},"content":{"rendered":"<p style=\"text-align: right;\"><strong>\u00a0\u0625\u0646\u0651\u0647\u0627 \u0647\u064a \u0645\u0631\u0651\u0629\u064b \u0623\u062e\u0631\u0649 <\/strong><br \/>\n<strong>\u0634\u0639\u0631: \u0644\u0648\u0631\u0627 \u0643\u0644\u0627\u0645 \u0645\u0648\u0633\u0644\u0651\u064a \u2013 \u0634\u0627\u0639\u0631\u0629 \u0625\u064a\u0637\u0627\u0644\u064a\u0651\u0629 \u2013 \u0641\u0631\u0646\u0633\u0627<\/strong><\/p>\n<div id=\"attachment_3265\" style=\"width: 235px\" class=\"wp-caption alignnone\"><a href=\"http:\/\/www.masharif.com\/fr\/wp-content\/uploads\/2016\/08\/14199592_274535779599659_8636972437086887037_n.jpg\"><img aria-describedby=\"caption-attachment-3265\" loading=\"lazy\" class=\"wp-image-3265 size-medium\" src=\"http:\/\/www.masharif.com\/fr\/wp-content\/uploads\/2016\/08\/14199592_274535779599659_8636972437086887037_n-225x300.jpg\" width=\"225\" height=\"300\" srcset=\"http:\/\/www.masharif.com\/fr\/wp-content\/uploads\/2016\/08\/14199592_274535779599659_8636972437086887037_n-225x300.jpg 225w, http:\/\/www.masharif.com\/fr\/wp-content\/uploads\/2016\/08\/14199592_274535779599659_8636972437086887037_n.jpg 296w\" sizes=\"(max-width: 225px) 100vw, 225px\" \/><\/a><p id=\"caption-attachment-3265\" class=\"wp-caption-text\">Laura Mucelli Klemm<\/p><\/div>\n<p><a href=\"http:\/\/www.masharif.com\/fr\/wp-content\/uploads\/2016\/09\/6-pTwOTn4NyncZHVxBLxSS65w4I.jpg\"><img loading=\"lazy\" class=\"alignnone size-medium wp-image-3276\" src=\"http:\/\/www.masharif.com\/fr\/wp-content\/uploads\/2016\/09\/6-pTwOTn4NyncZHVxBLxSS65w4I-300x300.jpg\" alt=\"6-ptwotn4nynczhvxblxss65w4i\" width=\"300\" height=\"300\" srcset=\"http:\/\/www.masharif.com\/fr\/wp-content\/uploads\/2016\/09\/6-pTwOTn4NyncZHVxBLxSS65w4I-300x300.jpg 300w, http:\/\/www.masharif.com\/fr\/wp-content\/uploads\/2016\/09\/6-pTwOTn4NyncZHVxBLxSS65w4I-150x150.jpg 150w, http:\/\/www.masharif.com\/fr\/wp-content\/uploads\/2016\/09\/6-pTwOTn4NyncZHVxBLxSS65w4I-55x55.jpg 55w, http:\/\/www.masharif.com\/fr\/wp-content\/uploads\/2016\/09\/6-pTwOTn4NyncZHVxBLxSS65w4I.jpg 450w\" sizes=\"(max-width: 300px) 100vw, 300px\" \/><\/a><\/p>\n<p><strong>C\u2019est encore elle qui tremble<\/strong><br \/>\n<strong> Chaque nuit face \u00e0 l\u2019indicible<\/strong><br \/>\n<strong> Puisque l\u2019amour est oc\u00e9an.<\/strong><br \/>\n<strong> Face au ciel !<\/strong><br \/>\n<strong> Que sommes-nous au c\u0153ur du temps<\/strong><br \/>\n<strong> De fr\u00eales ombres au n\u00e9ant<\/strong><br \/>\n<strong> Des enfants mus par les \u00e9toiles.<\/strong><br \/>\n<strong> Et pourtant, j\u2019entends la terre qui s\u2019\u00e9coule<\/strong><br \/>\n<strong> Dans l\u2019ambre douce sur l\u2019encre noire<\/strong><br \/>\n<strong> Dans la couleur d\u2019un pr\u00e9cipice.<\/strong><br \/>\n<strong> Et je lisse\u00a0<\/strong><br \/>\n<strong> Comme on arp\u00e8ge le silence<\/strong><br \/>\n<strong> A fleur de peau, au firmament.<\/strong><\/p>\n<p><strong>\u00a0<\/strong><\/p>\n<p>&nbsp;<\/p>\n<div class=\"_5x46\"><\/div>\n<div id=\"js_33\" class=\"_5pbx userContent\" data-ft=\"{&quot;tn&quot;:&quot;K&quot;}\">\n<div class=\"_5wj-\" dir=\"rtl\">\n<div id=\"id_57d436a58abeb2094167597\" class=\"text_exposed_root text_exposed\">\n<p><strong>\u00a0\u0625\u0646\u0651\u0647\u0627 \u0647\u064a \u0645\u0631\u0651\u0629\u064b \u0623\u062e\u0631\u0649 <\/strong><br \/>\n<strong>\u0634\u0639\u0631: \u0644\u0648\u0631\u0627 \u0643\u0644\u0627\u0645 \u0645\u0648\u0633\u0644\u0651\u064a \u2013 \u0634\u0627\u0639\u0631\u0629 \u0625\u064a\u0637\u0627\u0644\u064a\u0651\u0629 \u2013 \u0641\u0631\u0646\u0633\u0627<\/strong><br \/>\n<strong>Laura Mucelli Klemm<\/strong><\/p>\n<p><strong>\u00a0<\/strong><\/p>\n<p><strong>\u0625\u0646\u0651\u0647\u0627 \u0647\u064a \u0645\u0631\u0651\u0629\u064b \u0623\u062e\u0631\u0649 <\/strong><br \/>\n<strong> \u062a\u0631\u062a\u0639\u062f\u064f \u0641\u0631\u0627\u0626\u0635\u064f\u0647\u0627<\/strong><br \/>\n<strong> \u0643\u0644\u0651\u0645\u0627 \u062c\u0646\u0651\u064e \u0627\u0644\u0644\u0651\u064a\u0644\u064f<\/strong><br \/>\n<strong> \u0648\u0627\u0633\u062a\u062d\u0627\u0644\u064e \u0627\u0644\u0643\u0644\u0627\u0645\u064f <\/strong><br \/>\n<strong> \u0645\u0627\u062f\u0627\u0645\u064e \u0627\u0644\u062d\u064f\u0628\u0651\u064f \u0628\u0627\u0644\u0642\u0644\u0648\u0628\u0650 \u0645\u064f\u062d\u0650\u064a\u0642\u0627<\/strong><br \/>\n<strong> \u0648\u0625\u0632\u0627\u0621\u0650 \u0627\u0644\u0633\u0651\u0645\u0627\u0621\u0650 \u0628\u062d\u0631\u064b\u0627 \u0645\u064f\u062d\u064a\u0637\u064b\u0627<\/strong><br \/>\n<strong> \u0641\u0645\u0646 \u0646\u062d\u0646\u064f \u064a\u0627 \u062a\u0631\u0649 \u0641\u064a \u0642\u0644\u0628\u0650 \u0627\u0644\u0632\u0651\u0645\u0646\u0650 \u0627\u0644\u0623\u062f\u0647\u0645\u0650<\/strong><br \/>\n<strong> \u063a\u064a\u0631\u064e \u0623\u0637\u0641\u0627\u0644\u064d \u0635\u063a\u0627\u0631\u0652<\/strong><br \/>\n<strong> \u062a\u062d\u0631\u0651\u0643\u064f\u0647\u0645\u064f \u0627\u0644\u0646\u0651\u062c\u0648\u0645\u064f<\/strong><br \/>\n<strong> \u0648\u062a\u062a\u0639\u0627\u0648\u0631\u064f\u0647\u0645 \u0627\u0644\u0623\u0642\u062f\u0627\u0631\u0652<\/strong><\/p>\n<p><strong>\u0648\u0645\u0639 \u0630\u0644\u0643\u064e \u0623\u0633\u0645\u0639\u064f \u0627\u0644\u0623\u0631\u0636\u064e \u062a\u0633\u064a\u0644\u064f<\/strong><br \/>\n<strong> \u0641\u064a \u0627\u0644\u0639\u0646\u0628\u0631\u0650 \u0627\u0644\u0646\u0651\u0627\u0639\u0645\u0650<\/strong><br \/>\n<strong> \u0639\u0644\u0649 \u0627\u0644\u062d\u0628\u0631\u0650 \u0627\u0644\u0623\u0633\u0648\u062f\u0650<\/strong><br \/>\n<strong> \u0627\u0644\u0642\u0627\u062a\u0645\u0650 \u0643\u0627\u0644\u0647\u0651\u0648\u0629\u0650 \u0627\u0644\u062d\u0627\u0644\u0643\u0629\u0652<\/strong><br \/>\n<strong> \u0641\u0623\u0635\u0642\u064f\u0644\u064f \u0627\u0644\u0635\u0651\u0645\u062a\u064e \u0648\u0623\u0646\u0639\u0651\u0650\u0645\u064f\u0647\u064f<\/strong><br \/>\n<strong> \u0648\u0628\u062d\u0633\u0627\u0633\u064a\u0629\u064d \u0645\u064f\u0631\u0652\u0647\u0641\u0629\u064d \u0623\u062c\u0648\u0651\u0650\u062f\u064f\u0647\u064f<\/strong><br \/>\n<strong> \u0648\u0641\u064a \u0627\u0644\u0642\u0628\u0651\u0629\u0650 \u0627\u0644\u0632\u0651\u0631\u0642\u0627\u0621\u0650 \u0623\u064f\u0646\u063a\u0651\u0650\u0645\u064f\u0647\u064f<\/strong><\/p>\n<p>&nbsp;<\/p>\n<p>&nbsp;<\/p>\n<\/div>\n<\/div>\n<\/div>\n","protected":false},"excerpt":{"rendered":"<p>\u00a0\u0625\u0646\u0651\u0647\u0627 \u0647\u064a \u0645\u0631\u0651\u0629\u064b \u0623\u062e\u0631\u0649 \u0634\u0639\u0631: \u0644\u0648\u0631\u0627 \u0643\u0644\u0627\u0645 \u0645\u0648\u0633\u0644\u0651\u064a \u2013 \u0634\u0627\u0639\u0631\u0629 \u0625\u064a\u0637\u0627\u0644\u064a\u0651\u0629 \u2013 \u0641\u0631\u0646\u0633\u0627 C\u2019est encore elle qui tremble Chaque nuit face \u00e0 l\u2019indicible Puisque l\u2019amour est oc\u00e9an. Face au ciel ! Que sommes-nous au c\u0153ur du temps De fr\u00eales ombres au n\u00e9ant Des enfants mus par les \u00e9toiles. Et pourtant, j\u2019entends la terre qui s\u2019\u00e9coule &#8230;<\/p>\n","protected":false},"author":2,"featured_media":3265,"comment_status":"open","ping_status":"open","sticky":false,"template":"","format":"standard","meta":[],"categories":[4],"tags":[],"yoast_head":"<!-- This site is optimized with the Yoast SEO plugin v19.3 - https:\/\/yoast.com\/wordpress\/plugins\/seo\/ -->\n<title>C\u2019est encore elle qui tremble par :Laura Mucelli Klemm - po\u00e9tesse italienne - France - Culminances<\/title>\n<meta name=\"robots\" content=\"index, follow, max-snippet:-1, max-image-preview:large, max-video-preview:-1\" \/>\n<link rel=\"canonical\" href=\"https:\/\/www.masharif.com\/fr\/2016\/09\/10\/cest-tremble-laura-mucelli-klemm-poetesse-italienne-france\/\" \/>\n<meta property=\"og:locale\" content=\"fr_FR\" \/>\n<meta property=\"og:type\" content=\"article\" \/>\n<meta property=\"og:title\" content=\"C\u2019est encore elle qui tremble par :Laura Mucelli Klemm - po\u00e9tesse italienne - France - Culminances\" \/>\n<meta property=\"og:description\" content=\"\u00a0\u0625\u0646\u0651\u0647\u0627 \u0647\u064a \u0645\u0631\u0651\u0629\u064b \u0623\u062e\u0631\u0649 \u0634\u0639\u0631: \u0644\u0648\u0631\u0627 \u0643\u0644\u0627\u0645 \u0645\u0648\u0633\u0644\u0651\u064a \u2013 \u0634\u0627\u0639\u0631\u0629 \u0625\u064a\u0637\u0627\u0644\u064a\u0651\u0629 \u2013 \u0641\u0631\u0646\u0633\u0627 C\u2019est encore elle qui tremble Chaque nuit face \u00e0 l\u2019indicible Puisque l\u2019amour est oc\u00e9an. Face au ciel ! Que sommes-nous au c\u0153ur du temps De fr\u00eales ombres au n\u00e9ant Des enfants mus par les \u00e9toiles. Et pourtant, j\u2019entends la terre qui s\u2019\u00e9coule ...\" \/>\n<meta property=\"og:url\" content=\"https:\/\/www.masharif.com\/fr\/2016\/09\/10\/cest-tremble-laura-mucelli-klemm-poetesse-italienne-france\/\" \/>\n<meta property=\"og:site_name\" content=\"Culminances\" \/>\n<meta property=\"article:published_time\" content=\"2016-09-10T10:23:51+00:00\" \/>\n<meta property=\"article:modified_time\" content=\"2017-07-10T05:36:19+00:00\" \/>\n<meta property=\"og:image\" content=\"https:\/\/www.masharif.com\/fr\/wp-content\/uploads\/2016\/08\/14199592_274535779599659_8636972437086887037_n.jpg\" \/>\n\t<meta property=\"og:image:width\" content=\"296\" \/>\n\t<meta property=\"og:image:height\" content=\"394\" \/>\n\t<meta property=\"og:image:type\" content=\"image\/jpeg\" \/>\n<meta name=\"author\" content=\"Mohamed Salah Ben Amor\" \/>\n<meta name=\"twitter:card\" content=\"summary\" \/>\n<meta name=\"twitter:label1\" content=\"\u00c9crit par\" \/>\n\t<meta name=\"twitter:data1\" content=\"Mohamed Salah Ben Amor\" \/>\n<script type=\"application\/ld+json\" class=\"yoast-schema-graph\">{\"@context\":\"https:\/\/schema.org\",\"@graph\":[{\"@type\":\"WebSite\",\"@id\":\"https:\/\/www.masharif.com\/fr\/#website\",\"url\":\"https:\/\/www.masharif.com\/fr\/\",\"name\":\"Culminances\",\"description\":\"\",\"potentialAction\":[{\"@type\":\"SearchAction\",\"target\":{\"@type\":\"EntryPoint\",\"urlTemplate\":\"https:\/\/www.masharif.com\/fr\/?s={search_term_string}\"},\"query-input\":\"required name=search_term_string\"}],\"inLanguage\":\"fr-FR\"},{\"@type\":\"ImageObject\",\"inLanguage\":\"fr-FR\",\"@id\":\"https:\/\/www.masharif.com\/fr\/2016\/09\/10\/cest-tremble-laura-mucelli-klemm-poetesse-italienne-france\/#primaryimage\",\"url\":\"http:\/\/www.masharif.com\/fr\/wp-content\/uploads\/2016\/08\/14199592_274535779599659_8636972437086887037_n.jpg\",\"contentUrl\":\"http:\/\/www.masharif.com\/fr\/wp-content\/uploads\/2016\/08\/14199592_274535779599659_8636972437086887037_n.jpg\",\"width\":296,\"height\":394},{\"@type\":\"WebPage\",\"@id\":\"https:\/\/www.masharif.com\/fr\/2016\/09\/10\/cest-tremble-laura-mucelli-klemm-poetesse-italienne-france\/\",\"url\":\"https:\/\/www.masharif.com\/fr\/2016\/09\/10\/cest-tremble-laura-mucelli-klemm-poetesse-italienne-france\/\",\"name\":\"C\u2019est encore elle qui tremble par :Laura Mucelli Klemm - po\u00e9tesse italienne - France - Culminances\",\"isPartOf\":{\"@id\":\"https:\/\/www.masharif.com\/fr\/#website\"},\"primaryImageOfPage\":{\"@id\":\"https:\/\/www.masharif.com\/fr\/2016\/09\/10\/cest-tremble-laura-mucelli-klemm-poetesse-italienne-france\/#primaryimage\"},\"datePublished\":\"2016-09-10T10:23:51+00:00\",\"dateModified\":\"2017-07-10T05:36:19+00:00\",\"author\":{\"@id\":\"https:\/\/www.masharif.com\/fr\/#\/schema\/person\/839a7026efe9fa825134097c1041e4a0\"},\"breadcrumb\":{\"@id\":\"https:\/\/www.masharif.com\/fr\/2016\/09\/10\/cest-tremble-laura-mucelli-klemm-poetesse-italienne-france\/#breadcrumb\"},\"inLanguage\":\"fr-FR\",\"potentialAction\":[{\"@type\":\"ReadAction\",\"target\":[\"https:\/\/www.masharif.com\/fr\/2016\/09\/10\/cest-tremble-laura-mucelli-klemm-poetesse-italienne-france\/\"]}]},{\"@type\":\"BreadcrumbList\",\"@id\":\"https:\/\/www.masharif.com\/fr\/2016\/09\/10\/cest-tremble-laura-mucelli-klemm-poetesse-italienne-france\/#breadcrumb\",\"itemListElement\":[{\"@type\":\"ListItem\",\"position\":1,\"name\":\"Home\",\"item\":\"https:\/\/www.masharif.com\/fr\/\"},{\"@type\":\"ListItem\",\"position\":2,\"name\":\"C\u2019est encore elle qui tremble par :Laura Mucelli Klemm &#8211; po\u00e9tesse italienne &#8211; France\"}]},{\"@type\":\"Person\",\"@id\":\"https:\/\/www.masharif.com\/fr\/#\/schema\/person\/839a7026efe9fa825134097c1041e4a0\",\"name\":\"Mohamed Salah Ben Amor\",\"image\":{\"@type\":\"ImageObject\",\"inLanguage\":\"fr-FR\",\"@id\":\"https:\/\/www.masharif.com\/fr\/#\/schema\/person\/image\/\",\"url\":\"http:\/\/0.gravatar.com\/avatar\/f64806401ad5ed604ffec2272b19ef46?s=96&d=identicon&r=g\",\"contentUrl\":\"http:\/\/0.gravatar.com\/avatar\/f64806401ad5ed604ffec2272b19ef46?s=96&d=identicon&r=g\",\"caption\":\"Mohamed Salah Ben Amor\"},\"sameAs\":[\"http:\/\/ben-amor.info\"],\"url\":\"http:\/\/www.masharif.com\/fr\/author\/msba\/\"}]}<\/script>\n<!-- \/ Yoast SEO plugin. -->","yoast_head_json":{"title":"C\u2019est encore elle qui tremble par :Laura Mucelli Klemm - po\u00e9tesse italienne - France - Culminances","robots":{"index":"index","follow":"follow","max-snippet":"max-snippet:-1","max-image-preview":"max-image-preview:large","max-video-preview":"max-video-preview:-1"},"canonical":"https:\/\/www.masharif.com\/fr\/2016\/09\/10\/cest-tremble-laura-mucelli-klemm-poetesse-italienne-france\/","og_locale":"fr_FR","og_type":"article","og_title":"C\u2019est encore elle qui tremble par :Laura Mucelli Klemm - po\u00e9tesse italienne - France - Culminances","og_description":"\u00a0\u0625\u0646\u0651\u0647\u0627 \u0647\u064a \u0645\u0631\u0651\u0629\u064b \u0623\u062e\u0631\u0649 \u0634\u0639\u0631: \u0644\u0648\u0631\u0627 \u0643\u0644\u0627\u0645 \u0645\u0648\u0633\u0644\u0651\u064a \u2013 \u0634\u0627\u0639\u0631\u0629 \u0625\u064a\u0637\u0627\u0644\u064a\u0651\u0629 \u2013 \u0641\u0631\u0646\u0633\u0627 C\u2019est encore elle qui tremble Chaque nuit face \u00e0 l\u2019indicible Puisque l\u2019amour est oc\u00e9an. Face au ciel ! Que sommes-nous au c\u0153ur du temps De fr\u00eales ombres au n\u00e9ant Des enfants mus par les \u00e9toiles. Et pourtant, j\u2019entends la terre qui s\u2019\u00e9coule ...","og_url":"https:\/\/www.masharif.com\/fr\/2016\/09\/10\/cest-tremble-laura-mucelli-klemm-poetesse-italienne-france\/","og_site_name":"Culminances","article_published_time":"2016-09-10T10:23:51+00:00","article_modified_time":"2017-07-10T05:36:19+00:00","og_image":[{"width":296,"height":394,"url":"https:\/\/www.masharif.com\/fr\/wp-content\/uploads\/2016\/08\/14199592_274535779599659_8636972437086887037_n.jpg","type":"image\/jpeg"}],"author":"Mohamed Salah Ben Amor","twitter_card":"summary","twitter_misc":{"\u00c9crit par":"Mohamed Salah Ben Amor"},"schema":{"@context":"https:\/\/schema.org","@graph":[{"@type":"WebSite","@id":"https:\/\/www.masharif.com\/fr\/#website","url":"https:\/\/www.masharif.com\/fr\/","name":"Culminances","description":"","potentialAction":[{"@type":"SearchAction","target":{"@type":"EntryPoint","urlTemplate":"https:\/\/www.masharif.com\/fr\/?s={search_term_string}"},"query-input":"required name=search_term_string"}],"inLanguage":"fr-FR"},{"@type":"ImageObject","inLanguage":"fr-FR","@id":"https:\/\/www.masharif.com\/fr\/2016\/09\/10\/cest-tremble-laura-mucelli-klemm-poetesse-italienne-france\/#primaryimage","url":"http:\/\/www.masharif.com\/fr\/wp-content\/uploads\/2016\/08\/14199592_274535779599659_8636972437086887037_n.jpg","contentUrl":"http:\/\/www.masharif.com\/fr\/wp-content\/uploads\/2016\/08\/14199592_274535779599659_8636972437086887037_n.jpg","width":296,"height":394},{"@type":"WebPage","@id":"https:\/\/www.masharif.com\/fr\/2016\/09\/10\/cest-tremble-laura-mucelli-klemm-poetesse-italienne-france\/","url":"https:\/\/www.masharif.com\/fr\/2016\/09\/10\/cest-tremble-laura-mucelli-klemm-poetesse-italienne-france\/","name":"C\u2019est encore elle qui tremble par :Laura Mucelli Klemm - po\u00e9tesse italienne - France - Culminances","isPartOf":{"@id":"https:\/\/www.masharif.com\/fr\/#website"},"primaryImageOfPage":{"@id":"https:\/\/www.masharif.com\/fr\/2016\/09\/10\/cest-tremble-laura-mucelli-klemm-poetesse-italienne-france\/#primaryimage"},"datePublished":"2016-09-10T10:23:51+00:00","dateModified":"2017-07-10T05:36:19+00:00","author":{"@id":"https:\/\/www.masharif.com\/fr\/#\/schema\/person\/839a7026efe9fa825134097c1041e4a0"},"breadcrumb":{"@id":"https:\/\/www.masharif.com\/fr\/2016\/09\/10\/cest-tremble-laura-mucelli-klemm-poetesse-italienne-france\/#breadcrumb"},"inLanguage":"fr-FR","potentialAction":[{"@type":"ReadAction","target":["https:\/\/www.masharif.com\/fr\/2016\/09\/10\/cest-tremble-laura-mucelli-klemm-poetesse-italienne-france\/"]}]},{"@type":"BreadcrumbList","@id":"https:\/\/www.masharif.com\/fr\/2016\/09\/10\/cest-tremble-laura-mucelli-klemm-poetesse-italienne-france\/#breadcrumb","itemListElement":[{"@type":"ListItem","position":1,"name":"Home","item":"https:\/\/www.masharif.com\/fr\/"},{"@type":"ListItem","position":2,"name":"C\u2019est encore elle qui tremble par :Laura Mucelli Klemm &#8211; po\u00e9tesse italienne &#8211; France"}]},{"@type":"Person","@id":"https:\/\/www.masharif.com\/fr\/#\/schema\/person\/839a7026efe9fa825134097c1041e4a0","name":"Mohamed Salah Ben Amor","image":{"@type":"ImageObject","inLanguage":"fr-FR","@id":"https:\/\/www.masharif.com\/fr\/#\/schema\/person\/image\/","url":"http:\/\/0.gravatar.com\/avatar\/f64806401ad5ed604ffec2272b19ef46?s=96&d=identicon&r=g","contentUrl":"http:\/\/0.gravatar.com\/avatar\/f64806401ad5ed604ffec2272b19ef46?s=96&d=identicon&r=g","caption":"Mohamed Salah Ben Amor"},"sameAs":["http:\/\/ben-amor.info"],"url":"http:\/\/www.masharif.com\/fr\/author\/msba\/"}]}},"_links":{"self":[{"href":"http:\/\/www.masharif.com\/fr\/wp-json\/wp\/v2\/posts\/3275"}],"collection":[{"href":"http:\/\/www.masharif.com\/fr\/wp-json\/wp\/v2\/posts"}],"about":[{"href":"http:\/\/www.masharif.com\/fr\/wp-json\/wp\/v2\/types\/post"}],"author":[{"embeddable":true,"href":"http:\/\/www.masharif.com\/fr\/wp-json\/wp\/v2\/users\/2"}],"replies":[{"embeddable":true,"href":"http:\/\/www.masharif.com\/fr\/wp-json\/wp\/v2\/comments?post=3275"}],"version-history":[{"count":5,"href":"http:\/\/www.masharif.com\/fr\/wp-json\/wp\/v2\/posts\/3275\/revisions"}],"predecessor-version":[{"id":5666,"href":"http:\/\/www.masharif.com\/fr\/wp-json\/wp\/v2\/posts\/3275\/revisions\/5666"}],"wp:featuredmedia":[{"embeddable":true,"href":"http:\/\/www.masharif.com\/fr\/wp-json\/wp\/v2\/media\/3265"}],"wp:attachment":[{"href":"http:\/\/www.masharif.com\/fr\/wp-json\/wp\/v2\/media?parent=3275"}],"wp:term":[{"taxonomy":"category","embeddable":true,"href":"http:\/\/www.masharif.com\/fr\/wp-json\/wp\/v2\/categories?post=3275"},{"taxonomy":"post_tag","embeddable":true,"href":"http:\/\/www.masharif.com\/fr\/wp-json\/wp\/v2\/tags?post=3275"}],"curies":[{"name":"wp","href":"https:\/\/api.w.org\/{rel}","templated":true}]}}