{"id":3207,"date":"2016-06-30T18:41:27","date_gmt":"2016-06-30T17:41:27","guid":{"rendered":"http:\/\/www.masharif.com\/fr\/?p=3207"},"modified":"2016-06-30T18:41:27","modified_gmt":"2016-06-30T17:41:27","slug":"a-doux-pere-cherif-chebihi-hassani-casablanca-maroc","status":"publish","type":"post","link":"http:\/\/www.masharif.com\/fr\/2016\/06\/30\/a-doux-pere-cherif-chebihi-hassani-casablanca-maroc\/","title":{"rendered":"A mon doux p\u00e8re par : Cherif Chebihi Hassani \u2013Casablanca-Maroc"},"content":{"rendered":"<div id=\"attachment_3070\" style=\"width: 210px\" class=\"wp-caption alignnone\"><a href=\"http:\/\/www.masharif.com\/fr\/wp-content\/uploads\/2016\/06\/11223645_1657539497858265_7361983477404674277_n.jpg\"><img aria-describedby=\"caption-attachment-3070\" loading=\"lazy\" class=\"wp-image-3070 size-medium\" src=\"http:\/\/www.masharif.com\/fr\/wp-content\/uploads\/2016\/06\/11223645_1657539497858265_7361983477404674277_n-200x300.jpg\" alt=\"11223645_1657539497858265_7361983477404674277_n\" width=\"200\" height=\"300\" srcset=\"http:\/\/www.masharif.com\/fr\/wp-content\/uploads\/2016\/06\/11223645_1657539497858265_7361983477404674277_n-200x300.jpg 200w, http:\/\/www.masharif.com\/fr\/wp-content\/uploads\/2016\/06\/11223645_1657539497858265_7361983477404674277_n.jpg 640w\" sizes=\"(max-width: 200px) 100vw, 200px\" \/><\/a><p id=\"caption-attachment-3070\" class=\"wp-caption-text\">Cherif Chebihi Hassani \u2013Casablanca-Maroc<\/p><\/div>\n<p><a href=\"http:\/\/www.masharif.com\/fr\/wp-content\/uploads\/2016\/06\/la_gloire_de_mon_pere.jpg\"><img loading=\"lazy\" class=\"alignnone size-medium wp-image-3208\" src=\"http:\/\/www.masharif.com\/fr\/wp-content\/uploads\/2016\/06\/la_gloire_de_mon_pere-219x300.jpg\" alt=\"la_gloire_de_mon_pere\" width=\"219\" height=\"300\" srcset=\"http:\/\/www.masharif.com\/fr\/wp-content\/uploads\/2016\/06\/la_gloire_de_mon_pere-219x300.jpg 219w, http:\/\/www.masharif.com\/fr\/wp-content\/uploads\/2016\/06\/la_gloire_de_mon_pere.jpg 296w\" sizes=\"(max-width: 219px) 100vw, 219px\" \/><\/a><br \/>\n<strong>Je ne sais \u00f4 doux p\u00e8re pourquoi<\/strong><br \/>\n<strong> En voulant pour la premi\u00e8re fois<\/strong><br \/>\n<strong> A mon avanc\u00e9 \u00e2ge\u00a0<\/strong><br \/>\n<strong> Te rendre un vibrant Hommage<\/strong><br \/>\n<strong> Je ne trouve \u00e0 mon propos<\/strong><br \/>\n<strong> Que de simples mots.<\/strong><\/p>\n<p><strong> L&#8217;Inspiration qui me ravit<\/strong><br \/>\n<strong> Et souvent me hante, m&#8217;a trahi<\/strong><br \/>\n<strong> M&#8217;a prise en otage<\/strong><br \/>\n<strong> Laissant mon ouvrage<\/strong><br \/>\n<strong> Et mon discours<\/strong><br \/>\n<strong> Sans aucun recours.<\/strong><\/p>\n<p><strong> Qu\u00eatant des vers\u00a0<\/strong><br \/>\n<strong> A tort et \u00e0 travers<\/strong><br \/>\n<strong> Des rimes\u00a0<\/strong><br \/>\n<strong> Et rythmes<\/strong><br \/>\n<strong> Je deviens un rimailleur<\/strong><br \/>\n<strong> Inapte \u00e0 traduire ta grandeur.<\/strong><\/p>\n<p><strong> Peux-tu tol\u00e9rer de cet auteur<\/strong><br \/>\n<strong> &#8211; ton fils &#8211;\u00a0 ce style sans rigueur<\/strong><br \/>\n<strong> Mais qui r\u00e9v\u00e8le un transport<\/strong><br \/>\n<strong> Aussi silencieux que fort<\/strong><br \/>\n<strong> Qui me laisse de dire\u00a0<\/strong><br \/>\n<strong> Sans toi je suis ivre.<\/strong><\/p>\n","protected":false},"excerpt":{"rendered":"<p>Je ne sais \u00f4 doux p\u00e8re pourquoi En voulant pour la premi\u00e8re fois A mon avanc\u00e9 \u00e2ge\u00a0 Te rendre un vibrant Hommage Je ne trouve \u00e0 mon propos Que de simples mots. L&#8217;Inspiration qui me ravit Et souvent me hante, m&#8217;a trahi M&#8217;a prise en otage Laissant mon ouvrage Et mon discours Sans aucun recours. &#8230;<\/p>\n","protected":false},"author":2,"featured_media":3070,"comment_status":"open","ping_status":"open","sticky":false,"template":"","format":"standard","meta":[],"categories":[4],"tags":[],"yoast_head":"<!-- This site is optimized with the Yoast SEO plugin v19.3 - https:\/\/yoast.com\/wordpress\/plugins\/seo\/ -->\n<title>A mon doux p\u00e8re par : Cherif Chebihi Hassani \u2013Casablanca-Maroc - Culminances<\/title>\n<meta name=\"robots\" content=\"index, follow, max-snippet:-1, max-image-preview:large, max-video-preview:-1\" \/>\n<link rel=\"canonical\" href=\"https:\/\/www.masharif.com\/fr\/2016\/06\/30\/a-doux-pere-cherif-chebihi-hassani-casablanca-maroc\/\" \/>\n<meta property=\"og:locale\" content=\"fr_FR\" \/>\n<meta property=\"og:type\" content=\"article\" \/>\n<meta property=\"og:title\" content=\"A mon doux p\u00e8re par : Cherif Chebihi Hassani \u2013Casablanca-Maroc - Culminances\" \/>\n<meta property=\"og:description\" content=\"Je ne sais \u00f4 doux p\u00e8re pourquoi En voulant pour la premi\u00e8re fois A mon avanc\u00e9 \u00e2ge\u00a0 Te rendre un vibrant Hommage Je ne trouve \u00e0 mon propos Que de simples mots. L&#8217;Inspiration qui me ravit Et souvent me hante, m&#8217;a trahi M&#8217;a prise en otage Laissant mon ouvrage Et mon discours Sans aucun recours. ...\" \/>\n<meta property=\"og:url\" content=\"https:\/\/www.masharif.com\/fr\/2016\/06\/30\/a-doux-pere-cherif-chebihi-hassani-casablanca-maroc\/\" \/>\n<meta property=\"og:site_name\" content=\"Culminances\" \/>\n<meta property=\"article:published_time\" content=\"2016-06-30T17:41:27+00:00\" \/>\n<meta property=\"og:image\" content=\"https:\/\/www.masharif.com\/fr\/wp-content\/uploads\/2016\/06\/11223645_1657539497858265_7361983477404674277_n.jpg\" \/>\n\t<meta property=\"og:image:width\" content=\"640\" \/>\n\t<meta property=\"og:image:height\" content=\"960\" \/>\n\t<meta property=\"og:image:type\" content=\"image\/jpeg\" \/>\n<meta name=\"author\" content=\"Mohamed Salah Ben Amor\" \/>\n<meta name=\"twitter:card\" content=\"summary\" \/>\n<meta name=\"twitter:label1\" content=\"\u00c9crit par\" \/>\n\t<meta name=\"twitter:data1\" content=\"Mohamed Salah Ben Amor\" \/>\n\t<meta name=\"twitter:label2\" content=\"Dur\u00e9e de lecture estim\u00e9e\" \/>\n\t<meta name=\"twitter:data2\" content=\"1 minute\" \/>\n<script type=\"application\/ld+json\" class=\"yoast-schema-graph\">{\"@context\":\"https:\/\/schema.org\",\"@graph\":[{\"@type\":\"WebSite\",\"@id\":\"https:\/\/www.masharif.com\/fr\/#website\",\"url\":\"https:\/\/www.masharif.com\/fr\/\",\"name\":\"Culminances\",\"description\":\"\",\"potentialAction\":[{\"@type\":\"SearchAction\",\"target\":{\"@type\":\"EntryPoint\",\"urlTemplate\":\"https:\/\/www.masharif.com\/fr\/?s={search_term_string}\"},\"query-input\":\"required name=search_term_string\"}],\"inLanguage\":\"fr-FR\"},{\"@type\":\"ImageObject\",\"inLanguage\":\"fr-FR\",\"@id\":\"https:\/\/www.masharif.com\/fr\/2016\/06\/30\/a-doux-pere-cherif-chebihi-hassani-casablanca-maroc\/#primaryimage\",\"url\":\"http:\/\/www.masharif.com\/fr\/wp-content\/uploads\/2016\/06\/11223645_1657539497858265_7361983477404674277_n.jpg\",\"contentUrl\":\"http:\/\/www.masharif.com\/fr\/wp-content\/uploads\/2016\/06\/11223645_1657539497858265_7361983477404674277_n.jpg\",\"width\":640,\"height\":960},{\"@type\":\"WebPage\",\"@id\":\"https:\/\/www.masharif.com\/fr\/2016\/06\/30\/a-doux-pere-cherif-chebihi-hassani-casablanca-maroc\/\",\"url\":\"https:\/\/www.masharif.com\/fr\/2016\/06\/30\/a-doux-pere-cherif-chebihi-hassani-casablanca-maroc\/\",\"name\":\"A mon doux p\u00e8re par : Cherif Chebihi Hassani \u2013Casablanca-Maroc - Culminances\",\"isPartOf\":{\"@id\":\"https:\/\/www.masharif.com\/fr\/#website\"},\"primaryImageOfPage\":{\"@id\":\"https:\/\/www.masharif.com\/fr\/2016\/06\/30\/a-doux-pere-cherif-chebihi-hassani-casablanca-maroc\/#primaryimage\"},\"datePublished\":\"2016-06-30T17:41:27+00:00\",\"dateModified\":\"2016-06-30T17:41:27+00:00\",\"author\":{\"@id\":\"https:\/\/www.masharif.com\/fr\/#\/schema\/person\/839a7026efe9fa825134097c1041e4a0\"},\"breadcrumb\":{\"@id\":\"https:\/\/www.masharif.com\/fr\/2016\/06\/30\/a-doux-pere-cherif-chebihi-hassani-casablanca-maroc\/#breadcrumb\"},\"inLanguage\":\"fr-FR\",\"potentialAction\":[{\"@type\":\"ReadAction\",\"target\":[\"https:\/\/www.masharif.com\/fr\/2016\/06\/30\/a-doux-pere-cherif-chebihi-hassani-casablanca-maroc\/\"]}]},{\"@type\":\"BreadcrumbList\",\"@id\":\"https:\/\/www.masharif.com\/fr\/2016\/06\/30\/a-doux-pere-cherif-chebihi-hassani-casablanca-maroc\/#breadcrumb\",\"itemListElement\":[{\"@type\":\"ListItem\",\"position\":1,\"name\":\"Home\",\"item\":\"https:\/\/www.masharif.com\/fr\/\"},{\"@type\":\"ListItem\",\"position\":2,\"name\":\"A mon doux p\u00e8re par : Cherif Chebihi Hassani \u2013Casablanca-Maroc\"}]},{\"@type\":\"Person\",\"@id\":\"https:\/\/www.masharif.com\/fr\/#\/schema\/person\/839a7026efe9fa825134097c1041e4a0\",\"name\":\"Mohamed Salah Ben Amor\",\"image\":{\"@type\":\"ImageObject\",\"inLanguage\":\"fr-FR\",\"@id\":\"https:\/\/www.masharif.com\/fr\/#\/schema\/person\/image\/\",\"url\":\"http:\/\/0.gravatar.com\/avatar\/f64806401ad5ed604ffec2272b19ef46?s=96&d=identicon&r=g\",\"contentUrl\":\"http:\/\/0.gravatar.com\/avatar\/f64806401ad5ed604ffec2272b19ef46?s=96&d=identicon&r=g\",\"caption\":\"Mohamed Salah Ben Amor\"},\"sameAs\":[\"http:\/\/ben-amor.info\"],\"url\":\"http:\/\/www.masharif.com\/fr\/author\/msba\/\"}]}<\/script>\n<!-- \/ Yoast SEO plugin. -->","yoast_head_json":{"title":"A mon doux p\u00e8re par : Cherif Chebihi Hassani \u2013Casablanca-Maroc - Culminances","robots":{"index":"index","follow":"follow","max-snippet":"max-snippet:-1","max-image-preview":"max-image-preview:large","max-video-preview":"max-video-preview:-1"},"canonical":"https:\/\/www.masharif.com\/fr\/2016\/06\/30\/a-doux-pere-cherif-chebihi-hassani-casablanca-maroc\/","og_locale":"fr_FR","og_type":"article","og_title":"A mon doux p\u00e8re par : Cherif Chebihi Hassani \u2013Casablanca-Maroc - Culminances","og_description":"Je ne sais \u00f4 doux p\u00e8re pourquoi En voulant pour la premi\u00e8re fois A mon avanc\u00e9 \u00e2ge\u00a0 Te rendre un vibrant Hommage Je ne trouve \u00e0 mon propos Que de simples mots. L&#8217;Inspiration qui me ravit Et souvent me hante, m&#8217;a trahi M&#8217;a prise en otage Laissant mon ouvrage Et mon discours Sans aucun recours. ...","og_url":"https:\/\/www.masharif.com\/fr\/2016\/06\/30\/a-doux-pere-cherif-chebihi-hassani-casablanca-maroc\/","og_site_name":"Culminances","article_published_time":"2016-06-30T17:41:27+00:00","og_image":[{"width":640,"height":960,"url":"https:\/\/www.masharif.com\/fr\/wp-content\/uploads\/2016\/06\/11223645_1657539497858265_7361983477404674277_n.jpg","type":"image\/jpeg"}],"author":"Mohamed Salah Ben Amor","twitter_card":"summary","twitter_misc":{"\u00c9crit par":"Mohamed Salah Ben Amor","Dur\u00e9e de lecture estim\u00e9e":"1 minute"},"schema":{"@context":"https:\/\/schema.org","@graph":[{"@type":"WebSite","@id":"https:\/\/www.masharif.com\/fr\/#website","url":"https:\/\/www.masharif.com\/fr\/","name":"Culminances","description":"","potentialAction":[{"@type":"SearchAction","target":{"@type":"EntryPoint","urlTemplate":"https:\/\/www.masharif.com\/fr\/?s={search_term_string}"},"query-input":"required name=search_term_string"}],"inLanguage":"fr-FR"},{"@type":"ImageObject","inLanguage":"fr-FR","@id":"https:\/\/www.masharif.com\/fr\/2016\/06\/30\/a-doux-pere-cherif-chebihi-hassani-casablanca-maroc\/#primaryimage","url":"http:\/\/www.masharif.com\/fr\/wp-content\/uploads\/2016\/06\/11223645_1657539497858265_7361983477404674277_n.jpg","contentUrl":"http:\/\/www.masharif.com\/fr\/wp-content\/uploads\/2016\/06\/11223645_1657539497858265_7361983477404674277_n.jpg","width":640,"height":960},{"@type":"WebPage","@id":"https:\/\/www.masharif.com\/fr\/2016\/06\/30\/a-doux-pere-cherif-chebihi-hassani-casablanca-maroc\/","url":"https:\/\/www.masharif.com\/fr\/2016\/06\/30\/a-doux-pere-cherif-chebihi-hassani-casablanca-maroc\/","name":"A mon doux p\u00e8re par : Cherif Chebihi Hassani \u2013Casablanca-Maroc - Culminances","isPartOf":{"@id":"https:\/\/www.masharif.com\/fr\/#website"},"primaryImageOfPage":{"@id":"https:\/\/www.masharif.com\/fr\/2016\/06\/30\/a-doux-pere-cherif-chebihi-hassani-casablanca-maroc\/#primaryimage"},"datePublished":"2016-06-30T17:41:27+00:00","dateModified":"2016-06-30T17:41:27+00:00","author":{"@id":"https:\/\/www.masharif.com\/fr\/#\/schema\/person\/839a7026efe9fa825134097c1041e4a0"},"breadcrumb":{"@id":"https:\/\/www.masharif.com\/fr\/2016\/06\/30\/a-doux-pere-cherif-chebihi-hassani-casablanca-maroc\/#breadcrumb"},"inLanguage":"fr-FR","potentialAction":[{"@type":"ReadAction","target":["https:\/\/www.masharif.com\/fr\/2016\/06\/30\/a-doux-pere-cherif-chebihi-hassani-casablanca-maroc\/"]}]},{"@type":"BreadcrumbList","@id":"https:\/\/www.masharif.com\/fr\/2016\/06\/30\/a-doux-pere-cherif-chebihi-hassani-casablanca-maroc\/#breadcrumb","itemListElement":[{"@type":"ListItem","position":1,"name":"Home","item":"https:\/\/www.masharif.com\/fr\/"},{"@type":"ListItem","position":2,"name":"A mon doux p\u00e8re par : Cherif Chebihi Hassani \u2013Casablanca-Maroc"}]},{"@type":"Person","@id":"https:\/\/www.masharif.com\/fr\/#\/schema\/person\/839a7026efe9fa825134097c1041e4a0","name":"Mohamed Salah Ben Amor","image":{"@type":"ImageObject","inLanguage":"fr-FR","@id":"https:\/\/www.masharif.com\/fr\/#\/schema\/person\/image\/","url":"http:\/\/0.gravatar.com\/avatar\/f64806401ad5ed604ffec2272b19ef46?s=96&d=identicon&r=g","contentUrl":"http:\/\/0.gravatar.com\/avatar\/f64806401ad5ed604ffec2272b19ef46?s=96&d=identicon&r=g","caption":"Mohamed Salah Ben Amor"},"sameAs":["http:\/\/ben-amor.info"],"url":"http:\/\/www.masharif.com\/fr\/author\/msba\/"}]}},"_links":{"self":[{"href":"http:\/\/www.masharif.com\/fr\/wp-json\/wp\/v2\/posts\/3207"}],"collection":[{"href":"http:\/\/www.masharif.com\/fr\/wp-json\/wp\/v2\/posts"}],"about":[{"href":"http:\/\/www.masharif.com\/fr\/wp-json\/wp\/v2\/types\/post"}],"author":[{"embeddable":true,"href":"http:\/\/www.masharif.com\/fr\/wp-json\/wp\/v2\/users\/2"}],"replies":[{"embeddable":true,"href":"http:\/\/www.masharif.com\/fr\/wp-json\/wp\/v2\/comments?post=3207"}],"version-history":[{"count":1,"href":"http:\/\/www.masharif.com\/fr\/wp-json\/wp\/v2\/posts\/3207\/revisions"}],"predecessor-version":[{"id":3209,"href":"http:\/\/www.masharif.com\/fr\/wp-json\/wp\/v2\/posts\/3207\/revisions\/3209"}],"wp:featuredmedia":[{"embeddable":true,"href":"http:\/\/www.masharif.com\/fr\/wp-json\/wp\/v2\/media\/3070"}],"wp:attachment":[{"href":"http:\/\/www.masharif.com\/fr\/wp-json\/wp\/v2\/media?parent=3207"}],"wp:term":[{"taxonomy":"category","embeddable":true,"href":"http:\/\/www.masharif.com\/fr\/wp-json\/wp\/v2\/categories?post=3207"},{"taxonomy":"post_tag","embeddable":true,"href":"http:\/\/www.masharif.com\/fr\/wp-json\/wp\/v2\/tags?post=3207"}],"curies":[{"name":"wp","href":"https:\/\/api.w.org\/{rel}","templated":true}]}}