{"id":3193,"date":"2016-06-26T07:05:11","date_gmt":"2016-06-26T06:05:11","guid":{"rendered":"http:\/\/www.masharif.com\/fr\/?p=3193"},"modified":"2016-06-26T07:05:11","modified_gmt":"2016-06-26T06:05:11","slug":"voyage-poetique-bhiri-abdellatif-safi-maroc","status":"publish","type":"post","link":"http:\/\/www.masharif.com\/fr\/2016\/06\/26\/voyage-poetique-bhiri-abdellatif-safi-maroc\/","title":{"rendered":"Voyage po\u00e9tique par : Bhiri Abdellatif \u2013Safi- Maroc"},"content":{"rendered":"<div id=\"attachment_3139\" style=\"width: 310px\" class=\"wp-caption alignnone\"><a href=\"http:\/\/www.masharif.com\/fr\/wp-content\/uploads\/2016\/06\/499d24f5b0db5f1c00a1837b4cbfb839_400x400.jpeg\"><img aria-describedby=\"caption-attachment-3139\" loading=\"lazy\" class=\"wp-image-3139 size-medium\" src=\"http:\/\/www.masharif.com\/fr\/wp-content\/uploads\/2016\/06\/499d24f5b0db5f1c00a1837b4cbfb839_400x400-300x300.jpeg\" alt=\"499d24f5b0db5f1c00a1837b4cbfb839_400x400\" width=\"300\" height=\"300\" srcset=\"http:\/\/www.masharif.com\/fr\/wp-content\/uploads\/2016\/06\/499d24f5b0db5f1c00a1837b4cbfb839_400x400-300x300.jpeg 300w, http:\/\/www.masharif.com\/fr\/wp-content\/uploads\/2016\/06\/499d24f5b0db5f1c00a1837b4cbfb839_400x400-150x150.jpeg 150w, http:\/\/www.masharif.com\/fr\/wp-content\/uploads\/2016\/06\/499d24f5b0db5f1c00a1837b4cbfb839_400x400-55x55.jpeg 55w, http:\/\/www.masharif.com\/fr\/wp-content\/uploads\/2016\/06\/499d24f5b0db5f1c00a1837b4cbfb839_400x400.jpeg 400w\" sizes=\"(max-width: 300px) 100vw, 300px\" \/><\/a><p id=\"caption-attachment-3139\" class=\"wp-caption-text\">Bhiri Abdellatif \u2013Safi- Maroc<\/p><\/div>\n<p><strong><a href=\"http:\/\/www.masharif.com\/fr\/wp-content\/uploads\/2016\/06\/Le-voyage-imaginaire.jpg\"><img loading=\"lazy\" class=\"alignnone size-medium wp-image-3194\" src=\"http:\/\/www.masharif.com\/fr\/wp-content\/uploads\/2016\/06\/Le-voyage-imaginaire-288x300.jpg\" alt=\"Le-voyage-imaginaire\" width=\"288\" height=\"300\" srcset=\"http:\/\/www.masharif.com\/fr\/wp-content\/uploads\/2016\/06\/Le-voyage-imaginaire-288x300.jpg 288w, http:\/\/www.masharif.com\/fr\/wp-content\/uploads\/2016\/06\/Le-voyage-imaginaire.jpg 399w\" sizes=\"(max-width: 288px) 100vw, 288px\" \/><\/a><\/strong><\/p>\n<p><strong>Le po\u00e8me est un sempiternel d\u00e9part<\/strong><br \/>\n<strong> Voyage dans les m\u00e9andres de l\u2019\u00e2me<\/strong><br \/>\n<strong> Chevauch\u00e9e au-del\u00e0 des cryptogames<\/strong><br \/>\n<strong> Pour r\u00e9colter des graines floripare<\/strong><\/p>\n<p><strong> Le po\u00e8me r\u00e9ceptacle des malheurs<\/strong><br \/>\n<strong> Enfouis dans une m\u00e9moire meurtrie<\/strong><br \/>\n<strong> Souffrance mn\u00e9monique si fl\u00e9trie<\/strong><br \/>\n<strong> Par des mots si charg\u00e9s et salvateurs<\/strong><\/p>\n<p><strong> Le po\u00e8me source de vie et de joie<\/strong><br \/>\n<strong> Festin des c\u0153urs en pleine connivence<\/strong><br \/>\n<strong> Par l\u2019entremise des mots en bon sens<\/strong><br \/>\n<strong> R\u00e9gal de sentiments en bon aloi<\/strong><\/p>\n<p><strong> Le po\u00e8me est une pri\u00e8re universelle<\/strong><br \/>\n<strong> Les vers en sont les versets anoblis<\/strong><br \/>\n<strong> Les images renvoient au paradis<\/strong><br \/>\n<strong> O\u00f9 le po\u00e8te humble se recueille<\/strong><\/p>\n","protected":false},"excerpt":{"rendered":"<p>Le po\u00e8me est un sempiternel d\u00e9part Voyage dans les m\u00e9andres de l\u2019\u00e2me Chevauch\u00e9e au-del\u00e0 des cryptogames Pour r\u00e9colter des graines floripare Le po\u00e8me r\u00e9ceptacle des malheurs Enfouis dans une m\u00e9moire meurtrie Souffrance mn\u00e9monique si fl\u00e9trie Par des mots si charg\u00e9s et salvateurs Le po\u00e8me source de vie et de joie Festin des c\u0153urs en pleine &#8230;<\/p>\n","protected":false},"author":2,"featured_media":3139,"comment_status":"open","ping_status":"open","sticky":false,"template":"","format":"standard","meta":[],"categories":[4],"tags":[],"yoast_head":"<!-- This site is optimized with the Yoast SEO plugin v19.3 - https:\/\/yoast.com\/wordpress\/plugins\/seo\/ -->\n<title>Voyage po\u00e9tique par : Bhiri Abdellatif \u2013Safi- Maroc - Culminances<\/title>\n<meta name=\"robots\" content=\"index, follow, max-snippet:-1, max-image-preview:large, max-video-preview:-1\" \/>\n<link rel=\"canonical\" href=\"https:\/\/www.masharif.com\/fr\/2016\/06\/26\/voyage-poetique-bhiri-abdellatif-safi-maroc\/\" \/>\n<meta property=\"og:locale\" content=\"fr_FR\" \/>\n<meta property=\"og:type\" content=\"article\" \/>\n<meta property=\"og:title\" content=\"Voyage po\u00e9tique par : Bhiri Abdellatif \u2013Safi- Maroc - Culminances\" \/>\n<meta property=\"og:description\" content=\"Le po\u00e8me est un sempiternel d\u00e9part Voyage dans les m\u00e9andres de l\u2019\u00e2me Chevauch\u00e9e au-del\u00e0 des cryptogames Pour r\u00e9colter des graines floripare Le po\u00e8me r\u00e9ceptacle des malheurs Enfouis dans une m\u00e9moire meurtrie Souffrance mn\u00e9monique si fl\u00e9trie Par des mots si charg\u00e9s et salvateurs Le po\u00e8me source de vie et de joie Festin des c\u0153urs en pleine ...\" \/>\n<meta property=\"og:url\" content=\"https:\/\/www.masharif.com\/fr\/2016\/06\/26\/voyage-poetique-bhiri-abdellatif-safi-maroc\/\" \/>\n<meta property=\"og:site_name\" content=\"Culminances\" \/>\n<meta property=\"article:published_time\" content=\"2016-06-26T06:05:11+00:00\" \/>\n<meta property=\"og:image\" content=\"https:\/\/www.masharif.com\/fr\/wp-content\/uploads\/2016\/06\/499d24f5b0db5f1c00a1837b4cbfb839_400x400.jpeg\" \/>\n\t<meta property=\"og:image:width\" content=\"400\" \/>\n\t<meta property=\"og:image:height\" content=\"400\" \/>\n\t<meta property=\"og:image:type\" content=\"image\/jpeg\" \/>\n<meta name=\"author\" content=\"Mohamed Salah Ben Amor\" \/>\n<meta name=\"twitter:card\" content=\"summary\" \/>\n<meta name=\"twitter:label1\" content=\"\u00c9crit par\" \/>\n\t<meta name=\"twitter:data1\" content=\"Mohamed Salah Ben Amor\" \/>\n\t<meta name=\"twitter:label2\" content=\"Dur\u00e9e de lecture estim\u00e9e\" \/>\n\t<meta name=\"twitter:data2\" content=\"1 minute\" \/>\n<script type=\"application\/ld+json\" class=\"yoast-schema-graph\">{\"@context\":\"https:\/\/schema.org\",\"@graph\":[{\"@type\":\"WebSite\",\"@id\":\"https:\/\/www.masharif.com\/fr\/#website\",\"url\":\"https:\/\/www.masharif.com\/fr\/\",\"name\":\"Culminances\",\"description\":\"\",\"potentialAction\":[{\"@type\":\"SearchAction\",\"target\":{\"@type\":\"EntryPoint\",\"urlTemplate\":\"https:\/\/www.masharif.com\/fr\/?s={search_term_string}\"},\"query-input\":\"required name=search_term_string\"}],\"inLanguage\":\"fr-FR\"},{\"@type\":\"ImageObject\",\"inLanguage\":\"fr-FR\",\"@id\":\"https:\/\/www.masharif.com\/fr\/2016\/06\/26\/voyage-poetique-bhiri-abdellatif-safi-maroc\/#primaryimage\",\"url\":\"http:\/\/www.masharif.com\/fr\/wp-content\/uploads\/2016\/06\/499d24f5b0db5f1c00a1837b4cbfb839_400x400.jpeg\",\"contentUrl\":\"http:\/\/www.masharif.com\/fr\/wp-content\/uploads\/2016\/06\/499d24f5b0db5f1c00a1837b4cbfb839_400x400.jpeg\",\"width\":400,\"height\":400},{\"@type\":\"WebPage\",\"@id\":\"https:\/\/www.masharif.com\/fr\/2016\/06\/26\/voyage-poetique-bhiri-abdellatif-safi-maroc\/\",\"url\":\"https:\/\/www.masharif.com\/fr\/2016\/06\/26\/voyage-poetique-bhiri-abdellatif-safi-maroc\/\",\"name\":\"Voyage po\u00e9tique par : Bhiri Abdellatif \u2013Safi- Maroc - Culminances\",\"isPartOf\":{\"@id\":\"https:\/\/www.masharif.com\/fr\/#website\"},\"primaryImageOfPage\":{\"@id\":\"https:\/\/www.masharif.com\/fr\/2016\/06\/26\/voyage-poetique-bhiri-abdellatif-safi-maroc\/#primaryimage\"},\"datePublished\":\"2016-06-26T06:05:11+00:00\",\"dateModified\":\"2016-06-26T06:05:11+00:00\",\"author\":{\"@id\":\"https:\/\/www.masharif.com\/fr\/#\/schema\/person\/839a7026efe9fa825134097c1041e4a0\"},\"breadcrumb\":{\"@id\":\"https:\/\/www.masharif.com\/fr\/2016\/06\/26\/voyage-poetique-bhiri-abdellatif-safi-maroc\/#breadcrumb\"},\"inLanguage\":\"fr-FR\",\"potentialAction\":[{\"@type\":\"ReadAction\",\"target\":[\"https:\/\/www.masharif.com\/fr\/2016\/06\/26\/voyage-poetique-bhiri-abdellatif-safi-maroc\/\"]}]},{\"@type\":\"BreadcrumbList\",\"@id\":\"https:\/\/www.masharif.com\/fr\/2016\/06\/26\/voyage-poetique-bhiri-abdellatif-safi-maroc\/#breadcrumb\",\"itemListElement\":[{\"@type\":\"ListItem\",\"position\":1,\"name\":\"Home\",\"item\":\"https:\/\/www.masharif.com\/fr\/\"},{\"@type\":\"ListItem\",\"position\":2,\"name\":\"Voyage po\u00e9tique par : Bhiri Abdellatif \u2013Safi- Maroc\"}]},{\"@type\":\"Person\",\"@id\":\"https:\/\/www.masharif.com\/fr\/#\/schema\/person\/839a7026efe9fa825134097c1041e4a0\",\"name\":\"Mohamed Salah Ben Amor\",\"image\":{\"@type\":\"ImageObject\",\"inLanguage\":\"fr-FR\",\"@id\":\"https:\/\/www.masharif.com\/fr\/#\/schema\/person\/image\/\",\"url\":\"http:\/\/0.gravatar.com\/avatar\/f64806401ad5ed604ffec2272b19ef46?s=96&d=identicon&r=g\",\"contentUrl\":\"http:\/\/0.gravatar.com\/avatar\/f64806401ad5ed604ffec2272b19ef46?s=96&d=identicon&r=g\",\"caption\":\"Mohamed Salah Ben Amor\"},\"sameAs\":[\"http:\/\/ben-amor.info\"],\"url\":\"http:\/\/www.masharif.com\/fr\/author\/msba\/\"}]}<\/script>\n<!-- \/ Yoast SEO plugin. -->","yoast_head_json":{"title":"Voyage po\u00e9tique par : Bhiri Abdellatif \u2013Safi- Maroc - Culminances","robots":{"index":"index","follow":"follow","max-snippet":"max-snippet:-1","max-image-preview":"max-image-preview:large","max-video-preview":"max-video-preview:-1"},"canonical":"https:\/\/www.masharif.com\/fr\/2016\/06\/26\/voyage-poetique-bhiri-abdellatif-safi-maroc\/","og_locale":"fr_FR","og_type":"article","og_title":"Voyage po\u00e9tique par : Bhiri Abdellatif \u2013Safi- Maroc - Culminances","og_description":"Le po\u00e8me est un sempiternel d\u00e9part Voyage dans les m\u00e9andres de l\u2019\u00e2me Chevauch\u00e9e au-del\u00e0 des cryptogames Pour r\u00e9colter des graines floripare Le po\u00e8me r\u00e9ceptacle des malheurs Enfouis dans une m\u00e9moire meurtrie Souffrance mn\u00e9monique si fl\u00e9trie Par des mots si charg\u00e9s et salvateurs Le po\u00e8me source de vie et de joie Festin des c\u0153urs en pleine ...","og_url":"https:\/\/www.masharif.com\/fr\/2016\/06\/26\/voyage-poetique-bhiri-abdellatif-safi-maroc\/","og_site_name":"Culminances","article_published_time":"2016-06-26T06:05:11+00:00","og_image":[{"width":400,"height":400,"url":"https:\/\/www.masharif.com\/fr\/wp-content\/uploads\/2016\/06\/499d24f5b0db5f1c00a1837b4cbfb839_400x400.jpeg","type":"image\/jpeg"}],"author":"Mohamed Salah Ben Amor","twitter_card":"summary","twitter_misc":{"\u00c9crit par":"Mohamed Salah Ben Amor","Dur\u00e9e de lecture estim\u00e9e":"1 minute"},"schema":{"@context":"https:\/\/schema.org","@graph":[{"@type":"WebSite","@id":"https:\/\/www.masharif.com\/fr\/#website","url":"https:\/\/www.masharif.com\/fr\/","name":"Culminances","description":"","potentialAction":[{"@type":"SearchAction","target":{"@type":"EntryPoint","urlTemplate":"https:\/\/www.masharif.com\/fr\/?s={search_term_string}"},"query-input":"required name=search_term_string"}],"inLanguage":"fr-FR"},{"@type":"ImageObject","inLanguage":"fr-FR","@id":"https:\/\/www.masharif.com\/fr\/2016\/06\/26\/voyage-poetique-bhiri-abdellatif-safi-maroc\/#primaryimage","url":"http:\/\/www.masharif.com\/fr\/wp-content\/uploads\/2016\/06\/499d24f5b0db5f1c00a1837b4cbfb839_400x400.jpeg","contentUrl":"http:\/\/www.masharif.com\/fr\/wp-content\/uploads\/2016\/06\/499d24f5b0db5f1c00a1837b4cbfb839_400x400.jpeg","width":400,"height":400},{"@type":"WebPage","@id":"https:\/\/www.masharif.com\/fr\/2016\/06\/26\/voyage-poetique-bhiri-abdellatif-safi-maroc\/","url":"https:\/\/www.masharif.com\/fr\/2016\/06\/26\/voyage-poetique-bhiri-abdellatif-safi-maroc\/","name":"Voyage po\u00e9tique par : Bhiri Abdellatif \u2013Safi- Maroc - Culminances","isPartOf":{"@id":"https:\/\/www.masharif.com\/fr\/#website"},"primaryImageOfPage":{"@id":"https:\/\/www.masharif.com\/fr\/2016\/06\/26\/voyage-poetique-bhiri-abdellatif-safi-maroc\/#primaryimage"},"datePublished":"2016-06-26T06:05:11+00:00","dateModified":"2016-06-26T06:05:11+00:00","author":{"@id":"https:\/\/www.masharif.com\/fr\/#\/schema\/person\/839a7026efe9fa825134097c1041e4a0"},"breadcrumb":{"@id":"https:\/\/www.masharif.com\/fr\/2016\/06\/26\/voyage-poetique-bhiri-abdellatif-safi-maroc\/#breadcrumb"},"inLanguage":"fr-FR","potentialAction":[{"@type":"ReadAction","target":["https:\/\/www.masharif.com\/fr\/2016\/06\/26\/voyage-poetique-bhiri-abdellatif-safi-maroc\/"]}]},{"@type":"BreadcrumbList","@id":"https:\/\/www.masharif.com\/fr\/2016\/06\/26\/voyage-poetique-bhiri-abdellatif-safi-maroc\/#breadcrumb","itemListElement":[{"@type":"ListItem","position":1,"name":"Home","item":"https:\/\/www.masharif.com\/fr\/"},{"@type":"ListItem","position":2,"name":"Voyage po\u00e9tique par : Bhiri Abdellatif \u2013Safi- Maroc"}]},{"@type":"Person","@id":"https:\/\/www.masharif.com\/fr\/#\/schema\/person\/839a7026efe9fa825134097c1041e4a0","name":"Mohamed Salah Ben Amor","image":{"@type":"ImageObject","inLanguage":"fr-FR","@id":"https:\/\/www.masharif.com\/fr\/#\/schema\/person\/image\/","url":"http:\/\/0.gravatar.com\/avatar\/f64806401ad5ed604ffec2272b19ef46?s=96&d=identicon&r=g","contentUrl":"http:\/\/0.gravatar.com\/avatar\/f64806401ad5ed604ffec2272b19ef46?s=96&d=identicon&r=g","caption":"Mohamed Salah Ben Amor"},"sameAs":["http:\/\/ben-amor.info"],"url":"http:\/\/www.masharif.com\/fr\/author\/msba\/"}]}},"_links":{"self":[{"href":"http:\/\/www.masharif.com\/fr\/wp-json\/wp\/v2\/posts\/3193"}],"collection":[{"href":"http:\/\/www.masharif.com\/fr\/wp-json\/wp\/v2\/posts"}],"about":[{"href":"http:\/\/www.masharif.com\/fr\/wp-json\/wp\/v2\/types\/post"}],"author":[{"embeddable":true,"href":"http:\/\/www.masharif.com\/fr\/wp-json\/wp\/v2\/users\/2"}],"replies":[{"embeddable":true,"href":"http:\/\/www.masharif.com\/fr\/wp-json\/wp\/v2\/comments?post=3193"}],"version-history":[{"count":1,"href":"http:\/\/www.masharif.com\/fr\/wp-json\/wp\/v2\/posts\/3193\/revisions"}],"predecessor-version":[{"id":3195,"href":"http:\/\/www.masharif.com\/fr\/wp-json\/wp\/v2\/posts\/3193\/revisions\/3195"}],"wp:featuredmedia":[{"embeddable":true,"href":"http:\/\/www.masharif.com\/fr\/wp-json\/wp\/v2\/media\/3139"}],"wp:attachment":[{"href":"http:\/\/www.masharif.com\/fr\/wp-json\/wp\/v2\/media?parent=3193"}],"wp:term":[{"taxonomy":"category","embeddable":true,"href":"http:\/\/www.masharif.com\/fr\/wp-json\/wp\/v2\/categories?post=3193"},{"taxonomy":"post_tag","embeddable":true,"href":"http:\/\/www.masharif.com\/fr\/wp-json\/wp\/v2\/tags?post=3193"}],"curies":[{"name":"wp","href":"https:\/\/api.w.org\/{rel}","templated":true}]}}