{"id":2677,"date":"2016-05-06T04:24:19","date_gmt":"2016-05-06T03:24:19","guid":{"rendered":"http:\/\/www.masharif.com\/fr\/?p=2677"},"modified":"2016-05-06T04:25:41","modified_gmt":"2016-05-06T03:25:41","slug":"enfants-de-bas-ariel-boucher-toulouse-france","status":"publish","type":"post","link":"http:\/\/www.masharif.com\/fr\/2016\/05\/06\/enfants-de-bas-ariel-boucher-toulouse-france\/","title":{"rendered":"Les enfants de l\u00e0-bas par : Ariel Boucher \u2013 Toulouse- France"},"content":{"rendered":"<div id=\"attachment_2674\" style=\"width: 227px\" class=\"wp-caption alignnone\"><a href=\"http:\/\/www.masharif.com\/fr\/wp-content\/uploads\/2016\/05\/1000701_10200209527064114_1570372893_n.jpg\" rel=\"attachment wp-att-2674\"><img aria-describedby=\"caption-attachment-2674\" loading=\"lazy\" class=\"wp-image-2674 size-medium\" src=\"http:\/\/www.masharif.com\/fr\/wp-content\/uploads\/2016\/05\/1000701_10200209527064114_1570372893_n-217x300.jpg\" alt=\"1000701_10200209527064114_1570372893_n\" width=\"217\" height=\"300\" srcset=\"http:\/\/www.masharif.com\/fr\/wp-content\/uploads\/2016\/05\/1000701_10200209527064114_1570372893_n-217x300.jpg 217w, http:\/\/www.masharif.com\/fr\/wp-content\/uploads\/2016\/05\/1000701_10200209527064114_1570372893_n.jpg 235w\" sizes=\"(max-width: 217px) 100vw, 217px\" \/><\/a><p id=\"caption-attachment-2674\" class=\"wp-caption-text\">Ariel Boucher \u2013 Toulouse- France<\/p><\/div>\n<p><a href=\"http:\/\/www.masharif.com\/fr\/wp-content\/uploads\/2016\/05\/994919_10200785733348911_1297392570_n.jpg\" rel=\"attachment wp-att-2675\"><img loading=\"lazy\" class=\"alignnone size-medium wp-image-2675\" src=\"http:\/\/www.masharif.com\/fr\/wp-content\/uploads\/2016\/05\/994919_10200785733348911_1297392570_n-300x192.jpg\" alt=\"994919_10200785733348911_1297392570_n\" width=\"300\" height=\"192\" srcset=\"http:\/\/www.masharif.com\/fr\/wp-content\/uploads\/2016\/05\/994919_10200785733348911_1297392570_n-300x192.jpg 300w, http:\/\/www.masharif.com\/fr\/wp-content\/uploads\/2016\/05\/994919_10200785733348911_1297392570_n.jpg 720w\" sizes=\"(max-width: 300px) 100vw, 300px\" \/><\/a><\/p>\n<p>&nbsp;<\/p>\n<p><strong>Dans ce grand terrain vague<\/strong><\/p>\n<p><strong>O\u00f9 d\u00e9gueule la ville<\/strong><\/p>\n<p><strong>D\u2019immondices par vagues<\/strong><\/p>\n<p><strong>Des ombres se profilent<\/strong><\/p>\n<p><strong>Les enfants de l\u00e0-bas<\/strong><\/p>\n<p><strong>En qu\u00eate d\u2019un repas<\/strong><\/p>\n<p>&nbsp;<\/p>\n<p><strong>Dans ce grand terrain vague<\/strong><\/p>\n<p><strong>Qui a pour fleur l\u2019ordure<\/strong><\/p>\n<p><strong>D\u2019herbe en moisissure<\/strong><\/p>\n<p><strong>D\u2019\u00e2cres relents par vagues<\/strong><\/p>\n<p><strong>Les enfants de l\u00e0-bas<\/strong><\/p>\n<p><strong>Y puisent leurs repas<\/strong><\/p>\n<p>&nbsp;<\/p>\n<p><strong>Dans ce grand terrain vague<\/strong><\/p>\n<p><strong>A ses d\u00e9chets putrides<\/strong><\/p>\n<p><strong>Nu\u00e9es de larves avides<\/strong><\/p>\n<p><strong>Se d\u00e9lectent par vagues<\/strong><\/p>\n<p><strong>Les enfants de l\u00e0-bas<\/strong><\/p>\n<p><strong>Leurs disput\u2019ent leurs repas<\/strong><\/p>\n<p>&nbsp;<\/p>\n<p><strong>Dans ce grand terrain vague<\/strong><\/p>\n<p><strong>Les restes, jet\u00e9s par vagues<\/strong><\/p>\n<p><strong>Ces gueux tels des chiens errants<\/strong><\/p>\n<p><strong>Nus pieds sur les ver\u2019res coupants<\/strong><\/p>\n<p><strong>Les enfants de l\u00e0-bas<\/strong><\/p>\n<p><strong>Se nourrissent d\u2019abats<\/strong><\/p>\n<p>&nbsp;<\/p>\n<p><strong>Dans ce grand terrain vague<\/strong><\/p>\n<p><strong>Sous le soleil. Immonde<\/strong><\/p>\n<p><strong>Des alentours \u00e0 la ronde<\/strong><\/p>\n<p><strong>Mer humaine en vagues<\/strong><\/p>\n<p><strong>Ces enfants de l\u00e0-bas<\/strong><\/p>\n<p><strong>Leur unique repas<\/strong><\/p>\n<p>&nbsp;<\/p>\n<p><strong>Dans ce grand terrain vague<\/strong><\/p>\n<p><strong>Trop d\u2019ordures par vagues<\/strong><\/p>\n<p><strong>Alors c\u2019est jour de f\u00eate<\/strong><\/p>\n<p><strong>Pour les enfants les b\u00eates<\/strong><\/p>\n<p><strong>Prient en remerciant le ciel<\/strong><\/p>\n<p><strong>Des restes de nos poubelles<\/strong><\/p>\n<p>&nbsp;<\/p>\n<p><strong>Prot\u00e9g\u00e9 par la sacem<\/strong><\/p>\n<p>&nbsp;<\/p>\n<p><strong>Commentaire de Mohamed Salah Ben Amor:\u00a0<\/strong><\/p>\n<p><strong>\u00a0<\/strong><\/p>\n<p>Apr\u00e8s les incursions que nous avons effectu\u00e9es tour \u00e0 tour \u00a0dans les \u00a0univers purement subjectifs\u00a0de quelques uns de nos ami ( e )s po\u00e8tes \u00a0: sentimentaux chez les uns, philosophiques chez les autres , notre vaisseau critique se trouve tent\u00e9 \u00a0de rebrousser chemin , r\u00e9pondant \u00e0 l\u2019appel de la po\u00e9tesse militante, engag\u00e9e et r\u00e9volt\u00e9e Ariel Boucher dont la voix contestataire nous secoue \u00e9nergiquement pour nous faire revenir \u00e0 la r\u00e9alit\u00e9, une r\u00e9alit\u00e9 , \u00e0 vrai dire, am\u00e8re et extr\u00eamement affligeante que la plupart des artistes du monde \u00a0essaient de fuir pour se r\u00e9fugier dans leur coquille imaginaire . \u00a0Arm\u00e9e de son regard id\u00e9ologique et humaniste per\u00e7ant, l\u2019auteure de ce po\u00e8me met \u00e0 nu, conform\u00e9ment aux pr\u00e9ceptes du r\u00e9alisme socialiste, l\u2019un des aspects honteux et scandaleux des in\u00e9galit\u00e9s sociales dont l\u2019homme soi-disant moderne est non seulement responsable mais ne fait rien pour y rem\u00e9dier\u00a0: la situation \u00a0de d\u00e9munie totale dans laquelle est plong\u00e9e une frange de la soci\u00e9t\u00e9 qui n\u2019arrive pas \u00e0 garantir son pain quotidien et qui se trouve oblig\u00e9e de chercher sa nourriture dans les d\u00e9potoirs. Usant \u00e0 fond de sa sensibilit\u00e9 r\u00e9volutionnaire gauchiste qui la range aux c\u00f4t\u00e9s des faibles , des opprim\u00e9s et de \u00a0tous les damn\u00e9s de la terre, elle se lance, \u00a0du d\u00e9but de son texte jusqu\u2019\u00e0 sa fin, dans une d\u00e9nonciation acerbe et f\u00e9roce de cet \u00e9tat de fait avilissant \u00a0en brossant un tableau \u00e9c\u0153urant d\u2019enfants cherchant d\u00e9sesp\u00e9r\u00e9ment leur nourriture dans les d\u00e9potoirs \u00a0d\u2019une ville inhumaine et indiff\u00e9rente .Et ce , \u00e0 travers ,d\u2019un c\u00f4t\u00e9, l\u2019accumulation de vocables d\u00e9notant l\u2019ordure et la \u00a0pourriture (<strong>d\u00e9gueule<\/strong>&#8211; \u00a0<strong>immondices<\/strong> \u2013 <strong>ordure<\/strong> \u2013 <strong>moisissure<\/strong> \u2013<strong>\u00e2cre relent<\/strong>&#8211; <strong>d\u00e9chets putrides<\/strong>&#8211; <strong>larves avides<\/strong>&#8211; <strong>restes<\/strong> \u2013 <strong>abats<\/strong>&#8211;<strong> Immonde<\/strong>&#8211;<strong> poubelles<\/strong>)et de l\u2019autre, le brossage d\u2019un portrait d\u00e9gradant de ces enfants r\u00e9duits \u00e0 l\u2019\u00e9tat animal (<strong>ces gueux tels des chiens errants nus pieds sur les ver\u2019res coupants &#8211; c\u2019est jour de f\u00eate pour les enfants les b\u00eates<\/strong>).Et par souci de communication de masse et \u00e0 une longue \u00e9chelle, la po\u00e9tesse utilise , comme \u00e0 son accoutum\u00e9e, \u00a0la langue commune du quotidien presque d\u00e9garnie d\u00e9lib\u00e9r\u00e9ment de figures de style confectionn\u00e9es .Enfin , reconnaissons que si l\u2019auteure a insist\u00e9 dans ce po\u00e8me \u00e0 nous faire descendre de notre tour d\u2019ivoire imaginaire ,le r\u00e9el qu\u2019elle nous a invit\u00e9 \u00e0 voir d\u00e9passe de loin cet imaginaire .Une tr\u00e8s bonne mention Ariel\u00a0!<\/p>\n","protected":false},"excerpt":{"rendered":"<p>&nbsp; Dans ce grand terrain vague O\u00f9 d\u00e9gueule la ville D\u2019immondices par vagues Des ombres se profilent Les enfants de l\u00e0-bas En qu\u00eate d\u2019un repas &nbsp; Dans ce grand terrain vague Qui a pour fleur l\u2019ordure D\u2019herbe en moisissure D\u2019\u00e2cres relents par vagues Les enfants de l\u00e0-bas Y puisent leurs repas &nbsp; Dans ce grand &#8230;<\/p>\n","protected":false},"author":2,"featured_media":2674,"comment_status":"open","ping_status":"open","sticky":false,"template":"","format":"standard","meta":[],"categories":[8],"tags":[],"yoast_head":"<!-- This site is optimized with the Yoast SEO plugin v19.3 - https:\/\/yoast.com\/wordpress\/plugins\/seo\/ -->\n<title>Les enfants de l\u00e0-bas par : Ariel Boucher \u2013 Toulouse- France - Culminances<\/title>\n<meta name=\"robots\" content=\"index, follow, max-snippet:-1, max-image-preview:large, max-video-preview:-1\" \/>\n<link rel=\"canonical\" href=\"http:\/\/www.masharif.com\/fr\/2016\/05\/06\/enfants-de-bas-ariel-boucher-toulouse-france\/\" \/>\n<meta property=\"og:locale\" content=\"fr_FR\" \/>\n<meta property=\"og:type\" content=\"article\" \/>\n<meta property=\"og:title\" content=\"Les enfants de l\u00e0-bas par : Ariel Boucher \u2013 Toulouse- France - Culminances\" \/>\n<meta property=\"og:description\" content=\"&nbsp; Dans ce grand terrain vague O\u00f9 d\u00e9gueule la ville D\u2019immondices par vagues Des ombres se profilent Les enfants de l\u00e0-bas En qu\u00eate d\u2019un repas &nbsp; Dans ce grand terrain vague Qui a pour fleur l\u2019ordure D\u2019herbe en moisissure D\u2019\u00e2cres relents par vagues Les enfants de l\u00e0-bas Y puisent leurs repas &nbsp; Dans ce grand ...\" \/>\n<meta property=\"og:url\" content=\"http:\/\/www.masharif.com\/fr\/2016\/05\/06\/enfants-de-bas-ariel-boucher-toulouse-france\/\" \/>\n<meta property=\"og:site_name\" content=\"Culminances\" \/>\n<meta property=\"article:published_time\" content=\"2016-05-06T03:24:19+00:00\" \/>\n<meta property=\"article:modified_time\" content=\"2016-05-06T03:25:41+00:00\" \/>\n<meta property=\"og:image\" content=\"http:\/\/www.masharif.com\/fr\/wp-content\/uploads\/2016\/05\/1000701_10200209527064114_1570372893_n.jpg\" \/>\n\t<meta property=\"og:image:width\" content=\"235\" \/>\n\t<meta property=\"og:image:height\" content=\"325\" \/>\n\t<meta property=\"og:image:type\" content=\"image\/jpeg\" \/>\n<meta name=\"author\" content=\"Mohamed Salah Ben Amor\" \/>\n<meta name=\"twitter:card\" content=\"summary\" \/>\n<meta name=\"twitter:label1\" content=\"\u00c9crit par\" \/>\n\t<meta name=\"twitter:data1\" content=\"Mohamed Salah Ben Amor\" \/>\n\t<meta name=\"twitter:label2\" content=\"Dur\u00e9e de lecture estim\u00e9e\" \/>\n\t<meta name=\"twitter:data2\" content=\"3 minutes\" \/>\n<script type=\"application\/ld+json\" class=\"yoast-schema-graph\">{\"@context\":\"https:\/\/schema.org\",\"@graph\":[{\"@type\":\"WebSite\",\"@id\":\"https:\/\/www.masharif.com\/fr\/#website\",\"url\":\"https:\/\/www.masharif.com\/fr\/\",\"name\":\"Culminances\",\"description\":\"\",\"potentialAction\":[{\"@type\":\"SearchAction\",\"target\":{\"@type\":\"EntryPoint\",\"urlTemplate\":\"https:\/\/www.masharif.com\/fr\/?s={search_term_string}\"},\"query-input\":\"required name=search_term_string\"}],\"inLanguage\":\"fr-FR\"},{\"@type\":\"ImageObject\",\"inLanguage\":\"fr-FR\",\"@id\":\"http:\/\/www.masharif.com\/fr\/2016\/05\/06\/enfants-de-bas-ariel-boucher-toulouse-france\/#primaryimage\",\"url\":\"http:\/\/www.masharif.com\/fr\/wp-content\/uploads\/2016\/05\/1000701_10200209527064114_1570372893_n.jpg\",\"contentUrl\":\"http:\/\/www.masharif.com\/fr\/wp-content\/uploads\/2016\/05\/1000701_10200209527064114_1570372893_n.jpg\",\"width\":235,\"height\":325},{\"@type\":\"WebPage\",\"@id\":\"http:\/\/www.masharif.com\/fr\/2016\/05\/06\/enfants-de-bas-ariel-boucher-toulouse-france\/\",\"url\":\"http:\/\/www.masharif.com\/fr\/2016\/05\/06\/enfants-de-bas-ariel-boucher-toulouse-france\/\",\"name\":\"Les enfants de l\u00e0-bas par : Ariel Boucher \u2013 Toulouse- France - Culminances\",\"isPartOf\":{\"@id\":\"https:\/\/www.masharif.com\/fr\/#website\"},\"primaryImageOfPage\":{\"@id\":\"http:\/\/www.masharif.com\/fr\/2016\/05\/06\/enfants-de-bas-ariel-boucher-toulouse-france\/#primaryimage\"},\"datePublished\":\"2016-05-06T03:24:19+00:00\",\"dateModified\":\"2016-05-06T03:25:41+00:00\",\"author\":{\"@id\":\"https:\/\/www.masharif.com\/fr\/#\/schema\/person\/839a7026efe9fa825134097c1041e4a0\"},\"breadcrumb\":{\"@id\":\"http:\/\/www.masharif.com\/fr\/2016\/05\/06\/enfants-de-bas-ariel-boucher-toulouse-france\/#breadcrumb\"},\"inLanguage\":\"fr-FR\",\"potentialAction\":[{\"@type\":\"ReadAction\",\"target\":[\"http:\/\/www.masharif.com\/fr\/2016\/05\/06\/enfants-de-bas-ariel-boucher-toulouse-france\/\"]}]},{\"@type\":\"BreadcrumbList\",\"@id\":\"http:\/\/www.masharif.com\/fr\/2016\/05\/06\/enfants-de-bas-ariel-boucher-toulouse-france\/#breadcrumb\",\"itemListElement\":[{\"@type\":\"ListItem\",\"position\":1,\"name\":\"Home\",\"item\":\"https:\/\/www.masharif.com\/fr\/\"},{\"@type\":\"ListItem\",\"position\":2,\"name\":\"Les enfants de l\u00e0-bas par : Ariel Boucher \u2013 Toulouse- France\"}]},{\"@type\":\"Person\",\"@id\":\"https:\/\/www.masharif.com\/fr\/#\/schema\/person\/839a7026efe9fa825134097c1041e4a0\",\"name\":\"Mohamed Salah Ben Amor\",\"image\":{\"@type\":\"ImageObject\",\"inLanguage\":\"fr-FR\",\"@id\":\"https:\/\/www.masharif.com\/fr\/#\/schema\/person\/image\/\",\"url\":\"http:\/\/0.gravatar.com\/avatar\/f64806401ad5ed604ffec2272b19ef46?s=96&d=identicon&r=g\",\"contentUrl\":\"http:\/\/0.gravatar.com\/avatar\/f64806401ad5ed604ffec2272b19ef46?s=96&d=identicon&r=g\",\"caption\":\"Mohamed Salah Ben Amor\"},\"sameAs\":[\"http:\/\/ben-amor.info\"],\"url\":\"http:\/\/www.masharif.com\/fr\/author\/msba\/\"}]}<\/script>\n<!-- \/ Yoast SEO plugin. -->","yoast_head_json":{"title":"Les enfants de l\u00e0-bas par : Ariel Boucher \u2013 Toulouse- France - Culminances","robots":{"index":"index","follow":"follow","max-snippet":"max-snippet:-1","max-image-preview":"max-image-preview:large","max-video-preview":"max-video-preview:-1"},"canonical":"http:\/\/www.masharif.com\/fr\/2016\/05\/06\/enfants-de-bas-ariel-boucher-toulouse-france\/","og_locale":"fr_FR","og_type":"article","og_title":"Les enfants de l\u00e0-bas par : Ariel Boucher \u2013 Toulouse- France - Culminances","og_description":"&nbsp; Dans ce grand terrain vague O\u00f9 d\u00e9gueule la ville D\u2019immondices par vagues Des ombres se profilent Les enfants de l\u00e0-bas En qu\u00eate d\u2019un repas &nbsp; Dans ce grand terrain vague Qui a pour fleur l\u2019ordure D\u2019herbe en moisissure D\u2019\u00e2cres relents par vagues Les enfants de l\u00e0-bas Y puisent leurs repas &nbsp; Dans ce grand ...","og_url":"http:\/\/www.masharif.com\/fr\/2016\/05\/06\/enfants-de-bas-ariel-boucher-toulouse-france\/","og_site_name":"Culminances","article_published_time":"2016-05-06T03:24:19+00:00","article_modified_time":"2016-05-06T03:25:41+00:00","og_image":[{"width":235,"height":325,"url":"http:\/\/www.masharif.com\/fr\/wp-content\/uploads\/2016\/05\/1000701_10200209527064114_1570372893_n.jpg","type":"image\/jpeg"}],"author":"Mohamed Salah Ben Amor","twitter_card":"summary","twitter_misc":{"\u00c9crit par":"Mohamed Salah Ben Amor","Dur\u00e9e de lecture estim\u00e9e":"3 minutes"},"schema":{"@context":"https:\/\/schema.org","@graph":[{"@type":"WebSite","@id":"https:\/\/www.masharif.com\/fr\/#website","url":"https:\/\/www.masharif.com\/fr\/","name":"Culminances","description":"","potentialAction":[{"@type":"SearchAction","target":{"@type":"EntryPoint","urlTemplate":"https:\/\/www.masharif.com\/fr\/?s={search_term_string}"},"query-input":"required name=search_term_string"}],"inLanguage":"fr-FR"},{"@type":"ImageObject","inLanguage":"fr-FR","@id":"http:\/\/www.masharif.com\/fr\/2016\/05\/06\/enfants-de-bas-ariel-boucher-toulouse-france\/#primaryimage","url":"http:\/\/www.masharif.com\/fr\/wp-content\/uploads\/2016\/05\/1000701_10200209527064114_1570372893_n.jpg","contentUrl":"http:\/\/www.masharif.com\/fr\/wp-content\/uploads\/2016\/05\/1000701_10200209527064114_1570372893_n.jpg","width":235,"height":325},{"@type":"WebPage","@id":"http:\/\/www.masharif.com\/fr\/2016\/05\/06\/enfants-de-bas-ariel-boucher-toulouse-france\/","url":"http:\/\/www.masharif.com\/fr\/2016\/05\/06\/enfants-de-bas-ariel-boucher-toulouse-france\/","name":"Les enfants de l\u00e0-bas par : Ariel Boucher \u2013 Toulouse- France - Culminances","isPartOf":{"@id":"https:\/\/www.masharif.com\/fr\/#website"},"primaryImageOfPage":{"@id":"http:\/\/www.masharif.com\/fr\/2016\/05\/06\/enfants-de-bas-ariel-boucher-toulouse-france\/#primaryimage"},"datePublished":"2016-05-06T03:24:19+00:00","dateModified":"2016-05-06T03:25:41+00:00","author":{"@id":"https:\/\/www.masharif.com\/fr\/#\/schema\/person\/839a7026efe9fa825134097c1041e4a0"},"breadcrumb":{"@id":"http:\/\/www.masharif.com\/fr\/2016\/05\/06\/enfants-de-bas-ariel-boucher-toulouse-france\/#breadcrumb"},"inLanguage":"fr-FR","potentialAction":[{"@type":"ReadAction","target":["http:\/\/www.masharif.com\/fr\/2016\/05\/06\/enfants-de-bas-ariel-boucher-toulouse-france\/"]}]},{"@type":"BreadcrumbList","@id":"http:\/\/www.masharif.com\/fr\/2016\/05\/06\/enfants-de-bas-ariel-boucher-toulouse-france\/#breadcrumb","itemListElement":[{"@type":"ListItem","position":1,"name":"Home","item":"https:\/\/www.masharif.com\/fr\/"},{"@type":"ListItem","position":2,"name":"Les enfants de l\u00e0-bas par : Ariel Boucher \u2013 Toulouse- France"}]},{"@type":"Person","@id":"https:\/\/www.masharif.com\/fr\/#\/schema\/person\/839a7026efe9fa825134097c1041e4a0","name":"Mohamed Salah Ben Amor","image":{"@type":"ImageObject","inLanguage":"fr-FR","@id":"https:\/\/www.masharif.com\/fr\/#\/schema\/person\/image\/","url":"http:\/\/0.gravatar.com\/avatar\/f64806401ad5ed604ffec2272b19ef46?s=96&d=identicon&r=g","contentUrl":"http:\/\/0.gravatar.com\/avatar\/f64806401ad5ed604ffec2272b19ef46?s=96&d=identicon&r=g","caption":"Mohamed Salah Ben Amor"},"sameAs":["http:\/\/ben-amor.info"],"url":"http:\/\/www.masharif.com\/fr\/author\/msba\/"}]}},"_links":{"self":[{"href":"http:\/\/www.masharif.com\/fr\/wp-json\/wp\/v2\/posts\/2677"}],"collection":[{"href":"http:\/\/www.masharif.com\/fr\/wp-json\/wp\/v2\/posts"}],"about":[{"href":"http:\/\/www.masharif.com\/fr\/wp-json\/wp\/v2\/types\/post"}],"author":[{"embeddable":true,"href":"http:\/\/www.masharif.com\/fr\/wp-json\/wp\/v2\/users\/2"}],"replies":[{"embeddable":true,"href":"http:\/\/www.masharif.com\/fr\/wp-json\/wp\/v2\/comments?post=2677"}],"version-history":[{"count":2,"href":"http:\/\/www.masharif.com\/fr\/wp-json\/wp\/v2\/posts\/2677\/revisions"}],"predecessor-version":[{"id":2679,"href":"http:\/\/www.masharif.com\/fr\/wp-json\/wp\/v2\/posts\/2677\/revisions\/2679"}],"wp:featuredmedia":[{"embeddable":true,"href":"http:\/\/www.masharif.com\/fr\/wp-json\/wp\/v2\/media\/2674"}],"wp:attachment":[{"href":"http:\/\/www.masharif.com\/fr\/wp-json\/wp\/v2\/media?parent=2677"}],"wp:term":[{"taxonomy":"category","embeddable":true,"href":"http:\/\/www.masharif.com\/fr\/wp-json\/wp\/v2\/categories?post=2677"},{"taxonomy":"post_tag","embeddable":true,"href":"http:\/\/www.masharif.com\/fr\/wp-json\/wp\/v2\/tags?post=2677"}],"curies":[{"name":"wp","href":"https:\/\/api.w.org\/{rel}","templated":true}]}}