{"id":1992,"date":"2016-01-27T05:27:26","date_gmt":"2016-01-27T04:27:26","guid":{"rendered":"http:\/\/www.masharif.com\/fr\/?p=1992"},"modified":"2016-01-27T05:27:26","modified_gmt":"2016-01-27T04:27:26","slug":"la-petite-cendrillon-par-assou-ouchen-poete-marocain-rabat-maroc","status":"publish","type":"post","link":"http:\/\/www.masharif.com\/fr\/2016\/01\/27\/la-petite-cendrillon-par-assou-ouchen-poete-marocain-rabat-maroc\/","title":{"rendered":"La petite cendrillon  par : Assou OUCHEN \u2013 po\u00e8te marocain \u2013 Rabat \u2013 Maroc"},"content":{"rendered":"<div id=\"attachment_1993\" style=\"width: 310px\" class=\"wp-caption alignnone\"><a href=\"http:\/\/www.masharif.com\/fr\/wp-content\/uploads\/2016\/01\/12108748_906918619392099_446182000138692585_n.jpg\"><img aria-describedby=\"caption-attachment-1993\" loading=\"lazy\" class=\"wp-image-1993 size-medium\" src=\"http:\/\/www.masharif.com\/fr\/wp-content\/uploads\/2016\/01\/12108748_906918619392099_446182000138692585_n-300x300.jpg\" alt=\"12108748_906918619392099_446182000138692585_n\" width=\"300\" height=\"300\" srcset=\"http:\/\/www.masharif.com\/fr\/wp-content\/uploads\/2016\/01\/12108748_906918619392099_446182000138692585_n-300x300.jpg 300w, http:\/\/www.masharif.com\/fr\/wp-content\/uploads\/2016\/01\/12108748_906918619392099_446182000138692585_n-150x150.jpg 150w, http:\/\/www.masharif.com\/fr\/wp-content\/uploads\/2016\/01\/12108748_906918619392099_446182000138692585_n-55x55.jpg 55w, http:\/\/www.masharif.com\/fr\/wp-content\/uploads\/2016\/01\/12108748_906918619392099_446182000138692585_n.jpg 347w\" sizes=\"(max-width: 300px) 100vw, 300px\" \/><\/a><p id=\"caption-attachment-1993\" class=\"wp-caption-text\">Assou OUCHEN \u2013 po\u00e8te marocain \u2013 Rabat \u2013 Maroc<\/p><\/div>\n<p><a href=\"http:\/\/www.masharif.com\/fr\/wp-content\/uploads\/2016\/01\/stock-illustration-54320798-fairytale-blond-princess1.jpg\"><img loading=\"lazy\" class=\"alignnone size-medium wp-image-1994\" src=\"http:\/\/www.masharif.com\/fr\/wp-content\/uploads\/2016\/01\/stock-illustration-54320798-fairytale-blond-princess1-300x300.jpg\" alt=\"stock-illustration-54320798-fairytale-blond-princess\" width=\"300\" height=\"300\" srcset=\"http:\/\/www.masharif.com\/fr\/wp-content\/uploads\/2016\/01\/stock-illustration-54320798-fairytale-blond-princess1-300x300.jpg 300w, http:\/\/www.masharif.com\/fr\/wp-content\/uploads\/2016\/01\/stock-illustration-54320798-fairytale-blond-princess1-150x150.jpg 150w, http:\/\/www.masharif.com\/fr\/wp-content\/uploads\/2016\/01\/stock-illustration-54320798-fairytale-blond-princess1-55x55.jpg 55w, http:\/\/www.masharif.com\/fr\/wp-content\/uploads\/2016\/01\/stock-illustration-54320798-fairytale-blond-princess1.jpg 556w\" sizes=\"(max-width: 300px) 100vw, 300px\" \/><\/a><\/p>\n<p>&nbsp;<\/p>\n<p><strong>Elle savoure<\/strong><br \/>\n<strong>Le nectar d\u2019amour<\/strong><br \/>\n<strong>Tel un papillon<\/strong><\/p>\n<p><strong>Elle r\u00eave du jour<\/strong><br \/>\n<strong>O\u00f9 poussera son bonheur<\/strong><br \/>\n<strong>La petite cendrillon<\/strong><\/p>\n<p><strong>Elle implore le ciel<\/strong><br \/>\n<strong>L\u00e0 o\u00f9 les belles merveilles<\/strong><br \/>\n<strong>Jouent aux tourbillons<\/strong><\/p>\n<p><strong>Elle attend son prince<\/strong><br \/>\n<strong>Avec une grande impatience<\/strong><br \/>\n<strong>Il viendra au r\u00e9veillon<\/strong><\/p>\n<p><strong>Pr\u00e9c\u00e9d\u00e9 d\u2019un grand cort\u00e8ge<\/strong><br \/>\n<strong>De f\u00e9es qui le prot\u00e8ge<\/strong><br \/>\n<strong>Des regards affam\u00e9s des lions<\/strong><\/p>\n","protected":false},"excerpt":{"rendered":"<p>&nbsp; Elle savoure Le nectar d\u2019amour Tel un papillon Elle r\u00eave du jour O\u00f9 poussera son bonheur La petite cendrillon Elle implore le ciel L\u00e0 o\u00f9 les belles merveilles Jouent aux tourbillons Elle attend son prince Avec une grande impatience Il viendra au r\u00e9veillon Pr\u00e9c\u00e9d\u00e9 d\u2019un grand cort\u00e8ge De f\u00e9es qui le prot\u00e8ge Des regards &#8230;<\/p>\n","protected":false},"author":2,"featured_media":1993,"comment_status":"open","ping_status":"open","sticky":false,"template":"","format":"standard","meta":[],"categories":[4],"tags":[],"yoast_head":"<!-- This site is optimized with the Yoast SEO plugin v19.3 - https:\/\/yoast.com\/wordpress\/plugins\/seo\/ -->\n<title>La petite cendrillon par : Assou OUCHEN \u2013 po\u00e8te marocain \u2013 Rabat \u2013 Maroc - Culminances<\/title>\n<meta name=\"robots\" content=\"index, follow, max-snippet:-1, max-image-preview:large, max-video-preview:-1\" \/>\n<link rel=\"canonical\" href=\"https:\/\/www.masharif.com\/fr\/2016\/01\/27\/la-petite-cendrillon-par-assou-ouchen-poete-marocain-rabat-maroc\/\" \/>\n<meta property=\"og:locale\" content=\"fr_FR\" \/>\n<meta property=\"og:type\" content=\"article\" \/>\n<meta property=\"og:title\" content=\"La petite cendrillon par : Assou OUCHEN \u2013 po\u00e8te marocain \u2013 Rabat \u2013 Maroc - Culminances\" \/>\n<meta property=\"og:description\" content=\"&nbsp; Elle savoure Le nectar d\u2019amour Tel un papillon Elle r\u00eave du jour O\u00f9 poussera son bonheur La petite cendrillon Elle implore le ciel L\u00e0 o\u00f9 les belles merveilles Jouent aux tourbillons Elle attend son prince Avec une grande impatience Il viendra au r\u00e9veillon Pr\u00e9c\u00e9d\u00e9 d\u2019un grand cort\u00e8ge De f\u00e9es qui le prot\u00e8ge Des regards ...\" \/>\n<meta property=\"og:url\" content=\"https:\/\/www.masharif.com\/fr\/2016\/01\/27\/la-petite-cendrillon-par-assou-ouchen-poete-marocain-rabat-maroc\/\" \/>\n<meta property=\"og:site_name\" content=\"Culminances\" \/>\n<meta property=\"article:published_time\" content=\"2016-01-27T04:27:26+00:00\" \/>\n<meta property=\"og:image\" content=\"https:\/\/www.masharif.com\/fr\/wp-content\/uploads\/2016\/01\/12108748_906918619392099_446182000138692585_n.jpg\" \/>\n\t<meta property=\"og:image:width\" content=\"347\" \/>\n\t<meta property=\"og:image:height\" content=\"347\" \/>\n\t<meta property=\"og:image:type\" content=\"image\/jpeg\" \/>\n<meta name=\"author\" content=\"Mohamed Salah Ben Amor\" \/>\n<meta name=\"twitter:card\" content=\"summary\" \/>\n<meta name=\"twitter:label1\" content=\"\u00c9crit par\" \/>\n\t<meta name=\"twitter:data1\" content=\"Mohamed Salah Ben Amor\" \/>\n<script type=\"application\/ld+json\" class=\"yoast-schema-graph\">{\"@context\":\"https:\/\/schema.org\",\"@graph\":[{\"@type\":\"WebSite\",\"@id\":\"https:\/\/www.masharif.com\/fr\/#website\",\"url\":\"https:\/\/www.masharif.com\/fr\/\",\"name\":\"Culminances\",\"description\":\"\",\"potentialAction\":[{\"@type\":\"SearchAction\",\"target\":{\"@type\":\"EntryPoint\",\"urlTemplate\":\"https:\/\/www.masharif.com\/fr\/?s={search_term_string}\"},\"query-input\":\"required name=search_term_string\"}],\"inLanguage\":\"fr-FR\"},{\"@type\":\"ImageObject\",\"inLanguage\":\"fr-FR\",\"@id\":\"https:\/\/www.masharif.com\/fr\/2016\/01\/27\/la-petite-cendrillon-par-assou-ouchen-poete-marocain-rabat-maroc\/#primaryimage\",\"url\":\"http:\/\/www.masharif.com\/fr\/wp-content\/uploads\/2016\/01\/12108748_906918619392099_446182000138692585_n.jpg\",\"contentUrl\":\"http:\/\/www.masharif.com\/fr\/wp-content\/uploads\/2016\/01\/12108748_906918619392099_446182000138692585_n.jpg\",\"width\":347,\"height\":347},{\"@type\":\"WebPage\",\"@id\":\"https:\/\/www.masharif.com\/fr\/2016\/01\/27\/la-petite-cendrillon-par-assou-ouchen-poete-marocain-rabat-maroc\/\",\"url\":\"https:\/\/www.masharif.com\/fr\/2016\/01\/27\/la-petite-cendrillon-par-assou-ouchen-poete-marocain-rabat-maroc\/\",\"name\":\"La petite cendrillon par : Assou OUCHEN \u2013 po\u00e8te marocain \u2013 Rabat \u2013 Maroc - Culminances\",\"isPartOf\":{\"@id\":\"https:\/\/www.masharif.com\/fr\/#website\"},\"primaryImageOfPage\":{\"@id\":\"https:\/\/www.masharif.com\/fr\/2016\/01\/27\/la-petite-cendrillon-par-assou-ouchen-poete-marocain-rabat-maroc\/#primaryimage\"},\"datePublished\":\"2016-01-27T04:27:26+00:00\",\"dateModified\":\"2016-01-27T04:27:26+00:00\",\"author\":{\"@id\":\"https:\/\/www.masharif.com\/fr\/#\/schema\/person\/839a7026efe9fa825134097c1041e4a0\"},\"breadcrumb\":{\"@id\":\"https:\/\/www.masharif.com\/fr\/2016\/01\/27\/la-petite-cendrillon-par-assou-ouchen-poete-marocain-rabat-maroc\/#breadcrumb\"},\"inLanguage\":\"fr-FR\",\"potentialAction\":[{\"@type\":\"ReadAction\",\"target\":[\"https:\/\/www.masharif.com\/fr\/2016\/01\/27\/la-petite-cendrillon-par-assou-ouchen-poete-marocain-rabat-maroc\/\"]}]},{\"@type\":\"BreadcrumbList\",\"@id\":\"https:\/\/www.masharif.com\/fr\/2016\/01\/27\/la-petite-cendrillon-par-assou-ouchen-poete-marocain-rabat-maroc\/#breadcrumb\",\"itemListElement\":[{\"@type\":\"ListItem\",\"position\":1,\"name\":\"Home\",\"item\":\"https:\/\/www.masharif.com\/fr\/\"},{\"@type\":\"ListItem\",\"position\":2,\"name\":\"La petite cendrillon par : Assou OUCHEN \u2013 po\u00e8te marocain \u2013 Rabat \u2013 Maroc\"}]},{\"@type\":\"Person\",\"@id\":\"https:\/\/www.masharif.com\/fr\/#\/schema\/person\/839a7026efe9fa825134097c1041e4a0\",\"name\":\"Mohamed Salah Ben Amor\",\"image\":{\"@type\":\"ImageObject\",\"inLanguage\":\"fr-FR\",\"@id\":\"https:\/\/www.masharif.com\/fr\/#\/schema\/person\/image\/\",\"url\":\"http:\/\/0.gravatar.com\/avatar\/f64806401ad5ed604ffec2272b19ef46?s=96&d=identicon&r=g\",\"contentUrl\":\"http:\/\/0.gravatar.com\/avatar\/f64806401ad5ed604ffec2272b19ef46?s=96&d=identicon&r=g\",\"caption\":\"Mohamed Salah Ben Amor\"},\"sameAs\":[\"http:\/\/ben-amor.info\"],\"url\":\"http:\/\/www.masharif.com\/fr\/author\/msba\/\"}]}<\/script>\n<!-- \/ Yoast SEO plugin. -->","yoast_head_json":{"title":"La petite cendrillon par : Assou OUCHEN \u2013 po\u00e8te marocain \u2013 Rabat \u2013 Maroc - Culminances","robots":{"index":"index","follow":"follow","max-snippet":"max-snippet:-1","max-image-preview":"max-image-preview:large","max-video-preview":"max-video-preview:-1"},"canonical":"https:\/\/www.masharif.com\/fr\/2016\/01\/27\/la-petite-cendrillon-par-assou-ouchen-poete-marocain-rabat-maroc\/","og_locale":"fr_FR","og_type":"article","og_title":"La petite cendrillon par : Assou OUCHEN \u2013 po\u00e8te marocain \u2013 Rabat \u2013 Maroc - Culminances","og_description":"&nbsp; Elle savoure Le nectar d\u2019amour Tel un papillon Elle r\u00eave du jour O\u00f9 poussera son bonheur La petite cendrillon Elle implore le ciel L\u00e0 o\u00f9 les belles merveilles Jouent aux tourbillons Elle attend son prince Avec une grande impatience Il viendra au r\u00e9veillon Pr\u00e9c\u00e9d\u00e9 d\u2019un grand cort\u00e8ge De f\u00e9es qui le prot\u00e8ge Des regards ...","og_url":"https:\/\/www.masharif.com\/fr\/2016\/01\/27\/la-petite-cendrillon-par-assou-ouchen-poete-marocain-rabat-maroc\/","og_site_name":"Culminances","article_published_time":"2016-01-27T04:27:26+00:00","og_image":[{"width":347,"height":347,"url":"https:\/\/www.masharif.com\/fr\/wp-content\/uploads\/2016\/01\/12108748_906918619392099_446182000138692585_n.jpg","type":"image\/jpeg"}],"author":"Mohamed Salah Ben Amor","twitter_card":"summary","twitter_misc":{"\u00c9crit par":"Mohamed Salah Ben Amor"},"schema":{"@context":"https:\/\/schema.org","@graph":[{"@type":"WebSite","@id":"https:\/\/www.masharif.com\/fr\/#website","url":"https:\/\/www.masharif.com\/fr\/","name":"Culminances","description":"","potentialAction":[{"@type":"SearchAction","target":{"@type":"EntryPoint","urlTemplate":"https:\/\/www.masharif.com\/fr\/?s={search_term_string}"},"query-input":"required name=search_term_string"}],"inLanguage":"fr-FR"},{"@type":"ImageObject","inLanguage":"fr-FR","@id":"https:\/\/www.masharif.com\/fr\/2016\/01\/27\/la-petite-cendrillon-par-assou-ouchen-poete-marocain-rabat-maroc\/#primaryimage","url":"http:\/\/www.masharif.com\/fr\/wp-content\/uploads\/2016\/01\/12108748_906918619392099_446182000138692585_n.jpg","contentUrl":"http:\/\/www.masharif.com\/fr\/wp-content\/uploads\/2016\/01\/12108748_906918619392099_446182000138692585_n.jpg","width":347,"height":347},{"@type":"WebPage","@id":"https:\/\/www.masharif.com\/fr\/2016\/01\/27\/la-petite-cendrillon-par-assou-ouchen-poete-marocain-rabat-maroc\/","url":"https:\/\/www.masharif.com\/fr\/2016\/01\/27\/la-petite-cendrillon-par-assou-ouchen-poete-marocain-rabat-maroc\/","name":"La petite cendrillon par : Assou OUCHEN \u2013 po\u00e8te marocain \u2013 Rabat \u2013 Maroc - Culminances","isPartOf":{"@id":"https:\/\/www.masharif.com\/fr\/#website"},"primaryImageOfPage":{"@id":"https:\/\/www.masharif.com\/fr\/2016\/01\/27\/la-petite-cendrillon-par-assou-ouchen-poete-marocain-rabat-maroc\/#primaryimage"},"datePublished":"2016-01-27T04:27:26+00:00","dateModified":"2016-01-27T04:27:26+00:00","author":{"@id":"https:\/\/www.masharif.com\/fr\/#\/schema\/person\/839a7026efe9fa825134097c1041e4a0"},"breadcrumb":{"@id":"https:\/\/www.masharif.com\/fr\/2016\/01\/27\/la-petite-cendrillon-par-assou-ouchen-poete-marocain-rabat-maroc\/#breadcrumb"},"inLanguage":"fr-FR","potentialAction":[{"@type":"ReadAction","target":["https:\/\/www.masharif.com\/fr\/2016\/01\/27\/la-petite-cendrillon-par-assou-ouchen-poete-marocain-rabat-maroc\/"]}]},{"@type":"BreadcrumbList","@id":"https:\/\/www.masharif.com\/fr\/2016\/01\/27\/la-petite-cendrillon-par-assou-ouchen-poete-marocain-rabat-maroc\/#breadcrumb","itemListElement":[{"@type":"ListItem","position":1,"name":"Home","item":"https:\/\/www.masharif.com\/fr\/"},{"@type":"ListItem","position":2,"name":"La petite cendrillon par : Assou OUCHEN \u2013 po\u00e8te marocain \u2013 Rabat \u2013 Maroc"}]},{"@type":"Person","@id":"https:\/\/www.masharif.com\/fr\/#\/schema\/person\/839a7026efe9fa825134097c1041e4a0","name":"Mohamed Salah Ben Amor","image":{"@type":"ImageObject","inLanguage":"fr-FR","@id":"https:\/\/www.masharif.com\/fr\/#\/schema\/person\/image\/","url":"http:\/\/0.gravatar.com\/avatar\/f64806401ad5ed604ffec2272b19ef46?s=96&d=identicon&r=g","contentUrl":"http:\/\/0.gravatar.com\/avatar\/f64806401ad5ed604ffec2272b19ef46?s=96&d=identicon&r=g","caption":"Mohamed Salah Ben Amor"},"sameAs":["http:\/\/ben-amor.info"],"url":"http:\/\/www.masharif.com\/fr\/author\/msba\/"}]}},"_links":{"self":[{"href":"http:\/\/www.masharif.com\/fr\/wp-json\/wp\/v2\/posts\/1992"}],"collection":[{"href":"http:\/\/www.masharif.com\/fr\/wp-json\/wp\/v2\/posts"}],"about":[{"href":"http:\/\/www.masharif.com\/fr\/wp-json\/wp\/v2\/types\/post"}],"author":[{"embeddable":true,"href":"http:\/\/www.masharif.com\/fr\/wp-json\/wp\/v2\/users\/2"}],"replies":[{"embeddable":true,"href":"http:\/\/www.masharif.com\/fr\/wp-json\/wp\/v2\/comments?post=1992"}],"version-history":[{"count":1,"href":"http:\/\/www.masharif.com\/fr\/wp-json\/wp\/v2\/posts\/1992\/revisions"}],"predecessor-version":[{"id":1995,"href":"http:\/\/www.masharif.com\/fr\/wp-json\/wp\/v2\/posts\/1992\/revisions\/1995"}],"wp:featuredmedia":[{"embeddable":true,"href":"http:\/\/www.masharif.com\/fr\/wp-json\/wp\/v2\/media\/1993"}],"wp:attachment":[{"href":"http:\/\/www.masharif.com\/fr\/wp-json\/wp\/v2\/media?parent=1992"}],"wp:term":[{"taxonomy":"category","embeddable":true,"href":"http:\/\/www.masharif.com\/fr\/wp-json\/wp\/v2\/categories?post=1992"},{"taxonomy":"post_tag","embeddable":true,"href":"http:\/\/www.masharif.com\/fr\/wp-json\/wp\/v2\/tags?post=1992"}],"curies":[{"name":"wp","href":"https:\/\/api.w.org\/{rel}","templated":true}]}}