{"id":1798,"date":"2015-12-28T15:30:18","date_gmt":"2015-12-28T14:30:18","guid":{"rendered":"http:\/\/www.masharif.com\/fr\/?p=1798"},"modified":"2015-12-28T15:32:04","modified_gmt":"2015-12-28T14:32:04","slug":"poeme-du-jour-no-34-si-dans-tes-yeux-par-arezki-hatem-poete-algerien-beni-douala-tizi-ouzou-algerie","status":"publish","type":"post","link":"http:\/\/www.masharif.com\/fr\/2015\/12\/28\/poeme-du-jour-no-34-si-dans-tes-yeux-par-arezki-hatem-poete-algerien-beni-douala-tizi-ouzou-algerie\/","title":{"rendered":"Po\u00e8me du jour no 34 : Si dans tes yeux : par :Arezki Hatem  &#8211; po\u00e8te alg\u00e9rien \u2013 Beni Douala- Tizi Ouzou \u2013 Alg\u00e9rie"},"content":{"rendered":"<div id=\"attachment_1104\" style=\"width: 245px\" class=\"wp-caption alignnone\"><a href=\"http:\/\/www.masharif.com\/fr\/wp-content\/uploads\/2015\/10\/10440816_10204715506030772_3959138817718008327_n.jpg\"><img aria-describedby=\"caption-attachment-1104\" loading=\"lazy\" class=\"wp-image-1104 size-medium\" src=\"http:\/\/www.masharif.com\/fr\/wp-content\/uploads\/2015\/10\/10440816_10204715506030772_3959138817718008327_n-235x300.jpg\" alt=\"10440816_10204715506030772_3959138817718008327_n\" width=\"235\" height=\"300\" srcset=\"http:\/\/www.masharif.com\/fr\/wp-content\/uploads\/2015\/10\/10440816_10204715506030772_3959138817718008327_n-235x300.jpg 235w, http:\/\/www.masharif.com\/fr\/wp-content\/uploads\/2015\/10\/10440816_10204715506030772_3959138817718008327_n.jpg 533w\" sizes=\"(max-width: 235px) 100vw, 235px\" \/><\/a><p id=\"caption-attachment-1104\" class=\"wp-caption-text\">Arezki Hatem &#8211; po\u00e8te alg\u00e9rien \u2013 Beni Douala- Tizi Ouzou \u2013 Alg\u00e9rie<\/p><\/div>\n<p><a href=\"http:\/\/www.masharif.com\/fr\/wp-content\/uploads\/2015\/12\/stock-photo-23482385-blue-and-yellow-eye.jpg\"><img loading=\"lazy\" class=\"alignnone size-medium wp-image-1799\" src=\"http:\/\/www.masharif.com\/fr\/wp-content\/uploads\/2015\/12\/stock-photo-23482385-blue-and-yellow-eye-300x276.jpg\" alt=\"stock-photo-23482385-blue-and-yellow-eye\" width=\"300\" height=\"276\" srcset=\"http:\/\/www.masharif.com\/fr\/wp-content\/uploads\/2015\/12\/stock-photo-23482385-blue-and-yellow-eye-300x276.jpg 300w, http:\/\/www.masharif.com\/fr\/wp-content\/uploads\/2015\/12\/stock-photo-23482385-blue-and-yellow-eye.jpg 556w\" sizes=\"(max-width: 300px) 100vw, 300px\" \/><\/a><br \/>\n<strong>Si dans tes yeux le bleu est la couleur reine,<\/strong><br \/>\n<strong>O\u00f9 l\u2019on voit vagues et m\u00e9duses chantant sous les airs des vents,<\/strong><br \/>\n<strong>Dans ton c\u0153ur et ses fougueux battements,<\/strong><br \/>\n<strong>Le rouge est couleur de ton c\u0153ur imp\u00e9tueux ;<\/strong><br \/>\n<strong>O\u00f9 veines, art\u00e8res pleurent la joie en trombes hivernales.<\/strong><br \/>\n<strong>Si dans ton pr\u00e9, fleurs et \u00e9meraudes<\/strong><br \/>\n<strong>Brillent tel un soleil z\u00e9nithal,<\/strong><br \/>\n<strong>Dans ta fontaine, l\u2019eau jaillisse en scandant ton d\u00e9sir ardent.<\/strong><br \/>\n<strong>Si dans ta nasse je suis l\u2019heureux captif,<\/strong><br \/>\n<strong>A la vue du bleu de tes yeux,<\/strong><br \/>\n<strong>Mon \u00e2me ne r\u00e9clame gu\u00e8re libert\u00e9\u2026<\/strong><\/p>\n<p>&nbsp;<\/p>\n<p><strong>Arezki Hatem<\/strong> &#8211; po\u00e8te alg\u00e9rien \u2013 Beni Douala- Tizi Ouzou \u2013 Alg\u00e9rie<\/p>\n<p>&nbsp;<br \/>\n<strong>Commentaire de Mohamed Salah Ben Amor :<\/strong><\/p>\n<p>&nbsp;<br \/>\nSi le th\u00e8me amoureux a toujours \u00e9t\u00e9 est l\u2019un des th\u00e8mes les plus f\u00e9conds et les plus riches, aussi bien en po\u00e9sie qu\u2019en r\u00e9cit, du fait de la forte charge \u00e9motive qu\u2019il porte et la grande fascination qu\u2019il exerce sur les c\u0153urs et les esprits,son abord en litt\u00e9rature est des plus risqu\u00e9s, en raison de la masse impressionnante et toujours grandissante des textes qui le traitent et dont la plupart versent dans la facilit\u00e9, la banalit\u00e9 et la platitude. Ce qui pose au vrai \u00e9crivain ou po\u00e8te qui l\u2019aborde le probl\u00e8me tr\u00e8s d\u00e9licat non seulement d\u2019\u00e9viter la r\u00e9p\u00e9tition\u00a0 mais d&#8217;apporter\u00a0 des id\u00e9es r\u00e9ellement in\u00e9dites .<br \/>\nGr\u00e2ce au flair tr\u00e8s fin et bien subtil dont\u00a0 a fait preuve l&#8217;auteur de ce texte dans la plupart de ses \u00e9crits po\u00e9tiques pr\u00e9c\u00e9dents, il\u00a0 a d\u00e9ploy\u00e9\u00a0 dans ce nouveau po\u00e8me de grands efforts pour sortir des sentiers battus dans ce th\u00e8me d\u00e9mesur\u00e9ment fr\u00e9quent.<br \/>\nCe renouveau s\u2019est concr\u00e9tis\u00e9 par la construction de ce\u00a0 po\u00e8me sur cinq axes s\u00e9mantiques:\u00a0 les deux premiers d&#8217;entre eux sont express\u00e9ment des membres du corps de la bien-aim\u00e9e ( les yeux et le c\u0153ur ) , les deux suivants sont deux \u00e9l\u00e9ments emprunt\u00e9s \u00e0 la nature ( pr\u00e9- fontaine )mais pr\u00e9sent\u00e9s m\u00e9taphoriquement comme faisant partie du m\u00eame corps et le dernier est global et abstrait ( la forte attractivit\u00e9 de ce m\u00eame corps \u00e0 l\u2019\u00e9gard du locuteur) bien que le po\u00e8te lui ait emprunt\u00e9 un objet (la nasse ). Ce qui a donn\u00e9\u00a0 une construction harmonieuse en parties ( quatre \u00e9l\u00e9ments ) aboutissant \u00e0 un tout non concret ( le pouvoir s\u00e9ducteur de ce\u00a0 corps ).<\/p>\n<p>Concernant les \u00e9l\u00e9ments constitutifs en eux-m\u00eames, chacun d\u2019eux a \u00e9t\u00e9 incorpor\u00e9 au sein d&#8217;une m\u00e9taphore (tes yeux : vagues et m\u00e9duses chantant sous les airs des vents &#8211; ton c\u0153ur : veines, art\u00e8res pleurent la joie en trombes hivernales &#8211; ton pr\u00e9 : fleurs et \u00e9meraudes brillent tel un soleil z\u00e9nithal &#8211; ta fontaine : l\u2019eau jaillisse en scandant ton d\u00e9sir ardent &#8211; ta nasse : je suis l\u2019heureux captif).Ce qui a dot\u00e9 le po\u00e8me d\u2019un style hautement imag\u00e9 . Et nous ne pouvons finir ce commentaire sans attirer l\u2019attention sur le caract\u00e8re surprenant de l\u2019image plac\u00e9e dans les deux derniers vers (A la vue du bleu de tes yeux, \/Mon \u00e2me ne r\u00e9clame gu\u00e8re libert\u00e9\u2026) et dont l\u2019effet est semblable \u00e0 un coup de gong .<\/p>\n<p>Un autre po\u00e8me concis mais habilement cisel\u00e9,\u00a0 malgr\u00e9 le th\u00e8me abusivement trait\u00e9 dans la litt\u00e9rature mondiale ancienne et contemporaine.<\/p>\n<p>&nbsp;<\/p>\n","protected":false},"excerpt":{"rendered":"<p>Si dans tes yeux le bleu est la couleur reine, O\u00f9 l\u2019on voit vagues et m\u00e9duses chantant sous les airs des vents, Dans ton c\u0153ur et ses fougueux battements, Le rouge est couleur de ton c\u0153ur imp\u00e9tueux ; O\u00f9 veines, art\u00e8res pleurent la joie en trombes hivernales. Si dans ton pr\u00e9, fleurs et \u00e9meraudes Brillent &#8230;<\/p>\n","protected":false},"author":2,"featured_media":1104,"comment_status":"open","ping_status":"open","sticky":false,"template":"","format":"standard","meta":[],"categories":[8],"tags":[],"yoast_head":"<!-- This site is optimized with the Yoast SEO plugin v19.3 - https:\/\/yoast.com\/wordpress\/plugins\/seo\/ -->\n<title>Po\u00e8me du jour no 34 : Si dans tes yeux : par :Arezki Hatem - po\u00e8te alg\u00e9rien \u2013 Beni Douala- Tizi Ouzou \u2013 Alg\u00e9rie - Culminances<\/title>\n<meta name=\"robots\" content=\"index, follow, max-snippet:-1, max-image-preview:large, max-video-preview:-1\" \/>\n<link rel=\"canonical\" href=\"https:\/\/www.masharif.com\/fr\/2015\/12\/28\/poeme-du-jour-no-34-si-dans-tes-yeux-par-arezki-hatem-poete-algerien-beni-douala-tizi-ouzou-algerie\/\" \/>\n<meta property=\"og:locale\" content=\"fr_FR\" \/>\n<meta property=\"og:type\" content=\"article\" \/>\n<meta property=\"og:title\" content=\"Po\u00e8me du jour no 34 : Si dans tes yeux : par :Arezki Hatem - po\u00e8te alg\u00e9rien \u2013 Beni Douala- Tizi Ouzou \u2013 Alg\u00e9rie - Culminances\" \/>\n<meta property=\"og:description\" content=\"Si dans tes yeux le bleu est la couleur reine, O\u00f9 l\u2019on voit vagues et m\u00e9duses chantant sous les airs des vents, Dans ton c\u0153ur et ses fougueux battements, Le rouge est couleur de ton c\u0153ur imp\u00e9tueux ; O\u00f9 veines, art\u00e8res pleurent la joie en trombes hivernales. Si dans ton pr\u00e9, fleurs et \u00e9meraudes Brillent ...\" \/>\n<meta property=\"og:url\" content=\"https:\/\/www.masharif.com\/fr\/2015\/12\/28\/poeme-du-jour-no-34-si-dans-tes-yeux-par-arezki-hatem-poete-algerien-beni-douala-tizi-ouzou-algerie\/\" \/>\n<meta property=\"og:site_name\" content=\"Culminances\" \/>\n<meta property=\"article:published_time\" content=\"2015-12-28T14:30:18+00:00\" \/>\n<meta property=\"article:modified_time\" content=\"2015-12-28T14:32:04+00:00\" \/>\n<meta property=\"og:image\" content=\"https:\/\/www.masharif.com\/fr\/wp-content\/uploads\/2015\/10\/10440816_10204715506030772_3959138817718008327_n.jpg\" \/>\n\t<meta property=\"og:image:width\" content=\"533\" \/>\n\t<meta property=\"og:image:height\" content=\"681\" \/>\n\t<meta property=\"og:image:type\" content=\"image\/jpeg\" \/>\n<meta name=\"author\" content=\"Mohamed Salah Ben Amor\" \/>\n<meta name=\"twitter:card\" content=\"summary\" \/>\n<meta name=\"twitter:label1\" content=\"\u00c9crit par\" \/>\n\t<meta name=\"twitter:data1\" content=\"Mohamed Salah Ben Amor\" \/>\n\t<meta name=\"twitter:label2\" content=\"Dur\u00e9e de lecture estim\u00e9e\" \/>\n\t<meta name=\"twitter:data2\" content=\"3 minutes\" \/>\n<script type=\"application\/ld+json\" class=\"yoast-schema-graph\">{\"@context\":\"https:\/\/schema.org\",\"@graph\":[{\"@type\":\"WebSite\",\"@id\":\"https:\/\/www.masharif.com\/fr\/#website\",\"url\":\"https:\/\/www.masharif.com\/fr\/\",\"name\":\"Culminances\",\"description\":\"\",\"potentialAction\":[{\"@type\":\"SearchAction\",\"target\":{\"@type\":\"EntryPoint\",\"urlTemplate\":\"https:\/\/www.masharif.com\/fr\/?s={search_term_string}\"},\"query-input\":\"required name=search_term_string\"}],\"inLanguage\":\"fr-FR\"},{\"@type\":\"ImageObject\",\"inLanguage\":\"fr-FR\",\"@id\":\"https:\/\/www.masharif.com\/fr\/2015\/12\/28\/poeme-du-jour-no-34-si-dans-tes-yeux-par-arezki-hatem-poete-algerien-beni-douala-tizi-ouzou-algerie\/#primaryimage\",\"url\":\"http:\/\/www.masharif.com\/fr\/wp-content\/uploads\/2015\/10\/10440816_10204715506030772_3959138817718008327_n.jpg\",\"contentUrl\":\"http:\/\/www.masharif.com\/fr\/wp-content\/uploads\/2015\/10\/10440816_10204715506030772_3959138817718008327_n.jpg\",\"width\":533,\"height\":681},{\"@type\":\"WebPage\",\"@id\":\"https:\/\/www.masharif.com\/fr\/2015\/12\/28\/poeme-du-jour-no-34-si-dans-tes-yeux-par-arezki-hatem-poete-algerien-beni-douala-tizi-ouzou-algerie\/\",\"url\":\"https:\/\/www.masharif.com\/fr\/2015\/12\/28\/poeme-du-jour-no-34-si-dans-tes-yeux-par-arezki-hatem-poete-algerien-beni-douala-tizi-ouzou-algerie\/\",\"name\":\"Po\u00e8me du jour no 34 : Si dans tes yeux : par :Arezki Hatem - po\u00e8te alg\u00e9rien \u2013 Beni Douala- Tizi Ouzou \u2013 Alg\u00e9rie - Culminances\",\"isPartOf\":{\"@id\":\"https:\/\/www.masharif.com\/fr\/#website\"},\"primaryImageOfPage\":{\"@id\":\"https:\/\/www.masharif.com\/fr\/2015\/12\/28\/poeme-du-jour-no-34-si-dans-tes-yeux-par-arezki-hatem-poete-algerien-beni-douala-tizi-ouzou-algerie\/#primaryimage\"},\"datePublished\":\"2015-12-28T14:30:18+00:00\",\"dateModified\":\"2015-12-28T14:32:04+00:00\",\"author\":{\"@id\":\"https:\/\/www.masharif.com\/fr\/#\/schema\/person\/839a7026efe9fa825134097c1041e4a0\"},\"breadcrumb\":{\"@id\":\"https:\/\/www.masharif.com\/fr\/2015\/12\/28\/poeme-du-jour-no-34-si-dans-tes-yeux-par-arezki-hatem-poete-algerien-beni-douala-tizi-ouzou-algerie\/#breadcrumb\"},\"inLanguage\":\"fr-FR\",\"potentialAction\":[{\"@type\":\"ReadAction\",\"target\":[\"https:\/\/www.masharif.com\/fr\/2015\/12\/28\/poeme-du-jour-no-34-si-dans-tes-yeux-par-arezki-hatem-poete-algerien-beni-douala-tizi-ouzou-algerie\/\"]}]},{\"@type\":\"BreadcrumbList\",\"@id\":\"https:\/\/www.masharif.com\/fr\/2015\/12\/28\/poeme-du-jour-no-34-si-dans-tes-yeux-par-arezki-hatem-poete-algerien-beni-douala-tizi-ouzou-algerie\/#breadcrumb\",\"itemListElement\":[{\"@type\":\"ListItem\",\"position\":1,\"name\":\"Home\",\"item\":\"https:\/\/www.masharif.com\/fr\/\"},{\"@type\":\"ListItem\",\"position\":2,\"name\":\"Po\u00e8me du jour no 34 : Si dans tes yeux : par :Arezki Hatem &#8211; po\u00e8te alg\u00e9rien \u2013 Beni Douala- Tizi Ouzou \u2013 Alg\u00e9rie\"}]},{\"@type\":\"Person\",\"@id\":\"https:\/\/www.masharif.com\/fr\/#\/schema\/person\/839a7026efe9fa825134097c1041e4a0\",\"name\":\"Mohamed Salah Ben Amor\",\"image\":{\"@type\":\"ImageObject\",\"inLanguage\":\"fr-FR\",\"@id\":\"https:\/\/www.masharif.com\/fr\/#\/schema\/person\/image\/\",\"url\":\"http:\/\/0.gravatar.com\/avatar\/f64806401ad5ed604ffec2272b19ef46?s=96&d=identicon&r=g\",\"contentUrl\":\"http:\/\/0.gravatar.com\/avatar\/f64806401ad5ed604ffec2272b19ef46?s=96&d=identicon&r=g\",\"caption\":\"Mohamed Salah Ben Amor\"},\"sameAs\":[\"http:\/\/ben-amor.info\"],\"url\":\"http:\/\/www.masharif.com\/fr\/author\/msba\/\"}]}<\/script>\n<!-- \/ Yoast SEO plugin. -->","yoast_head_json":{"title":"Po\u00e8me du jour no 34 : Si dans tes yeux : par :Arezki Hatem - po\u00e8te alg\u00e9rien \u2013 Beni Douala- Tizi Ouzou \u2013 Alg\u00e9rie - Culminances","robots":{"index":"index","follow":"follow","max-snippet":"max-snippet:-1","max-image-preview":"max-image-preview:large","max-video-preview":"max-video-preview:-1"},"canonical":"https:\/\/www.masharif.com\/fr\/2015\/12\/28\/poeme-du-jour-no-34-si-dans-tes-yeux-par-arezki-hatem-poete-algerien-beni-douala-tizi-ouzou-algerie\/","og_locale":"fr_FR","og_type":"article","og_title":"Po\u00e8me du jour no 34 : Si dans tes yeux : par :Arezki Hatem - po\u00e8te alg\u00e9rien \u2013 Beni Douala- Tizi Ouzou \u2013 Alg\u00e9rie - Culminances","og_description":"Si dans tes yeux le bleu est la couleur reine, O\u00f9 l\u2019on voit vagues et m\u00e9duses chantant sous les airs des vents, Dans ton c\u0153ur et ses fougueux battements, Le rouge est couleur de ton c\u0153ur imp\u00e9tueux ; O\u00f9 veines, art\u00e8res pleurent la joie en trombes hivernales. Si dans ton pr\u00e9, fleurs et \u00e9meraudes Brillent ...","og_url":"https:\/\/www.masharif.com\/fr\/2015\/12\/28\/poeme-du-jour-no-34-si-dans-tes-yeux-par-arezki-hatem-poete-algerien-beni-douala-tizi-ouzou-algerie\/","og_site_name":"Culminances","article_published_time":"2015-12-28T14:30:18+00:00","article_modified_time":"2015-12-28T14:32:04+00:00","og_image":[{"width":533,"height":681,"url":"https:\/\/www.masharif.com\/fr\/wp-content\/uploads\/2015\/10\/10440816_10204715506030772_3959138817718008327_n.jpg","type":"image\/jpeg"}],"author":"Mohamed Salah Ben Amor","twitter_card":"summary","twitter_misc":{"\u00c9crit par":"Mohamed Salah Ben Amor","Dur\u00e9e de lecture estim\u00e9e":"3 minutes"},"schema":{"@context":"https:\/\/schema.org","@graph":[{"@type":"WebSite","@id":"https:\/\/www.masharif.com\/fr\/#website","url":"https:\/\/www.masharif.com\/fr\/","name":"Culminances","description":"","potentialAction":[{"@type":"SearchAction","target":{"@type":"EntryPoint","urlTemplate":"https:\/\/www.masharif.com\/fr\/?s={search_term_string}"},"query-input":"required name=search_term_string"}],"inLanguage":"fr-FR"},{"@type":"ImageObject","inLanguage":"fr-FR","@id":"https:\/\/www.masharif.com\/fr\/2015\/12\/28\/poeme-du-jour-no-34-si-dans-tes-yeux-par-arezki-hatem-poete-algerien-beni-douala-tizi-ouzou-algerie\/#primaryimage","url":"http:\/\/www.masharif.com\/fr\/wp-content\/uploads\/2015\/10\/10440816_10204715506030772_3959138817718008327_n.jpg","contentUrl":"http:\/\/www.masharif.com\/fr\/wp-content\/uploads\/2015\/10\/10440816_10204715506030772_3959138817718008327_n.jpg","width":533,"height":681},{"@type":"WebPage","@id":"https:\/\/www.masharif.com\/fr\/2015\/12\/28\/poeme-du-jour-no-34-si-dans-tes-yeux-par-arezki-hatem-poete-algerien-beni-douala-tizi-ouzou-algerie\/","url":"https:\/\/www.masharif.com\/fr\/2015\/12\/28\/poeme-du-jour-no-34-si-dans-tes-yeux-par-arezki-hatem-poete-algerien-beni-douala-tizi-ouzou-algerie\/","name":"Po\u00e8me du jour no 34 : Si dans tes yeux : par :Arezki Hatem - po\u00e8te alg\u00e9rien \u2013 Beni Douala- Tizi Ouzou \u2013 Alg\u00e9rie - Culminances","isPartOf":{"@id":"https:\/\/www.masharif.com\/fr\/#website"},"primaryImageOfPage":{"@id":"https:\/\/www.masharif.com\/fr\/2015\/12\/28\/poeme-du-jour-no-34-si-dans-tes-yeux-par-arezki-hatem-poete-algerien-beni-douala-tizi-ouzou-algerie\/#primaryimage"},"datePublished":"2015-12-28T14:30:18+00:00","dateModified":"2015-12-28T14:32:04+00:00","author":{"@id":"https:\/\/www.masharif.com\/fr\/#\/schema\/person\/839a7026efe9fa825134097c1041e4a0"},"breadcrumb":{"@id":"https:\/\/www.masharif.com\/fr\/2015\/12\/28\/poeme-du-jour-no-34-si-dans-tes-yeux-par-arezki-hatem-poete-algerien-beni-douala-tizi-ouzou-algerie\/#breadcrumb"},"inLanguage":"fr-FR","potentialAction":[{"@type":"ReadAction","target":["https:\/\/www.masharif.com\/fr\/2015\/12\/28\/poeme-du-jour-no-34-si-dans-tes-yeux-par-arezki-hatem-poete-algerien-beni-douala-tizi-ouzou-algerie\/"]}]},{"@type":"BreadcrumbList","@id":"https:\/\/www.masharif.com\/fr\/2015\/12\/28\/poeme-du-jour-no-34-si-dans-tes-yeux-par-arezki-hatem-poete-algerien-beni-douala-tizi-ouzou-algerie\/#breadcrumb","itemListElement":[{"@type":"ListItem","position":1,"name":"Home","item":"https:\/\/www.masharif.com\/fr\/"},{"@type":"ListItem","position":2,"name":"Po\u00e8me du jour no 34 : Si dans tes yeux : par :Arezki Hatem &#8211; po\u00e8te alg\u00e9rien \u2013 Beni Douala- Tizi Ouzou \u2013 Alg\u00e9rie"}]},{"@type":"Person","@id":"https:\/\/www.masharif.com\/fr\/#\/schema\/person\/839a7026efe9fa825134097c1041e4a0","name":"Mohamed Salah Ben Amor","image":{"@type":"ImageObject","inLanguage":"fr-FR","@id":"https:\/\/www.masharif.com\/fr\/#\/schema\/person\/image\/","url":"http:\/\/0.gravatar.com\/avatar\/f64806401ad5ed604ffec2272b19ef46?s=96&d=identicon&r=g","contentUrl":"http:\/\/0.gravatar.com\/avatar\/f64806401ad5ed604ffec2272b19ef46?s=96&d=identicon&r=g","caption":"Mohamed Salah Ben Amor"},"sameAs":["http:\/\/ben-amor.info"],"url":"http:\/\/www.masharif.com\/fr\/author\/msba\/"}]}},"_links":{"self":[{"href":"http:\/\/www.masharif.com\/fr\/wp-json\/wp\/v2\/posts\/1798"}],"collection":[{"href":"http:\/\/www.masharif.com\/fr\/wp-json\/wp\/v2\/posts"}],"about":[{"href":"http:\/\/www.masharif.com\/fr\/wp-json\/wp\/v2\/types\/post"}],"author":[{"embeddable":true,"href":"http:\/\/www.masharif.com\/fr\/wp-json\/wp\/v2\/users\/2"}],"replies":[{"embeddable":true,"href":"http:\/\/www.masharif.com\/fr\/wp-json\/wp\/v2\/comments?post=1798"}],"version-history":[{"count":3,"href":"http:\/\/www.masharif.com\/fr\/wp-json\/wp\/v2\/posts\/1798\/revisions"}],"predecessor-version":[{"id":1802,"href":"http:\/\/www.masharif.com\/fr\/wp-json\/wp\/v2\/posts\/1798\/revisions\/1802"}],"wp:featuredmedia":[{"embeddable":true,"href":"http:\/\/www.masharif.com\/fr\/wp-json\/wp\/v2\/media\/1104"}],"wp:attachment":[{"href":"http:\/\/www.masharif.com\/fr\/wp-json\/wp\/v2\/media?parent=1798"}],"wp:term":[{"taxonomy":"category","embeddable":true,"href":"http:\/\/www.masharif.com\/fr\/wp-json\/wp\/v2\/categories?post=1798"},{"taxonomy":"post_tag","embeddable":true,"href":"http:\/\/www.masharif.com\/fr\/wp-json\/wp\/v2\/tags?post=1798"}],"curies":[{"name":"wp","href":"https:\/\/api.w.org\/{rel}","templated":true}]}}